{"id":953406,"date":"2025-09-22T12:44:00","date_gmt":"2025-09-22T10:44:00","guid":{"rendered":"https:\/\/dmcsrb.com\/uncategorized\/kos-eu-nece-tolerisati-secesionizam-u-rs-bih-mora-ubrzati-reforme\/"},"modified":"2025-09-22T12:44:00","modified_gmt":"2025-09-22T10:44:00","slug":"kos-eu-nece-tolerisati-secesionizam-u-rs-bih-mora-ubrzati-reforme","status":"publish","type":"post","link":"https:\/\/dmcsrb.com\/en\/region\/kos-eu-nece-tolerisati-secesionizam-u-rs-bih-mora-ubrzati-reforme\/","title":{"rendered":"Kos: EU ne\u0107e tolerisati secesionizam u RS, BiH mora ubrzati reforme"},"content":{"rendered":"<p>Kos je naglasila da se doma\u0107e institucije, uklju\u010duju\u0107i Ustavni sud i Centralnu izbornu komisiju, moraju po\u0161tovati, te je pozvala Savjet ministara BiH da odmah ponovo pokrene provo\u0111enje reformi.<\/p>\n\n\n\n<p>\u201cBosna i Hercegovina treba da se vrati na svoj put ka EU. Zemlja ne mo\u017ee sebi priu\u0161titi da gubi vi\u0161e vremena\u201d, saop\u0161tila je Kos.<\/p>\n\n\n\n<p>Evropska komesarka boravi u trodnevnoj posjeti u Bosni i Hercegovini, gdje se tokom prvog dana sastala sa \u010dlanom Predsjedni\u0161tva BiH&nbsp;<strong>Denisom Be\u0107irovi\u0107em<\/strong>.&nbsp;<strong>\u017deljka Cvijanovi\u0107<\/strong>&nbsp;i&nbsp;<strong>\u017deljko Kom\u0161i\u0107<\/strong>&nbsp;nisu prisustvovali sastanku.<\/p>\n\n\n\n<p>Posjeta evropske komesarke za pro\u0161irenje Marte Kos odvija se u jeku blokade dr\u017eavnih institucija BiH i ustavne krize u Republici Srpskoj, nakon \u0161to je pravosna\u017enom presudom oduzet mandat predsjedniku RS, Miloradu Dodiku, dok se on i dalje predstavlja predsjednikom.<\/p>\n\n\n\n<p>Istovremeno, u RS je za 25. oktobar zakazan referendum kojim vlasti u Banjaluci osporavaju ovla\u0161tenja visokog predstavnika&nbsp;<strong>Kristijana \u0160mita<\/strong>&nbsp;i institucija BiH, dok je CIK za 23. novembar raspisao prijevremene izbore za predsjednika RS.<\/p>\n\n\n\n<p>Kos je u ponedjeljak razgovarala i sa predsjedavaju\u0107om Savjeta ministara BiH,&nbsp;<strong>Borjanom Kri\u0161to<\/strong>, nakon \u010dega je podsjetila na nedavne \u201cpozitivne korake\u201d BiH, navode\u0107i \u201cusvajanje dva relevantna zakona EU u januaru i potpisivanje sporazuma o statusu Frontexa u junu\u201d, ali je upozorila da ti pomaci ne\u0107e biti dovoljni bez nastavka reformskog procesa.<\/p>\n\n\n\n<p>Kao prioritet Kos je izdvojila ja\u010danje pravosu\u0111a, usvajanje novog zakona o sudovima i novog zakona o Visokom sudskom i tu\u017eila\u010dkom savjetu u skladu sa evropskim standardima, te imenovanje glavnog operativnog pregovara\u010da sa EU.<\/p>\n\n\n\n<p>Komesarka je, tako\u0111e, pozvala sve proevropske politi\u010dke aktere da se udru\u017ee kako bi se postigli konkretni rezultati i omogu\u0107ilo odr\u017eavanje dugo o\u010dekivane prve me\u0111uvladine konferencije. Naglasila je da BiH treba hitno finalizovati i podnijeti Komisiji svoj program reformi.<\/p>\n\n\n\n<p>Kos je podsjetila i na prilike iz Plana rasta za Zapadni Balkan, isti\u010du\u0107i da druge zemlje ve\u0107 primaju isplate nakon sprovo\u0111enja reformi, te da i gra\u0111ani BiH mogu imati direktne koristi, ukoliko se Reformska agenda sprovede.<\/p>\n\n\n\n<p>Planiran je i susret Marte Kos sa predsjednicom Centralne izborne komisije BiH&nbsp;<strong>Irenom Had\u017eiabdi\u0107.<\/strong><\/p>\n\n\n\n<p>Tokom boravka u BiH, Kos \u0107e se obratiti i Parlamentarnoj skup\u0161tini BiH, a sasta\u0107e se i sa predstavnicima organizacija civilnog dru\u0161tva, medija, lokalnim zajednicama, utjecajnim \u017eenama u biznisu i mladima iz cijele Bosne i Hercegovine.<\/p>\n\n\n\n<p>Kako se navodi u saop\u0161tenju, uo\u010di posjete iz Delegacije Evropske komisije u BiH, cilj posjete je podr\u0161ka Evropske unije za budu\u0107nost zemlje kao EU \u010dlanice.<\/p>\n\n\n\n<p>Bosna i Hercegovina je u martu pro\u0161le godine zvani\u010dno dobila zeleno svijetlo za razgovore o punopravnom \u010dlanstvu u Evropskoj uniji, ali je Brisel poru\u010dio da \u0107e se o tome razgovarati tek kad ova zemlja ispuni niz uslova.<\/p>\n\n\n\n<p>Me\u0111u njima su i uskla\u0111ivanje s spoljnom politikom EU-a, \u0161to ozna\u010dava i sankcije BiH prema Rusiji \u2013 \u010demu se protive predstavnici RS-a ili viza za dr\u017eavljane Turske ili arapskih zemalja \u2013 \u010demu se protive vladaju\u0107i iz Federacije BiH.<\/p>\n\n\n\n<p>Brisanje ustavne etni\u010dko-teritorijalne diskriminacije kod izbora \u010dlanova Predsjedni\u0161tva BiH ili reforma dr\u017eavnog krivi\u010dnog Suda BiH i Ustavnog suda BiH, evropski je uslov koji se mjesecima ni ne spominje.<\/p>\n\n\n\n<p>Brisel je poru\u010dio da, bez jasnog reformskog plana \u2013 i \u0161to je jo\u0161 va\u017enije, njegovog provo\u0111enja, \u2013 BiH ne\u0107e dobiti ni euro bespovratnih sredstava ili povoljnih kredita.<\/p>\n\n\n\n<p>Prvih 108 miliona, od oko milijardu eura namijenjenih za BiH, ljetos je preusmjereno drugim zemljama.<\/p>\n\n\n\n<p>U oktobru bi BiH mogla izgubiti otprilike isto toliko novca, a Evropska komisija jasno je poru\u010dila da su sredstva namijenjena onima koji napreduju, a ne onima koji stoje u mjestu ili nazaduju.<\/p>","protected":false},"excerpt":{"rendered":"<p>Kos je naglasila da se doma\u0107e institucije, uklju\u010duju\u0107i Ustavni sud i Centralnu izbornu komisiju, moraju po\u0161tovati, te je pozvala Savjet ministara BiH da odmah ponovo pokrene provo\u0111enje reformi. \u201cBosna i Hercegovina treba da se vrati na svoj put ka EU. Zemlja ne mo\u017ee sebi priu\u0161titi da gubi vi\u0161e vremena\u201d, saop\u0161tila je Kos. Evropska komesarka boravi [&hellip;]<\/p>\n","protected":false},"author":1,"featured_media":953407,"comment_status":"open","ping_status":"open","sticky":false,"template":"","format":"standard","meta":{"_acf_changed":false,"footnotes":""},"categories":[103],"tags":[84,2815],"naslovna":[],"class_list":["post-953406","post","type-post","status-publish","format-standard","has-post-thumbnail","hentry","category-region","tag-bih","tag-marta-kos"],"acf":[],"yoast_head":"<!-- This site is optimized with the Yoast SEO plugin v27.4 - https:\/\/yoast.com\/product\/yoast-seo-wordpress\/ -->\n<title>Kos: EU ne\u0107e tolerisati secesionizam u RS, BiH mora ubrzati reforme - dmcsrb.com<\/title>\n<meta name=\"robots\" content=\"index, follow, max-snippet:-1, max-image-preview:large, max-video-preview:-1\" \/>\n<link rel=\"canonical\" href=\"https:\/\/dmcsrb.com\/en\/region\/kos-eu-nece-tolerisati-secesionizam-u-rs-bih-mora-ubrzati-reforme\/\" \/>\n<meta property=\"og:locale\" content=\"en_GB\" \/>\n<meta property=\"og:type\" content=\"article\" \/>\n<meta property=\"og:title\" content=\"Kos: EU ne\u0107e tolerisati secesionizam u RS, BiH mora ubrzati reforme - dmcsrb.com\" \/>\n<meta property=\"og:description\" content=\"Kos je naglasila da se doma\u0107e institucije, uklju\u010duju\u0107i Ustavni sud i Centralnu izbornu komisiju, moraju po\u0161tovati, te je pozvala Savjet ministara BiH da odmah ponovo pokrene provo\u0111enje reformi. \u201cBosna i Hercegovina treba da se vrati na svoj put ka EU. Zemlja ne mo\u017ee sebi priu\u0161titi da gubi vi\u0161e vremena\u201d, saop\u0161tila je Kos. Evropska komesarka boravi [&hellip;]\" \/>\n<meta property=\"og:url\" content=\"https:\/\/dmcsrb.com\/en\/region\/kos-eu-nece-tolerisati-secesionizam-u-rs-bih-mora-ubrzati-reforme\/\" \/>\n<meta property=\"og:site_name\" content=\"dmcsrb.com\" \/>\n<meta property=\"article:published_time\" content=\"2025-09-22T10:44:00+00:00\" \/>\n<meta property=\"og:image\" content=\"https:\/\/dmcsrb.com\/wp-content\/uploads\/2026\/01\/Kos-BiH.webp\" \/>\n\t<meta property=\"og:image:width\" content=\"1000\" \/>\n\t<meta property=\"og:image:height\" content=\"555\" \/>\n\t<meta property=\"og:image:type\" content=\"image\/jpeg\" \/>\n<meta name=\"author\" content=\"dmcsrbija.com@gmail.com\" \/>\n<meta name=\"twitter:card\" content=\"summary_large_image\" \/>\n<meta name=\"twitter:label1\" content=\"Written by\" \/>\n\t<meta name=\"twitter:data1\" content=\"dmcsrbija.com@gmail.com\" \/>\n\t<meta name=\"twitter:label2\" content=\"Estimated reading time\" \/>\n\t<meta name=\"twitter:data2\" content=\"3 minutes\" \/>\n<script type=\"application\/ld+json\" class=\"yoast-schema-graph\">{\"@context\":\"https:\\\/\\\/schema.org\",\"@graph\":[{\"@type\":\"Article\",\"@id\":\"https:\\\/\\\/dmcsrb.com\\\/region\\\/kos-eu-nece-tolerisati-secesionizam-u-rs-bih-mora-ubrzati-reforme\\\/#article\",\"isPartOf\":{\"@id\":\"https:\\\/\\\/dmcsrb.com\\\/region\\\/kos-eu-nece-tolerisati-secesionizam-u-rs-bih-mora-ubrzati-reforme\\\/\"},\"author\":{\"name\":\"dmcsrbija.com@gmail.com\",\"@id\":\"https:\\\/\\\/dmcsrb.com\\\/#\\\/schema\\\/person\\\/5c39170f12db1b8b457732d0b5c854e2\"},\"headline\":\"Kos: EU ne\u0107e tolerisati secesionizam u RS, BiH mora ubrzati reforme\",\"datePublished\":\"2025-09-22T10:44:00+00:00\",\"mainEntityOfPage\":{\"@id\":\"https:\\\/\\\/dmcsrb.com\\\/region\\\/kos-eu-nece-tolerisati-secesionizam-u-rs-bih-mora-ubrzati-reforme\\\/\"},\"wordCount\":640,\"commentCount\":0,\"image\":{\"@id\":\"https:\\\/\\\/dmcsrb.com\\\/region\\\/kos-eu-nece-tolerisati-secesionizam-u-rs-bih-mora-ubrzati-reforme\\\/#primaryimage\"},\"thumbnailUrl\":\"https:\\\/\\\/dmcsrb.com\\\/wp-content\\\/uploads\\\/2026\\\/01\\\/Kos-BiH.webp\",\"keywords\":[\"BiH\",\"Marta Kos\"],\"articleSection\":[\"Region\"],\"inLanguage\":\"en-GB\",\"potentialAction\":[{\"@type\":\"CommentAction\",\"name\":\"Comment\",\"target\":[\"https:\\\/\\\/dmcsrb.com\\\/region\\\/kos-eu-nece-tolerisati-secesionizam-u-rs-bih-mora-ubrzati-reforme\\\/#respond\"]}]},{\"@type\":\"WebPage\",\"@id\":\"https:\\\/\\\/dmcsrb.com\\\/region\\\/kos-eu-nece-tolerisati-secesionizam-u-rs-bih-mora-ubrzati-reforme\\\/\",\"url\":\"https:\\\/\\\/dmcsrb.com\\\/region\\\/kos-eu-nece-tolerisati-secesionizam-u-rs-bih-mora-ubrzati-reforme\\\/\",\"name\":\"Kos: EU ne\u0107e tolerisati secesionizam u RS, BiH mora ubrzati reforme - dmcsrb.com\",\"isPartOf\":{\"@id\":\"https:\\\/\\\/dmcsrb.com\\\/#website\"},\"primaryImageOfPage\":{\"@id\":\"https:\\\/\\\/dmcsrb.com\\\/region\\\/kos-eu-nece-tolerisati-secesionizam-u-rs-bih-mora-ubrzati-reforme\\\/#primaryimage\"},\"image\":{\"@id\":\"https:\\\/\\\/dmcsrb.com\\\/region\\\/kos-eu-nece-tolerisati-secesionizam-u-rs-bih-mora-ubrzati-reforme\\\/#primaryimage\"},\"thumbnailUrl\":\"https:\\\/\\\/dmcsrb.com\\\/wp-content\\\/uploads\\\/2026\\\/01\\\/Kos-BiH.webp\",\"datePublished\":\"2025-09-22T10:44:00+00:00\",\"author\":{\"@id\":\"https:\\\/\\\/dmcsrb.com\\\/#\\\/schema\\\/person\\\/5c39170f12db1b8b457732d0b5c854e2\"},\"breadcrumb\":{\"@id\":\"https:\\\/\\\/dmcsrb.com\\\/region\\\/kos-eu-nece-tolerisati-secesionizam-u-rs-bih-mora-ubrzati-reforme\\\/#breadcrumb\"},\"inLanguage\":\"en-GB\",\"potentialAction\":[{\"@type\":\"ReadAction\",\"target\":[\"https:\\\/\\\/dmcsrb.com\\\/region\\\/kos-eu-nece-tolerisati-secesionizam-u-rs-bih-mora-ubrzati-reforme\\\/\"]}]},{\"@type\":\"ImageObject\",\"inLanguage\":\"en-GB\",\"@id\":\"https:\\\/\\\/dmcsrb.com\\\/region\\\/kos-eu-nece-tolerisati-secesionizam-u-rs-bih-mora-ubrzati-reforme\\\/#primaryimage\",\"url\":\"https:\\\/\\\/dmcsrb.com\\\/wp-content\\\/uploads\\\/2026\\\/01\\\/Kos-BiH.webp\",\"contentUrl\":\"https:\\\/\\\/dmcsrb.com\\\/wp-content\\\/uploads\\\/2026\\\/01\\\/Kos-BiH.webp\",\"width\":1000,\"height\":555},{\"@type\":\"BreadcrumbList\",\"@id\":\"https:\\\/\\\/dmcsrb.com\\\/region\\\/kos-eu-nece-tolerisati-secesionizam-u-rs-bih-mora-ubrzati-reforme\\\/#breadcrumb\",\"itemListElement\":[{\"@type\":\"ListItem\",\"position\":1,\"name\":\"Home\",\"item\":\"https:\\\/\\\/dmcsrb.com\\\/\"},{\"@type\":\"ListItem\",\"position\":2,\"name\":\"Kos: EU ne\u0107e tolerisati secesionizam u RS, BiH mora ubrzati reforme\"}]},{\"@type\":\"WebSite\",\"@id\":\"https:\\\/\\\/dmcsrb.com\\\/#website\",\"url\":\"https:\\\/\\\/dmcsrb.com\\\/\",\"name\":\"dmcsrb.com\",\"description\":\"\",\"potentialAction\":[{\"@type\":\"SearchAction\",\"target\":{\"@type\":\"EntryPoint\",\"urlTemplate\":\"https:\\\/\\\/dmcsrb.com\\\/?s={search_term_string}\"},\"query-input\":{\"@type\":\"PropertyValueSpecification\",\"valueRequired\":true,\"valueName\":\"search_term_string\"}}],\"inLanguage\":\"en-GB\"},{\"@type\":\"Person\",\"@id\":\"https:\\\/\\\/dmcsrb.com\\\/#\\\/schema\\\/person\\\/5c39170f12db1b8b457732d0b5c854e2\",\"name\":\"dmcsrbija.com@gmail.com\",\"image\":{\"@type\":\"ImageObject\",\"inLanguage\":\"en-GB\",\"@id\":\"https:\\\/\\\/secure.gravatar.com\\\/avatar\\\/68592660ad6347fad0fb587f8d5d8f1a7b44961362f56e4f2cd524feb87e9069?s=96&d=mm&r=g\",\"url\":\"https:\\\/\\\/secure.gravatar.com\\\/avatar\\\/68592660ad6347fad0fb587f8d5d8f1a7b44961362f56e4f2cd524feb87e9069?s=96&d=mm&r=g\",\"contentUrl\":\"https:\\\/\\\/secure.gravatar.com\\\/avatar\\\/68592660ad6347fad0fb587f8d5d8f1a7b44961362f56e4f2cd524feb87e9069?s=96&d=mm&r=g\",\"caption\":\"dmcsrbija.com@gmail.com\"},\"sameAs\":[\"https:\\\/\\\/dmcsrb.com\"],\"url\":\"https:\\\/\\\/dmcsrb.com\\\/en\\\/author\\\/dmcsrbija-comgmail-com\\\/\"}]}<\/script>\n<!-- \/ Yoast SEO plugin. -->","yoast_head_json":{"title":"Kos: EU ne\u0107e tolerisati secesionizam u RS, BiH mora ubrzati reforme - dmcsrb.com","robots":{"index":"index","follow":"follow","max-snippet":"max-snippet:-1","max-image-preview":"max-image-preview:large","max-video-preview":"max-video-preview:-1"},"canonical":"https:\/\/dmcsrb.com\/en\/region\/kos-eu-nece-tolerisati-secesionizam-u-rs-bih-mora-ubrzati-reforme\/","og_locale":"en_GB","og_type":"article","og_title":"Kos: EU ne\u0107e tolerisati secesionizam u RS, BiH mora ubrzati reforme - dmcsrb.com","og_description":"Kos je naglasila da se doma\u0107e institucije, uklju\u010duju\u0107i Ustavni sud i Centralnu izbornu komisiju, moraju po\u0161tovati, te je pozvala Savjet ministara BiH da odmah ponovo pokrene provo\u0111enje reformi. \u201cBosna i Hercegovina treba da se vrati na svoj put ka EU. Zemlja ne mo\u017ee sebi priu\u0161titi da gubi vi\u0161e vremena\u201d, saop\u0161tila je Kos. Evropska komesarka boravi [&hellip;]","og_url":"https:\/\/dmcsrb.com\/en\/region\/kos-eu-nece-tolerisati-secesionizam-u-rs-bih-mora-ubrzati-reforme\/","og_site_name":"dmcsrb.com","article_published_time":"2025-09-22T10:44:00+00:00","og_image":[{"width":1000,"height":555,"url":"https:\/\/dmcsrb.com\/wp-content\/uploads\/2026\/01\/Kos-BiH.webp","type":"image\/jpeg"}],"author":"dmcsrbija.com@gmail.com","twitter_card":"summary_large_image","twitter_misc":{"Written by":"dmcsrbija.com@gmail.com","Estimated reading time":"3 minutes"},"schema":{"@context":"https:\/\/schema.org","@graph":[{"@type":"Article","@id":"https:\/\/dmcsrb.com\/region\/kos-eu-nece-tolerisati-secesionizam-u-rs-bih-mora-ubrzati-reforme\/#article","isPartOf":{"@id":"https:\/\/dmcsrb.com\/region\/kos-eu-nece-tolerisati-secesionizam-u-rs-bih-mora-ubrzati-reforme\/"},"author":{"name":"dmcsrbija.com@gmail.com","@id":"https:\/\/dmcsrb.com\/#\/schema\/person\/5c39170f12db1b8b457732d0b5c854e2"},"headline":"Kos: EU ne\u0107e tolerisati secesionizam u RS, BiH mora ubrzati reforme","datePublished":"2025-09-22T10:44:00+00:00","mainEntityOfPage":{"@id":"https:\/\/dmcsrb.com\/region\/kos-eu-nece-tolerisati-secesionizam-u-rs-bih-mora-ubrzati-reforme\/"},"wordCount":640,"commentCount":0,"image":{"@id":"https:\/\/dmcsrb.com\/region\/kos-eu-nece-tolerisati-secesionizam-u-rs-bih-mora-ubrzati-reforme\/#primaryimage"},"thumbnailUrl":"https:\/\/dmcsrb.com\/wp-content\/uploads\/2026\/01\/Kos-BiH.webp","keywords":["BiH","Marta Kos"],"articleSection":["Region"],"inLanguage":"en-GB","potentialAction":[{"@type":"CommentAction","name":"Comment","target":["https:\/\/dmcsrb.com\/region\/kos-eu-nece-tolerisati-secesionizam-u-rs-bih-mora-ubrzati-reforme\/#respond"]}]},{"@type":"WebPage","@id":"https:\/\/dmcsrb.com\/region\/kos-eu-nece-tolerisati-secesionizam-u-rs-bih-mora-ubrzati-reforme\/","url":"https:\/\/dmcsrb.com\/region\/kos-eu-nece-tolerisati-secesionizam-u-rs-bih-mora-ubrzati-reforme\/","name":"Kos: EU ne\u0107e tolerisati secesionizam u RS, BiH mora ubrzati reforme - dmcsrb.com","isPartOf":{"@id":"https:\/\/dmcsrb.com\/#website"},"primaryImageOfPage":{"@id":"https:\/\/dmcsrb.com\/region\/kos-eu-nece-tolerisati-secesionizam-u-rs-bih-mora-ubrzati-reforme\/#primaryimage"},"image":{"@id":"https:\/\/dmcsrb.com\/region\/kos-eu-nece-tolerisati-secesionizam-u-rs-bih-mora-ubrzati-reforme\/#primaryimage"},"thumbnailUrl":"https:\/\/dmcsrb.com\/wp-content\/uploads\/2026\/01\/Kos-BiH.webp","datePublished":"2025-09-22T10:44:00+00:00","author":{"@id":"https:\/\/dmcsrb.com\/#\/schema\/person\/5c39170f12db1b8b457732d0b5c854e2"},"breadcrumb":{"@id":"https:\/\/dmcsrb.com\/region\/kos-eu-nece-tolerisati-secesionizam-u-rs-bih-mora-ubrzati-reforme\/#breadcrumb"},"inLanguage":"en-GB","potentialAction":[{"@type":"ReadAction","target":["https:\/\/dmcsrb.com\/region\/kos-eu-nece-tolerisati-secesionizam-u-rs-bih-mora-ubrzati-reforme\/"]}]},{"@type":"ImageObject","inLanguage":"en-GB","@id":"https:\/\/dmcsrb.com\/region\/kos-eu-nece-tolerisati-secesionizam-u-rs-bih-mora-ubrzati-reforme\/#primaryimage","url":"https:\/\/dmcsrb.com\/wp-content\/uploads\/2026\/01\/Kos-BiH.webp","contentUrl":"https:\/\/dmcsrb.com\/wp-content\/uploads\/2026\/01\/Kos-BiH.webp","width":1000,"height":555},{"@type":"BreadcrumbList","@id":"https:\/\/dmcsrb.com\/region\/kos-eu-nece-tolerisati-secesionizam-u-rs-bih-mora-ubrzati-reforme\/#breadcrumb","itemListElement":[{"@type":"ListItem","position":1,"name":"Home","item":"https:\/\/dmcsrb.com\/"},{"@type":"ListItem","position":2,"name":"Kos: EU ne\u0107e tolerisati secesionizam u RS, BiH mora ubrzati reforme"}]},{"@type":"WebSite","@id":"https:\/\/dmcsrb.com\/#website","url":"https:\/\/dmcsrb.com\/","name":"dmcsrb.com","description":"","potentialAction":[{"@type":"SearchAction","target":{"@type":"EntryPoint","urlTemplate":"https:\/\/dmcsrb.com\/?s={search_term_string}"},"query-input":{"@type":"PropertyValueSpecification","valueRequired":true,"valueName":"search_term_string"}}],"inLanguage":"en-GB"},{"@type":"Person","@id":"https:\/\/dmcsrb.com\/#\/schema\/person\/5c39170f12db1b8b457732d0b5c854e2","name":"dmcsrbija.com@gmail.com","image":{"@type":"ImageObject","inLanguage":"en-GB","@id":"https:\/\/secure.gravatar.com\/avatar\/68592660ad6347fad0fb587f8d5d8f1a7b44961362f56e4f2cd524feb87e9069?s=96&d=mm&r=g","url":"https:\/\/secure.gravatar.com\/avatar\/68592660ad6347fad0fb587f8d5d8f1a7b44961362f56e4f2cd524feb87e9069?s=96&d=mm&r=g","contentUrl":"https:\/\/secure.gravatar.com\/avatar\/68592660ad6347fad0fb587f8d5d8f1a7b44961362f56e4f2cd524feb87e9069?s=96&d=mm&r=g","caption":"dmcsrbija.com@gmail.com"},"sameAs":["https:\/\/dmcsrb.com"],"url":"https:\/\/dmcsrb.com\/en\/author\/dmcsrbija-comgmail-com\/"}]}},"_links":{"self":[{"href":"https:\/\/dmcsrb.com\/en\/wp-json\/wp\/v2\/posts\/953406","targetHints":{"allow":["GET"]}}],"collection":[{"href":"https:\/\/dmcsrb.com\/en\/wp-json\/wp\/v2\/posts"}],"about":[{"href":"https:\/\/dmcsrb.com\/en\/wp-json\/wp\/v2\/types\/post"}],"author":[{"embeddable":true,"href":"https:\/\/dmcsrb.com\/en\/wp-json\/wp\/v2\/users\/1"}],"replies":[{"embeddable":true,"href":"https:\/\/dmcsrb.com\/en\/wp-json\/wp\/v2\/comments?post=953406"}],"version-history":[{"count":0,"href":"https:\/\/dmcsrb.com\/en\/wp-json\/wp\/v2\/posts\/953406\/revisions"}],"wp:featuredmedia":[{"embeddable":true,"href":"https:\/\/dmcsrb.com\/en\/wp-json\/wp\/v2\/media\/953407"}],"wp:attachment":[{"href":"https:\/\/dmcsrb.com\/en\/wp-json\/wp\/v2\/media?parent=953406"}],"wp:term":[{"taxonomy":"category","embeddable":true,"href":"https:\/\/dmcsrb.com\/en\/wp-json\/wp\/v2\/categories?post=953406"},{"taxonomy":"post_tag","embeddable":true,"href":"https:\/\/dmcsrb.com\/en\/wp-json\/wp\/v2\/tags?post=953406"},{"taxonomy":"naslovna","embeddable":true,"href":"https:\/\/dmcsrb.com\/en\/wp-json\/wp\/v2\/naslovna?post=953406"}],"curies":[{"name":"wp","href":"https:\/\/api.w.org\/{rel}","templated":true}]}}