{"id":953394,"date":"2025-09-22T12:30:00","date_gmt":"2025-09-22T10:30:00","guid":{"rendered":"https:\/\/dmcsrb.com\/uncategorized\/francuska-i-saudijska-arabija-organizuju-samit-za-podrsku-palestinskoj-drzavi-amerika-i-izrael-bojkotuju\/"},"modified":"2025-09-22T12:30:00","modified_gmt":"2025-09-22T10:30:00","slug":"francuska-i-saudijska-arabija-organizuju-samit-za-podrsku-palestinskoj-drzavi-amerika-i-izrael-bojkotuju","status":"publish","type":"post","link":"https:\/\/dmcsrb.com\/en\/svijet\/francuska-i-saudijska-arabija-organizuju-samit-za-podrsku-palestinskoj-drzavi-amerika-i-izrael-bojkotuju\/","title":{"rendered":"Francuska i Saudijska Arabija organizuju samit za podr\u0161ku palestinskoj dr\u017eavi, Amerika i Izrael bojkotuju"},"content":{"rendered":"<p>Francuska i Saudijska Arabija okupi\u0107e u ponedjeljak desetine svjetskih lidera kako bi prikupile podr\u0161ku za rje\u0161enje o dvije dr\u017eave, a o\u010dekuje se da \u0107e nekoliko njih formalno priznati palestinsku dr\u017eavu &#8211; potez koji bi mogao izazvati o\u0161tre reakcije Izraela i Sjedinjenih Dr\u017eava, prenosi <strong>Klix.ba<\/strong>.<\/p>\n\n\n\n<p>Izrael i Sjedinjene Dr\u017eave bojkotova\u0107e samit, rekao je izraelski ambasador pri UN-u Deni Danon, opisuju\u0107i doga\u0111aj kao &#8220;cirkus.&#8221;<\/p>\n\n\n\n<p>&#8220;Ne mislimo da je to od pomo\u0107i. Smatramo da se time zapravo nagra\u0111uje terorizam&#8221;, rekao je novinarima.<\/p>\n\n\n\n<p>Izrael razmatra aneksiju dijela okupirane Zapadne obale kao mogu\u0107i odgovor, kao i specifi\u010dne bilateralne mjere protiv Pariza, saop\u0161tili su izraelski zvani\u010dnici.<\/p>\n\n\n\n<p>Ameri\u010dka administracija tako\u0111e je upozorila na mogu\u0107e posljedice za one koji poduzmu mjere protiv Izraela, uklju\u010duju\u0107i i protiv Francuske, \u010diji predsjednik Emanuel Makron je doma\u0107in samita u Njujorku.<\/p>\n\n\n\n<p>Samit, koji se odr\u017eava uo\u010di Generalne skup\u0161tine Ujedinjenih nacija ove sedmice, slijedi nakon \u0161to je Izrael pokrenuo dugo najavljivani kopneni napad na grad Gazu, a sve to u trenutku kada su male \u0161anse za prekid vatre dvije godine nakon \u0161to je palestinska grupa Hamas napala Izrael, pokrenuv\u0161i rat u palestinskoj enklavi.<\/p>\n\n\n\n<p>Usred intenziviranja izraelske ofanzive na Gazu i eskalacije nasilja izraelskih naseljenika na Zapadnoj obali, raste osje\u0107aj hitnosti da se djeluje sada, prije nego \u0161to ideja o rje\u0161enju s dvije dr\u017eave zauvijek nestane.<\/p>\n\n\n\n<p>Generalna skup\u0161tina usvojila je ovog mjeseca deklaraciju na sedam stranica u kojoj se navode &#8220;opipljivi, vremenski ograni\u010deni i nepovratni koraci&#8221; ka rje\u0161enju s dvije dr\u017eave, uz osudu Hamasa i poziv da se preda i razoru\u017ea.<\/p>\n\n\n\n<p>Ti napori izazvali su trenutne osude Izraela i Sjedinjenih Dr\u017eava, koje su ih nazvale \u0161tetnim i propagandnim trikom.<\/p>\n\n\n\n<p>&#8220;Njujor\u0161ka deklaracija nije nejasno obe\u0107anje za daleku budu\u0107nost, ve\u0107 plan puta koji po\u010dinje s najve\u0107im prioritetima: prekidom vatre, osloba\u0111anjem talaca i neometanim ulaskom humanitarne pomo\u0107i u Gazu. Kada se postigne prekid vatre i osloba\u0111anje talaca, sljede\u0107i korak je plan za dan poslije, koji \u0107e biti na dnevnom redu ponedjeljnih razgovora&#8221;, rekao je francuski ministar vanjskih poslova \u017dan-Noel Baro u \u010detvrtak.<\/p>\n\n\n\n<p>Francuska je bila pokreta\u010d inicijative, nadaju\u0107i se da \u0107e Makronova objava u julu, da \u0107e priznati palestinsku dr\u017eavu, dati ve\u0107i zamah pokretu kojim su dosad uglavnom dominirale manje zemlje koje su generalno kriti\u010dnije prema Izraelu.<\/p>\n\n\n\n<p>Britanija, Kanada, Australija i Portugal u nedjelju su priznale palestinsku dr\u017eavu. O\u010dekuje se da \u0107e Francuska i jo\u0161 pet dr\u017eava tako\u0111e formalno priznati palestinsku dr\u017eavu u ponedjeljak.<\/p>\n\n\n\n<p>Neki su naveli da \u0107e postojati odre\u0111eni uslovi, dok su drugi rekli da \u0107e normalizacija diplomatskih veza biti postepena i zavisiti od toga kako Palestinska uprava napreduje u svojim obe\u0107anjima o reformama.<\/p>","protected":false},"excerpt":{"rendered":"<p>Francuska i Saudijska Arabija okupi\u0107e u ponedjeljak desetine svjetskih lidera kako bi prikupile podr\u0161ku za rje\u0161enje o dvije dr\u017eave, a o\u010dekuje se da \u0107e nekoliko njih formalno priznati palestinsku dr\u017eavu &#8211; potez koji bi mogao izazvati o\u0161tre reakcije Izraela i Sjedinjenih Dr\u017eava, prenosi Klix.ba. Izrael i Sjedinjene Dr\u017eave bojkotova\u0107e samit, rekao je izraelski ambasador pri [&hellip;]<\/p>\n","protected":false},"author":1,"featured_media":943045,"comment_status":"open","ping_status":"open","sticky":false,"template":"","format":"standard","meta":{"_acf_changed":false,"footnotes":""},"categories":[144],"tags":[1341,1525,2587,751,8876,5093],"naslovna":[],"class_list":["post-953394","post","type-post","status-publish","format-standard","has-post-thumbnail","hentry","category-svijet","tag-amerika","tag-bojkot","tag-francuska","tag-izrael","tag-samit-za-podrsku-palestinskoj-drzavi","tag-saudijska-arabija"],"acf":[],"yoast_head":"<!-- This site is optimized with the Yoast SEO plugin v27.0 - https:\/\/yoast.com\/product\/yoast-seo-wordpress\/ -->\n<title>Francuska i Saudijska Arabija organizuju samit za podr\u0161ku palestinskoj dr\u017eavi, Amerika i Izrael bojkotuju - dmcsrb.com<\/title>\n<meta name=\"robots\" content=\"index, follow, max-snippet:-1, max-image-preview:large, max-video-preview:-1\" \/>\n<link rel=\"canonical\" href=\"https:\/\/dmcsrb.com\/en\/svijet\/francuska-i-saudijska-arabija-organizuju-samit-za-podrsku-palestinskoj-drzavi-amerika-i-izrael-bojkotuju\/\" \/>\n<meta property=\"og:locale\" content=\"en_GB\" \/>\n<meta property=\"og:type\" content=\"article\" \/>\n<meta property=\"og:title\" content=\"Francuska i Saudijska Arabija organizuju samit za podr\u0161ku palestinskoj dr\u017eavi, Amerika i Izrael bojkotuju - dmcsrb.com\" \/>\n<meta property=\"og:description\" content=\"Francuska i Saudijska Arabija okupi\u0107e u ponedjeljak desetine svjetskih lidera kako bi prikupile podr\u0161ku za rje\u0161enje o dvije dr\u017eave, a o\u010dekuje se da \u0107e nekoliko njih formalno priznati palestinsku dr\u017eavu &#8211; potez koji bi mogao izazvati o\u0161tre reakcije Izraela i Sjedinjenih Dr\u017eava, prenosi Klix.ba. Izrael i Sjedinjene Dr\u017eave bojkotova\u0107e samit, rekao je izraelski ambasador pri [&hellip;]\" \/>\n<meta property=\"og:url\" content=\"https:\/\/dmcsrb.com\/en\/svijet\/francuska-i-saudijska-arabija-organizuju-samit-za-podrsku-palestinskoj-drzavi-amerika-i-izrael-bojkotuju\/\" \/>\n<meta property=\"og:site_name\" content=\"dmcsrb.com\" \/>\n<meta property=\"article:published_time\" content=\"2025-09-22T10:30:00+00:00\" \/>\n<meta property=\"og:image\" content=\"https:\/\/dmcsrb.com\/wp-content\/uploads\/2026\/01\/Emanuel-Makron-AP.webp\" \/>\n\t<meta property=\"og:image:width\" content=\"1099\" \/>\n\t<meta property=\"og:image:height\" content=\"620\" \/>\n\t<meta property=\"og:image:type\" content=\"image\/jpeg\" \/>\n<meta name=\"author\" content=\"dmcsrbija.com@gmail.com\" \/>\n<meta name=\"twitter:card\" content=\"summary_large_image\" \/>\n<meta name=\"twitter:label1\" content=\"Written by\" \/>\n\t<meta name=\"twitter:data1\" content=\"dmcsrbija.com@gmail.com\" \/>\n\t<meta name=\"twitter:label2\" content=\"Estimated reading time\" \/>\n\t<meta name=\"twitter:data2\" content=\"2 minutes\" \/>\n<script type=\"application\/ld+json\" class=\"yoast-schema-graph\">{\"@context\":\"https:\/\/schema.org\",\"@graph\":[{\"@type\":\"Article\",\"@id\":\"https:\/\/dmcsrb.com\/svijet\/francuska-i-saudijska-arabija-organizuju-samit-za-podrsku-palestinskoj-drzavi-amerika-i-izrael-bojkotuju\/#article\",\"isPartOf\":{\"@id\":\"https:\/\/dmcsrb.com\/svijet\/francuska-i-saudijska-arabija-organizuju-samit-za-podrsku-palestinskoj-drzavi-amerika-i-izrael-bojkotuju\/\"},\"author\":{\"name\":\"dmcsrbija.com@gmail.com\",\"@id\":\"https:\/\/dmcsrb.com\/#\/schema\/person\/5c39170f12db1b8b457732d0b5c854e2\"},\"headline\":\"Francuska i Saudijska Arabija organizuju samit za podr\u0161ku palestinskoj dr\u017eavi, Amerika i Izrael bojkotuju\",\"datePublished\":\"2025-09-22T10:30:00+00:00\",\"mainEntityOfPage\":{\"@id\":\"https:\/\/dmcsrb.com\/svijet\/francuska-i-saudijska-arabija-organizuju-samit-za-podrsku-palestinskoj-drzavi-amerika-i-izrael-bojkotuju\/\"},\"wordCount\":492,\"commentCount\":0,\"image\":{\"@id\":\"https:\/\/dmcsrb.com\/svijet\/francuska-i-saudijska-arabija-organizuju-samit-za-podrsku-palestinskoj-drzavi-amerika-i-izrael-bojkotuju\/#primaryimage\"},\"thumbnailUrl\":\"https:\/\/dmcsrb.com\/wp-content\/uploads\/2026\/01\/Emanuel-Makron-AP.webp\",\"keywords\":[\"Amerika\",\"bojkot\",\"Francuska\",\"Izrael\",\"Samit za podr\u0161ku palestinskoj dr\u017eavi\",\"Saudijska Arabija\"],\"articleSection\":[\"Svijet\"],\"inLanguage\":\"en-GB\",\"potentialAction\":[{\"@type\":\"CommentAction\",\"name\":\"Comment\",\"target\":[\"https:\/\/dmcsrb.com\/svijet\/francuska-i-saudijska-arabija-organizuju-samit-za-podrsku-palestinskoj-drzavi-amerika-i-izrael-bojkotuju\/#respond\"]}]},{\"@type\":\"WebPage\",\"@id\":\"https:\/\/dmcsrb.com\/svijet\/francuska-i-saudijska-arabija-organizuju-samit-za-podrsku-palestinskoj-drzavi-amerika-i-izrael-bojkotuju\/\",\"url\":\"https:\/\/dmcsrb.com\/svijet\/francuska-i-saudijska-arabija-organizuju-samit-za-podrsku-palestinskoj-drzavi-amerika-i-izrael-bojkotuju\/\",\"name\":\"Francuska i Saudijska Arabija organizuju samit za podr\u0161ku palestinskoj dr\u017eavi, Amerika i Izrael bojkotuju - dmcsrb.com\",\"isPartOf\":{\"@id\":\"https:\/\/dmcsrb.com\/#website\"},\"primaryImageOfPage\":{\"@id\":\"https:\/\/dmcsrb.com\/svijet\/francuska-i-saudijska-arabija-organizuju-samit-za-podrsku-palestinskoj-drzavi-amerika-i-izrael-bojkotuju\/#primaryimage\"},\"image\":{\"@id\":\"https:\/\/dmcsrb.com\/svijet\/francuska-i-saudijska-arabija-organizuju-samit-za-podrsku-palestinskoj-drzavi-amerika-i-izrael-bojkotuju\/#primaryimage\"},\"thumbnailUrl\":\"https:\/\/dmcsrb.com\/wp-content\/uploads\/2026\/01\/Emanuel-Makron-AP.webp\",\"datePublished\":\"2025-09-22T10:30:00+00:00\",\"author\":{\"@id\":\"https:\/\/dmcsrb.com\/#\/schema\/person\/5c39170f12db1b8b457732d0b5c854e2\"},\"breadcrumb\":{\"@id\":\"https:\/\/dmcsrb.com\/svijet\/francuska-i-saudijska-arabija-organizuju-samit-za-podrsku-palestinskoj-drzavi-amerika-i-izrael-bojkotuju\/#breadcrumb\"},\"inLanguage\":\"en-GB\",\"potentialAction\":[{\"@type\":\"ReadAction\",\"target\":[\"https:\/\/dmcsrb.com\/svijet\/francuska-i-saudijska-arabija-organizuju-samit-za-podrsku-palestinskoj-drzavi-amerika-i-izrael-bojkotuju\/\"]}]},{\"@type\":\"ImageObject\",\"inLanguage\":\"en-GB\",\"@id\":\"https:\/\/dmcsrb.com\/svijet\/francuska-i-saudijska-arabija-organizuju-samit-za-podrsku-palestinskoj-drzavi-amerika-i-izrael-bojkotuju\/#primaryimage\",\"url\":\"https:\/\/dmcsrb.com\/wp-content\/uploads\/2026\/01\/Emanuel-Makron-AP.webp\",\"contentUrl\":\"https:\/\/dmcsrb.com\/wp-content\/uploads\/2026\/01\/Emanuel-Makron-AP.webp\",\"width\":1099,\"height\":620},{\"@type\":\"BreadcrumbList\",\"@id\":\"https:\/\/dmcsrb.com\/svijet\/francuska-i-saudijska-arabija-organizuju-samit-za-podrsku-palestinskoj-drzavi-amerika-i-izrael-bojkotuju\/#breadcrumb\",\"itemListElement\":[{\"@type\":\"ListItem\",\"position\":1,\"name\":\"Home\",\"item\":\"https:\/\/dmcsrb.com\/\"},{\"@type\":\"ListItem\",\"position\":2,\"name\":\"Francuska i Saudijska Arabija organizuju samit za podr\u0161ku palestinskoj dr\u017eavi, Amerika i Izrael bojkotuju\"}]},{\"@type\":\"WebSite\",\"@id\":\"https:\/\/dmcsrb.com\/#website\",\"url\":\"https:\/\/dmcsrb.com\/\",\"name\":\"dmcsrb.com\",\"description\":\"\",\"potentialAction\":[{\"@type\":\"SearchAction\",\"target\":{\"@type\":\"EntryPoint\",\"urlTemplate\":\"https:\/\/dmcsrb.com\/?s={search_term_string}\"},\"query-input\":{\"@type\":\"PropertyValueSpecification\",\"valueRequired\":true,\"valueName\":\"search_term_string\"}}],\"inLanguage\":\"en-GB\"},{\"@type\":\"Person\",\"@id\":\"https:\/\/dmcsrb.com\/#\/schema\/person\/5c39170f12db1b8b457732d0b5c854e2\",\"name\":\"dmcsrbija.com@gmail.com\",\"image\":{\"@type\":\"ImageObject\",\"inLanguage\":\"en-GB\",\"@id\":\"https:\/\/dmcsrb.com\/#\/schema\/person\/image\/\",\"url\":\"https:\/\/secure.gravatar.com\/avatar\/68592660ad6347fad0fb587f8d5d8f1a7b44961362f56e4f2cd524feb87e9069?s=96&d=mm&r=g\",\"contentUrl\":\"https:\/\/secure.gravatar.com\/avatar\/68592660ad6347fad0fb587f8d5d8f1a7b44961362f56e4f2cd524feb87e9069?s=96&d=mm&r=g\",\"caption\":\"dmcsrbija.com@gmail.com\"},\"sameAs\":[\"https:\/\/dmcsrb.com\"],\"url\":\"https:\/\/dmcsrb.com\/en\/author\/dmcsrbija-comgmail-com\/\"}]}<\/script>\n<!-- \/ Yoast SEO plugin. -->","yoast_head_json":{"title":"Francuska i Saudijska Arabija organizuju samit za podr\u0161ku palestinskoj dr\u017eavi, Amerika i Izrael bojkotuju - dmcsrb.com","robots":{"index":"index","follow":"follow","max-snippet":"max-snippet:-1","max-image-preview":"max-image-preview:large","max-video-preview":"max-video-preview:-1"},"canonical":"https:\/\/dmcsrb.com\/en\/svijet\/francuska-i-saudijska-arabija-organizuju-samit-za-podrsku-palestinskoj-drzavi-amerika-i-izrael-bojkotuju\/","og_locale":"en_GB","og_type":"article","og_title":"Francuska i Saudijska Arabija organizuju samit za podr\u0161ku palestinskoj dr\u017eavi, Amerika i Izrael bojkotuju - dmcsrb.com","og_description":"Francuska i Saudijska Arabija okupi\u0107e u ponedjeljak desetine svjetskih lidera kako bi prikupile podr\u0161ku za rje\u0161enje o dvije dr\u017eave, a o\u010dekuje se da \u0107e nekoliko njih formalno priznati palestinsku dr\u017eavu &#8211; potez koji bi mogao izazvati o\u0161tre reakcije Izraela i Sjedinjenih Dr\u017eava, prenosi Klix.ba. Izrael i Sjedinjene Dr\u017eave bojkotova\u0107e samit, rekao je izraelski ambasador pri [&hellip;]","og_url":"https:\/\/dmcsrb.com\/en\/svijet\/francuska-i-saudijska-arabija-organizuju-samit-za-podrsku-palestinskoj-drzavi-amerika-i-izrael-bojkotuju\/","og_site_name":"dmcsrb.com","article_published_time":"2025-09-22T10:30:00+00:00","og_image":[{"width":1099,"height":620,"url":"https:\/\/dmcsrb.com\/wp-content\/uploads\/2026\/01\/Emanuel-Makron-AP.webp","type":"image\/jpeg"}],"author":"dmcsrbija.com@gmail.com","twitter_card":"summary_large_image","twitter_misc":{"Written by":"dmcsrbija.com@gmail.com","Estimated reading time":"2 minutes"},"schema":{"@context":"https:\/\/schema.org","@graph":[{"@type":"Article","@id":"https:\/\/dmcsrb.com\/svijet\/francuska-i-saudijska-arabija-organizuju-samit-za-podrsku-palestinskoj-drzavi-amerika-i-izrael-bojkotuju\/#article","isPartOf":{"@id":"https:\/\/dmcsrb.com\/svijet\/francuska-i-saudijska-arabija-organizuju-samit-za-podrsku-palestinskoj-drzavi-amerika-i-izrael-bojkotuju\/"},"author":{"name":"dmcsrbija.com@gmail.com","@id":"https:\/\/dmcsrb.com\/#\/schema\/person\/5c39170f12db1b8b457732d0b5c854e2"},"headline":"Francuska i Saudijska Arabija organizuju samit za podr\u0161ku palestinskoj dr\u017eavi, Amerika i Izrael bojkotuju","datePublished":"2025-09-22T10:30:00+00:00","mainEntityOfPage":{"@id":"https:\/\/dmcsrb.com\/svijet\/francuska-i-saudijska-arabija-organizuju-samit-za-podrsku-palestinskoj-drzavi-amerika-i-izrael-bojkotuju\/"},"wordCount":492,"commentCount":0,"image":{"@id":"https:\/\/dmcsrb.com\/svijet\/francuska-i-saudijska-arabija-organizuju-samit-za-podrsku-palestinskoj-drzavi-amerika-i-izrael-bojkotuju\/#primaryimage"},"thumbnailUrl":"https:\/\/dmcsrb.com\/wp-content\/uploads\/2026\/01\/Emanuel-Makron-AP.webp","keywords":["Amerika","bojkot","Francuska","Izrael","Samit za podr\u0161ku palestinskoj dr\u017eavi","Saudijska Arabija"],"articleSection":["Svijet"],"inLanguage":"en-GB","potentialAction":[{"@type":"CommentAction","name":"Comment","target":["https:\/\/dmcsrb.com\/svijet\/francuska-i-saudijska-arabija-organizuju-samit-za-podrsku-palestinskoj-drzavi-amerika-i-izrael-bojkotuju\/#respond"]}]},{"@type":"WebPage","@id":"https:\/\/dmcsrb.com\/svijet\/francuska-i-saudijska-arabija-organizuju-samit-za-podrsku-palestinskoj-drzavi-amerika-i-izrael-bojkotuju\/","url":"https:\/\/dmcsrb.com\/svijet\/francuska-i-saudijska-arabija-organizuju-samit-za-podrsku-palestinskoj-drzavi-amerika-i-izrael-bojkotuju\/","name":"Francuska i Saudijska Arabija organizuju samit za podr\u0161ku palestinskoj dr\u017eavi, Amerika i Izrael bojkotuju - dmcsrb.com","isPartOf":{"@id":"https:\/\/dmcsrb.com\/#website"},"primaryImageOfPage":{"@id":"https:\/\/dmcsrb.com\/svijet\/francuska-i-saudijska-arabija-organizuju-samit-za-podrsku-palestinskoj-drzavi-amerika-i-izrael-bojkotuju\/#primaryimage"},"image":{"@id":"https:\/\/dmcsrb.com\/svijet\/francuska-i-saudijska-arabija-organizuju-samit-za-podrsku-palestinskoj-drzavi-amerika-i-izrael-bojkotuju\/#primaryimage"},"thumbnailUrl":"https:\/\/dmcsrb.com\/wp-content\/uploads\/2026\/01\/Emanuel-Makron-AP.webp","datePublished":"2025-09-22T10:30:00+00:00","author":{"@id":"https:\/\/dmcsrb.com\/#\/schema\/person\/5c39170f12db1b8b457732d0b5c854e2"},"breadcrumb":{"@id":"https:\/\/dmcsrb.com\/svijet\/francuska-i-saudijska-arabija-organizuju-samit-za-podrsku-palestinskoj-drzavi-amerika-i-izrael-bojkotuju\/#breadcrumb"},"inLanguage":"en-GB","potentialAction":[{"@type":"ReadAction","target":["https:\/\/dmcsrb.com\/svijet\/francuska-i-saudijska-arabija-organizuju-samit-za-podrsku-palestinskoj-drzavi-amerika-i-izrael-bojkotuju\/"]}]},{"@type":"ImageObject","inLanguage":"en-GB","@id":"https:\/\/dmcsrb.com\/svijet\/francuska-i-saudijska-arabija-organizuju-samit-za-podrsku-palestinskoj-drzavi-amerika-i-izrael-bojkotuju\/#primaryimage","url":"https:\/\/dmcsrb.com\/wp-content\/uploads\/2026\/01\/Emanuel-Makron-AP.webp","contentUrl":"https:\/\/dmcsrb.com\/wp-content\/uploads\/2026\/01\/Emanuel-Makron-AP.webp","width":1099,"height":620},{"@type":"BreadcrumbList","@id":"https:\/\/dmcsrb.com\/svijet\/francuska-i-saudijska-arabija-organizuju-samit-za-podrsku-palestinskoj-drzavi-amerika-i-izrael-bojkotuju\/#breadcrumb","itemListElement":[{"@type":"ListItem","position":1,"name":"Home","item":"https:\/\/dmcsrb.com\/"},{"@type":"ListItem","position":2,"name":"Francuska i Saudijska Arabija organizuju samit za podr\u0161ku palestinskoj dr\u017eavi, Amerika i Izrael bojkotuju"}]},{"@type":"WebSite","@id":"https:\/\/dmcsrb.com\/#website","url":"https:\/\/dmcsrb.com\/","name":"dmcsrb.com","description":"","potentialAction":[{"@type":"SearchAction","target":{"@type":"EntryPoint","urlTemplate":"https:\/\/dmcsrb.com\/?s={search_term_string}"},"query-input":{"@type":"PropertyValueSpecification","valueRequired":true,"valueName":"search_term_string"}}],"inLanguage":"en-GB"},{"@type":"Person","@id":"https:\/\/dmcsrb.com\/#\/schema\/person\/5c39170f12db1b8b457732d0b5c854e2","name":"dmcsrbija.com@gmail.com","image":{"@type":"ImageObject","inLanguage":"en-GB","@id":"https:\/\/dmcsrb.com\/#\/schema\/person\/image\/","url":"https:\/\/secure.gravatar.com\/avatar\/68592660ad6347fad0fb587f8d5d8f1a7b44961362f56e4f2cd524feb87e9069?s=96&d=mm&r=g","contentUrl":"https:\/\/secure.gravatar.com\/avatar\/68592660ad6347fad0fb587f8d5d8f1a7b44961362f56e4f2cd524feb87e9069?s=96&d=mm&r=g","caption":"dmcsrbija.com@gmail.com"},"sameAs":["https:\/\/dmcsrb.com"],"url":"https:\/\/dmcsrb.com\/en\/author\/dmcsrbija-comgmail-com\/"}]}},"_links":{"self":[{"href":"https:\/\/dmcsrb.com\/en\/wp-json\/wp\/v2\/posts\/953394","targetHints":{"allow":["GET"]}}],"collection":[{"href":"https:\/\/dmcsrb.com\/en\/wp-json\/wp\/v2\/posts"}],"about":[{"href":"https:\/\/dmcsrb.com\/en\/wp-json\/wp\/v2\/types\/post"}],"author":[{"embeddable":true,"href":"https:\/\/dmcsrb.com\/en\/wp-json\/wp\/v2\/users\/1"}],"replies":[{"embeddable":true,"href":"https:\/\/dmcsrb.com\/en\/wp-json\/wp\/v2\/comments?post=953394"}],"version-history":[{"count":0,"href":"https:\/\/dmcsrb.com\/en\/wp-json\/wp\/v2\/posts\/953394\/revisions"}],"wp:featuredmedia":[{"embeddable":true,"href":"https:\/\/dmcsrb.com\/en\/wp-json\/wp\/v2\/media\/943045"}],"wp:attachment":[{"href":"https:\/\/dmcsrb.com\/en\/wp-json\/wp\/v2\/media?parent=953394"}],"wp:term":[{"taxonomy":"category","embeddable":true,"href":"https:\/\/dmcsrb.com\/en\/wp-json\/wp\/v2\/categories?post=953394"},{"taxonomy":"post_tag","embeddable":true,"href":"https:\/\/dmcsrb.com\/en\/wp-json\/wp\/v2\/tags?post=953394"},{"taxonomy":"naslovna","embeddable":true,"href":"https:\/\/dmcsrb.com\/en\/wp-json\/wp\/v2\/naslovna?post=953394"}],"curies":[{"name":"wp","href":"https:\/\/api.w.org\/{rel}","templated":true}]}}