{"id":953378,"date":"2025-09-22T09:45:00","date_gmt":"2025-09-22T07:45:00","guid":{"rendered":"https:\/\/dmcsrb.com\/uncategorized\/popovic-markovic-iznio-neistine-laz-da-je-abazovic-u-dogovoru-sa-dps-om-potpisao-temeljni-ugovor\/"},"modified":"2025-09-22T09:45:00","modified_gmt":"2025-09-22T07:45:00","slug":"popovic-markovic-iznio-neistine-laz-da-je-abazovic-u-dogovoru-sa-dps-om-potpisao-temeljni-ugovor","status":"publish","type":"post","link":"https:\/\/dmcsrb.com\/en\/politika\/popovic-markovic-iznio-neistine-laz-da-je-abazovic-u-dogovoru-sa-dps-om-potpisao-temeljni-ugovor\/","title":{"rendered":"Popovi\u0107: Markovi\u0107 iznio neistine, la\u017e da je Abazovi\u0107 u dogovoru sa DPS-om potpisao Temeljni ugovor"},"content":{"rendered":"<p><\/p>\n\n\n\n<p>Najobi\u010dnija je la\u017e da je Demokratska partija socijalista \u2013 \u010diji je i on u tom trenutku bio \u010dlan, na bilo koji na\u010din pru\u017eila podr\u0161ku ili omogu\u0107ila Abazovi\u0107u da potpi\u0161e akt veleizdaje Crne Gore kojim je otu\u0111eno sakralno blago na\u0161e dr\u017eave, kazala je Popovi\u0107.<\/p>\n\n\n\n<p>Zbog javnosti, a pogotovo imaju\u0107i u vidu da su sli\u010dnim la\u017eima nedavno manipulisali i Filip Ad\u017ei\u0107, kao i predsjednik SNP-a Vladimir Jokovi\u0107, podsje\u0107amo javnost na nekoliko \u010dinjenica, poru\u010dila je Popovi\u0107.<\/p>\n\n\n\n<p>&#8221;Jo\u0161 od vremena Vlade Igora Luk\u0161i\u0107a,\u00a0<\/p>\n\n\n\n<p>od kad datira politika ure\u0111enja institucionalnih odnosa sa vjerskim zajednicama, Demokratska partija socijalista je podr\u017eavala poku\u0161aje raznih vlada da, tokom desetak godina, pravno urede odnos i sa SPC \u2013 u skladu sa Ustavom i zakonom, i interesima Crne Gore.<\/p>\n\n\n\n<p>Tako\u0111e, kontinuirano smo upozoravali da bi, nakon politi\u010dkih promjena, 30-avgustovska parlamentarna ve\u0107ina mogla potpisati Temeljni ugovor, \u010dija bi sadr\u017eina bila neminovno suprotna dr\u017eavnim interesima.&nbsp;<\/p>\n\n\n\n<p>Nakon formiranja Vlade Dritana Abazovi\u0107a i nakon saznanja da odluku o prihvatanju TU \u017eeli da donese na Vladi, jasno smo ga upozorili da \u0107e, zbog sramne i izdajni\u010dke sadr\u017eine Ugovora, izgubiti podr\u0161ku koju je DPS manjinski pru\u017eao u Skup\u0161tini Crne Gore.&nbsp;<\/p>\n\n\n\n<p>Poku\u0161ali smo da, i nakon ove odluke, formiramo ekspertski tim pravnika i istori\u010dara, koji bi \u010dinili kompetentni ljudi sa dr\u017eavnog univerziteta i NVO sektora, kako bi nadle\u017enim dr\u017eavnim organima dali stru\u010dnu recenziju, \u0161to je naknadno bilo obesmi\u0161ljeno iz kabineta Premijera Abazovi\u0107a.&nbsp;<\/p>\n\n\n\n<p>Zbog svega toga smo odmah nakon potpisivanja TU, uskratili podr\u0161ku Vladi i istog dana podnijeli Skup\u0161tini Crne Gore inicijativu za izglasavanje njenog nepovejrenja, nakon \u010dega smo obezbijedili i ve\u0107inu u Parlamentu za smjenu.<\/p>\n\n\n\n<p>Finalno, reagovanjem tada\u0161njeg predsjednika partije Mila \u00d0ukanovi\u0107a autorskim tekstom u dnevnom listu Pobjeda, potpisivanje TU okvalifikovali smo kao veleizdaju, najte\u017eu poslije Podgori\u010dke skup\u0161tine koja je svojim odlukama ukinula nezavisnu, me\u0111unarodno priznatu, dr\u017eavu Crnu Goru&#8221;.<\/p>\n\n\n\n<p>Sve gore navedeno predstavlja kompletnu \u010dinjeni\u010dnu sliku o \u010ditavom ovom slu\u010daju, a gospodinu Markovi\u0107u ne prili\u010di da se slu\u017ei neistinama i manipulacijama kojima barata i najve\u0107i izdajnik u istoriji Crne Gore, Dritan Abazovi\u0107. Nije to vrijedno par desetina glasova za koje vjeruje da \u0107e na ovaj na\u010din ste\u0107i, zaklju\u010duje Popovi\u0107.<\/p>","protected":false},"excerpt":{"rendered":"<p>Portparolka DPS-a i poslanica u Skup\u0161tini Crne Gore Sonja Popovi\u0107 saop\u0161tila je kako je predsjednik Stranke evropskog progresa, Du\u0161ko Markovi\u0107, u svom jutro\u0161njem intervjuu za Pobjedu, obmanuo javnost insinuiraju\u0107i da je postojala neka vrsta zakulisnog dogovora sa Dritanom Abazovi\u0107em vezana za potpisivanje Temeljnog ugovora.\u00a0<\/p>","protected":false},"author":1,"featured_media":945256,"comment_status":"open","ping_status":"open","sticky":false,"template":"","format":"standard","meta":{"_acf_changed":false,"footnotes":""},"categories":[12],"tags":[109,8860,8861,8862,780,8863],"naslovna":[],"class_list":["post-953378","post","type-post","status-publish","format-standard","has-post-thumbnail","hentry","category-politika","tag-dritan-abazovic","tag-dusko-markovic","tag-neistine","tag-potpisivanje","tag-sonja-popovic","tag-temeljni-ugovor"],"acf":[],"yoast_head":"<!-- This site is optimized with the Yoast SEO plugin v27.4 - https:\/\/yoast.com\/product\/yoast-seo-wordpress\/ -->\n<title>Popovi\u0107: Markovi\u0107 iznio neistine, la\u017e da je Abazovi\u0107 u dogovoru sa DPS-om potpisao Temeljni ugovor - dmcsrb.com<\/title>\n<meta name=\"robots\" content=\"index, follow, max-snippet:-1, max-image-preview:large, max-video-preview:-1\" \/>\n<link rel=\"canonical\" href=\"https:\/\/dmcsrb.com\/en\/politika\/popovic-markovic-iznio-neistine-laz-da-je-abazovic-u-dogovoru-sa-dps-om-potpisao-temeljni-ugovor\/\" \/>\n<meta property=\"og:locale\" content=\"en_GB\" \/>\n<meta property=\"og:type\" content=\"article\" \/>\n<meta property=\"og:title\" content=\"Popovi\u0107: Markovi\u0107 iznio neistine, la\u017e da je Abazovi\u0107 u dogovoru sa DPS-om potpisao Temeljni ugovor - dmcsrb.com\" \/>\n<meta property=\"og:description\" content=\"Portparolka DPS-a i poslanica u Skup\u0161tini Crne Gore Sonja Popovi\u0107 saop\u0161tila je kako je predsjednik Stranke evropskog progresa, Du\u0161ko Markovi\u0107, u svom jutro\u0161njem intervjuu za Pobjedu, obmanuo javnost insinuiraju\u0107i da je postojala neka vrsta zakulisnog dogovora sa Dritanom Abazovi\u0107em vezana za potpisivanje Temeljnog ugovora.\u00a0\" \/>\n<meta property=\"og:url\" content=\"https:\/\/dmcsrb.com\/en\/politika\/popovic-markovic-iznio-neistine-laz-da-je-abazovic-u-dogovoru-sa-dps-om-potpisao-temeljni-ugovor\/\" \/>\n<meta property=\"og:site_name\" content=\"dmcsrb.com\" \/>\n<meta property=\"article:published_time\" content=\"2025-09-22T07:45:00+00:00\" \/>\n<meta property=\"og:image\" content=\"https:\/\/dmcsrb.com\/wp-content\/uploads\/2026\/01\/sonja-popovic.webp\" \/>\n\t<meta property=\"og:image:width\" content=\"1000\" \/>\n\t<meta property=\"og:image:height\" content=\"555\" \/>\n\t<meta property=\"og:image:type\" content=\"image\/jpeg\" \/>\n<meta name=\"author\" content=\"dmcsrbija.com@gmail.com\" \/>\n<meta name=\"twitter:card\" content=\"summary_large_image\" \/>\n<meta name=\"twitter:label1\" content=\"Written by\" \/>\n\t<meta name=\"twitter:data1\" content=\"dmcsrbija.com@gmail.com\" \/>\n\t<meta name=\"twitter:label2\" content=\"Estimated reading time\" \/>\n\t<meta name=\"twitter:data2\" content=\"2 minutes\" \/>\n<script type=\"application\/ld+json\" class=\"yoast-schema-graph\">{\"@context\":\"https:\\\/\\\/schema.org\",\"@graph\":[{\"@type\":\"Article\",\"@id\":\"https:\\\/\\\/dmcsrb.com\\\/politika\\\/popovic-markovic-iznio-neistine-laz-da-je-abazovic-u-dogovoru-sa-dps-om-potpisao-temeljni-ugovor\\\/#article\",\"isPartOf\":{\"@id\":\"https:\\\/\\\/dmcsrb.com\\\/politika\\\/popovic-markovic-iznio-neistine-laz-da-je-abazovic-u-dogovoru-sa-dps-om-potpisao-temeljni-ugovor\\\/\"},\"author\":{\"name\":\"dmcsrbija.com@gmail.com\",\"@id\":\"https:\\\/\\\/dmcsrb.com\\\/#\\\/schema\\\/person\\\/5c39170f12db1b8b457732d0b5c854e2\"},\"headline\":\"Popovi\u0107: Markovi\u0107 iznio neistine, la\u017e da je Abazovi\u0107 u dogovoru sa DPS-om potpisao Temeljni ugovor\",\"datePublished\":\"2025-09-22T07:45:00+00:00\",\"mainEntityOfPage\":{\"@id\":\"https:\\\/\\\/dmcsrb.com\\\/politika\\\/popovic-markovic-iznio-neistine-laz-da-je-abazovic-u-dogovoru-sa-dps-om-potpisao-temeljni-ugovor\\\/\"},\"wordCount\":416,\"commentCount\":0,\"image\":{\"@id\":\"https:\\\/\\\/dmcsrb.com\\\/politika\\\/popovic-markovic-iznio-neistine-laz-da-je-abazovic-u-dogovoru-sa-dps-om-potpisao-temeljni-ugovor\\\/#primaryimage\"},\"thumbnailUrl\":\"https:\\\/\\\/dmcsrb.com\\\/wp-content\\\/uploads\\\/2026\\\/01\\\/sonja-popovic.webp\",\"keywords\":[\"Dritan Abazovi\u0107\",\"Du\u0161ko Markovi\u0107\",\"Neistine\",\"Potpisivanje\",\"Sonja Popovi\u0107\",\"Temeljni ugovor\"],\"articleSection\":[\"Politika\"],\"inLanguage\":\"en-GB\",\"potentialAction\":[{\"@type\":\"CommentAction\",\"name\":\"Comment\",\"target\":[\"https:\\\/\\\/dmcsrb.com\\\/politika\\\/popovic-markovic-iznio-neistine-laz-da-je-abazovic-u-dogovoru-sa-dps-om-potpisao-temeljni-ugovor\\\/#respond\"]}]},{\"@type\":\"WebPage\",\"@id\":\"https:\\\/\\\/dmcsrb.com\\\/politika\\\/popovic-markovic-iznio-neistine-laz-da-je-abazovic-u-dogovoru-sa-dps-om-potpisao-temeljni-ugovor\\\/\",\"url\":\"https:\\\/\\\/dmcsrb.com\\\/politika\\\/popovic-markovic-iznio-neistine-laz-da-je-abazovic-u-dogovoru-sa-dps-om-potpisao-temeljni-ugovor\\\/\",\"name\":\"Popovi\u0107: Markovi\u0107 iznio neistine, la\u017e da je Abazovi\u0107 u dogovoru sa DPS-om potpisao Temeljni ugovor - dmcsrb.com\",\"isPartOf\":{\"@id\":\"https:\\\/\\\/dmcsrb.com\\\/#website\"},\"primaryImageOfPage\":{\"@id\":\"https:\\\/\\\/dmcsrb.com\\\/politika\\\/popovic-markovic-iznio-neistine-laz-da-je-abazovic-u-dogovoru-sa-dps-om-potpisao-temeljni-ugovor\\\/#primaryimage\"},\"image\":{\"@id\":\"https:\\\/\\\/dmcsrb.com\\\/politika\\\/popovic-markovic-iznio-neistine-laz-da-je-abazovic-u-dogovoru-sa-dps-om-potpisao-temeljni-ugovor\\\/#primaryimage\"},\"thumbnailUrl\":\"https:\\\/\\\/dmcsrb.com\\\/wp-content\\\/uploads\\\/2026\\\/01\\\/sonja-popovic.webp\",\"datePublished\":\"2025-09-22T07:45:00+00:00\",\"author\":{\"@id\":\"https:\\\/\\\/dmcsrb.com\\\/#\\\/schema\\\/person\\\/5c39170f12db1b8b457732d0b5c854e2\"},\"breadcrumb\":{\"@id\":\"https:\\\/\\\/dmcsrb.com\\\/politika\\\/popovic-markovic-iznio-neistine-laz-da-je-abazovic-u-dogovoru-sa-dps-om-potpisao-temeljni-ugovor\\\/#breadcrumb\"},\"inLanguage\":\"en-GB\",\"potentialAction\":[{\"@type\":\"ReadAction\",\"target\":[\"https:\\\/\\\/dmcsrb.com\\\/politika\\\/popovic-markovic-iznio-neistine-laz-da-je-abazovic-u-dogovoru-sa-dps-om-potpisao-temeljni-ugovor\\\/\"]}]},{\"@type\":\"ImageObject\",\"inLanguage\":\"en-GB\",\"@id\":\"https:\\\/\\\/dmcsrb.com\\\/politika\\\/popovic-markovic-iznio-neistine-laz-da-je-abazovic-u-dogovoru-sa-dps-om-potpisao-temeljni-ugovor\\\/#primaryimage\",\"url\":\"https:\\\/\\\/dmcsrb.com\\\/wp-content\\\/uploads\\\/2026\\\/01\\\/sonja-popovic.webp\",\"contentUrl\":\"https:\\\/\\\/dmcsrb.com\\\/wp-content\\\/uploads\\\/2026\\\/01\\\/sonja-popovic.webp\",\"width\":1000,\"height\":555},{\"@type\":\"BreadcrumbList\",\"@id\":\"https:\\\/\\\/dmcsrb.com\\\/politika\\\/popovic-markovic-iznio-neistine-laz-da-je-abazovic-u-dogovoru-sa-dps-om-potpisao-temeljni-ugovor\\\/#breadcrumb\",\"itemListElement\":[{\"@type\":\"ListItem\",\"position\":1,\"name\":\"Home\",\"item\":\"https:\\\/\\\/dmcsrb.com\\\/\"},{\"@type\":\"ListItem\",\"position\":2,\"name\":\"Popovi\u0107: Markovi\u0107 iznio neistine, la\u017e da je Abazovi\u0107 u dogovoru sa DPS-om potpisao Temeljni ugovor\"}]},{\"@type\":\"WebSite\",\"@id\":\"https:\\\/\\\/dmcsrb.com\\\/#website\",\"url\":\"https:\\\/\\\/dmcsrb.com\\\/\",\"name\":\"dmcsrb.com\",\"description\":\"\",\"potentialAction\":[{\"@type\":\"SearchAction\",\"target\":{\"@type\":\"EntryPoint\",\"urlTemplate\":\"https:\\\/\\\/dmcsrb.com\\\/?s={search_term_string}\"},\"query-input\":{\"@type\":\"PropertyValueSpecification\",\"valueRequired\":true,\"valueName\":\"search_term_string\"}}],\"inLanguage\":\"en-GB\"},{\"@type\":\"Person\",\"@id\":\"https:\\\/\\\/dmcsrb.com\\\/#\\\/schema\\\/person\\\/5c39170f12db1b8b457732d0b5c854e2\",\"name\":\"dmcsrbija.com@gmail.com\",\"image\":{\"@type\":\"ImageObject\",\"inLanguage\":\"en-GB\",\"@id\":\"https:\\\/\\\/secure.gravatar.com\\\/avatar\\\/68592660ad6347fad0fb587f8d5d8f1a7b44961362f56e4f2cd524feb87e9069?s=96&d=mm&r=g\",\"url\":\"https:\\\/\\\/secure.gravatar.com\\\/avatar\\\/68592660ad6347fad0fb587f8d5d8f1a7b44961362f56e4f2cd524feb87e9069?s=96&d=mm&r=g\",\"contentUrl\":\"https:\\\/\\\/secure.gravatar.com\\\/avatar\\\/68592660ad6347fad0fb587f8d5d8f1a7b44961362f56e4f2cd524feb87e9069?s=96&d=mm&r=g\",\"caption\":\"dmcsrbija.com@gmail.com\"},\"sameAs\":[\"https:\\\/\\\/dmcsrb.com\"],\"url\":\"https:\\\/\\\/dmcsrb.com\\\/en\\\/author\\\/dmcsrbija-comgmail-com\\\/\"}]}<\/script>\n<!-- \/ Yoast SEO plugin. -->","yoast_head_json":{"title":"Popovi\u0107: Markovi\u0107 iznio neistine, la\u017e da je Abazovi\u0107 u dogovoru sa DPS-om potpisao Temeljni ugovor - dmcsrb.com","robots":{"index":"index","follow":"follow","max-snippet":"max-snippet:-1","max-image-preview":"max-image-preview:large","max-video-preview":"max-video-preview:-1"},"canonical":"https:\/\/dmcsrb.com\/en\/politika\/popovic-markovic-iznio-neistine-laz-da-je-abazovic-u-dogovoru-sa-dps-om-potpisao-temeljni-ugovor\/","og_locale":"en_GB","og_type":"article","og_title":"Popovi\u0107: Markovi\u0107 iznio neistine, la\u017e da je Abazovi\u0107 u dogovoru sa DPS-om potpisao Temeljni ugovor - dmcsrb.com","og_description":"Portparolka DPS-a i poslanica u Skup\u0161tini Crne Gore Sonja Popovi\u0107 saop\u0161tila je kako je predsjednik Stranke evropskog progresa, Du\u0161ko Markovi\u0107, u svom jutro\u0161njem intervjuu za Pobjedu, obmanuo javnost insinuiraju\u0107i da je postojala neka vrsta zakulisnog dogovora sa Dritanom Abazovi\u0107em vezana za potpisivanje Temeljnog ugovora.\u00a0","og_url":"https:\/\/dmcsrb.com\/en\/politika\/popovic-markovic-iznio-neistine-laz-da-je-abazovic-u-dogovoru-sa-dps-om-potpisao-temeljni-ugovor\/","og_site_name":"dmcsrb.com","article_published_time":"2025-09-22T07:45:00+00:00","og_image":[{"width":1000,"height":555,"url":"https:\/\/dmcsrb.com\/wp-content\/uploads\/2026\/01\/sonja-popovic.webp","type":"image\/jpeg"}],"author":"dmcsrbija.com@gmail.com","twitter_card":"summary_large_image","twitter_misc":{"Written by":"dmcsrbija.com@gmail.com","Estimated reading time":"2 minutes"},"schema":{"@context":"https:\/\/schema.org","@graph":[{"@type":"Article","@id":"https:\/\/dmcsrb.com\/politika\/popovic-markovic-iznio-neistine-laz-da-je-abazovic-u-dogovoru-sa-dps-om-potpisao-temeljni-ugovor\/#article","isPartOf":{"@id":"https:\/\/dmcsrb.com\/politika\/popovic-markovic-iznio-neistine-laz-da-je-abazovic-u-dogovoru-sa-dps-om-potpisao-temeljni-ugovor\/"},"author":{"name":"dmcsrbija.com@gmail.com","@id":"https:\/\/dmcsrb.com\/#\/schema\/person\/5c39170f12db1b8b457732d0b5c854e2"},"headline":"Popovi\u0107: Markovi\u0107 iznio neistine, la\u017e da je Abazovi\u0107 u dogovoru sa DPS-om potpisao Temeljni ugovor","datePublished":"2025-09-22T07:45:00+00:00","mainEntityOfPage":{"@id":"https:\/\/dmcsrb.com\/politika\/popovic-markovic-iznio-neistine-laz-da-je-abazovic-u-dogovoru-sa-dps-om-potpisao-temeljni-ugovor\/"},"wordCount":416,"commentCount":0,"image":{"@id":"https:\/\/dmcsrb.com\/politika\/popovic-markovic-iznio-neistine-laz-da-je-abazovic-u-dogovoru-sa-dps-om-potpisao-temeljni-ugovor\/#primaryimage"},"thumbnailUrl":"https:\/\/dmcsrb.com\/wp-content\/uploads\/2026\/01\/sonja-popovic.webp","keywords":["Dritan Abazovi\u0107","Du\u0161ko Markovi\u0107","Neistine","Potpisivanje","Sonja Popovi\u0107","Temeljni ugovor"],"articleSection":["Politika"],"inLanguage":"en-GB","potentialAction":[{"@type":"CommentAction","name":"Comment","target":["https:\/\/dmcsrb.com\/politika\/popovic-markovic-iznio-neistine-laz-da-je-abazovic-u-dogovoru-sa-dps-om-potpisao-temeljni-ugovor\/#respond"]}]},{"@type":"WebPage","@id":"https:\/\/dmcsrb.com\/politika\/popovic-markovic-iznio-neistine-laz-da-je-abazovic-u-dogovoru-sa-dps-om-potpisao-temeljni-ugovor\/","url":"https:\/\/dmcsrb.com\/politika\/popovic-markovic-iznio-neistine-laz-da-je-abazovic-u-dogovoru-sa-dps-om-potpisao-temeljni-ugovor\/","name":"Popovi\u0107: Markovi\u0107 iznio neistine, la\u017e da je Abazovi\u0107 u dogovoru sa DPS-om potpisao Temeljni ugovor - dmcsrb.com","isPartOf":{"@id":"https:\/\/dmcsrb.com\/#website"},"primaryImageOfPage":{"@id":"https:\/\/dmcsrb.com\/politika\/popovic-markovic-iznio-neistine-laz-da-je-abazovic-u-dogovoru-sa-dps-om-potpisao-temeljni-ugovor\/#primaryimage"},"image":{"@id":"https:\/\/dmcsrb.com\/politika\/popovic-markovic-iznio-neistine-laz-da-je-abazovic-u-dogovoru-sa-dps-om-potpisao-temeljni-ugovor\/#primaryimage"},"thumbnailUrl":"https:\/\/dmcsrb.com\/wp-content\/uploads\/2026\/01\/sonja-popovic.webp","datePublished":"2025-09-22T07:45:00+00:00","author":{"@id":"https:\/\/dmcsrb.com\/#\/schema\/person\/5c39170f12db1b8b457732d0b5c854e2"},"breadcrumb":{"@id":"https:\/\/dmcsrb.com\/politika\/popovic-markovic-iznio-neistine-laz-da-je-abazovic-u-dogovoru-sa-dps-om-potpisao-temeljni-ugovor\/#breadcrumb"},"inLanguage":"en-GB","potentialAction":[{"@type":"ReadAction","target":["https:\/\/dmcsrb.com\/politika\/popovic-markovic-iznio-neistine-laz-da-je-abazovic-u-dogovoru-sa-dps-om-potpisao-temeljni-ugovor\/"]}]},{"@type":"ImageObject","inLanguage":"en-GB","@id":"https:\/\/dmcsrb.com\/politika\/popovic-markovic-iznio-neistine-laz-da-je-abazovic-u-dogovoru-sa-dps-om-potpisao-temeljni-ugovor\/#primaryimage","url":"https:\/\/dmcsrb.com\/wp-content\/uploads\/2026\/01\/sonja-popovic.webp","contentUrl":"https:\/\/dmcsrb.com\/wp-content\/uploads\/2026\/01\/sonja-popovic.webp","width":1000,"height":555},{"@type":"BreadcrumbList","@id":"https:\/\/dmcsrb.com\/politika\/popovic-markovic-iznio-neistine-laz-da-je-abazovic-u-dogovoru-sa-dps-om-potpisao-temeljni-ugovor\/#breadcrumb","itemListElement":[{"@type":"ListItem","position":1,"name":"Home","item":"https:\/\/dmcsrb.com\/"},{"@type":"ListItem","position":2,"name":"Popovi\u0107: Markovi\u0107 iznio neistine, la\u017e da je Abazovi\u0107 u dogovoru sa DPS-om potpisao Temeljni ugovor"}]},{"@type":"WebSite","@id":"https:\/\/dmcsrb.com\/#website","url":"https:\/\/dmcsrb.com\/","name":"dmcsrb.com","description":"","potentialAction":[{"@type":"SearchAction","target":{"@type":"EntryPoint","urlTemplate":"https:\/\/dmcsrb.com\/?s={search_term_string}"},"query-input":{"@type":"PropertyValueSpecification","valueRequired":true,"valueName":"search_term_string"}}],"inLanguage":"en-GB"},{"@type":"Person","@id":"https:\/\/dmcsrb.com\/#\/schema\/person\/5c39170f12db1b8b457732d0b5c854e2","name":"dmcsrbija.com@gmail.com","image":{"@type":"ImageObject","inLanguage":"en-GB","@id":"https:\/\/secure.gravatar.com\/avatar\/68592660ad6347fad0fb587f8d5d8f1a7b44961362f56e4f2cd524feb87e9069?s=96&d=mm&r=g","url":"https:\/\/secure.gravatar.com\/avatar\/68592660ad6347fad0fb587f8d5d8f1a7b44961362f56e4f2cd524feb87e9069?s=96&d=mm&r=g","contentUrl":"https:\/\/secure.gravatar.com\/avatar\/68592660ad6347fad0fb587f8d5d8f1a7b44961362f56e4f2cd524feb87e9069?s=96&d=mm&r=g","caption":"dmcsrbija.com@gmail.com"},"sameAs":["https:\/\/dmcsrb.com"],"url":"https:\/\/dmcsrb.com\/en\/author\/dmcsrbija-comgmail-com\/"}]}},"_links":{"self":[{"href":"https:\/\/dmcsrb.com\/en\/wp-json\/wp\/v2\/posts\/953378","targetHints":{"allow":["GET"]}}],"collection":[{"href":"https:\/\/dmcsrb.com\/en\/wp-json\/wp\/v2\/posts"}],"about":[{"href":"https:\/\/dmcsrb.com\/en\/wp-json\/wp\/v2\/types\/post"}],"author":[{"embeddable":true,"href":"https:\/\/dmcsrb.com\/en\/wp-json\/wp\/v2\/users\/1"}],"replies":[{"embeddable":true,"href":"https:\/\/dmcsrb.com\/en\/wp-json\/wp\/v2\/comments?post=953378"}],"version-history":[{"count":0,"href":"https:\/\/dmcsrb.com\/en\/wp-json\/wp\/v2\/posts\/953378\/revisions"}],"wp:featuredmedia":[{"embeddable":true,"href":"https:\/\/dmcsrb.com\/en\/wp-json\/wp\/v2\/media\/945256"}],"wp:attachment":[{"href":"https:\/\/dmcsrb.com\/en\/wp-json\/wp\/v2\/media?parent=953378"}],"wp:term":[{"taxonomy":"category","embeddable":true,"href":"https:\/\/dmcsrb.com\/en\/wp-json\/wp\/v2\/categories?post=953378"},{"taxonomy":"post_tag","embeddable":true,"href":"https:\/\/dmcsrb.com\/en\/wp-json\/wp\/v2\/tags?post=953378"},{"taxonomy":"naslovna","embeddable":true,"href":"https:\/\/dmcsrb.com\/en\/wp-json\/wp\/v2\/naslovna?post=953378"}],"curies":[{"name":"wp","href":"https:\/\/api.w.org\/{rel}","templated":true}]}}