{"id":953347,"date":"2025-09-22T08:38:00","date_gmt":"2025-09-22T06:38:00","guid":{"rendered":"https:\/\/dmcsrb.com\/uncategorized\/natasa-bekvalac-i-yugoton-zatvaraju-ljeto-u-prijestonici\/"},"modified":"2025-09-22T08:38:00","modified_gmt":"2025-09-22T06:38:00","slug":"natasa-bekvalac-i-yugoton-zatvaraju-ljeto-u-prijestonici","status":"publish","type":"post","link":"https:\/\/dmcsrb.com\/en\/drustvo\/natasa-bekvalac-i-yugoton-zatvaraju-ljeto-u-prijestonici\/","title":{"rendered":"Nata\u0161a Bekvalac i Yugoton zatvaraju \u201eLjeto u Prijestonici\u201c"},"content":{"rendered":"<p>&#8220;Prijestonica Cetinje, ponosna na svoje naslje\u0111e i kulturno-istorijski zna\u010daj, posljednjih godina otvara nova poglavija kroz razvoj manifestacionog turizma i postaje nezaobilazna adresa kada je rije\u010d o kulturno-zabavnom programu i dobrom provodu&#8221;, stoji u saop\u0161tenju.<\/p>\n\n\n\n<p>Kroz pa\u017eljivo osmi\u0161ljene programe i bogat kalendar de\u0161avanja u okviru &#8220;Ljeta u Prijestonici&#8221;, na\u0161 grad je tokom posljednjih mjeseci bio doma\u0107in brojnih radionica, koncerata, kulturnih i zabavnih doga\u0111aja koji su privukli hiljade posjetilaca.<\/p>\n\n\n\n<p>Odr\u017eani su festivali poput Montenegro Beer Festa, Me\u0111unarodnog festivala folklora, Pozori\u0161nog festivala, Me\u0111unarodnog sajma pr\u0161uta, kao i centralna proslava Dana dr\u017eavnosti. Publika je u\u017eivala i u koncertima regionalnih muzi\u010dkih zvijezda i DJ-eva, ali i u raznovrsnim sadr\u017eajima namijenjenim djeci i porodici.<\/p>\n\n\n\n<p>\u201eLjeto u Prijestonici\u201c jo\u0161 jednom je potvrdilo da je Cetinje postalo prepoznatljivo kao centar kulturno-zabavnih de\u0161avanja, a zavr\u0161no ve\u010de bi\u0107e prilika da se zajedni\u010dki zaokru\u017ei jedno uspje\u0161no i sadr\u017eajno ljeto.<\/p>\n\n\n\n<p>&#8220;Pozivamo sve gra\u0111ane i goste da nam se pridru\u017ee na Studentskom trgu i zajedno uveli\u010damo zavr\u0161nicu manifestacije&#8221;, zaklju\u010dak je saop\u0161tenja.<\/p>\n\n\n\n<p><\/p>","protected":false},"excerpt":{"rendered":"<p>Manifestacija \u201eLjeto u Prijestonici\u201c bi\u0107e zatvorena u subotu, 27. septembra koncertom jedne od najve\u0107ih regionalnih zvijezda Nata\u0161e Bekvalac i kultnog DJ dua Yugoton. Koncert \u0107e biti odr\u017ean na Studentskom trgu, sa po\u010detkom u 21 sat, \u010dime \u0107e ovogodi\u0161nje izdanje manifestacije biti okon\u010dano na spektakularan na\u010din, saop\u0161teno je iz Kancelarija za odnose sa javno\u0161\u0107u Prijestonice Cetinje.<\/p>","protected":false},"author":1,"featured_media":953348,"comment_status":"open","ping_status":"open","sticky":false,"template":"","format":"standard","meta":{"_acf_changed":false,"footnotes":""},"categories":[2],"tags":[6608,8837,8838],"naslovna":[],"class_list":["post-953347","post","type-post","status-publish","format-standard","has-post-thumbnail","hentry","category-drustvo","tag-ljeto-u-prijestonici","tag-natasa-bekvalac","tag-zugoton"],"acf":[],"yoast_head":"<!-- This site is optimized with the Yoast SEO plugin v27.4 - https:\/\/yoast.com\/product\/yoast-seo-wordpress\/ -->\n<title>Nata\u0161a Bekvalac i Yugoton zatvaraju \u201eLjeto u Prijestonici\u201c - dmcsrb.com<\/title>\n<meta name=\"robots\" content=\"index, follow, max-snippet:-1, max-image-preview:large, max-video-preview:-1\" \/>\n<link rel=\"canonical\" href=\"https:\/\/dmcsrb.com\/en\/drustvo\/natasa-bekvalac-i-yugoton-zatvaraju-ljeto-u-prijestonici\/\" \/>\n<meta property=\"og:locale\" content=\"en_GB\" \/>\n<meta property=\"og:type\" content=\"article\" \/>\n<meta property=\"og:title\" content=\"Nata\u0161a Bekvalac i Yugoton zatvaraju \u201eLjeto u Prijestonici\u201c - dmcsrb.com\" \/>\n<meta property=\"og:description\" content=\"Manifestacija \u201eLjeto u Prijestonici\u201c bi\u0107e zatvorena u subotu, 27. septembra koncertom jedne od najve\u0107ih regionalnih zvijezda Nata\u0161e Bekvalac i kultnog DJ dua Yugoton. Koncert \u0107e biti odr\u017ean na Studentskom trgu, sa po\u010detkom u 21 sat, \u010dime \u0107e ovogodi\u0161nje izdanje manifestacije biti okon\u010dano na spektakularan na\u010din, saop\u0161teno je iz Kancelarija za odnose sa javno\u0161\u0107u Prijestonice Cetinje.\" \/>\n<meta property=\"og:url\" content=\"https:\/\/dmcsrb.com\/en\/drustvo\/natasa-bekvalac-i-yugoton-zatvaraju-ljeto-u-prijestonici\/\" \/>\n<meta property=\"og:site_name\" content=\"dmcsrb.com\" \/>\n<meta property=\"article:published_time\" content=\"2025-09-22T06:38:00+00:00\" \/>\n<meta property=\"og:image\" content=\"https:\/\/dmcsrb.com\/wp-content\/uploads\/2026\/01\/Ljeto-u-Prijestonici-Natasa-Bekvalac-i-Yugoton_16x9.webp\" \/>\n\t<meta property=\"og:image:width\" content=\"1920\" \/>\n\t<meta property=\"og:image:height\" content=\"1080\" \/>\n\t<meta property=\"og:image:type\" content=\"image\/png\" \/>\n<meta name=\"author\" content=\"dmcsrbija.com@gmail.com\" \/>\n<meta name=\"twitter:card\" content=\"summary_large_image\" \/>\n<meta name=\"twitter:label1\" content=\"Written by\" \/>\n\t<meta name=\"twitter:data1\" content=\"dmcsrbija.com@gmail.com\" \/>\n\t<meta name=\"twitter:label2\" content=\"Estimated reading time\" \/>\n\t<meta name=\"twitter:data2\" content=\"1 minute\" \/>\n<script type=\"application\/ld+json\" class=\"yoast-schema-graph\">{\"@context\":\"https:\\\/\\\/schema.org\",\"@graph\":[{\"@type\":\"Article\",\"@id\":\"https:\\\/\\\/dmcsrb.com\\\/drustvo\\\/natasa-bekvalac-i-yugoton-zatvaraju-ljeto-u-prijestonici\\\/#article\",\"isPartOf\":{\"@id\":\"https:\\\/\\\/dmcsrb.com\\\/drustvo\\\/natasa-bekvalac-i-yugoton-zatvaraju-ljeto-u-prijestonici\\\/\"},\"author\":{\"name\":\"dmcsrbija.com@gmail.com\",\"@id\":\"https:\\\/\\\/dmcsrb.com\\\/#\\\/schema\\\/person\\\/5c39170f12db1b8b457732d0b5c854e2\"},\"headline\":\"Nata\u0161a Bekvalac i Yugoton zatvaraju \u201eLjeto u Prijestonici\u201c\",\"datePublished\":\"2025-09-22T06:38:00+00:00\",\"mainEntityOfPage\":{\"@id\":\"https:\\\/\\\/dmcsrb.com\\\/drustvo\\\/natasa-bekvalac-i-yugoton-zatvaraju-ljeto-u-prijestonici\\\/\"},\"wordCount\":198,\"commentCount\":0,\"image\":{\"@id\":\"https:\\\/\\\/dmcsrb.com\\\/drustvo\\\/natasa-bekvalac-i-yugoton-zatvaraju-ljeto-u-prijestonici\\\/#primaryimage\"},\"thumbnailUrl\":\"https:\\\/\\\/dmcsrb.com\\\/wp-content\\\/uploads\\\/2026\\\/01\\\/Ljeto-u-Prijestonici-Natasa-Bekvalac-i-Yugoton_16x9.webp\",\"keywords\":[\"Ljeto u Prijestonici\",\"Nata\u0161a Bekvalac\",\"Zugoton\"],\"articleSection\":[\"Dru\u0161tvo\"],\"inLanguage\":\"en-GB\",\"potentialAction\":[{\"@type\":\"CommentAction\",\"name\":\"Comment\",\"target\":[\"https:\\\/\\\/dmcsrb.com\\\/drustvo\\\/natasa-bekvalac-i-yugoton-zatvaraju-ljeto-u-prijestonici\\\/#respond\"]}]},{\"@type\":\"WebPage\",\"@id\":\"https:\\\/\\\/dmcsrb.com\\\/drustvo\\\/natasa-bekvalac-i-yugoton-zatvaraju-ljeto-u-prijestonici\\\/\",\"url\":\"https:\\\/\\\/dmcsrb.com\\\/drustvo\\\/natasa-bekvalac-i-yugoton-zatvaraju-ljeto-u-prijestonici\\\/\",\"name\":\"Nata\u0161a Bekvalac i Yugoton zatvaraju \u201eLjeto u Prijestonici\u201c - dmcsrb.com\",\"isPartOf\":{\"@id\":\"https:\\\/\\\/dmcsrb.com\\\/#website\"},\"primaryImageOfPage\":{\"@id\":\"https:\\\/\\\/dmcsrb.com\\\/drustvo\\\/natasa-bekvalac-i-yugoton-zatvaraju-ljeto-u-prijestonici\\\/#primaryimage\"},\"image\":{\"@id\":\"https:\\\/\\\/dmcsrb.com\\\/drustvo\\\/natasa-bekvalac-i-yugoton-zatvaraju-ljeto-u-prijestonici\\\/#primaryimage\"},\"thumbnailUrl\":\"https:\\\/\\\/dmcsrb.com\\\/wp-content\\\/uploads\\\/2026\\\/01\\\/Ljeto-u-Prijestonici-Natasa-Bekvalac-i-Yugoton_16x9.webp\",\"datePublished\":\"2025-09-22T06:38:00+00:00\",\"author\":{\"@id\":\"https:\\\/\\\/dmcsrb.com\\\/#\\\/schema\\\/person\\\/5c39170f12db1b8b457732d0b5c854e2\"},\"breadcrumb\":{\"@id\":\"https:\\\/\\\/dmcsrb.com\\\/drustvo\\\/natasa-bekvalac-i-yugoton-zatvaraju-ljeto-u-prijestonici\\\/#breadcrumb\"},\"inLanguage\":\"en-GB\",\"potentialAction\":[{\"@type\":\"ReadAction\",\"target\":[\"https:\\\/\\\/dmcsrb.com\\\/drustvo\\\/natasa-bekvalac-i-yugoton-zatvaraju-ljeto-u-prijestonici\\\/\"]}]},{\"@type\":\"ImageObject\",\"inLanguage\":\"en-GB\",\"@id\":\"https:\\\/\\\/dmcsrb.com\\\/drustvo\\\/natasa-bekvalac-i-yugoton-zatvaraju-ljeto-u-prijestonici\\\/#primaryimage\",\"url\":\"https:\\\/\\\/dmcsrb.com\\\/wp-content\\\/uploads\\\/2026\\\/01\\\/Ljeto-u-Prijestonici-Natasa-Bekvalac-i-Yugoton_16x9.webp\",\"contentUrl\":\"https:\\\/\\\/dmcsrb.com\\\/wp-content\\\/uploads\\\/2026\\\/01\\\/Ljeto-u-Prijestonici-Natasa-Bekvalac-i-Yugoton_16x9.webp\",\"width\":1920,\"height\":1080},{\"@type\":\"BreadcrumbList\",\"@id\":\"https:\\\/\\\/dmcsrb.com\\\/drustvo\\\/natasa-bekvalac-i-yugoton-zatvaraju-ljeto-u-prijestonici\\\/#breadcrumb\",\"itemListElement\":[{\"@type\":\"ListItem\",\"position\":1,\"name\":\"Home\",\"item\":\"https:\\\/\\\/dmcsrb.com\\\/\"},{\"@type\":\"ListItem\",\"position\":2,\"name\":\"Nata\u0161a Bekvalac i Yugoton zatvaraju \u201eLjeto u Prijestonici\u201c\"}]},{\"@type\":\"WebSite\",\"@id\":\"https:\\\/\\\/dmcsrb.com\\\/#website\",\"url\":\"https:\\\/\\\/dmcsrb.com\\\/\",\"name\":\"dmcsrb.com\",\"description\":\"\",\"potentialAction\":[{\"@type\":\"SearchAction\",\"target\":{\"@type\":\"EntryPoint\",\"urlTemplate\":\"https:\\\/\\\/dmcsrb.com\\\/?s={search_term_string}\"},\"query-input\":{\"@type\":\"PropertyValueSpecification\",\"valueRequired\":true,\"valueName\":\"search_term_string\"}}],\"inLanguage\":\"en-GB\"},{\"@type\":\"Person\",\"@id\":\"https:\\\/\\\/dmcsrb.com\\\/#\\\/schema\\\/person\\\/5c39170f12db1b8b457732d0b5c854e2\",\"name\":\"dmcsrbija.com@gmail.com\",\"image\":{\"@type\":\"ImageObject\",\"inLanguage\":\"en-GB\",\"@id\":\"https:\\\/\\\/secure.gravatar.com\\\/avatar\\\/68592660ad6347fad0fb587f8d5d8f1a7b44961362f56e4f2cd524feb87e9069?s=96&d=mm&r=g\",\"url\":\"https:\\\/\\\/secure.gravatar.com\\\/avatar\\\/68592660ad6347fad0fb587f8d5d8f1a7b44961362f56e4f2cd524feb87e9069?s=96&d=mm&r=g\",\"contentUrl\":\"https:\\\/\\\/secure.gravatar.com\\\/avatar\\\/68592660ad6347fad0fb587f8d5d8f1a7b44961362f56e4f2cd524feb87e9069?s=96&d=mm&r=g\",\"caption\":\"dmcsrbija.com@gmail.com\"},\"sameAs\":[\"https:\\\/\\\/dmcsrb.com\"],\"url\":\"https:\\\/\\\/dmcsrb.com\\\/en\\\/author\\\/dmcsrbija-comgmail-com\\\/\"}]}<\/script>\n<!-- \/ Yoast SEO plugin. -->","yoast_head_json":{"title":"Nata\u0161a Bekvalac i Yugoton zatvaraju \u201eLjeto u Prijestonici\u201c - dmcsrb.com","robots":{"index":"index","follow":"follow","max-snippet":"max-snippet:-1","max-image-preview":"max-image-preview:large","max-video-preview":"max-video-preview:-1"},"canonical":"https:\/\/dmcsrb.com\/en\/drustvo\/natasa-bekvalac-i-yugoton-zatvaraju-ljeto-u-prijestonici\/","og_locale":"en_GB","og_type":"article","og_title":"Nata\u0161a Bekvalac i Yugoton zatvaraju \u201eLjeto u Prijestonici\u201c - dmcsrb.com","og_description":"Manifestacija \u201eLjeto u Prijestonici\u201c bi\u0107e zatvorena u subotu, 27. septembra koncertom jedne od najve\u0107ih regionalnih zvijezda Nata\u0161e Bekvalac i kultnog DJ dua Yugoton. Koncert \u0107e biti odr\u017ean na Studentskom trgu, sa po\u010detkom u 21 sat, \u010dime \u0107e ovogodi\u0161nje izdanje manifestacije biti okon\u010dano na spektakularan na\u010din, saop\u0161teno je iz Kancelarija za odnose sa javno\u0161\u0107u Prijestonice Cetinje.","og_url":"https:\/\/dmcsrb.com\/en\/drustvo\/natasa-bekvalac-i-yugoton-zatvaraju-ljeto-u-prijestonici\/","og_site_name":"dmcsrb.com","article_published_time":"2025-09-22T06:38:00+00:00","og_image":[{"width":1920,"height":1080,"url":"https:\/\/dmcsrb.com\/wp-content\/uploads\/2026\/01\/Ljeto-u-Prijestonici-Natasa-Bekvalac-i-Yugoton_16x9.webp","type":"image\/png"}],"author":"dmcsrbija.com@gmail.com","twitter_card":"summary_large_image","twitter_misc":{"Written by":"dmcsrbija.com@gmail.com","Estimated reading time":"1 minute"},"schema":{"@context":"https:\/\/schema.org","@graph":[{"@type":"Article","@id":"https:\/\/dmcsrb.com\/drustvo\/natasa-bekvalac-i-yugoton-zatvaraju-ljeto-u-prijestonici\/#article","isPartOf":{"@id":"https:\/\/dmcsrb.com\/drustvo\/natasa-bekvalac-i-yugoton-zatvaraju-ljeto-u-prijestonici\/"},"author":{"name":"dmcsrbija.com@gmail.com","@id":"https:\/\/dmcsrb.com\/#\/schema\/person\/5c39170f12db1b8b457732d0b5c854e2"},"headline":"Nata\u0161a Bekvalac i Yugoton zatvaraju \u201eLjeto u Prijestonici\u201c","datePublished":"2025-09-22T06:38:00+00:00","mainEntityOfPage":{"@id":"https:\/\/dmcsrb.com\/drustvo\/natasa-bekvalac-i-yugoton-zatvaraju-ljeto-u-prijestonici\/"},"wordCount":198,"commentCount":0,"image":{"@id":"https:\/\/dmcsrb.com\/drustvo\/natasa-bekvalac-i-yugoton-zatvaraju-ljeto-u-prijestonici\/#primaryimage"},"thumbnailUrl":"https:\/\/dmcsrb.com\/wp-content\/uploads\/2026\/01\/Ljeto-u-Prijestonici-Natasa-Bekvalac-i-Yugoton_16x9.webp","keywords":["Ljeto u Prijestonici","Nata\u0161a Bekvalac","Zugoton"],"articleSection":["Dru\u0161tvo"],"inLanguage":"en-GB","potentialAction":[{"@type":"CommentAction","name":"Comment","target":["https:\/\/dmcsrb.com\/drustvo\/natasa-bekvalac-i-yugoton-zatvaraju-ljeto-u-prijestonici\/#respond"]}]},{"@type":"WebPage","@id":"https:\/\/dmcsrb.com\/drustvo\/natasa-bekvalac-i-yugoton-zatvaraju-ljeto-u-prijestonici\/","url":"https:\/\/dmcsrb.com\/drustvo\/natasa-bekvalac-i-yugoton-zatvaraju-ljeto-u-prijestonici\/","name":"Nata\u0161a Bekvalac i Yugoton zatvaraju \u201eLjeto u Prijestonici\u201c - dmcsrb.com","isPartOf":{"@id":"https:\/\/dmcsrb.com\/#website"},"primaryImageOfPage":{"@id":"https:\/\/dmcsrb.com\/drustvo\/natasa-bekvalac-i-yugoton-zatvaraju-ljeto-u-prijestonici\/#primaryimage"},"image":{"@id":"https:\/\/dmcsrb.com\/drustvo\/natasa-bekvalac-i-yugoton-zatvaraju-ljeto-u-prijestonici\/#primaryimage"},"thumbnailUrl":"https:\/\/dmcsrb.com\/wp-content\/uploads\/2026\/01\/Ljeto-u-Prijestonici-Natasa-Bekvalac-i-Yugoton_16x9.webp","datePublished":"2025-09-22T06:38:00+00:00","author":{"@id":"https:\/\/dmcsrb.com\/#\/schema\/person\/5c39170f12db1b8b457732d0b5c854e2"},"breadcrumb":{"@id":"https:\/\/dmcsrb.com\/drustvo\/natasa-bekvalac-i-yugoton-zatvaraju-ljeto-u-prijestonici\/#breadcrumb"},"inLanguage":"en-GB","potentialAction":[{"@type":"ReadAction","target":["https:\/\/dmcsrb.com\/drustvo\/natasa-bekvalac-i-yugoton-zatvaraju-ljeto-u-prijestonici\/"]}]},{"@type":"ImageObject","inLanguage":"en-GB","@id":"https:\/\/dmcsrb.com\/drustvo\/natasa-bekvalac-i-yugoton-zatvaraju-ljeto-u-prijestonici\/#primaryimage","url":"https:\/\/dmcsrb.com\/wp-content\/uploads\/2026\/01\/Ljeto-u-Prijestonici-Natasa-Bekvalac-i-Yugoton_16x9.webp","contentUrl":"https:\/\/dmcsrb.com\/wp-content\/uploads\/2026\/01\/Ljeto-u-Prijestonici-Natasa-Bekvalac-i-Yugoton_16x9.webp","width":1920,"height":1080},{"@type":"BreadcrumbList","@id":"https:\/\/dmcsrb.com\/drustvo\/natasa-bekvalac-i-yugoton-zatvaraju-ljeto-u-prijestonici\/#breadcrumb","itemListElement":[{"@type":"ListItem","position":1,"name":"Home","item":"https:\/\/dmcsrb.com\/"},{"@type":"ListItem","position":2,"name":"Nata\u0161a Bekvalac i Yugoton zatvaraju \u201eLjeto u Prijestonici\u201c"}]},{"@type":"WebSite","@id":"https:\/\/dmcsrb.com\/#website","url":"https:\/\/dmcsrb.com\/","name":"dmcsrb.com","description":"","potentialAction":[{"@type":"SearchAction","target":{"@type":"EntryPoint","urlTemplate":"https:\/\/dmcsrb.com\/?s={search_term_string}"},"query-input":{"@type":"PropertyValueSpecification","valueRequired":true,"valueName":"search_term_string"}}],"inLanguage":"en-GB"},{"@type":"Person","@id":"https:\/\/dmcsrb.com\/#\/schema\/person\/5c39170f12db1b8b457732d0b5c854e2","name":"dmcsrbija.com@gmail.com","image":{"@type":"ImageObject","inLanguage":"en-GB","@id":"https:\/\/secure.gravatar.com\/avatar\/68592660ad6347fad0fb587f8d5d8f1a7b44961362f56e4f2cd524feb87e9069?s=96&d=mm&r=g","url":"https:\/\/secure.gravatar.com\/avatar\/68592660ad6347fad0fb587f8d5d8f1a7b44961362f56e4f2cd524feb87e9069?s=96&d=mm&r=g","contentUrl":"https:\/\/secure.gravatar.com\/avatar\/68592660ad6347fad0fb587f8d5d8f1a7b44961362f56e4f2cd524feb87e9069?s=96&d=mm&r=g","caption":"dmcsrbija.com@gmail.com"},"sameAs":["https:\/\/dmcsrb.com"],"url":"https:\/\/dmcsrb.com\/en\/author\/dmcsrbija-comgmail-com\/"}]}},"_links":{"self":[{"href":"https:\/\/dmcsrb.com\/en\/wp-json\/wp\/v2\/posts\/953347","targetHints":{"allow":["GET"]}}],"collection":[{"href":"https:\/\/dmcsrb.com\/en\/wp-json\/wp\/v2\/posts"}],"about":[{"href":"https:\/\/dmcsrb.com\/en\/wp-json\/wp\/v2\/types\/post"}],"author":[{"embeddable":true,"href":"https:\/\/dmcsrb.com\/en\/wp-json\/wp\/v2\/users\/1"}],"replies":[{"embeddable":true,"href":"https:\/\/dmcsrb.com\/en\/wp-json\/wp\/v2\/comments?post=953347"}],"version-history":[{"count":0,"href":"https:\/\/dmcsrb.com\/en\/wp-json\/wp\/v2\/posts\/953347\/revisions"}],"wp:featuredmedia":[{"embeddable":true,"href":"https:\/\/dmcsrb.com\/en\/wp-json\/wp\/v2\/media\/953348"}],"wp:attachment":[{"href":"https:\/\/dmcsrb.com\/en\/wp-json\/wp\/v2\/media?parent=953347"}],"wp:term":[{"taxonomy":"category","embeddable":true,"href":"https:\/\/dmcsrb.com\/en\/wp-json\/wp\/v2\/categories?post=953347"},{"taxonomy":"post_tag","embeddable":true,"href":"https:\/\/dmcsrb.com\/en\/wp-json\/wp\/v2\/tags?post=953347"},{"taxonomy":"naslovna","embeddable":true,"href":"https:\/\/dmcsrb.com\/en\/wp-json\/wp\/v2\/naslovna?post=953347"}],"curies":[{"name":"wp","href":"https:\/\/api.w.org\/{rel}","templated":true}]}}