{"id":953313,"date":"2025-09-22T05:31:46","date_gmt":"2025-09-22T03:31:46","guid":{"rendered":"https:\/\/dmcsrb.com\/uncategorized\/danas-akcija-ciscenja-puta-podgorica-niksic\/"},"modified":"2025-09-22T05:31:46","modified_gmt":"2025-09-22T03:31:46","slug":"danas-akcija-ciscenja-puta-podgorica-niksic","status":"publish","type":"post","link":"https:\/\/dmcsrb.com\/en\/drustvo\/danas-akcija-ciscenja-puta-podgorica-niksic\/","title":{"rendered":"Danas akcija \u010di\u0161\u0107enja puta Podgorica &#8211; Nik\u0161i\u0107"},"content":{"rendered":"<p>Ministarstvo ekologije, odr\u017eivog razvoja i razvoja sjevera (MERS) danas \u0107e, povodom 20. septembra, Dana ekolo\u0161ke dr\u017eave, organizovati akciju \u010di\u0161\u0107enja puta Podgorica \u2013 Nik\u0161i\u0107, najavljeno je iz tog Vladinog resora.<\/p>\n\n\n\n<p>Iz MERS-a su saop\u0161tili da \u0107e organizovati niz aktivnosti, me\u0111u kojima je glavna akcija \u010di\u0161\u0107enja tog puta, s ciljem podizanja svijesti o za\u0161titi \u017eivotne sredine, a u okviru obilje\u017eavanja 34. godi\u0161njice progla\u0161enja Crne Gore ekolo\u0161kom dr\u017eavom.<\/p>\n\n\n\n<p>Kako su rekli, s obzirom na frekventnost i prometnost na putu Podgorica \u2013 Nik\u0161i\u0107 i otpad na vi\u0161e lokacija pored puta, cilj je da se zajedni\u010dkim naporima institucija, lokalnih preduze\u0107a, nevladinih organizacija i gra\u0111ana taj prostor uredi, a sortirani otpad preveze na podgori\u010dku Deponiju.<\/p>\n\n\n\n<p>Iz MERS-a su naveli da, nakon \u0106emovskog Polja u Podgorici i \u010di\u0161\u0107enja u Ulcinju u petak povodom Evropskog dana \u010di\u0161\u0107enja obala, nastavljaju sa \u010di\u0161\u0107enjem puta Podgorica &#8211; Nik\u0161i\u0107, tre\u0107om velikom akcijom u okviru kampanje za za\u0161titu \u017eivotne sredine \u201e\u010cuvaj da te \u010duva\u201c.<\/p>\n\n\n\n<p>\u201eU akciji \u0107e u\u010destvovati: Agencija za za\u0161titu \u017eivotne sredine, Eko fond, Nacionalni parkovi Crne Gore, Zavod za hidrometeorologiju i seizmologiju, Ministarstvo odbrane, Vojska Crne Gore, Skup\u0161tina, Ministarstvo unutra\u0161njih poslova, Uprava policije, Deponija Podgorica, Komunalno Nik\u0161i\u0107, Komunalno Danilovgrad\u201c, ka\u017ee se u saop\u0161tenju.<\/p>\n\n\n\n<p>Navodi se da \u0107e va\u017ean doprinos inicijativi biti i postavljanje tabli sa natpisom &#8220;O\u010di\u0161\u0107eno \u2013 neka tako i ostane&#8221;, kako bi se sprije\u010dilo ponovno odlaganje otpada i dodatno podigla svijest o o\u010duvanju okoline.<\/p>\n\n\n\n<p>\u201eU duhu odgovornog odnosa prema \u017eivotnoj sredini, MERS ove godine nije \u0161tampalo promotivni materijal, kako bi se izbjeglo stvaranje dodatnog otpada\u201c, dodaje se u saop\u0161tenju.<\/p>","protected":false},"excerpt":{"rendered":"<p>Ministarstvo ekologije, odr\u017eivog razvoja i razvoja sjevera (MERS) danas \u0107e, povodom 20. septembra, Dana ekolo\u0161ke dr\u017eave, organizovati akciju \u010di\u0161\u0107enja puta Podgorica \u2013 Nik\u0161i\u0107, najavljeno je iz tog Vladinog resora.<\/p>","protected":false},"author":1,"featured_media":953314,"comment_status":"open","ping_status":"open","sticky":false,"template":"","format":"standard","meta":{"_acf_changed":false,"footnotes":""},"categories":[2],"tags":[3859,1946,491,31],"naslovna":[],"class_list":["post-953313","post","type-post","status-publish","format-standard","has-post-thumbnail","hentry","category-drustvo","tag-cuvaj-da-te-cuva","tag-mers","tag-niksic-4","tag-podgorica"],"acf":[],"yoast_head":"<!-- This site is optimized with the Yoast SEO plugin v27.4 - https:\/\/yoast.com\/product\/yoast-seo-wordpress\/ -->\n<title>Danas akcija \u010di\u0161\u0107enja puta Podgorica - Nik\u0161i\u0107 - dmcsrb.com<\/title>\n<meta name=\"robots\" content=\"index, follow, max-snippet:-1, max-image-preview:large, max-video-preview:-1\" \/>\n<link rel=\"canonical\" href=\"https:\/\/dmcsrb.com\/en\/drustvo\/danas-akcija-ciscenja-puta-podgorica-niksic\/\" \/>\n<meta property=\"og:locale\" content=\"en_GB\" \/>\n<meta property=\"og:type\" content=\"article\" \/>\n<meta property=\"og:title\" content=\"Danas akcija \u010di\u0161\u0107enja puta Podgorica - Nik\u0161i\u0107 - dmcsrb.com\" \/>\n<meta property=\"og:description\" content=\"Ministarstvo ekologije, odr\u017eivog razvoja i razvoja sjevera (MERS) danas \u0107e, povodom 20. septembra, Dana ekolo\u0161ke dr\u017eave, organizovati akciju \u010di\u0161\u0107enja puta Podgorica \u2013 Nik\u0161i\u0107, najavljeno je iz tog Vladinog resora.\" \/>\n<meta property=\"og:url\" content=\"https:\/\/dmcsrb.com\/en\/drustvo\/danas-akcija-ciscenja-puta-podgorica-niksic\/\" \/>\n<meta property=\"og:site_name\" content=\"dmcsrb.com\" \/>\n<meta property=\"article:published_time\" content=\"2025-09-22T03:31:46+00:00\" \/>\n<meta property=\"og:image\" content=\"https:\/\/dmcsrb.com\/wp-content\/uploads\/2026\/01\/cuvaj-da-te-cuva-MERS.webp\" \/>\n\t<meta property=\"og:image:width\" content=\"730\" \/>\n\t<meta property=\"og:image:height\" content=\"342\" \/>\n\t<meta property=\"og:image:type\" content=\"image\/webp\" \/>\n<meta name=\"author\" content=\"dmcsrbija.com@gmail.com\" \/>\n<meta name=\"twitter:card\" content=\"summary_large_image\" \/>\n<meta name=\"twitter:label1\" content=\"Written by\" \/>\n\t<meta name=\"twitter:data1\" content=\"dmcsrbija.com@gmail.com\" \/>\n\t<meta name=\"twitter:label2\" content=\"Estimated reading time\" \/>\n\t<meta name=\"twitter:data2\" content=\"1 minute\" \/>\n<script type=\"application\/ld+json\" class=\"yoast-schema-graph\">{\"@context\":\"https:\\\/\\\/schema.org\",\"@graph\":[{\"@type\":\"Article\",\"@id\":\"https:\\\/\\\/dmcsrb.com\\\/drustvo\\\/danas-akcija-ciscenja-puta-podgorica-niksic\\\/#article\",\"isPartOf\":{\"@id\":\"https:\\\/\\\/dmcsrb.com\\\/drustvo\\\/danas-akcija-ciscenja-puta-podgorica-niksic\\\/\"},\"author\":{\"name\":\"dmcsrbija.com@gmail.com\",\"@id\":\"https:\\\/\\\/dmcsrb.com\\\/#\\\/schema\\\/person\\\/5c39170f12db1b8b457732d0b5c854e2\"},\"headline\":\"Danas akcija \u010di\u0161\u0107enja puta Podgorica &#8211; Nik\u0161i\u0107\",\"datePublished\":\"2025-09-22T03:31:46+00:00\",\"mainEntityOfPage\":{\"@id\":\"https:\\\/\\\/dmcsrb.com\\\/drustvo\\\/danas-akcija-ciscenja-puta-podgorica-niksic\\\/\"},\"wordCount\":293,\"commentCount\":0,\"image\":{\"@id\":\"https:\\\/\\\/dmcsrb.com\\\/drustvo\\\/danas-akcija-ciscenja-puta-podgorica-niksic\\\/#primaryimage\"},\"thumbnailUrl\":\"https:\\\/\\\/dmcsrb.com\\\/wp-content\\\/uploads\\\/2026\\\/01\\\/cuvaj-da-te-cuva-MERS.webp\",\"keywords\":[\"\u010cuvaj da te \u010duva\",\"MERS\",\"Niksic\",\"Podgorica\"],\"articleSection\":[\"Dru\u0161tvo\"],\"inLanguage\":\"en-GB\",\"potentialAction\":[{\"@type\":\"CommentAction\",\"name\":\"Comment\",\"target\":[\"https:\\\/\\\/dmcsrb.com\\\/drustvo\\\/danas-akcija-ciscenja-puta-podgorica-niksic\\\/#respond\"]}]},{\"@type\":\"WebPage\",\"@id\":\"https:\\\/\\\/dmcsrb.com\\\/drustvo\\\/danas-akcija-ciscenja-puta-podgorica-niksic\\\/\",\"url\":\"https:\\\/\\\/dmcsrb.com\\\/drustvo\\\/danas-akcija-ciscenja-puta-podgorica-niksic\\\/\",\"name\":\"Danas akcija \u010di\u0161\u0107enja puta Podgorica - Nik\u0161i\u0107 - dmcsrb.com\",\"isPartOf\":{\"@id\":\"https:\\\/\\\/dmcsrb.com\\\/#website\"},\"primaryImageOfPage\":{\"@id\":\"https:\\\/\\\/dmcsrb.com\\\/drustvo\\\/danas-akcija-ciscenja-puta-podgorica-niksic\\\/#primaryimage\"},\"image\":{\"@id\":\"https:\\\/\\\/dmcsrb.com\\\/drustvo\\\/danas-akcija-ciscenja-puta-podgorica-niksic\\\/#primaryimage\"},\"thumbnailUrl\":\"https:\\\/\\\/dmcsrb.com\\\/wp-content\\\/uploads\\\/2026\\\/01\\\/cuvaj-da-te-cuva-MERS.webp\",\"datePublished\":\"2025-09-22T03:31:46+00:00\",\"author\":{\"@id\":\"https:\\\/\\\/dmcsrb.com\\\/#\\\/schema\\\/person\\\/5c39170f12db1b8b457732d0b5c854e2\"},\"breadcrumb\":{\"@id\":\"https:\\\/\\\/dmcsrb.com\\\/drustvo\\\/danas-akcija-ciscenja-puta-podgorica-niksic\\\/#breadcrumb\"},\"inLanguage\":\"en-GB\",\"potentialAction\":[{\"@type\":\"ReadAction\",\"target\":[\"https:\\\/\\\/dmcsrb.com\\\/drustvo\\\/danas-akcija-ciscenja-puta-podgorica-niksic\\\/\"]}]},{\"@type\":\"ImageObject\",\"inLanguage\":\"en-GB\",\"@id\":\"https:\\\/\\\/dmcsrb.com\\\/drustvo\\\/danas-akcija-ciscenja-puta-podgorica-niksic\\\/#primaryimage\",\"url\":\"https:\\\/\\\/dmcsrb.com\\\/wp-content\\\/uploads\\\/2026\\\/01\\\/cuvaj-da-te-cuva-MERS.webp\",\"contentUrl\":\"https:\\\/\\\/dmcsrb.com\\\/wp-content\\\/uploads\\\/2026\\\/01\\\/cuvaj-da-te-cuva-MERS.webp\",\"width\":730,\"height\":342},{\"@type\":\"BreadcrumbList\",\"@id\":\"https:\\\/\\\/dmcsrb.com\\\/drustvo\\\/danas-akcija-ciscenja-puta-podgorica-niksic\\\/#breadcrumb\",\"itemListElement\":[{\"@type\":\"ListItem\",\"position\":1,\"name\":\"Home\",\"item\":\"https:\\\/\\\/dmcsrb.com\\\/\"},{\"@type\":\"ListItem\",\"position\":2,\"name\":\"Danas akcija \u010di\u0161\u0107enja puta Podgorica &#8211; Nik\u0161i\u0107\"}]},{\"@type\":\"WebSite\",\"@id\":\"https:\\\/\\\/dmcsrb.com\\\/#website\",\"url\":\"https:\\\/\\\/dmcsrb.com\\\/\",\"name\":\"dmcsrb.com\",\"description\":\"\",\"potentialAction\":[{\"@type\":\"SearchAction\",\"target\":{\"@type\":\"EntryPoint\",\"urlTemplate\":\"https:\\\/\\\/dmcsrb.com\\\/?s={search_term_string}\"},\"query-input\":{\"@type\":\"PropertyValueSpecification\",\"valueRequired\":true,\"valueName\":\"search_term_string\"}}],\"inLanguage\":\"en-GB\"},{\"@type\":\"Person\",\"@id\":\"https:\\\/\\\/dmcsrb.com\\\/#\\\/schema\\\/person\\\/5c39170f12db1b8b457732d0b5c854e2\",\"name\":\"dmcsrbija.com@gmail.com\",\"image\":{\"@type\":\"ImageObject\",\"inLanguage\":\"en-GB\",\"@id\":\"https:\\\/\\\/secure.gravatar.com\\\/avatar\\\/68592660ad6347fad0fb587f8d5d8f1a7b44961362f56e4f2cd524feb87e9069?s=96&d=mm&r=g\",\"url\":\"https:\\\/\\\/secure.gravatar.com\\\/avatar\\\/68592660ad6347fad0fb587f8d5d8f1a7b44961362f56e4f2cd524feb87e9069?s=96&d=mm&r=g\",\"contentUrl\":\"https:\\\/\\\/secure.gravatar.com\\\/avatar\\\/68592660ad6347fad0fb587f8d5d8f1a7b44961362f56e4f2cd524feb87e9069?s=96&d=mm&r=g\",\"caption\":\"dmcsrbija.com@gmail.com\"},\"sameAs\":[\"https:\\\/\\\/dmcsrb.com\"],\"url\":\"https:\\\/\\\/dmcsrb.com\\\/en\\\/author\\\/dmcsrbija-comgmail-com\\\/\"}]}<\/script>\n<!-- \/ Yoast SEO plugin. -->","yoast_head_json":{"title":"Danas akcija \u010di\u0161\u0107enja puta Podgorica - Nik\u0161i\u0107 - dmcsrb.com","robots":{"index":"index","follow":"follow","max-snippet":"max-snippet:-1","max-image-preview":"max-image-preview:large","max-video-preview":"max-video-preview:-1"},"canonical":"https:\/\/dmcsrb.com\/en\/drustvo\/danas-akcija-ciscenja-puta-podgorica-niksic\/","og_locale":"en_GB","og_type":"article","og_title":"Danas akcija \u010di\u0161\u0107enja puta Podgorica - Nik\u0161i\u0107 - dmcsrb.com","og_description":"Ministarstvo ekologije, odr\u017eivog razvoja i razvoja sjevera (MERS) danas \u0107e, povodom 20. septembra, Dana ekolo\u0161ke dr\u017eave, organizovati akciju \u010di\u0161\u0107enja puta Podgorica \u2013 Nik\u0161i\u0107, najavljeno je iz tog Vladinog resora.","og_url":"https:\/\/dmcsrb.com\/en\/drustvo\/danas-akcija-ciscenja-puta-podgorica-niksic\/","og_site_name":"dmcsrb.com","article_published_time":"2025-09-22T03:31:46+00:00","og_image":[{"width":730,"height":342,"url":"https:\/\/dmcsrb.com\/wp-content\/uploads\/2026\/01\/cuvaj-da-te-cuva-MERS.webp","type":"image\/webp"}],"author":"dmcsrbija.com@gmail.com","twitter_card":"summary_large_image","twitter_misc":{"Written by":"dmcsrbija.com@gmail.com","Estimated reading time":"1 minute"},"schema":{"@context":"https:\/\/schema.org","@graph":[{"@type":"Article","@id":"https:\/\/dmcsrb.com\/drustvo\/danas-akcija-ciscenja-puta-podgorica-niksic\/#article","isPartOf":{"@id":"https:\/\/dmcsrb.com\/drustvo\/danas-akcija-ciscenja-puta-podgorica-niksic\/"},"author":{"name":"dmcsrbija.com@gmail.com","@id":"https:\/\/dmcsrb.com\/#\/schema\/person\/5c39170f12db1b8b457732d0b5c854e2"},"headline":"Danas akcija \u010di\u0161\u0107enja puta Podgorica &#8211; Nik\u0161i\u0107","datePublished":"2025-09-22T03:31:46+00:00","mainEntityOfPage":{"@id":"https:\/\/dmcsrb.com\/drustvo\/danas-akcija-ciscenja-puta-podgorica-niksic\/"},"wordCount":293,"commentCount":0,"image":{"@id":"https:\/\/dmcsrb.com\/drustvo\/danas-akcija-ciscenja-puta-podgorica-niksic\/#primaryimage"},"thumbnailUrl":"https:\/\/dmcsrb.com\/wp-content\/uploads\/2026\/01\/cuvaj-da-te-cuva-MERS.webp","keywords":["\u010cuvaj da te \u010duva","MERS","Niksic","Podgorica"],"articleSection":["Dru\u0161tvo"],"inLanguage":"en-GB","potentialAction":[{"@type":"CommentAction","name":"Comment","target":["https:\/\/dmcsrb.com\/drustvo\/danas-akcija-ciscenja-puta-podgorica-niksic\/#respond"]}]},{"@type":"WebPage","@id":"https:\/\/dmcsrb.com\/drustvo\/danas-akcija-ciscenja-puta-podgorica-niksic\/","url":"https:\/\/dmcsrb.com\/drustvo\/danas-akcija-ciscenja-puta-podgorica-niksic\/","name":"Danas akcija \u010di\u0161\u0107enja puta Podgorica - Nik\u0161i\u0107 - dmcsrb.com","isPartOf":{"@id":"https:\/\/dmcsrb.com\/#website"},"primaryImageOfPage":{"@id":"https:\/\/dmcsrb.com\/drustvo\/danas-akcija-ciscenja-puta-podgorica-niksic\/#primaryimage"},"image":{"@id":"https:\/\/dmcsrb.com\/drustvo\/danas-akcija-ciscenja-puta-podgorica-niksic\/#primaryimage"},"thumbnailUrl":"https:\/\/dmcsrb.com\/wp-content\/uploads\/2026\/01\/cuvaj-da-te-cuva-MERS.webp","datePublished":"2025-09-22T03:31:46+00:00","author":{"@id":"https:\/\/dmcsrb.com\/#\/schema\/person\/5c39170f12db1b8b457732d0b5c854e2"},"breadcrumb":{"@id":"https:\/\/dmcsrb.com\/drustvo\/danas-akcija-ciscenja-puta-podgorica-niksic\/#breadcrumb"},"inLanguage":"en-GB","potentialAction":[{"@type":"ReadAction","target":["https:\/\/dmcsrb.com\/drustvo\/danas-akcija-ciscenja-puta-podgorica-niksic\/"]}]},{"@type":"ImageObject","inLanguage":"en-GB","@id":"https:\/\/dmcsrb.com\/drustvo\/danas-akcija-ciscenja-puta-podgorica-niksic\/#primaryimage","url":"https:\/\/dmcsrb.com\/wp-content\/uploads\/2026\/01\/cuvaj-da-te-cuva-MERS.webp","contentUrl":"https:\/\/dmcsrb.com\/wp-content\/uploads\/2026\/01\/cuvaj-da-te-cuva-MERS.webp","width":730,"height":342},{"@type":"BreadcrumbList","@id":"https:\/\/dmcsrb.com\/drustvo\/danas-akcija-ciscenja-puta-podgorica-niksic\/#breadcrumb","itemListElement":[{"@type":"ListItem","position":1,"name":"Home","item":"https:\/\/dmcsrb.com\/"},{"@type":"ListItem","position":2,"name":"Danas akcija \u010di\u0161\u0107enja puta Podgorica &#8211; Nik\u0161i\u0107"}]},{"@type":"WebSite","@id":"https:\/\/dmcsrb.com\/#website","url":"https:\/\/dmcsrb.com\/","name":"dmcsrb.com","description":"","potentialAction":[{"@type":"SearchAction","target":{"@type":"EntryPoint","urlTemplate":"https:\/\/dmcsrb.com\/?s={search_term_string}"},"query-input":{"@type":"PropertyValueSpecification","valueRequired":true,"valueName":"search_term_string"}}],"inLanguage":"en-GB"},{"@type":"Person","@id":"https:\/\/dmcsrb.com\/#\/schema\/person\/5c39170f12db1b8b457732d0b5c854e2","name":"dmcsrbija.com@gmail.com","image":{"@type":"ImageObject","inLanguage":"en-GB","@id":"https:\/\/secure.gravatar.com\/avatar\/68592660ad6347fad0fb587f8d5d8f1a7b44961362f56e4f2cd524feb87e9069?s=96&d=mm&r=g","url":"https:\/\/secure.gravatar.com\/avatar\/68592660ad6347fad0fb587f8d5d8f1a7b44961362f56e4f2cd524feb87e9069?s=96&d=mm&r=g","contentUrl":"https:\/\/secure.gravatar.com\/avatar\/68592660ad6347fad0fb587f8d5d8f1a7b44961362f56e4f2cd524feb87e9069?s=96&d=mm&r=g","caption":"dmcsrbija.com@gmail.com"},"sameAs":["https:\/\/dmcsrb.com"],"url":"https:\/\/dmcsrb.com\/en\/author\/dmcsrbija-comgmail-com\/"}]}},"_links":{"self":[{"href":"https:\/\/dmcsrb.com\/en\/wp-json\/wp\/v2\/posts\/953313","targetHints":{"allow":["GET"]}}],"collection":[{"href":"https:\/\/dmcsrb.com\/en\/wp-json\/wp\/v2\/posts"}],"about":[{"href":"https:\/\/dmcsrb.com\/en\/wp-json\/wp\/v2\/types\/post"}],"author":[{"embeddable":true,"href":"https:\/\/dmcsrb.com\/en\/wp-json\/wp\/v2\/users\/1"}],"replies":[{"embeddable":true,"href":"https:\/\/dmcsrb.com\/en\/wp-json\/wp\/v2\/comments?post=953313"}],"version-history":[{"count":0,"href":"https:\/\/dmcsrb.com\/en\/wp-json\/wp\/v2\/posts\/953313\/revisions"}],"wp:featuredmedia":[{"embeddable":true,"href":"https:\/\/dmcsrb.com\/en\/wp-json\/wp\/v2\/media\/953314"}],"wp:attachment":[{"href":"https:\/\/dmcsrb.com\/en\/wp-json\/wp\/v2\/media?parent=953313"}],"wp:term":[{"taxonomy":"category","embeddable":true,"href":"https:\/\/dmcsrb.com\/en\/wp-json\/wp\/v2\/categories?post=953313"},{"taxonomy":"post_tag","embeddable":true,"href":"https:\/\/dmcsrb.com\/en\/wp-json\/wp\/v2\/tags?post=953313"},{"taxonomy":"naslovna","embeddable":true,"href":"https:\/\/dmcsrb.com\/en\/wp-json\/wp\/v2\/naslovna?post=953313"}],"curies":[{"name":"wp","href":"https:\/\/api.w.org\/{rel}","templated":true}]}}