{"id":953274,"date":"2025-09-21T16:45:00","date_gmt":"2025-09-21T14:45:00","guid":{"rendered":"https:\/\/dmcsrb.com\/uncategorized\/izrael-odgovorio-na-priznanje-palestine-najavljena-aneksija\/"},"modified":"2025-09-21T16:45:00","modified_gmt":"2025-09-21T14:45:00","slug":"izrael-odgovorio-na-priznanje-palestine-najavljena-aneksija","status":"publish","type":"post","link":"https:\/\/dmcsrb.com\/en\/svijet\/izrael-odgovorio-na-priznanje-palestine-najavljena-aneksija\/","title":{"rendered":"Izrael odgovorio na priznanje Palestine: Najavljena aneksija"},"content":{"rendered":"<p><br><\/p>\n\n\n\n<p>Ben Gvir je dodao da priznavanje palestinske dr\u017eave predstavlja nagradu za teroriste Hamasa i kao takvo zahtjeva trenutne kontramjere, prenio je Tajms of Izrael.<\/p>\n\n\n\n<p>On je istovremeno pozvao na aneksiju Zapadne obale i potpuno demontiranje Palestinske uprave.<\/p>\n\n\n\n<p>Ben Gvirove rije\u010di podr\u017eao je predstavnik njegove partije Otzma Jehudit, Jicak Vaserlauf.<\/p>\n\n\n\n<p>Izraelska zemlja pripada isklju\u010divo narodu Izraela &#8211; ne postoje palestinski narod i palestinska dr\u017eava &#8211; naveo je Vaserlauf.<\/p>\n\n\n\n<p><\/p>\n\n\n\n<p>\u010clanovi Netanjahuove vlade koji zagovaraju o\u0161tar kurs, pozvali su na aneksiju sporne teritorije kao odgovor na priznavanje Dr\u017eave Palestine od strane zapadnih sila.<\/p>\n\n\n\n<p>Ranije ovog mjeseca, ministar finansija Bezalel Smotri\u010d iznio je prijedlog da Izrael anektira 82 odsto Zapadne obale u poku\u0161aju da sprije\u010di formiranje palestinske dr\u017eave.<\/p>\n\n\n\n<p>Ubrzo nakon toga, prilikom potpisivanja sporazuma o nastavku gradnje spornog naselja na Zapadnoj obali, Netanjahu je izjavio da ne\u0107e biti Dr\u017eave Palestine, jer ta teritorija pripada Izraelu.<\/p>","protected":false},"excerpt":{"rendered":"<p>Ekstremno desni\u010darski izraelski ministar za nacionalnu bezbjednost Itamar Ben Gvir najavio je da \u0107e na slede\u0107oj sjednici kabineta pokrenuti pitanje aneksije Zapadne obale kao odgovor na dana\u0161nju odluku Velike Britanije, Kanade i Australije da priznaju palestinsku dr\u017eavu, prenose izraelski mediji.<\/p>","protected":false},"author":1,"featured_media":910441,"comment_status":"open","ping_status":"open","sticky":false,"template":"","format":"standard","meta":{"_acf_changed":false,"footnotes":""},"categories":[144],"tags":[68,8777,8778,8779],"naslovna":[],"class_list":["post-953274","post","type-post","status-publish","format-standard","has-post-thumbnail","hentry","category-svijet","tag-aneksija","tag-iuzrael","tag-odgovor","tag-priznanje-palestine"],"acf":[],"yoast_head":"<!-- This site is optimized with the Yoast SEO plugin v27.0 - https:\/\/yoast.com\/product\/yoast-seo-wordpress\/ -->\n<title>Izrael odgovorio na priznanje Palestine: Najavljena aneksija - dmcsrb.com<\/title>\n<meta name=\"robots\" content=\"index, follow, max-snippet:-1, max-image-preview:large, max-video-preview:-1\" \/>\n<link rel=\"canonical\" href=\"https:\/\/dmcsrb.com\/en\/svijet\/izrael-odgovorio-na-priznanje-palestine-najavljena-aneksija\/\" \/>\n<meta property=\"og:locale\" content=\"en_GB\" \/>\n<meta property=\"og:type\" content=\"article\" \/>\n<meta property=\"og:title\" content=\"Izrael odgovorio na priznanje Palestine: Najavljena aneksija - dmcsrb.com\" \/>\n<meta property=\"og:description\" content=\"Ekstremno desni\u010darski izraelski ministar za nacionalnu bezbjednost Itamar Ben Gvir najavio je da \u0107e na slede\u0107oj sjednici kabineta pokrenuti pitanje aneksije Zapadne obale kao odgovor na dana\u0161nju odluku Velike Britanije, Kanade i Australije da priznaju palestinsku dr\u017eavu, prenose izraelski mediji.\" \/>\n<meta property=\"og:url\" content=\"https:\/\/dmcsrb.com\/en\/svijet\/izrael-odgovorio-na-priznanje-palestine-najavljena-aneksija\/\" \/>\n<meta property=\"og:site_name\" content=\"dmcsrb.com\" \/>\n<meta property=\"article:published_time\" content=\"2025-09-21T14:45:00+00:00\" \/>\n<meta property=\"og:image\" content=\"https:\/\/dmcsrb.com\/wp-content\/uploads\/2026\/01\/zastava-Izrael.jpeg\" \/>\n\t<meta property=\"og:image:width\" content=\"1280\" \/>\n\t<meta property=\"og:image:height\" content=\"853\" \/>\n\t<meta property=\"og:image:type\" content=\"image\/jpeg\" \/>\n<meta name=\"author\" content=\"dmcsrbija.com@gmail.com\" \/>\n<meta name=\"twitter:card\" content=\"summary_large_image\" \/>\n<meta name=\"twitter:label1\" content=\"Written by\" \/>\n\t<meta name=\"twitter:data1\" content=\"dmcsrbija.com@gmail.com\" \/>\n\t<meta name=\"twitter:label2\" content=\"Estimated reading time\" \/>\n\t<meta name=\"twitter:data2\" content=\"1 minute\" \/>\n<script type=\"application\/ld+json\" class=\"yoast-schema-graph\">{\"@context\":\"https:\/\/schema.org\",\"@graph\":[{\"@type\":\"Article\",\"@id\":\"https:\/\/dmcsrb.com\/svijet\/izrael-odgovorio-na-priznanje-palestine-najavljena-aneksija\/#article\",\"isPartOf\":{\"@id\":\"https:\/\/dmcsrb.com\/svijet\/izrael-odgovorio-na-priznanje-palestine-najavljena-aneksija\/\"},\"author\":{\"name\":\"dmcsrbija.com@gmail.com\",\"@id\":\"https:\/\/dmcsrb.com\/#\/schema\/person\/5c39170f12db1b8b457732d0b5c854e2\"},\"headline\":\"Izrael odgovorio na priznanje Palestine: Najavljena aneksija\",\"datePublished\":\"2025-09-21T14:45:00+00:00\",\"mainEntityOfPage\":{\"@id\":\"https:\/\/dmcsrb.com\/svijet\/izrael-odgovorio-na-priznanje-palestine-najavljena-aneksija\/\"},\"wordCount\":159,\"commentCount\":0,\"image\":{\"@id\":\"https:\/\/dmcsrb.com\/svijet\/izrael-odgovorio-na-priznanje-palestine-najavljena-aneksija\/#primaryimage\"},\"thumbnailUrl\":\"https:\/\/dmcsrb.com\/wp-content\/uploads\/2026\/01\/zastava-Izrael.jpeg\",\"keywords\":[\"aneksija\",\"Iuzrael\",\"odgovor\",\"priznanje Palestine\"],\"articleSection\":[\"Svijet\"],\"inLanguage\":\"en-GB\",\"potentialAction\":[{\"@type\":\"CommentAction\",\"name\":\"Comment\",\"target\":[\"https:\/\/dmcsrb.com\/svijet\/izrael-odgovorio-na-priznanje-palestine-najavljena-aneksija\/#respond\"]}]},{\"@type\":\"WebPage\",\"@id\":\"https:\/\/dmcsrb.com\/svijet\/izrael-odgovorio-na-priznanje-palestine-najavljena-aneksija\/\",\"url\":\"https:\/\/dmcsrb.com\/svijet\/izrael-odgovorio-na-priznanje-palestine-najavljena-aneksija\/\",\"name\":\"Izrael odgovorio na priznanje Palestine: Najavljena aneksija - dmcsrb.com\",\"isPartOf\":{\"@id\":\"https:\/\/dmcsrb.com\/#website\"},\"primaryImageOfPage\":{\"@id\":\"https:\/\/dmcsrb.com\/svijet\/izrael-odgovorio-na-priznanje-palestine-najavljena-aneksija\/#primaryimage\"},\"image\":{\"@id\":\"https:\/\/dmcsrb.com\/svijet\/izrael-odgovorio-na-priznanje-palestine-najavljena-aneksija\/#primaryimage\"},\"thumbnailUrl\":\"https:\/\/dmcsrb.com\/wp-content\/uploads\/2026\/01\/zastava-Izrael.jpeg\",\"datePublished\":\"2025-09-21T14:45:00+00:00\",\"author\":{\"@id\":\"https:\/\/dmcsrb.com\/#\/schema\/person\/5c39170f12db1b8b457732d0b5c854e2\"},\"breadcrumb\":{\"@id\":\"https:\/\/dmcsrb.com\/svijet\/izrael-odgovorio-na-priznanje-palestine-najavljena-aneksija\/#breadcrumb\"},\"inLanguage\":\"en-GB\",\"potentialAction\":[{\"@type\":\"ReadAction\",\"target\":[\"https:\/\/dmcsrb.com\/svijet\/izrael-odgovorio-na-priznanje-palestine-najavljena-aneksija\/\"]}]},{\"@type\":\"ImageObject\",\"inLanguage\":\"en-GB\",\"@id\":\"https:\/\/dmcsrb.com\/svijet\/izrael-odgovorio-na-priznanje-palestine-najavljena-aneksija\/#primaryimage\",\"url\":\"https:\/\/dmcsrb.com\/wp-content\/uploads\/2026\/01\/zastava-Izrael.jpeg\",\"contentUrl\":\"https:\/\/dmcsrb.com\/wp-content\/uploads\/2026\/01\/zastava-Izrael.jpeg\",\"width\":1280,\"height\":853},{\"@type\":\"BreadcrumbList\",\"@id\":\"https:\/\/dmcsrb.com\/svijet\/izrael-odgovorio-na-priznanje-palestine-najavljena-aneksija\/#breadcrumb\",\"itemListElement\":[{\"@type\":\"ListItem\",\"position\":1,\"name\":\"Home\",\"item\":\"https:\/\/dmcsrb.com\/\"},{\"@type\":\"ListItem\",\"position\":2,\"name\":\"Izrael odgovorio na priznanje Palestine: Najavljena aneksija\"}]},{\"@type\":\"WebSite\",\"@id\":\"https:\/\/dmcsrb.com\/#website\",\"url\":\"https:\/\/dmcsrb.com\/\",\"name\":\"dmcsrb.com\",\"description\":\"\",\"potentialAction\":[{\"@type\":\"SearchAction\",\"target\":{\"@type\":\"EntryPoint\",\"urlTemplate\":\"https:\/\/dmcsrb.com\/?s={search_term_string}\"},\"query-input\":{\"@type\":\"PropertyValueSpecification\",\"valueRequired\":true,\"valueName\":\"search_term_string\"}}],\"inLanguage\":\"en-GB\"},{\"@type\":\"Person\",\"@id\":\"https:\/\/dmcsrb.com\/#\/schema\/person\/5c39170f12db1b8b457732d0b5c854e2\",\"name\":\"dmcsrbija.com@gmail.com\",\"image\":{\"@type\":\"ImageObject\",\"inLanguage\":\"en-GB\",\"@id\":\"https:\/\/dmcsrb.com\/#\/schema\/person\/image\/\",\"url\":\"https:\/\/secure.gravatar.com\/avatar\/68592660ad6347fad0fb587f8d5d8f1a7b44961362f56e4f2cd524feb87e9069?s=96&d=mm&r=g\",\"contentUrl\":\"https:\/\/secure.gravatar.com\/avatar\/68592660ad6347fad0fb587f8d5d8f1a7b44961362f56e4f2cd524feb87e9069?s=96&d=mm&r=g\",\"caption\":\"dmcsrbija.com@gmail.com\"},\"sameAs\":[\"https:\/\/dmcsrb.com\"],\"url\":\"https:\/\/dmcsrb.com\/en\/author\/dmcsrbija-comgmail-com\/\"}]}<\/script>\n<!-- \/ Yoast SEO plugin. -->","yoast_head_json":{"title":"Izrael odgovorio na priznanje Palestine: Najavljena aneksija - dmcsrb.com","robots":{"index":"index","follow":"follow","max-snippet":"max-snippet:-1","max-image-preview":"max-image-preview:large","max-video-preview":"max-video-preview:-1"},"canonical":"https:\/\/dmcsrb.com\/en\/svijet\/izrael-odgovorio-na-priznanje-palestine-najavljena-aneksija\/","og_locale":"en_GB","og_type":"article","og_title":"Izrael odgovorio na priznanje Palestine: Najavljena aneksija - dmcsrb.com","og_description":"Ekstremno desni\u010darski izraelski ministar za nacionalnu bezbjednost Itamar Ben Gvir najavio je da \u0107e na slede\u0107oj sjednici kabineta pokrenuti pitanje aneksije Zapadne obale kao odgovor na dana\u0161nju odluku Velike Britanije, Kanade i Australije da priznaju palestinsku dr\u017eavu, prenose izraelski mediji.","og_url":"https:\/\/dmcsrb.com\/en\/svijet\/izrael-odgovorio-na-priznanje-palestine-najavljena-aneksija\/","og_site_name":"dmcsrb.com","article_published_time":"2025-09-21T14:45:00+00:00","og_image":[{"width":1280,"height":853,"url":"https:\/\/dmcsrb.com\/wp-content\/uploads\/2026\/01\/zastava-Izrael.jpeg","type":"image\/jpeg"}],"author":"dmcsrbija.com@gmail.com","twitter_card":"summary_large_image","twitter_misc":{"Written by":"dmcsrbija.com@gmail.com","Estimated reading time":"1 minute"},"schema":{"@context":"https:\/\/schema.org","@graph":[{"@type":"Article","@id":"https:\/\/dmcsrb.com\/svijet\/izrael-odgovorio-na-priznanje-palestine-najavljena-aneksija\/#article","isPartOf":{"@id":"https:\/\/dmcsrb.com\/svijet\/izrael-odgovorio-na-priznanje-palestine-najavljena-aneksija\/"},"author":{"name":"dmcsrbija.com@gmail.com","@id":"https:\/\/dmcsrb.com\/#\/schema\/person\/5c39170f12db1b8b457732d0b5c854e2"},"headline":"Izrael odgovorio na priznanje Palestine: Najavljena aneksija","datePublished":"2025-09-21T14:45:00+00:00","mainEntityOfPage":{"@id":"https:\/\/dmcsrb.com\/svijet\/izrael-odgovorio-na-priznanje-palestine-najavljena-aneksija\/"},"wordCount":159,"commentCount":0,"image":{"@id":"https:\/\/dmcsrb.com\/svijet\/izrael-odgovorio-na-priznanje-palestine-najavljena-aneksija\/#primaryimage"},"thumbnailUrl":"https:\/\/dmcsrb.com\/wp-content\/uploads\/2026\/01\/zastava-Izrael.jpeg","keywords":["aneksija","Iuzrael","odgovor","priznanje Palestine"],"articleSection":["Svijet"],"inLanguage":"en-GB","potentialAction":[{"@type":"CommentAction","name":"Comment","target":["https:\/\/dmcsrb.com\/svijet\/izrael-odgovorio-na-priznanje-palestine-najavljena-aneksija\/#respond"]}]},{"@type":"WebPage","@id":"https:\/\/dmcsrb.com\/svijet\/izrael-odgovorio-na-priznanje-palestine-najavljena-aneksija\/","url":"https:\/\/dmcsrb.com\/svijet\/izrael-odgovorio-na-priznanje-palestine-najavljena-aneksija\/","name":"Izrael odgovorio na priznanje Palestine: Najavljena aneksija - dmcsrb.com","isPartOf":{"@id":"https:\/\/dmcsrb.com\/#website"},"primaryImageOfPage":{"@id":"https:\/\/dmcsrb.com\/svijet\/izrael-odgovorio-na-priznanje-palestine-najavljena-aneksija\/#primaryimage"},"image":{"@id":"https:\/\/dmcsrb.com\/svijet\/izrael-odgovorio-na-priznanje-palestine-najavljena-aneksija\/#primaryimage"},"thumbnailUrl":"https:\/\/dmcsrb.com\/wp-content\/uploads\/2026\/01\/zastava-Izrael.jpeg","datePublished":"2025-09-21T14:45:00+00:00","author":{"@id":"https:\/\/dmcsrb.com\/#\/schema\/person\/5c39170f12db1b8b457732d0b5c854e2"},"breadcrumb":{"@id":"https:\/\/dmcsrb.com\/svijet\/izrael-odgovorio-na-priznanje-palestine-najavljena-aneksija\/#breadcrumb"},"inLanguage":"en-GB","potentialAction":[{"@type":"ReadAction","target":["https:\/\/dmcsrb.com\/svijet\/izrael-odgovorio-na-priznanje-palestine-najavljena-aneksija\/"]}]},{"@type":"ImageObject","inLanguage":"en-GB","@id":"https:\/\/dmcsrb.com\/svijet\/izrael-odgovorio-na-priznanje-palestine-najavljena-aneksija\/#primaryimage","url":"https:\/\/dmcsrb.com\/wp-content\/uploads\/2026\/01\/zastava-Izrael.jpeg","contentUrl":"https:\/\/dmcsrb.com\/wp-content\/uploads\/2026\/01\/zastava-Izrael.jpeg","width":1280,"height":853},{"@type":"BreadcrumbList","@id":"https:\/\/dmcsrb.com\/svijet\/izrael-odgovorio-na-priznanje-palestine-najavljena-aneksija\/#breadcrumb","itemListElement":[{"@type":"ListItem","position":1,"name":"Home","item":"https:\/\/dmcsrb.com\/"},{"@type":"ListItem","position":2,"name":"Izrael odgovorio na priznanje Palestine: Najavljena aneksija"}]},{"@type":"WebSite","@id":"https:\/\/dmcsrb.com\/#website","url":"https:\/\/dmcsrb.com\/","name":"dmcsrb.com","description":"","potentialAction":[{"@type":"SearchAction","target":{"@type":"EntryPoint","urlTemplate":"https:\/\/dmcsrb.com\/?s={search_term_string}"},"query-input":{"@type":"PropertyValueSpecification","valueRequired":true,"valueName":"search_term_string"}}],"inLanguage":"en-GB"},{"@type":"Person","@id":"https:\/\/dmcsrb.com\/#\/schema\/person\/5c39170f12db1b8b457732d0b5c854e2","name":"dmcsrbija.com@gmail.com","image":{"@type":"ImageObject","inLanguage":"en-GB","@id":"https:\/\/dmcsrb.com\/#\/schema\/person\/image\/","url":"https:\/\/secure.gravatar.com\/avatar\/68592660ad6347fad0fb587f8d5d8f1a7b44961362f56e4f2cd524feb87e9069?s=96&d=mm&r=g","contentUrl":"https:\/\/secure.gravatar.com\/avatar\/68592660ad6347fad0fb587f8d5d8f1a7b44961362f56e4f2cd524feb87e9069?s=96&d=mm&r=g","caption":"dmcsrbija.com@gmail.com"},"sameAs":["https:\/\/dmcsrb.com"],"url":"https:\/\/dmcsrb.com\/en\/author\/dmcsrbija-comgmail-com\/"}]}},"_links":{"self":[{"href":"https:\/\/dmcsrb.com\/en\/wp-json\/wp\/v2\/posts\/953274","targetHints":{"allow":["GET"]}}],"collection":[{"href":"https:\/\/dmcsrb.com\/en\/wp-json\/wp\/v2\/posts"}],"about":[{"href":"https:\/\/dmcsrb.com\/en\/wp-json\/wp\/v2\/types\/post"}],"author":[{"embeddable":true,"href":"https:\/\/dmcsrb.com\/en\/wp-json\/wp\/v2\/users\/1"}],"replies":[{"embeddable":true,"href":"https:\/\/dmcsrb.com\/en\/wp-json\/wp\/v2\/comments?post=953274"}],"version-history":[{"count":0,"href":"https:\/\/dmcsrb.com\/en\/wp-json\/wp\/v2\/posts\/953274\/revisions"}],"wp:featuredmedia":[{"embeddable":true,"href":"https:\/\/dmcsrb.com\/en\/wp-json\/wp\/v2\/media\/910441"}],"wp:attachment":[{"href":"https:\/\/dmcsrb.com\/en\/wp-json\/wp\/v2\/media?parent=953274"}],"wp:term":[{"taxonomy":"category","embeddable":true,"href":"https:\/\/dmcsrb.com\/en\/wp-json\/wp\/v2\/categories?post=953274"},{"taxonomy":"post_tag","embeddable":true,"href":"https:\/\/dmcsrb.com\/en\/wp-json\/wp\/v2\/tags?post=953274"},{"taxonomy":"naslovna","embeddable":true,"href":"https:\/\/dmcsrb.com\/en\/wp-json\/wp\/v2\/naslovna?post=953274"}],"curies":[{"name":"wp","href":"https:\/\/api.w.org\/{rel}","templated":true}]}}