{"id":953273,"date":"2025-09-21T16:32:00","date_gmt":"2025-09-21T14:32:00","guid":{"rendered":"https:\/\/dmcsrb.com\/uncategorized\/ura-crna-gora-nema-veceg-i-iskrenijeg-prijatelja-od-vajsa-knezevic-prosjecno-po-prijetnji-dobije-jednu-fotelju\/"},"modified":"2025-09-21T16:32:00","modified_gmt":"2025-09-21T14:32:00","slug":"ura-crna-gora-nema-veceg-i-iskrenijeg-prijatelja-od-vajsa-knezevic-prosjecno-po-prijetnji-dobije-jednu-fotelju","status":"publish","type":"post","link":"https:\/\/dmcsrb.com\/en\/politika\/ura-crna-gora-nema-veceg-i-iskrenijeg-prijatelja-od-vajsa-knezevic-prosjecno-po-prijetnji-dobije-jednu-fotelju\/","title":{"rendered":"URA: Crna Gora nema ve\u0107eg i iskrenijeg prijatelja od Vajsa, Kne\u017eevi\u0107 prosje\u010dno po prijetnji dobije jednu fotelju"},"content":{"rendered":"<p><\/p>\n\n\n\n<p><\/p>\n\n\n\n<p>URA je reagovala na Kne\u017eevi\u0107eve optu\u017ebe upu\u0107ene Tomasu Vajsu, predsjedavaju\u0107em Parlamentarnog odbora EU i Crne Gore za stabilizaciju i pridru\u017eivanje (POSP), ina\u010de visokom funkcioneru Evropske zelene partije.<\/p>\n\n\n\n<p>\u201cCrna Gora nema ve\u0107eg i iskrenijeg prijatelja, od Tomasa Vajsa. \u010covjeka koji se godinama bori, sa izuzetno zna\u010dajnih evropskih pozicija, za o\u010duvanje prirode u Crnoj Gori \u2013 od Gorice, do brojnih rijeka i jezera, \u0161uma i vazduha. \u010covjeka koji je takve stavove sna\u017eno branio na visokom nivou unutar evropskih institucija, onda kada su DPS-ove Vlade aktivno radile na izgradnji hidro-elektrana ili devastaciji prirode, a da nikada od svega toga nije imao bilo kakve li\u010dne koristi. Takvog \u010dovjeka, kao i sve druge u svom okru\u017eenju, jedan Milan Kne\u017eevi\u0107 provla\u010di kroz svoje prizemne uratke, \u010dime ne poma\u017ee ni sebi, ni svom \u0161efu u Beogradu, a najmanje Crnoj Gori\u201d, ukazali su u Gra\u0111anskom pokretu URA.<\/p>\n\n\n\n<p>URA podsje\u0107a koliko je puta Kne\u017eevi\u0107 prijetio izlaskom iz vlasti, bilo na lokalnom ili dr\u017eavnom nivou, ali da uvijek na kraju dobije \u201cjo\u0161 jednu fotelju ili jo\u0161 jedan upravni odbor, pa zaboravi na Sv. Vasilija Ostro\u0161kog u koga se zaklinjao i na sve te\u0161ke rije\u010di koje je govorio\u201d, zaklju\u010dili su iz Gra\u0111anskog pokreta URA.<\/p>","protected":false},"excerpt":{"rendered":"<p>Umjesto \u0161to na najprizemniji na\u010din, sa pozicije vlasti, napada zvani\u010dne evropske predstavnike, Milan Kne\u017eevi\u0107 bi kona\u010dno trebao da prelomi \u2013 je li ili nije vlast. Jer izigravanje uvijek nezadovoljnog Kalimera koji prijeti, bljuje vatru i svakog provla\u010di kroz sopstveno blato, dok njegovi ministri svojim odijelima uredno glancaju fotelje vlasti, ne izgleda logi\u010dno ni djeci uzrasta 3+, koja znaju da crveni krug upada kroz crveni obru\u010d, ali i da za svaku odluku treba bar malo hrabrosti, kazali su iz Gra\u0111anskog pokreta URA.<\/p>","protected":false},"author":1,"featured_media":914277,"comment_status":"open","ping_status":"open","sticky":false,"template":"","format":"standard","meta":{"_acf_changed":false,"footnotes":""},"categories":[12],"tags":[273,8707,152],"naslovna":[],"class_list":["post-953273","post","type-post","status-publish","format-standard","has-post-thumbnail","hentry","category-politika","tag-milan-knezevic","tag-tomas-vajs","tag-ura"],"acf":[],"yoast_head":"<!-- This site is optimized with the Yoast SEO plugin v27.4 - https:\/\/yoast.com\/product\/yoast-seo-wordpress\/ -->\n<title>URA: Crna Gora nema ve\u0107eg i iskrenijeg prijatelja od Vajsa, Kne\u017eevi\u0107 prosje\u010dno po prijetnji dobije jednu fotelju - dmcsrb.com<\/title>\n<meta name=\"robots\" content=\"index, follow, max-snippet:-1, max-image-preview:large, max-video-preview:-1\" \/>\n<link rel=\"canonical\" href=\"https:\/\/dmcsrb.com\/en\/politika\/ura-crna-gora-nema-veceg-i-iskrenijeg-prijatelja-od-vajsa-knezevic-prosjecno-po-prijetnji-dobije-jednu-fotelju\/\" \/>\n<meta property=\"og:locale\" content=\"en_GB\" \/>\n<meta property=\"og:type\" content=\"article\" \/>\n<meta property=\"og:title\" content=\"URA: Crna Gora nema ve\u0107eg i iskrenijeg prijatelja od Vajsa, Kne\u017eevi\u0107 prosje\u010dno po prijetnji dobije jednu fotelju - dmcsrb.com\" \/>\n<meta property=\"og:description\" content=\"Umjesto \u0161to na najprizemniji na\u010din, sa pozicije vlasti, napada zvani\u010dne evropske predstavnike, Milan Kne\u017eevi\u0107 bi kona\u010dno trebao da prelomi \u2013 je li ili nije vlast. Jer izigravanje uvijek nezadovoljnog Kalimera koji prijeti, bljuje vatru i svakog provla\u010di kroz sopstveno blato, dok njegovi ministri svojim odijelima uredno glancaju fotelje vlasti, ne izgleda logi\u010dno ni djeci uzrasta 3+, koja znaju da crveni krug upada kroz crveni obru\u010d, ali i da za svaku odluku treba bar malo hrabrosti, kazali su iz Gra\u0111anskog pokreta URA.\" \/>\n<meta property=\"og:url\" content=\"https:\/\/dmcsrb.com\/en\/politika\/ura-crna-gora-nema-veceg-i-iskrenijeg-prijatelja-od-vajsa-knezevic-prosjecno-po-prijetnji-dobije-jednu-fotelju\/\" \/>\n<meta property=\"og:site_name\" content=\"dmcsrb.com\" \/>\n<meta property=\"article:published_time\" content=\"2025-09-21T14:32:00+00:00\" \/>\n<meta property=\"og:image\" content=\"https:\/\/dmcsrb.com\/wp-content\/uploads\/2026\/01\/515446370_1277753710378505_2972865093417455874_n-e1751610864683.jpg\" \/>\n\t<meta property=\"og:image:width\" content=\"1080\" \/>\n\t<meta property=\"og:image:height\" content=\"608\" \/>\n\t<meta property=\"og:image:type\" content=\"image\/jpeg\" \/>\n<meta name=\"author\" content=\"dmcsrbija.com@gmail.com\" \/>\n<meta name=\"twitter:card\" content=\"summary_large_image\" \/>\n<meta name=\"twitter:label1\" content=\"Written by\" \/>\n\t<meta name=\"twitter:data1\" content=\"dmcsrbija.com@gmail.com\" \/>\n\t<meta name=\"twitter:label2\" content=\"Estimated reading time\" \/>\n\t<meta name=\"twitter:data2\" content=\"1 minute\" \/>\n<script type=\"application\/ld+json\" class=\"yoast-schema-graph\">{\"@context\":\"https:\\\/\\\/schema.org\",\"@graph\":[{\"@type\":\"Article\",\"@id\":\"https:\\\/\\\/dmcsrb.com\\\/politika\\\/ura-crna-gora-nema-veceg-i-iskrenijeg-prijatelja-od-vajsa-knezevic-prosjecno-po-prijetnji-dobije-jednu-fotelju\\\/#article\",\"isPartOf\":{\"@id\":\"https:\\\/\\\/dmcsrb.com\\\/politika\\\/ura-crna-gora-nema-veceg-i-iskrenijeg-prijatelja-od-vajsa-knezevic-prosjecno-po-prijetnji-dobije-jednu-fotelju\\\/\"},\"author\":{\"name\":\"dmcsrbija.com@gmail.com\",\"@id\":\"https:\\\/\\\/dmcsrb.com\\\/#\\\/schema\\\/person\\\/5c39170f12db1b8b457732d0b5c854e2\"},\"headline\":\"URA: Crna Gora nema ve\u0107eg i iskrenijeg prijatelja od Vajsa, Kne\u017eevi\u0107 prosje\u010dno po prijetnji dobije jednu fotelju\",\"datePublished\":\"2025-09-21T14:32:00+00:00\",\"mainEntityOfPage\":{\"@id\":\"https:\\\/\\\/dmcsrb.com\\\/politika\\\/ura-crna-gora-nema-veceg-i-iskrenijeg-prijatelja-od-vajsa-knezevic-prosjecno-po-prijetnji-dobije-jednu-fotelju\\\/\"},\"wordCount\":237,\"commentCount\":0,\"image\":{\"@id\":\"https:\\\/\\\/dmcsrb.com\\\/politika\\\/ura-crna-gora-nema-veceg-i-iskrenijeg-prijatelja-od-vajsa-knezevic-prosjecno-po-prijetnji-dobije-jednu-fotelju\\\/#primaryimage\"},\"thumbnailUrl\":\"https:\\\/\\\/dmcsrb.com\\\/wp-content\\\/uploads\\\/2026\\\/01\\\/515446370_1277753710378505_2972865093417455874_n-e1751610864683.jpg\",\"keywords\":[\"milan kne\u017eevi\u0107\",\"Tomas Vajs\",\"URA\"],\"articleSection\":[\"Politika\"],\"inLanguage\":\"en-GB\",\"potentialAction\":[{\"@type\":\"CommentAction\",\"name\":\"Comment\",\"target\":[\"https:\\\/\\\/dmcsrb.com\\\/politika\\\/ura-crna-gora-nema-veceg-i-iskrenijeg-prijatelja-od-vajsa-knezevic-prosjecno-po-prijetnji-dobije-jednu-fotelju\\\/#respond\"]}]},{\"@type\":\"WebPage\",\"@id\":\"https:\\\/\\\/dmcsrb.com\\\/politika\\\/ura-crna-gora-nema-veceg-i-iskrenijeg-prijatelja-od-vajsa-knezevic-prosjecno-po-prijetnji-dobije-jednu-fotelju\\\/\",\"url\":\"https:\\\/\\\/dmcsrb.com\\\/politika\\\/ura-crna-gora-nema-veceg-i-iskrenijeg-prijatelja-od-vajsa-knezevic-prosjecno-po-prijetnji-dobije-jednu-fotelju\\\/\",\"name\":\"URA: Crna Gora nema ve\u0107eg i iskrenijeg prijatelja od Vajsa, Kne\u017eevi\u0107 prosje\u010dno po prijetnji dobije jednu fotelju - dmcsrb.com\",\"isPartOf\":{\"@id\":\"https:\\\/\\\/dmcsrb.com\\\/#website\"},\"primaryImageOfPage\":{\"@id\":\"https:\\\/\\\/dmcsrb.com\\\/politika\\\/ura-crna-gora-nema-veceg-i-iskrenijeg-prijatelja-od-vajsa-knezevic-prosjecno-po-prijetnji-dobije-jednu-fotelju\\\/#primaryimage\"},\"image\":{\"@id\":\"https:\\\/\\\/dmcsrb.com\\\/politika\\\/ura-crna-gora-nema-veceg-i-iskrenijeg-prijatelja-od-vajsa-knezevic-prosjecno-po-prijetnji-dobije-jednu-fotelju\\\/#primaryimage\"},\"thumbnailUrl\":\"https:\\\/\\\/dmcsrb.com\\\/wp-content\\\/uploads\\\/2026\\\/01\\\/515446370_1277753710378505_2972865093417455874_n-e1751610864683.jpg\",\"datePublished\":\"2025-09-21T14:32:00+00:00\",\"author\":{\"@id\":\"https:\\\/\\\/dmcsrb.com\\\/#\\\/schema\\\/person\\\/5c39170f12db1b8b457732d0b5c854e2\"},\"breadcrumb\":{\"@id\":\"https:\\\/\\\/dmcsrb.com\\\/politika\\\/ura-crna-gora-nema-veceg-i-iskrenijeg-prijatelja-od-vajsa-knezevic-prosjecno-po-prijetnji-dobije-jednu-fotelju\\\/#breadcrumb\"},\"inLanguage\":\"en-GB\",\"potentialAction\":[{\"@type\":\"ReadAction\",\"target\":[\"https:\\\/\\\/dmcsrb.com\\\/politika\\\/ura-crna-gora-nema-veceg-i-iskrenijeg-prijatelja-od-vajsa-knezevic-prosjecno-po-prijetnji-dobije-jednu-fotelju\\\/\"]}]},{\"@type\":\"ImageObject\",\"inLanguage\":\"en-GB\",\"@id\":\"https:\\\/\\\/dmcsrb.com\\\/politika\\\/ura-crna-gora-nema-veceg-i-iskrenijeg-prijatelja-od-vajsa-knezevic-prosjecno-po-prijetnji-dobije-jednu-fotelju\\\/#primaryimage\",\"url\":\"https:\\\/\\\/dmcsrb.com\\\/wp-content\\\/uploads\\\/2026\\\/01\\\/515446370_1277753710378505_2972865093417455874_n-e1751610864683.jpg\",\"contentUrl\":\"https:\\\/\\\/dmcsrb.com\\\/wp-content\\\/uploads\\\/2026\\\/01\\\/515446370_1277753710378505_2972865093417455874_n-e1751610864683.jpg\",\"width\":1080,\"height\":608},{\"@type\":\"BreadcrumbList\",\"@id\":\"https:\\\/\\\/dmcsrb.com\\\/politika\\\/ura-crna-gora-nema-veceg-i-iskrenijeg-prijatelja-od-vajsa-knezevic-prosjecno-po-prijetnji-dobije-jednu-fotelju\\\/#breadcrumb\",\"itemListElement\":[{\"@type\":\"ListItem\",\"position\":1,\"name\":\"Home\",\"item\":\"https:\\\/\\\/dmcsrb.com\\\/\"},{\"@type\":\"ListItem\",\"position\":2,\"name\":\"URA: Crna Gora nema ve\u0107eg i iskrenijeg prijatelja od Vajsa, Kne\u017eevi\u0107 prosje\u010dno po prijetnji dobije jednu fotelju\"}]},{\"@type\":\"WebSite\",\"@id\":\"https:\\\/\\\/dmcsrb.com\\\/#website\",\"url\":\"https:\\\/\\\/dmcsrb.com\\\/\",\"name\":\"dmcsrb.com\",\"description\":\"\",\"potentialAction\":[{\"@type\":\"SearchAction\",\"target\":{\"@type\":\"EntryPoint\",\"urlTemplate\":\"https:\\\/\\\/dmcsrb.com\\\/?s={search_term_string}\"},\"query-input\":{\"@type\":\"PropertyValueSpecification\",\"valueRequired\":true,\"valueName\":\"search_term_string\"}}],\"inLanguage\":\"en-GB\"},{\"@type\":\"Person\",\"@id\":\"https:\\\/\\\/dmcsrb.com\\\/#\\\/schema\\\/person\\\/5c39170f12db1b8b457732d0b5c854e2\",\"name\":\"dmcsrbija.com@gmail.com\",\"image\":{\"@type\":\"ImageObject\",\"inLanguage\":\"en-GB\",\"@id\":\"https:\\\/\\\/secure.gravatar.com\\\/avatar\\\/68592660ad6347fad0fb587f8d5d8f1a7b44961362f56e4f2cd524feb87e9069?s=96&d=mm&r=g\",\"url\":\"https:\\\/\\\/secure.gravatar.com\\\/avatar\\\/68592660ad6347fad0fb587f8d5d8f1a7b44961362f56e4f2cd524feb87e9069?s=96&d=mm&r=g\",\"contentUrl\":\"https:\\\/\\\/secure.gravatar.com\\\/avatar\\\/68592660ad6347fad0fb587f8d5d8f1a7b44961362f56e4f2cd524feb87e9069?s=96&d=mm&r=g\",\"caption\":\"dmcsrbija.com@gmail.com\"},\"sameAs\":[\"https:\\\/\\\/dmcsrb.com\"],\"url\":\"https:\\\/\\\/dmcsrb.com\\\/en\\\/author\\\/dmcsrbija-comgmail-com\\\/\"}]}<\/script>\n<!-- \/ Yoast SEO plugin. -->","yoast_head_json":{"title":"URA: Crna Gora nema ve\u0107eg i iskrenijeg prijatelja od Vajsa, Kne\u017eevi\u0107 prosje\u010dno po prijetnji dobije jednu fotelju - dmcsrb.com","robots":{"index":"index","follow":"follow","max-snippet":"max-snippet:-1","max-image-preview":"max-image-preview:large","max-video-preview":"max-video-preview:-1"},"canonical":"https:\/\/dmcsrb.com\/en\/politika\/ura-crna-gora-nema-veceg-i-iskrenijeg-prijatelja-od-vajsa-knezevic-prosjecno-po-prijetnji-dobije-jednu-fotelju\/","og_locale":"en_GB","og_type":"article","og_title":"URA: Crna Gora nema ve\u0107eg i iskrenijeg prijatelja od Vajsa, Kne\u017eevi\u0107 prosje\u010dno po prijetnji dobije jednu fotelju - dmcsrb.com","og_description":"Umjesto \u0161to na najprizemniji na\u010din, sa pozicije vlasti, napada zvani\u010dne evropske predstavnike, Milan Kne\u017eevi\u0107 bi kona\u010dno trebao da prelomi \u2013 je li ili nije vlast. Jer izigravanje uvijek nezadovoljnog Kalimera koji prijeti, bljuje vatru i svakog provla\u010di kroz sopstveno blato, dok njegovi ministri svojim odijelima uredno glancaju fotelje vlasti, ne izgleda logi\u010dno ni djeci uzrasta 3+, koja znaju da crveni krug upada kroz crveni obru\u010d, ali i da za svaku odluku treba bar malo hrabrosti, kazali su iz Gra\u0111anskog pokreta URA.","og_url":"https:\/\/dmcsrb.com\/en\/politika\/ura-crna-gora-nema-veceg-i-iskrenijeg-prijatelja-od-vajsa-knezevic-prosjecno-po-prijetnji-dobije-jednu-fotelju\/","og_site_name":"dmcsrb.com","article_published_time":"2025-09-21T14:32:00+00:00","og_image":[{"width":1080,"height":608,"url":"https:\/\/dmcsrb.com\/wp-content\/uploads\/2026\/01\/515446370_1277753710378505_2972865093417455874_n-e1751610864683.jpg","type":"image\/jpeg"}],"author":"dmcsrbija.com@gmail.com","twitter_card":"summary_large_image","twitter_misc":{"Written by":"dmcsrbija.com@gmail.com","Estimated reading time":"1 minute"},"schema":{"@context":"https:\/\/schema.org","@graph":[{"@type":"Article","@id":"https:\/\/dmcsrb.com\/politika\/ura-crna-gora-nema-veceg-i-iskrenijeg-prijatelja-od-vajsa-knezevic-prosjecno-po-prijetnji-dobije-jednu-fotelju\/#article","isPartOf":{"@id":"https:\/\/dmcsrb.com\/politika\/ura-crna-gora-nema-veceg-i-iskrenijeg-prijatelja-od-vajsa-knezevic-prosjecno-po-prijetnji-dobije-jednu-fotelju\/"},"author":{"name":"dmcsrbija.com@gmail.com","@id":"https:\/\/dmcsrb.com\/#\/schema\/person\/5c39170f12db1b8b457732d0b5c854e2"},"headline":"URA: Crna Gora nema ve\u0107eg i iskrenijeg prijatelja od Vajsa, Kne\u017eevi\u0107 prosje\u010dno po prijetnji dobije jednu fotelju","datePublished":"2025-09-21T14:32:00+00:00","mainEntityOfPage":{"@id":"https:\/\/dmcsrb.com\/politika\/ura-crna-gora-nema-veceg-i-iskrenijeg-prijatelja-od-vajsa-knezevic-prosjecno-po-prijetnji-dobije-jednu-fotelju\/"},"wordCount":237,"commentCount":0,"image":{"@id":"https:\/\/dmcsrb.com\/politika\/ura-crna-gora-nema-veceg-i-iskrenijeg-prijatelja-od-vajsa-knezevic-prosjecno-po-prijetnji-dobije-jednu-fotelju\/#primaryimage"},"thumbnailUrl":"https:\/\/dmcsrb.com\/wp-content\/uploads\/2026\/01\/515446370_1277753710378505_2972865093417455874_n-e1751610864683.jpg","keywords":["milan kne\u017eevi\u0107","Tomas Vajs","URA"],"articleSection":["Politika"],"inLanguage":"en-GB","potentialAction":[{"@type":"CommentAction","name":"Comment","target":["https:\/\/dmcsrb.com\/politika\/ura-crna-gora-nema-veceg-i-iskrenijeg-prijatelja-od-vajsa-knezevic-prosjecno-po-prijetnji-dobije-jednu-fotelju\/#respond"]}]},{"@type":"WebPage","@id":"https:\/\/dmcsrb.com\/politika\/ura-crna-gora-nema-veceg-i-iskrenijeg-prijatelja-od-vajsa-knezevic-prosjecno-po-prijetnji-dobije-jednu-fotelju\/","url":"https:\/\/dmcsrb.com\/politika\/ura-crna-gora-nema-veceg-i-iskrenijeg-prijatelja-od-vajsa-knezevic-prosjecno-po-prijetnji-dobije-jednu-fotelju\/","name":"URA: Crna Gora nema ve\u0107eg i iskrenijeg prijatelja od Vajsa, Kne\u017eevi\u0107 prosje\u010dno po prijetnji dobije jednu fotelju - dmcsrb.com","isPartOf":{"@id":"https:\/\/dmcsrb.com\/#website"},"primaryImageOfPage":{"@id":"https:\/\/dmcsrb.com\/politika\/ura-crna-gora-nema-veceg-i-iskrenijeg-prijatelja-od-vajsa-knezevic-prosjecno-po-prijetnji-dobije-jednu-fotelju\/#primaryimage"},"image":{"@id":"https:\/\/dmcsrb.com\/politika\/ura-crna-gora-nema-veceg-i-iskrenijeg-prijatelja-od-vajsa-knezevic-prosjecno-po-prijetnji-dobije-jednu-fotelju\/#primaryimage"},"thumbnailUrl":"https:\/\/dmcsrb.com\/wp-content\/uploads\/2026\/01\/515446370_1277753710378505_2972865093417455874_n-e1751610864683.jpg","datePublished":"2025-09-21T14:32:00+00:00","author":{"@id":"https:\/\/dmcsrb.com\/#\/schema\/person\/5c39170f12db1b8b457732d0b5c854e2"},"breadcrumb":{"@id":"https:\/\/dmcsrb.com\/politika\/ura-crna-gora-nema-veceg-i-iskrenijeg-prijatelja-od-vajsa-knezevic-prosjecno-po-prijetnji-dobije-jednu-fotelju\/#breadcrumb"},"inLanguage":"en-GB","potentialAction":[{"@type":"ReadAction","target":["https:\/\/dmcsrb.com\/politika\/ura-crna-gora-nema-veceg-i-iskrenijeg-prijatelja-od-vajsa-knezevic-prosjecno-po-prijetnji-dobije-jednu-fotelju\/"]}]},{"@type":"ImageObject","inLanguage":"en-GB","@id":"https:\/\/dmcsrb.com\/politika\/ura-crna-gora-nema-veceg-i-iskrenijeg-prijatelja-od-vajsa-knezevic-prosjecno-po-prijetnji-dobije-jednu-fotelju\/#primaryimage","url":"https:\/\/dmcsrb.com\/wp-content\/uploads\/2026\/01\/515446370_1277753710378505_2972865093417455874_n-e1751610864683.jpg","contentUrl":"https:\/\/dmcsrb.com\/wp-content\/uploads\/2026\/01\/515446370_1277753710378505_2972865093417455874_n-e1751610864683.jpg","width":1080,"height":608},{"@type":"BreadcrumbList","@id":"https:\/\/dmcsrb.com\/politika\/ura-crna-gora-nema-veceg-i-iskrenijeg-prijatelja-od-vajsa-knezevic-prosjecno-po-prijetnji-dobije-jednu-fotelju\/#breadcrumb","itemListElement":[{"@type":"ListItem","position":1,"name":"Home","item":"https:\/\/dmcsrb.com\/"},{"@type":"ListItem","position":2,"name":"URA: Crna Gora nema ve\u0107eg i iskrenijeg prijatelja od Vajsa, Kne\u017eevi\u0107 prosje\u010dno po prijetnji dobije jednu fotelju"}]},{"@type":"WebSite","@id":"https:\/\/dmcsrb.com\/#website","url":"https:\/\/dmcsrb.com\/","name":"dmcsrb.com","description":"","potentialAction":[{"@type":"SearchAction","target":{"@type":"EntryPoint","urlTemplate":"https:\/\/dmcsrb.com\/?s={search_term_string}"},"query-input":{"@type":"PropertyValueSpecification","valueRequired":true,"valueName":"search_term_string"}}],"inLanguage":"en-GB"},{"@type":"Person","@id":"https:\/\/dmcsrb.com\/#\/schema\/person\/5c39170f12db1b8b457732d0b5c854e2","name":"dmcsrbija.com@gmail.com","image":{"@type":"ImageObject","inLanguage":"en-GB","@id":"https:\/\/secure.gravatar.com\/avatar\/68592660ad6347fad0fb587f8d5d8f1a7b44961362f56e4f2cd524feb87e9069?s=96&d=mm&r=g","url":"https:\/\/secure.gravatar.com\/avatar\/68592660ad6347fad0fb587f8d5d8f1a7b44961362f56e4f2cd524feb87e9069?s=96&d=mm&r=g","contentUrl":"https:\/\/secure.gravatar.com\/avatar\/68592660ad6347fad0fb587f8d5d8f1a7b44961362f56e4f2cd524feb87e9069?s=96&d=mm&r=g","caption":"dmcsrbija.com@gmail.com"},"sameAs":["https:\/\/dmcsrb.com"],"url":"https:\/\/dmcsrb.com\/en\/author\/dmcsrbija-comgmail-com\/"}]}},"_links":{"self":[{"href":"https:\/\/dmcsrb.com\/en\/wp-json\/wp\/v2\/posts\/953273","targetHints":{"allow":["GET"]}}],"collection":[{"href":"https:\/\/dmcsrb.com\/en\/wp-json\/wp\/v2\/posts"}],"about":[{"href":"https:\/\/dmcsrb.com\/en\/wp-json\/wp\/v2\/types\/post"}],"author":[{"embeddable":true,"href":"https:\/\/dmcsrb.com\/en\/wp-json\/wp\/v2\/users\/1"}],"replies":[{"embeddable":true,"href":"https:\/\/dmcsrb.com\/en\/wp-json\/wp\/v2\/comments?post=953273"}],"version-history":[{"count":0,"href":"https:\/\/dmcsrb.com\/en\/wp-json\/wp\/v2\/posts\/953273\/revisions"}],"wp:featuredmedia":[{"embeddable":true,"href":"https:\/\/dmcsrb.com\/en\/wp-json\/wp\/v2\/media\/914277"}],"wp:attachment":[{"href":"https:\/\/dmcsrb.com\/en\/wp-json\/wp\/v2\/media?parent=953273"}],"wp:term":[{"taxonomy":"category","embeddable":true,"href":"https:\/\/dmcsrb.com\/en\/wp-json\/wp\/v2\/categories?post=953273"},{"taxonomy":"post_tag","embeddable":true,"href":"https:\/\/dmcsrb.com\/en\/wp-json\/wp\/v2\/tags?post=953273"},{"taxonomy":"naslovna","embeddable":true,"href":"https:\/\/dmcsrb.com\/en\/wp-json\/wp\/v2\/naslovna?post=953273"}],"curies":[{"name":"wp","href":"https:\/\/api.w.org\/{rel}","templated":true}]}}