{"id":953260,"date":"2025-09-21T15:08:00","date_gmt":"2025-09-21T13:08:00","guid":{"rendered":"https:\/\/dmcsrb.com\/uncategorized\/ujedinjeno-kraljevstvo-australija-i-kanada-zvanicno-priznale-drzavu-palestinu\/"},"modified":"2025-09-21T15:08:00","modified_gmt":"2025-09-21T13:08:00","slug":"ujedinjeno-kraljevstvo-australija-i-kanada-zvanicno-priznale-drzavu-palestinu","status":"publish","type":"post","link":"https:\/\/dmcsrb.com\/en\/svijet\/ujedinjeno-kraljevstvo-australija-i-kanada-zvanicno-priznale-drzavu-palestinu\/","title":{"rendered":"Ujedinjeno Kraljevstvo, Australija i Kanada zvani\u010dno priznale dr\u017eavu Palestinu"},"content":{"rendered":"<p><\/p>\n\n\n\n<p><\/p>\n\n\n\n<p>Premijer Kir Starmer je objavio da Ujedinjeno Kraljevstvo priznaje dr\u017eavu Palestinu, pi\u0161e BBC.<\/p>\n\n\n\n<p>\u201eDanas, kako bismo o\u017eivjeli nadu u mir za Palestince i Izraelce, i rje\u0161enje u vidu dvije dr\u017eave, Ujedinjeno Kraljevstvo zvani\u010dno priznaje Dr\u017eavu Palestinu\u201c, rekao je.<\/p>\n\n\n\n<p>Premijer Kanade Mark Karni izjavio je malo prije njega da \u201eKanada priznaje dr\u017eavu Palestinu\u201c.<\/p>\n\n\n\n<p>U saop\u0161tenju objavljenom na njegovom nalogu na mre\u017ei X, Karni je rekao:<\/p>\n\n\n\n<p>\u201eKanada priznaje Dr\u017eavu Palestinu i nudi na\u0161e partnerstvo u izgradnji obe\u0107anja o mirnoj budu\u0107nosti za i Dr\u017eavu Palestinu i Dr\u017eavu Izrael.\u201c<\/p>\n\n\n\n<p>Australija je tako\u0111e upravo objavila svoje priznanje palestinske dr\u017eave, pridru\u017eiv\u0161i se Kanadi kao druga \u010dlanica G7 koja je to formalno u\u010dinila.<\/p>\n\n\n\n<p>I Kanada i Australija su ranije ove nedjelje najavile svoju namjeru da formalno priznaju palestinsku dr\u017eavu na Generalnoj skup\u0161tini UN u Njujorku.<\/p>\n\n\n\n<p>Australijski premijer Entoni Albaneze rekao je da su slijedili odluku Kanade.<\/p>\n\n\n\n<p>On je naveo da je to dio zajedni\u010dkog napora sa Kanadom i Velikom Britanijom i da \u0107e predstavljati \u201eme\u0111unarodni napor za rje\u0161enje u vidu dvije dr\u017eave\u201c.<\/p>\n\n\n\n<p><\/p>","protected":false},"excerpt":{"rendered":"<p>Ujedinjeno Kraljevstvo, Australija i Kanada zvani\u010dno su priznale Palestinu kao dr\u017eavu.<\/p>","protected":false},"author":1,"featured_media":916477,"comment_status":"open","ping_status":"open","sticky":false,"template":"","format":"standard","meta":{"_acf_changed":false,"footnotes":""},"categories":[144],"tags":[2239,1562,752,7943],"naslovna":[],"class_list":["post-953260","post","type-post","status-publish","format-standard","has-post-thumbnail","hentry","category-svijet","tag-australija","tag-kanada","tag-palestina","tag-vb"],"acf":[],"yoast_head":"<!-- This site is optimized with the Yoast SEO plugin v27.0 - https:\/\/yoast.com\/product\/yoast-seo-wordpress\/ -->\n<title>Ujedinjeno Kraljevstvo, Australija i Kanada zvani\u010dno priznale dr\u017eavu Palestinu - dmcsrb.com<\/title>\n<meta name=\"robots\" content=\"index, follow, max-snippet:-1, max-image-preview:large, max-video-preview:-1\" \/>\n<link rel=\"canonical\" href=\"https:\/\/dmcsrb.com\/en\/svijet\/ujedinjeno-kraljevstvo-australija-i-kanada-zvanicno-priznale-drzavu-palestinu\/\" \/>\n<meta property=\"og:locale\" content=\"en_GB\" \/>\n<meta property=\"og:type\" content=\"article\" \/>\n<meta property=\"og:title\" content=\"Ujedinjeno Kraljevstvo, Australija i Kanada zvani\u010dno priznale dr\u017eavu Palestinu - dmcsrb.com\" \/>\n<meta property=\"og:description\" content=\"Ujedinjeno Kraljevstvo, Australija i Kanada zvani\u010dno su priznale Palestinu kao dr\u017eavu.\" \/>\n<meta property=\"og:url\" content=\"https:\/\/dmcsrb.com\/en\/svijet\/ujedinjeno-kraljevstvo-australija-i-kanada-zvanicno-priznale-drzavu-palestinu\/\" \/>\n<meta property=\"og:site_name\" content=\"dmcsrb.com\" \/>\n<meta property=\"article:published_time\" content=\"2025-09-21T13:08:00+00:00\" \/>\n<meta property=\"og:image\" content=\"https:\/\/dmcsrb.com\/wp-content\/uploads\/2026\/01\/Palestina.jpg\" \/>\n\t<meta property=\"og:image:width\" content=\"930\" \/>\n\t<meta property=\"og:image:height\" content=\"525\" \/>\n\t<meta property=\"og:image:type\" content=\"image\/jpeg\" \/>\n<meta name=\"author\" content=\"dmcsrbija.com@gmail.com\" \/>\n<meta name=\"twitter:card\" content=\"summary_large_image\" \/>\n<meta name=\"twitter:label1\" content=\"Written by\" \/>\n\t<meta name=\"twitter:data1\" content=\"dmcsrbija.com@gmail.com\" \/>\n\t<meta name=\"twitter:label2\" content=\"Estimated reading time\" \/>\n\t<meta name=\"twitter:data2\" content=\"1 minute\" \/>\n<script type=\"application\/ld+json\" class=\"yoast-schema-graph\">{\"@context\":\"https:\/\/schema.org\",\"@graph\":[{\"@type\":\"Article\",\"@id\":\"https:\/\/dmcsrb.com\/svijet\/ujedinjeno-kraljevstvo-australija-i-kanada-zvanicno-priznale-drzavu-palestinu\/#article\",\"isPartOf\":{\"@id\":\"https:\/\/dmcsrb.com\/svijet\/ujedinjeno-kraljevstvo-australija-i-kanada-zvanicno-priznale-drzavu-palestinu\/\"},\"author\":{\"name\":\"dmcsrbija.com@gmail.com\",\"@id\":\"https:\/\/dmcsrb.com\/#\/schema\/person\/5c39170f12db1b8b457732d0b5c854e2\"},\"headline\":\"Ujedinjeno Kraljevstvo, Australija i Kanada zvani\u010dno priznale dr\u017eavu Palestinu\",\"datePublished\":\"2025-09-21T13:08:00+00:00\",\"mainEntityOfPage\":{\"@id\":\"https:\/\/dmcsrb.com\/svijet\/ujedinjeno-kraljevstvo-australija-i-kanada-zvanicno-priznale-drzavu-palestinu\/\"},\"wordCount\":203,\"commentCount\":0,\"image\":{\"@id\":\"https:\/\/dmcsrb.com\/svijet\/ujedinjeno-kraljevstvo-australija-i-kanada-zvanicno-priznale-drzavu-palestinu\/#primaryimage\"},\"thumbnailUrl\":\"https:\/\/dmcsrb.com\/wp-content\/uploads\/2026\/01\/Palestina.jpg\",\"keywords\":[\"Australija\",\"Kanada\",\"palestina\",\"VB\"],\"articleSection\":[\"Svijet\"],\"inLanguage\":\"en-GB\",\"potentialAction\":[{\"@type\":\"CommentAction\",\"name\":\"Comment\",\"target\":[\"https:\/\/dmcsrb.com\/svijet\/ujedinjeno-kraljevstvo-australija-i-kanada-zvanicno-priznale-drzavu-palestinu\/#respond\"]}]},{\"@type\":\"WebPage\",\"@id\":\"https:\/\/dmcsrb.com\/svijet\/ujedinjeno-kraljevstvo-australija-i-kanada-zvanicno-priznale-drzavu-palestinu\/\",\"url\":\"https:\/\/dmcsrb.com\/svijet\/ujedinjeno-kraljevstvo-australija-i-kanada-zvanicno-priznale-drzavu-palestinu\/\",\"name\":\"Ujedinjeno Kraljevstvo, Australija i Kanada zvani\u010dno priznale dr\u017eavu Palestinu - dmcsrb.com\",\"isPartOf\":{\"@id\":\"https:\/\/dmcsrb.com\/#website\"},\"primaryImageOfPage\":{\"@id\":\"https:\/\/dmcsrb.com\/svijet\/ujedinjeno-kraljevstvo-australija-i-kanada-zvanicno-priznale-drzavu-palestinu\/#primaryimage\"},\"image\":{\"@id\":\"https:\/\/dmcsrb.com\/svijet\/ujedinjeno-kraljevstvo-australija-i-kanada-zvanicno-priznale-drzavu-palestinu\/#primaryimage\"},\"thumbnailUrl\":\"https:\/\/dmcsrb.com\/wp-content\/uploads\/2026\/01\/Palestina.jpg\",\"datePublished\":\"2025-09-21T13:08:00+00:00\",\"author\":{\"@id\":\"https:\/\/dmcsrb.com\/#\/schema\/person\/5c39170f12db1b8b457732d0b5c854e2\"},\"breadcrumb\":{\"@id\":\"https:\/\/dmcsrb.com\/svijet\/ujedinjeno-kraljevstvo-australija-i-kanada-zvanicno-priznale-drzavu-palestinu\/#breadcrumb\"},\"inLanguage\":\"en-GB\",\"potentialAction\":[{\"@type\":\"ReadAction\",\"target\":[\"https:\/\/dmcsrb.com\/svijet\/ujedinjeno-kraljevstvo-australija-i-kanada-zvanicno-priznale-drzavu-palestinu\/\"]}]},{\"@type\":\"ImageObject\",\"inLanguage\":\"en-GB\",\"@id\":\"https:\/\/dmcsrb.com\/svijet\/ujedinjeno-kraljevstvo-australija-i-kanada-zvanicno-priznale-drzavu-palestinu\/#primaryimage\",\"url\":\"https:\/\/dmcsrb.com\/wp-content\/uploads\/2026\/01\/Palestina.jpg\",\"contentUrl\":\"https:\/\/dmcsrb.com\/wp-content\/uploads\/2026\/01\/Palestina.jpg\",\"width\":930,\"height\":525},{\"@type\":\"BreadcrumbList\",\"@id\":\"https:\/\/dmcsrb.com\/svijet\/ujedinjeno-kraljevstvo-australija-i-kanada-zvanicno-priznale-drzavu-palestinu\/#breadcrumb\",\"itemListElement\":[{\"@type\":\"ListItem\",\"position\":1,\"name\":\"Home\",\"item\":\"https:\/\/dmcsrb.com\/\"},{\"@type\":\"ListItem\",\"position\":2,\"name\":\"Ujedinjeno Kraljevstvo, Australija i Kanada zvani\u010dno priznale dr\u017eavu Palestinu\"}]},{\"@type\":\"WebSite\",\"@id\":\"https:\/\/dmcsrb.com\/#website\",\"url\":\"https:\/\/dmcsrb.com\/\",\"name\":\"dmcsrb.com\",\"description\":\"\",\"potentialAction\":[{\"@type\":\"SearchAction\",\"target\":{\"@type\":\"EntryPoint\",\"urlTemplate\":\"https:\/\/dmcsrb.com\/?s={search_term_string}\"},\"query-input\":{\"@type\":\"PropertyValueSpecification\",\"valueRequired\":true,\"valueName\":\"search_term_string\"}}],\"inLanguage\":\"en-GB\"},{\"@type\":\"Person\",\"@id\":\"https:\/\/dmcsrb.com\/#\/schema\/person\/5c39170f12db1b8b457732d0b5c854e2\",\"name\":\"dmcsrbija.com@gmail.com\",\"image\":{\"@type\":\"ImageObject\",\"inLanguage\":\"en-GB\",\"@id\":\"https:\/\/dmcsrb.com\/#\/schema\/person\/image\/\",\"url\":\"https:\/\/secure.gravatar.com\/avatar\/68592660ad6347fad0fb587f8d5d8f1a7b44961362f56e4f2cd524feb87e9069?s=96&d=mm&r=g\",\"contentUrl\":\"https:\/\/secure.gravatar.com\/avatar\/68592660ad6347fad0fb587f8d5d8f1a7b44961362f56e4f2cd524feb87e9069?s=96&d=mm&r=g\",\"caption\":\"dmcsrbija.com@gmail.com\"},\"sameAs\":[\"https:\/\/dmcsrb.com\"],\"url\":\"https:\/\/dmcsrb.com\/en\/author\/dmcsrbija-comgmail-com\/\"}]}<\/script>\n<!-- \/ Yoast SEO plugin. -->","yoast_head_json":{"title":"Ujedinjeno Kraljevstvo, Australija i Kanada zvani\u010dno priznale dr\u017eavu Palestinu - dmcsrb.com","robots":{"index":"index","follow":"follow","max-snippet":"max-snippet:-1","max-image-preview":"max-image-preview:large","max-video-preview":"max-video-preview:-1"},"canonical":"https:\/\/dmcsrb.com\/en\/svijet\/ujedinjeno-kraljevstvo-australija-i-kanada-zvanicno-priznale-drzavu-palestinu\/","og_locale":"en_GB","og_type":"article","og_title":"Ujedinjeno Kraljevstvo, Australija i Kanada zvani\u010dno priznale dr\u017eavu Palestinu - dmcsrb.com","og_description":"Ujedinjeno Kraljevstvo, Australija i Kanada zvani\u010dno su priznale Palestinu kao dr\u017eavu.","og_url":"https:\/\/dmcsrb.com\/en\/svijet\/ujedinjeno-kraljevstvo-australija-i-kanada-zvanicno-priznale-drzavu-palestinu\/","og_site_name":"dmcsrb.com","article_published_time":"2025-09-21T13:08:00+00:00","og_image":[{"width":930,"height":525,"url":"https:\/\/dmcsrb.com\/wp-content\/uploads\/2026\/01\/Palestina.jpg","type":"image\/jpeg"}],"author":"dmcsrbija.com@gmail.com","twitter_card":"summary_large_image","twitter_misc":{"Written by":"dmcsrbija.com@gmail.com","Estimated reading time":"1 minute"},"schema":{"@context":"https:\/\/schema.org","@graph":[{"@type":"Article","@id":"https:\/\/dmcsrb.com\/svijet\/ujedinjeno-kraljevstvo-australija-i-kanada-zvanicno-priznale-drzavu-palestinu\/#article","isPartOf":{"@id":"https:\/\/dmcsrb.com\/svijet\/ujedinjeno-kraljevstvo-australija-i-kanada-zvanicno-priznale-drzavu-palestinu\/"},"author":{"name":"dmcsrbija.com@gmail.com","@id":"https:\/\/dmcsrb.com\/#\/schema\/person\/5c39170f12db1b8b457732d0b5c854e2"},"headline":"Ujedinjeno Kraljevstvo, Australija i Kanada zvani\u010dno priznale dr\u017eavu Palestinu","datePublished":"2025-09-21T13:08:00+00:00","mainEntityOfPage":{"@id":"https:\/\/dmcsrb.com\/svijet\/ujedinjeno-kraljevstvo-australija-i-kanada-zvanicno-priznale-drzavu-palestinu\/"},"wordCount":203,"commentCount":0,"image":{"@id":"https:\/\/dmcsrb.com\/svijet\/ujedinjeno-kraljevstvo-australija-i-kanada-zvanicno-priznale-drzavu-palestinu\/#primaryimage"},"thumbnailUrl":"https:\/\/dmcsrb.com\/wp-content\/uploads\/2026\/01\/Palestina.jpg","keywords":["Australija","Kanada","palestina","VB"],"articleSection":["Svijet"],"inLanguage":"en-GB","potentialAction":[{"@type":"CommentAction","name":"Comment","target":["https:\/\/dmcsrb.com\/svijet\/ujedinjeno-kraljevstvo-australija-i-kanada-zvanicno-priznale-drzavu-palestinu\/#respond"]}]},{"@type":"WebPage","@id":"https:\/\/dmcsrb.com\/svijet\/ujedinjeno-kraljevstvo-australija-i-kanada-zvanicno-priznale-drzavu-palestinu\/","url":"https:\/\/dmcsrb.com\/svijet\/ujedinjeno-kraljevstvo-australija-i-kanada-zvanicno-priznale-drzavu-palestinu\/","name":"Ujedinjeno Kraljevstvo, Australija i Kanada zvani\u010dno priznale dr\u017eavu Palestinu - dmcsrb.com","isPartOf":{"@id":"https:\/\/dmcsrb.com\/#website"},"primaryImageOfPage":{"@id":"https:\/\/dmcsrb.com\/svijet\/ujedinjeno-kraljevstvo-australija-i-kanada-zvanicno-priznale-drzavu-palestinu\/#primaryimage"},"image":{"@id":"https:\/\/dmcsrb.com\/svijet\/ujedinjeno-kraljevstvo-australija-i-kanada-zvanicno-priznale-drzavu-palestinu\/#primaryimage"},"thumbnailUrl":"https:\/\/dmcsrb.com\/wp-content\/uploads\/2026\/01\/Palestina.jpg","datePublished":"2025-09-21T13:08:00+00:00","author":{"@id":"https:\/\/dmcsrb.com\/#\/schema\/person\/5c39170f12db1b8b457732d0b5c854e2"},"breadcrumb":{"@id":"https:\/\/dmcsrb.com\/svijet\/ujedinjeno-kraljevstvo-australija-i-kanada-zvanicno-priznale-drzavu-palestinu\/#breadcrumb"},"inLanguage":"en-GB","potentialAction":[{"@type":"ReadAction","target":["https:\/\/dmcsrb.com\/svijet\/ujedinjeno-kraljevstvo-australija-i-kanada-zvanicno-priznale-drzavu-palestinu\/"]}]},{"@type":"ImageObject","inLanguage":"en-GB","@id":"https:\/\/dmcsrb.com\/svijet\/ujedinjeno-kraljevstvo-australija-i-kanada-zvanicno-priznale-drzavu-palestinu\/#primaryimage","url":"https:\/\/dmcsrb.com\/wp-content\/uploads\/2026\/01\/Palestina.jpg","contentUrl":"https:\/\/dmcsrb.com\/wp-content\/uploads\/2026\/01\/Palestina.jpg","width":930,"height":525},{"@type":"BreadcrumbList","@id":"https:\/\/dmcsrb.com\/svijet\/ujedinjeno-kraljevstvo-australija-i-kanada-zvanicno-priznale-drzavu-palestinu\/#breadcrumb","itemListElement":[{"@type":"ListItem","position":1,"name":"Home","item":"https:\/\/dmcsrb.com\/"},{"@type":"ListItem","position":2,"name":"Ujedinjeno Kraljevstvo, Australija i Kanada zvani\u010dno priznale dr\u017eavu Palestinu"}]},{"@type":"WebSite","@id":"https:\/\/dmcsrb.com\/#website","url":"https:\/\/dmcsrb.com\/","name":"dmcsrb.com","description":"","potentialAction":[{"@type":"SearchAction","target":{"@type":"EntryPoint","urlTemplate":"https:\/\/dmcsrb.com\/?s={search_term_string}"},"query-input":{"@type":"PropertyValueSpecification","valueRequired":true,"valueName":"search_term_string"}}],"inLanguage":"en-GB"},{"@type":"Person","@id":"https:\/\/dmcsrb.com\/#\/schema\/person\/5c39170f12db1b8b457732d0b5c854e2","name":"dmcsrbija.com@gmail.com","image":{"@type":"ImageObject","inLanguage":"en-GB","@id":"https:\/\/dmcsrb.com\/#\/schema\/person\/image\/","url":"https:\/\/secure.gravatar.com\/avatar\/68592660ad6347fad0fb587f8d5d8f1a7b44961362f56e4f2cd524feb87e9069?s=96&d=mm&r=g","contentUrl":"https:\/\/secure.gravatar.com\/avatar\/68592660ad6347fad0fb587f8d5d8f1a7b44961362f56e4f2cd524feb87e9069?s=96&d=mm&r=g","caption":"dmcsrbija.com@gmail.com"},"sameAs":["https:\/\/dmcsrb.com"],"url":"https:\/\/dmcsrb.com\/en\/author\/dmcsrbija-comgmail-com\/"}]}},"_links":{"self":[{"href":"https:\/\/dmcsrb.com\/en\/wp-json\/wp\/v2\/posts\/953260","targetHints":{"allow":["GET"]}}],"collection":[{"href":"https:\/\/dmcsrb.com\/en\/wp-json\/wp\/v2\/posts"}],"about":[{"href":"https:\/\/dmcsrb.com\/en\/wp-json\/wp\/v2\/types\/post"}],"author":[{"embeddable":true,"href":"https:\/\/dmcsrb.com\/en\/wp-json\/wp\/v2\/users\/1"}],"replies":[{"embeddable":true,"href":"https:\/\/dmcsrb.com\/en\/wp-json\/wp\/v2\/comments?post=953260"}],"version-history":[{"count":0,"href":"https:\/\/dmcsrb.com\/en\/wp-json\/wp\/v2\/posts\/953260\/revisions"}],"wp:featuredmedia":[{"embeddable":true,"href":"https:\/\/dmcsrb.com\/en\/wp-json\/wp\/v2\/media\/916477"}],"wp:attachment":[{"href":"https:\/\/dmcsrb.com\/en\/wp-json\/wp\/v2\/media?parent=953260"}],"wp:term":[{"taxonomy":"category","embeddable":true,"href":"https:\/\/dmcsrb.com\/en\/wp-json\/wp\/v2\/categories?post=953260"},{"taxonomy":"post_tag","embeddable":true,"href":"https:\/\/dmcsrb.com\/en\/wp-json\/wp\/v2\/tags?post=953260"},{"taxonomy":"naslovna","embeddable":true,"href":"https:\/\/dmcsrb.com\/en\/wp-json\/wp\/v2\/naslovna?post=953260"}],"curies":[{"name":"wp","href":"https:\/\/api.w.org\/{rel}","templated":true}]}}