{"id":953259,"date":"2025-09-21T14:03:00","date_gmt":"2025-09-21T12:03:00","guid":{"rendered":"https:\/\/dmcsrb.com\/uncategorized\/stojovic-koristi-izvjesnog-pristupanja-crne-gore-evropskoj-uniji-neporecive\/"},"modified":"2025-09-21T14:03:00","modified_gmt":"2025-09-21T12:03:00","slug":"stojovic-koristi-izvjesnog-pristupanja-crne-gore-evropskoj-uniji-neporecive","status":"publish","type":"post","link":"https:\/\/dmcsrb.com\/en\/politika\/stojovic-koristi-izvjesnog-pristupanja-crne-gore-evropskoj-uniji-neporecive\/","title":{"rendered":"Stojovi\u0107: Koristi izvjesnog pristupanja Crne Gore Evropskoj uniji neporecive"},"content":{"rendered":"<p><\/p>\n\n\n\n<p>Za porodice i pojedince to zna\u010di: ni\u017ee kamatne stope na kredite, jeftinije proizvode u prodavnicama, stabilnije cijene, ve\u0107i izbor i fer tr\u017ei\u0161nu utakmicu bez monopola. Za privredu to zna\u010di pristup velikom evropskom tr\u017ei\u0161tu, lak\u0161i izvoz, nove investicije i otvaranje kvalitetnih radnih mjesta. Na raspolaganju \u0107e biti i milijarde iz evropskih fondova za razvoj infrastrukture, poljoprivrede, energetike i digitalizacije &#8211; navodi on.<\/p>\n\n\n\n<p><\/p>\n\n\n\n<p>Dodaje da danas gra\u0111ani i privreda Crne Gore pla\u0107aju vi\u0161e kamate i skuplje proizvode od stanovnika u EU dr\u017eavama.<\/p>\n\n\n\n<p>\u010clanstvom u Uniji izjedna\u010davamo uslove i obezbje\u0111ujemo bolji standard za sve. Evropska unija zna\u010di stabilnost, sigurnost i priliku za br\u017ei ekonomski razvoj. Zato je \u010dlanstvo u EU na\u0161 dru\u0161tveno-politi\u010dki prioritet i strate\u0161ki cilj jer vodi ka modernoj, prosperitetnoj i pravednoj Crnoj Gori &#8211; zaklju\u010duje on.<\/p>","protected":false},"excerpt":{"rendered":"<p>Izvjesno pristupanje Crne Gore Evropskoj uniji donosi neporecive direktne koristi koje \u0107e osjetiti gra\u0111ani i privreda, smatra Gordan Stojovi\u0107a, poslanik PES-a u Skup\u0161tini Crne Gore.<\/p>","protected":false},"author":1,"featured_media":909836,"comment_status":"open","ping_status":"open","sticky":false,"template":"","format":"standard","meta":{"_acf_changed":false,"footnotes":""},"categories":[12],"tags":[95,10,1049,8766],"naslovna":[],"class_list":["post-953259","post","type-post","status-publish","format-standard","has-post-thumbnail","hentry","category-politika","tag-crna-gora","tag-eu","tag-gordan-stojovic","tag-pristupanje"],"acf":[],"yoast_head":"<!-- This site is optimized with the Yoast SEO plugin v27.4 - https:\/\/yoast.com\/product\/yoast-seo-wordpress\/ -->\n<title>Stojovi\u0107: Koristi izvjesnog pristupanja Crne Gore Evropskoj uniji neporecive - dmcsrb.com<\/title>\n<meta name=\"robots\" content=\"index, follow, max-snippet:-1, max-image-preview:large, max-video-preview:-1\" \/>\n<link rel=\"canonical\" href=\"https:\/\/dmcsrb.com\/en\/politika\/stojovic-koristi-izvjesnog-pristupanja-crne-gore-evropskoj-uniji-neporecive\/\" \/>\n<meta property=\"og:locale\" content=\"en_GB\" \/>\n<meta property=\"og:type\" content=\"article\" \/>\n<meta property=\"og:title\" content=\"Stojovi\u0107: Koristi izvjesnog pristupanja Crne Gore Evropskoj uniji neporecive - dmcsrb.com\" \/>\n<meta property=\"og:description\" content=\"Izvjesno pristupanje Crne Gore Evropskoj uniji donosi neporecive direktne koristi koje \u0107e osjetiti gra\u0111ani i privreda, smatra Gordan Stojovi\u0107a, poslanik PES-a u Skup\u0161tini Crne Gore.\" \/>\n<meta property=\"og:url\" content=\"https:\/\/dmcsrb.com\/en\/politika\/stojovic-koristi-izvjesnog-pristupanja-crne-gore-evropskoj-uniji-neporecive\/\" \/>\n<meta property=\"og:site_name\" content=\"dmcsrb.com\" \/>\n<meta property=\"article:published_time\" content=\"2025-09-21T12:03:00+00:00\" \/>\n<meta property=\"og:image\" content=\"https:\/\/dmcsrb.com\/wp-content\/uploads\/2026\/01\/Gordan-Stojovic-foto-vlada-cg.jpg\" \/>\n\t<meta property=\"og:image:width\" content=\"1145\" \/>\n\t<meta property=\"og:image:height\" content=\"765\" \/>\n\t<meta property=\"og:image:type\" content=\"image\/jpeg\" \/>\n<meta name=\"author\" content=\"dmcsrbija.com@gmail.com\" \/>\n<meta name=\"twitter:card\" content=\"summary_large_image\" \/>\n<meta name=\"twitter:label1\" content=\"Written by\" \/>\n\t<meta name=\"twitter:data1\" content=\"dmcsrbija.com@gmail.com\" \/>\n\t<meta name=\"twitter:label2\" content=\"Estimated reading time\" \/>\n\t<meta name=\"twitter:data2\" content=\"1 minute\" \/>\n<script type=\"application\/ld+json\" class=\"yoast-schema-graph\">{\"@context\":\"https:\\\/\\\/schema.org\",\"@graph\":[{\"@type\":\"Article\",\"@id\":\"https:\\\/\\\/dmcsrb.com\\\/politika\\\/stojovic-koristi-izvjesnog-pristupanja-crne-gore-evropskoj-uniji-neporecive\\\/#article\",\"isPartOf\":{\"@id\":\"https:\\\/\\\/dmcsrb.com\\\/politika\\\/stojovic-koristi-izvjesnog-pristupanja-crne-gore-evropskoj-uniji-neporecive\\\/\"},\"author\":{\"name\":\"dmcsrbija.com@gmail.com\",\"@id\":\"https:\\\/\\\/dmcsrb.com\\\/#\\\/schema\\\/person\\\/5c39170f12db1b8b457732d0b5c854e2\"},\"headline\":\"Stojovi\u0107: Koristi izvjesnog pristupanja Crne Gore Evropskoj uniji neporecive\",\"datePublished\":\"2025-09-21T12:03:00+00:00\",\"mainEntityOfPage\":{\"@id\":\"https:\\\/\\\/dmcsrb.com\\\/politika\\\/stojovic-koristi-izvjesnog-pristupanja-crne-gore-evropskoj-uniji-neporecive\\\/\"},\"wordCount\":155,\"commentCount\":0,\"image\":{\"@id\":\"https:\\\/\\\/dmcsrb.com\\\/politika\\\/stojovic-koristi-izvjesnog-pristupanja-crne-gore-evropskoj-uniji-neporecive\\\/#primaryimage\"},\"thumbnailUrl\":\"https:\\\/\\\/dmcsrb.com\\\/wp-content\\\/uploads\\\/2026\\\/01\\\/Gordan-Stojovic-foto-vlada-cg.jpg\",\"keywords\":[\"Crna Gora\",\"EU\",\"Gordan Stojovi\u0107\",\"pristupanje\"],\"articleSection\":[\"Politika\"],\"inLanguage\":\"en-GB\",\"potentialAction\":[{\"@type\":\"CommentAction\",\"name\":\"Comment\",\"target\":[\"https:\\\/\\\/dmcsrb.com\\\/politika\\\/stojovic-koristi-izvjesnog-pristupanja-crne-gore-evropskoj-uniji-neporecive\\\/#respond\"]}]},{\"@type\":\"WebPage\",\"@id\":\"https:\\\/\\\/dmcsrb.com\\\/politika\\\/stojovic-koristi-izvjesnog-pristupanja-crne-gore-evropskoj-uniji-neporecive\\\/\",\"url\":\"https:\\\/\\\/dmcsrb.com\\\/politika\\\/stojovic-koristi-izvjesnog-pristupanja-crne-gore-evropskoj-uniji-neporecive\\\/\",\"name\":\"Stojovi\u0107: Koristi izvjesnog pristupanja Crne Gore Evropskoj uniji neporecive - dmcsrb.com\",\"isPartOf\":{\"@id\":\"https:\\\/\\\/dmcsrb.com\\\/#website\"},\"primaryImageOfPage\":{\"@id\":\"https:\\\/\\\/dmcsrb.com\\\/politika\\\/stojovic-koristi-izvjesnog-pristupanja-crne-gore-evropskoj-uniji-neporecive\\\/#primaryimage\"},\"image\":{\"@id\":\"https:\\\/\\\/dmcsrb.com\\\/politika\\\/stojovic-koristi-izvjesnog-pristupanja-crne-gore-evropskoj-uniji-neporecive\\\/#primaryimage\"},\"thumbnailUrl\":\"https:\\\/\\\/dmcsrb.com\\\/wp-content\\\/uploads\\\/2026\\\/01\\\/Gordan-Stojovic-foto-vlada-cg.jpg\",\"datePublished\":\"2025-09-21T12:03:00+00:00\",\"author\":{\"@id\":\"https:\\\/\\\/dmcsrb.com\\\/#\\\/schema\\\/person\\\/5c39170f12db1b8b457732d0b5c854e2\"},\"breadcrumb\":{\"@id\":\"https:\\\/\\\/dmcsrb.com\\\/politika\\\/stojovic-koristi-izvjesnog-pristupanja-crne-gore-evropskoj-uniji-neporecive\\\/#breadcrumb\"},\"inLanguage\":\"en-GB\",\"potentialAction\":[{\"@type\":\"ReadAction\",\"target\":[\"https:\\\/\\\/dmcsrb.com\\\/politika\\\/stojovic-koristi-izvjesnog-pristupanja-crne-gore-evropskoj-uniji-neporecive\\\/\"]}]},{\"@type\":\"ImageObject\",\"inLanguage\":\"en-GB\",\"@id\":\"https:\\\/\\\/dmcsrb.com\\\/politika\\\/stojovic-koristi-izvjesnog-pristupanja-crne-gore-evropskoj-uniji-neporecive\\\/#primaryimage\",\"url\":\"https:\\\/\\\/dmcsrb.com\\\/wp-content\\\/uploads\\\/2026\\\/01\\\/Gordan-Stojovic-foto-vlada-cg.jpg\",\"contentUrl\":\"https:\\\/\\\/dmcsrb.com\\\/wp-content\\\/uploads\\\/2026\\\/01\\\/Gordan-Stojovic-foto-vlada-cg.jpg\",\"width\":1145,\"height\":765},{\"@type\":\"BreadcrumbList\",\"@id\":\"https:\\\/\\\/dmcsrb.com\\\/politika\\\/stojovic-koristi-izvjesnog-pristupanja-crne-gore-evropskoj-uniji-neporecive\\\/#breadcrumb\",\"itemListElement\":[{\"@type\":\"ListItem\",\"position\":1,\"name\":\"Home\",\"item\":\"https:\\\/\\\/dmcsrb.com\\\/\"},{\"@type\":\"ListItem\",\"position\":2,\"name\":\"Stojovi\u0107: Koristi izvjesnog pristupanja Crne Gore Evropskoj uniji neporecive\"}]},{\"@type\":\"WebSite\",\"@id\":\"https:\\\/\\\/dmcsrb.com\\\/#website\",\"url\":\"https:\\\/\\\/dmcsrb.com\\\/\",\"name\":\"dmcsrb.com\",\"description\":\"\",\"potentialAction\":[{\"@type\":\"SearchAction\",\"target\":{\"@type\":\"EntryPoint\",\"urlTemplate\":\"https:\\\/\\\/dmcsrb.com\\\/?s={search_term_string}\"},\"query-input\":{\"@type\":\"PropertyValueSpecification\",\"valueRequired\":true,\"valueName\":\"search_term_string\"}}],\"inLanguage\":\"en-GB\"},{\"@type\":\"Person\",\"@id\":\"https:\\\/\\\/dmcsrb.com\\\/#\\\/schema\\\/person\\\/5c39170f12db1b8b457732d0b5c854e2\",\"name\":\"dmcsrbija.com@gmail.com\",\"image\":{\"@type\":\"ImageObject\",\"inLanguage\":\"en-GB\",\"@id\":\"https:\\\/\\\/secure.gravatar.com\\\/avatar\\\/68592660ad6347fad0fb587f8d5d8f1a7b44961362f56e4f2cd524feb87e9069?s=96&d=mm&r=g\",\"url\":\"https:\\\/\\\/secure.gravatar.com\\\/avatar\\\/68592660ad6347fad0fb587f8d5d8f1a7b44961362f56e4f2cd524feb87e9069?s=96&d=mm&r=g\",\"contentUrl\":\"https:\\\/\\\/secure.gravatar.com\\\/avatar\\\/68592660ad6347fad0fb587f8d5d8f1a7b44961362f56e4f2cd524feb87e9069?s=96&d=mm&r=g\",\"caption\":\"dmcsrbija.com@gmail.com\"},\"sameAs\":[\"https:\\\/\\\/dmcsrb.com\"],\"url\":\"https:\\\/\\\/dmcsrb.com\\\/en\\\/author\\\/dmcsrbija-comgmail-com\\\/\"}]}<\/script>\n<!-- \/ Yoast SEO plugin. -->","yoast_head_json":{"title":"Stojovi\u0107: Koristi izvjesnog pristupanja Crne Gore Evropskoj uniji neporecive - dmcsrb.com","robots":{"index":"index","follow":"follow","max-snippet":"max-snippet:-1","max-image-preview":"max-image-preview:large","max-video-preview":"max-video-preview:-1"},"canonical":"https:\/\/dmcsrb.com\/en\/politika\/stojovic-koristi-izvjesnog-pristupanja-crne-gore-evropskoj-uniji-neporecive\/","og_locale":"en_GB","og_type":"article","og_title":"Stojovi\u0107: Koristi izvjesnog pristupanja Crne Gore Evropskoj uniji neporecive - dmcsrb.com","og_description":"Izvjesno pristupanje Crne Gore Evropskoj uniji donosi neporecive direktne koristi koje \u0107e osjetiti gra\u0111ani i privreda, smatra Gordan Stojovi\u0107a, poslanik PES-a u Skup\u0161tini Crne Gore.","og_url":"https:\/\/dmcsrb.com\/en\/politika\/stojovic-koristi-izvjesnog-pristupanja-crne-gore-evropskoj-uniji-neporecive\/","og_site_name":"dmcsrb.com","article_published_time":"2025-09-21T12:03:00+00:00","og_image":[{"width":1145,"height":765,"url":"https:\/\/dmcsrb.com\/wp-content\/uploads\/2026\/01\/Gordan-Stojovic-foto-vlada-cg.jpg","type":"image\/jpeg"}],"author":"dmcsrbija.com@gmail.com","twitter_card":"summary_large_image","twitter_misc":{"Written by":"dmcsrbija.com@gmail.com","Estimated reading time":"1 minute"},"schema":{"@context":"https:\/\/schema.org","@graph":[{"@type":"Article","@id":"https:\/\/dmcsrb.com\/politika\/stojovic-koristi-izvjesnog-pristupanja-crne-gore-evropskoj-uniji-neporecive\/#article","isPartOf":{"@id":"https:\/\/dmcsrb.com\/politika\/stojovic-koristi-izvjesnog-pristupanja-crne-gore-evropskoj-uniji-neporecive\/"},"author":{"name":"dmcsrbija.com@gmail.com","@id":"https:\/\/dmcsrb.com\/#\/schema\/person\/5c39170f12db1b8b457732d0b5c854e2"},"headline":"Stojovi\u0107: Koristi izvjesnog pristupanja Crne Gore Evropskoj uniji neporecive","datePublished":"2025-09-21T12:03:00+00:00","mainEntityOfPage":{"@id":"https:\/\/dmcsrb.com\/politika\/stojovic-koristi-izvjesnog-pristupanja-crne-gore-evropskoj-uniji-neporecive\/"},"wordCount":155,"commentCount":0,"image":{"@id":"https:\/\/dmcsrb.com\/politika\/stojovic-koristi-izvjesnog-pristupanja-crne-gore-evropskoj-uniji-neporecive\/#primaryimage"},"thumbnailUrl":"https:\/\/dmcsrb.com\/wp-content\/uploads\/2026\/01\/Gordan-Stojovic-foto-vlada-cg.jpg","keywords":["Crna Gora","EU","Gordan Stojovi\u0107","pristupanje"],"articleSection":["Politika"],"inLanguage":"en-GB","potentialAction":[{"@type":"CommentAction","name":"Comment","target":["https:\/\/dmcsrb.com\/politika\/stojovic-koristi-izvjesnog-pristupanja-crne-gore-evropskoj-uniji-neporecive\/#respond"]}]},{"@type":"WebPage","@id":"https:\/\/dmcsrb.com\/politika\/stojovic-koristi-izvjesnog-pristupanja-crne-gore-evropskoj-uniji-neporecive\/","url":"https:\/\/dmcsrb.com\/politika\/stojovic-koristi-izvjesnog-pristupanja-crne-gore-evropskoj-uniji-neporecive\/","name":"Stojovi\u0107: Koristi izvjesnog pristupanja Crne Gore Evropskoj uniji neporecive - dmcsrb.com","isPartOf":{"@id":"https:\/\/dmcsrb.com\/#website"},"primaryImageOfPage":{"@id":"https:\/\/dmcsrb.com\/politika\/stojovic-koristi-izvjesnog-pristupanja-crne-gore-evropskoj-uniji-neporecive\/#primaryimage"},"image":{"@id":"https:\/\/dmcsrb.com\/politika\/stojovic-koristi-izvjesnog-pristupanja-crne-gore-evropskoj-uniji-neporecive\/#primaryimage"},"thumbnailUrl":"https:\/\/dmcsrb.com\/wp-content\/uploads\/2026\/01\/Gordan-Stojovic-foto-vlada-cg.jpg","datePublished":"2025-09-21T12:03:00+00:00","author":{"@id":"https:\/\/dmcsrb.com\/#\/schema\/person\/5c39170f12db1b8b457732d0b5c854e2"},"breadcrumb":{"@id":"https:\/\/dmcsrb.com\/politika\/stojovic-koristi-izvjesnog-pristupanja-crne-gore-evropskoj-uniji-neporecive\/#breadcrumb"},"inLanguage":"en-GB","potentialAction":[{"@type":"ReadAction","target":["https:\/\/dmcsrb.com\/politika\/stojovic-koristi-izvjesnog-pristupanja-crne-gore-evropskoj-uniji-neporecive\/"]}]},{"@type":"ImageObject","inLanguage":"en-GB","@id":"https:\/\/dmcsrb.com\/politika\/stojovic-koristi-izvjesnog-pristupanja-crne-gore-evropskoj-uniji-neporecive\/#primaryimage","url":"https:\/\/dmcsrb.com\/wp-content\/uploads\/2026\/01\/Gordan-Stojovic-foto-vlada-cg.jpg","contentUrl":"https:\/\/dmcsrb.com\/wp-content\/uploads\/2026\/01\/Gordan-Stojovic-foto-vlada-cg.jpg","width":1145,"height":765},{"@type":"BreadcrumbList","@id":"https:\/\/dmcsrb.com\/politika\/stojovic-koristi-izvjesnog-pristupanja-crne-gore-evropskoj-uniji-neporecive\/#breadcrumb","itemListElement":[{"@type":"ListItem","position":1,"name":"Home","item":"https:\/\/dmcsrb.com\/"},{"@type":"ListItem","position":2,"name":"Stojovi\u0107: Koristi izvjesnog pristupanja Crne Gore Evropskoj uniji neporecive"}]},{"@type":"WebSite","@id":"https:\/\/dmcsrb.com\/#website","url":"https:\/\/dmcsrb.com\/","name":"dmcsrb.com","description":"","potentialAction":[{"@type":"SearchAction","target":{"@type":"EntryPoint","urlTemplate":"https:\/\/dmcsrb.com\/?s={search_term_string}"},"query-input":{"@type":"PropertyValueSpecification","valueRequired":true,"valueName":"search_term_string"}}],"inLanguage":"en-GB"},{"@type":"Person","@id":"https:\/\/dmcsrb.com\/#\/schema\/person\/5c39170f12db1b8b457732d0b5c854e2","name":"dmcsrbija.com@gmail.com","image":{"@type":"ImageObject","inLanguage":"en-GB","@id":"https:\/\/secure.gravatar.com\/avatar\/68592660ad6347fad0fb587f8d5d8f1a7b44961362f56e4f2cd524feb87e9069?s=96&d=mm&r=g","url":"https:\/\/secure.gravatar.com\/avatar\/68592660ad6347fad0fb587f8d5d8f1a7b44961362f56e4f2cd524feb87e9069?s=96&d=mm&r=g","contentUrl":"https:\/\/secure.gravatar.com\/avatar\/68592660ad6347fad0fb587f8d5d8f1a7b44961362f56e4f2cd524feb87e9069?s=96&d=mm&r=g","caption":"dmcsrbija.com@gmail.com"},"sameAs":["https:\/\/dmcsrb.com"],"url":"https:\/\/dmcsrb.com\/en\/author\/dmcsrbija-comgmail-com\/"}]}},"_links":{"self":[{"href":"https:\/\/dmcsrb.com\/en\/wp-json\/wp\/v2\/posts\/953259","targetHints":{"allow":["GET"]}}],"collection":[{"href":"https:\/\/dmcsrb.com\/en\/wp-json\/wp\/v2\/posts"}],"about":[{"href":"https:\/\/dmcsrb.com\/en\/wp-json\/wp\/v2\/types\/post"}],"author":[{"embeddable":true,"href":"https:\/\/dmcsrb.com\/en\/wp-json\/wp\/v2\/users\/1"}],"replies":[{"embeddable":true,"href":"https:\/\/dmcsrb.com\/en\/wp-json\/wp\/v2\/comments?post=953259"}],"version-history":[{"count":0,"href":"https:\/\/dmcsrb.com\/en\/wp-json\/wp\/v2\/posts\/953259\/revisions"}],"wp:featuredmedia":[{"embeddable":true,"href":"https:\/\/dmcsrb.com\/en\/wp-json\/wp\/v2\/media\/909836"}],"wp:attachment":[{"href":"https:\/\/dmcsrb.com\/en\/wp-json\/wp\/v2\/media?parent=953259"}],"wp:term":[{"taxonomy":"category","embeddable":true,"href":"https:\/\/dmcsrb.com\/en\/wp-json\/wp\/v2\/categories?post=953259"},{"taxonomy":"post_tag","embeddable":true,"href":"https:\/\/dmcsrb.com\/en\/wp-json\/wp\/v2\/tags?post=953259"},{"taxonomy":"naslovna","embeddable":true,"href":"https:\/\/dmcsrb.com\/en\/wp-json\/wp\/v2\/naslovna?post=953259"}],"curies":[{"name":"wp","href":"https:\/\/api.w.org\/{rel}","templated":true}]}}