{"id":953249,"date":"2025-09-21T12:35:00","date_gmt":"2025-09-21T10:35:00","guid":{"rendered":"https:\/\/dmcsrb.com\/uncategorized\/referat-na-tv-podgorica-ko-i-sa-kojim-ciljem-pokusava-da-sabotira-ekoloske-projekte-u-podgorici\/"},"modified":"2025-09-21T12:35:00","modified_gmt":"2025-09-21T10:35:00","slug":"referat-na-tv-podgorica-ko-i-sa-kojim-ciljem-pokusava-da-sabotira-ekoloske-projekte-u-podgorici","status":"publish","type":"post","link":"https:\/\/dmcsrb.com\/en\/podgorica\/referat-na-tv-podgorica-ko-i-sa-kojim-ciljem-pokusava-da-sabotira-ekoloske-projekte-u-podgorici\/","title":{"rendered":"Referat na TV Podgorica: Ko i sa kojim ciljem poku\u0161ava da sabotira ekolo\u0161ke projekte u Podgorici?"},"content":{"rendered":"<p><\/p>\n\n\n\n<p><\/p>\n\n\n\n<p>Od \u010delnika gradskih preduze\u0107a \u201eVodovod i kanalizacija\u201c i \u201eDeponije\u201c, Aleksandra Ni\u0161avi\u0107a i Aleksandra Bo\u017eovi\u0107a, tra\u017eimo obja\u0161njenje na koji na\u010din \u0107e se izboriti za za\u0161titu zdravlja gra\u0111ana Podgorice?<\/p>\n\n\n\n<p>Ekolo\u0161kog aktivistu Aleksandra Dragi\u0107evi\u0107a pitamo za\u0161to se u Podgorici protestima poku\u0161avaju zaustaviti ekolo\u0161ki projekti, dok je bunt izostao u vrijeme eksploatacije \u0161ljunka iz rijeka glavnog grada i okoline?<\/p>\n\n\n\n<p>Ponedjeljak od 20 sati, u\u017eivo na Televiziji Podgorica.<\/p>","protected":false},"excerpt":{"rendered":"<p>U prvom izdanju nove sezone Referata na Televiziji Podgorica postavljamo pitanje: Ko i sa kojim ciljem poku\u0161ava da zaustavi izgradnju postojenja za pre\u010di\u0161\u0107avanje otpadnih voda i petu sanitarnu kadu deponije u Podgorici?<\/p>","protected":false},"author":1,"featured_media":908869,"comment_status":"open","ping_status":"open","sticky":false,"template":"","format":"standard","meta":{"_acf_changed":false,"footnotes":""},"categories":[56],"tags":[2401,173,81,8502],"naslovna":[],"class_list":["post-953249","post","type-post","status-publish","format-standard","has-post-thumbnail","hentry","category-podgorica","tag-aleksandar-bozovic","tag-aleksandar-nisavic","tag-referat","tag-tv-podgorica"],"acf":[],"yoast_head":"<!-- This site is optimized with the Yoast SEO plugin v27.0 - https:\/\/yoast.com\/product\/yoast-seo-wordpress\/ -->\n<title>Referat na TV Podgorica: Ko i sa kojim ciljem poku\u0161ava da sabotira ekolo\u0161ke projekte u Podgorici? - dmcsrb.com<\/title>\n<meta name=\"robots\" content=\"index, follow, max-snippet:-1, max-image-preview:large, max-video-preview:-1\" \/>\n<link rel=\"canonical\" href=\"https:\/\/dmcsrb.com\/en\/podgorica\/referat-na-tv-podgorica-ko-i-sa-kojim-ciljem-pokusava-da-sabotira-ekoloske-projekte-u-podgorici\/\" \/>\n<meta property=\"og:locale\" content=\"en_GB\" \/>\n<meta property=\"og:type\" content=\"article\" \/>\n<meta property=\"og:title\" content=\"Referat na TV Podgorica: Ko i sa kojim ciljem poku\u0161ava da sabotira ekolo\u0161ke projekte u Podgorici? - dmcsrb.com\" \/>\n<meta property=\"og:description\" content=\"U prvom izdanju nove sezone Referata na Televiziji Podgorica postavljamo pitanje: Ko i sa kojim ciljem poku\u0161ava da zaustavi izgradnju postojenja za pre\u010di\u0161\u0107avanje otpadnih voda i petu sanitarnu kadu deponije u Podgorici?\" \/>\n<meta property=\"og:url\" content=\"https:\/\/dmcsrb.com\/en\/podgorica\/referat-na-tv-podgorica-ko-i-sa-kojim-ciljem-pokusava-da-sabotira-ekoloske-projekte-u-podgorici\/\" \/>\n<meta property=\"og:site_name\" content=\"dmcsrb.com\" \/>\n<meta property=\"article:published_time\" content=\"2025-09-21T10:35:00+00:00\" \/>\n<meta property=\"og:image\" content=\"https:\/\/dmcsrb.com\/wp-content\/uploads\/2026\/01\/Milan-Sekulovic-gradska-foto-gradski-me.jpg\" \/>\n\t<meta property=\"og:image:width\" content=\"1353\" \/>\n\t<meta property=\"og:image:height\" content=\"775\" \/>\n\t<meta property=\"og:image:type\" content=\"image\/jpeg\" \/>\n<meta name=\"author\" content=\"dmcsrbija.com@gmail.com\" \/>\n<meta name=\"twitter:card\" content=\"summary_large_image\" \/>\n<meta name=\"twitter:label1\" content=\"Written by\" \/>\n\t<meta name=\"twitter:data1\" content=\"dmcsrbija.com@gmail.com\" \/>\n<script type=\"application\/ld+json\" class=\"yoast-schema-graph\">{\"@context\":\"https:\/\/schema.org\",\"@graph\":[{\"@type\":\"Article\",\"@id\":\"https:\/\/dmcsrb.com\/podgorica\/referat-na-tv-podgorica-ko-i-sa-kojim-ciljem-pokusava-da-sabotira-ekoloske-projekte-u-podgorici\/#article\",\"isPartOf\":{\"@id\":\"https:\/\/dmcsrb.com\/podgorica\/referat-na-tv-podgorica-ko-i-sa-kojim-ciljem-pokusava-da-sabotira-ekoloske-projekte-u-podgorici\/\"},\"author\":{\"name\":\"dmcsrbija.com@gmail.com\",\"@id\":\"https:\/\/dmcsrb.com\/#\/schema\/person\/5c39170f12db1b8b457732d0b5c854e2\"},\"headline\":\"Referat na TV Podgorica: Ko i sa kojim ciljem poku\u0161ava da sabotira ekolo\u0161ke projekte u Podgorici?\",\"datePublished\":\"2025-09-21T10:35:00+00:00\",\"mainEntityOfPage\":{\"@id\":\"https:\/\/dmcsrb.com\/podgorica\/referat-na-tv-podgorica-ko-i-sa-kojim-ciljem-pokusava-da-sabotira-ekoloske-projekte-u-podgorici\/\"},\"wordCount\":97,\"commentCount\":0,\"image\":{\"@id\":\"https:\/\/dmcsrb.com\/podgorica\/referat-na-tv-podgorica-ko-i-sa-kojim-ciljem-pokusava-da-sabotira-ekoloske-projekte-u-podgorici\/#primaryimage\"},\"thumbnailUrl\":\"https:\/\/dmcsrb.com\/wp-content\/uploads\/2026\/01\/Milan-Sekulovic-gradska-foto-gradski-me.jpg\",\"keywords\":[\"Aleksandar Bo\u017eovi\u0107\",\"Aleksandar Ni\u0161avi\u0107\",\"referat\",\"TV Podgorica\"],\"articleSection\":[\"Podgorica\"],\"inLanguage\":\"en-GB\",\"potentialAction\":[{\"@type\":\"CommentAction\",\"name\":\"Comment\",\"target\":[\"https:\/\/dmcsrb.com\/podgorica\/referat-na-tv-podgorica-ko-i-sa-kojim-ciljem-pokusava-da-sabotira-ekoloske-projekte-u-podgorici\/#respond\"]}]},{\"@type\":\"WebPage\",\"@id\":\"https:\/\/dmcsrb.com\/podgorica\/referat-na-tv-podgorica-ko-i-sa-kojim-ciljem-pokusava-da-sabotira-ekoloske-projekte-u-podgorici\/\",\"url\":\"https:\/\/dmcsrb.com\/podgorica\/referat-na-tv-podgorica-ko-i-sa-kojim-ciljem-pokusava-da-sabotira-ekoloske-projekte-u-podgorici\/\",\"name\":\"Referat na TV Podgorica: Ko i sa kojim ciljem poku\u0161ava da sabotira ekolo\u0161ke projekte u Podgorici? - dmcsrb.com\",\"isPartOf\":{\"@id\":\"https:\/\/dmcsrb.com\/#website\"},\"primaryImageOfPage\":{\"@id\":\"https:\/\/dmcsrb.com\/podgorica\/referat-na-tv-podgorica-ko-i-sa-kojim-ciljem-pokusava-da-sabotira-ekoloske-projekte-u-podgorici\/#primaryimage\"},\"image\":{\"@id\":\"https:\/\/dmcsrb.com\/podgorica\/referat-na-tv-podgorica-ko-i-sa-kojim-ciljem-pokusava-da-sabotira-ekoloske-projekte-u-podgorici\/#primaryimage\"},\"thumbnailUrl\":\"https:\/\/dmcsrb.com\/wp-content\/uploads\/2026\/01\/Milan-Sekulovic-gradska-foto-gradski-me.jpg\",\"datePublished\":\"2025-09-21T10:35:00+00:00\",\"author\":{\"@id\":\"https:\/\/dmcsrb.com\/#\/schema\/person\/5c39170f12db1b8b457732d0b5c854e2\"},\"breadcrumb\":{\"@id\":\"https:\/\/dmcsrb.com\/podgorica\/referat-na-tv-podgorica-ko-i-sa-kojim-ciljem-pokusava-da-sabotira-ekoloske-projekte-u-podgorici\/#breadcrumb\"},\"inLanguage\":\"en-GB\",\"potentialAction\":[{\"@type\":\"ReadAction\",\"target\":[\"https:\/\/dmcsrb.com\/podgorica\/referat-na-tv-podgorica-ko-i-sa-kojim-ciljem-pokusava-da-sabotira-ekoloske-projekte-u-podgorici\/\"]}]},{\"@type\":\"ImageObject\",\"inLanguage\":\"en-GB\",\"@id\":\"https:\/\/dmcsrb.com\/podgorica\/referat-na-tv-podgorica-ko-i-sa-kojim-ciljem-pokusava-da-sabotira-ekoloske-projekte-u-podgorici\/#primaryimage\",\"url\":\"https:\/\/dmcsrb.com\/wp-content\/uploads\/2026\/01\/Milan-Sekulovic-gradska-foto-gradski-me.jpg\",\"contentUrl\":\"https:\/\/dmcsrb.com\/wp-content\/uploads\/2026\/01\/Milan-Sekulovic-gradska-foto-gradski-me.jpg\",\"width\":1353,\"height\":775},{\"@type\":\"BreadcrumbList\",\"@id\":\"https:\/\/dmcsrb.com\/podgorica\/referat-na-tv-podgorica-ko-i-sa-kojim-ciljem-pokusava-da-sabotira-ekoloske-projekte-u-podgorici\/#breadcrumb\",\"itemListElement\":[{\"@type\":\"ListItem\",\"position\":1,\"name\":\"Home\",\"item\":\"https:\/\/dmcsrb.com\/\"},{\"@type\":\"ListItem\",\"position\":2,\"name\":\"Referat na TV Podgorica: Ko i sa kojim ciljem poku\u0161ava da sabotira ekolo\u0161ke projekte u Podgorici?\"}]},{\"@type\":\"WebSite\",\"@id\":\"https:\/\/dmcsrb.com\/#website\",\"url\":\"https:\/\/dmcsrb.com\/\",\"name\":\"dmcsrb.com\",\"description\":\"\",\"potentialAction\":[{\"@type\":\"SearchAction\",\"target\":{\"@type\":\"EntryPoint\",\"urlTemplate\":\"https:\/\/dmcsrb.com\/?s={search_term_string}\"},\"query-input\":{\"@type\":\"PropertyValueSpecification\",\"valueRequired\":true,\"valueName\":\"search_term_string\"}}],\"inLanguage\":\"en-GB\"},{\"@type\":\"Person\",\"@id\":\"https:\/\/dmcsrb.com\/#\/schema\/person\/5c39170f12db1b8b457732d0b5c854e2\",\"name\":\"dmcsrbija.com@gmail.com\",\"image\":{\"@type\":\"ImageObject\",\"inLanguage\":\"en-GB\",\"@id\":\"https:\/\/dmcsrb.com\/#\/schema\/person\/image\/\",\"url\":\"https:\/\/secure.gravatar.com\/avatar\/68592660ad6347fad0fb587f8d5d8f1a7b44961362f56e4f2cd524feb87e9069?s=96&d=mm&r=g\",\"contentUrl\":\"https:\/\/secure.gravatar.com\/avatar\/68592660ad6347fad0fb587f8d5d8f1a7b44961362f56e4f2cd524feb87e9069?s=96&d=mm&r=g\",\"caption\":\"dmcsrbija.com@gmail.com\"},\"sameAs\":[\"https:\/\/dmcsrb.com\"],\"url\":\"https:\/\/dmcsrb.com\/en\/author\/dmcsrbija-comgmail-com\/\"}]}<\/script>\n<!-- \/ Yoast SEO plugin. -->","yoast_head_json":{"title":"Referat na TV Podgorica: Ko i sa kojim ciljem poku\u0161ava da sabotira ekolo\u0161ke projekte u Podgorici? - dmcsrb.com","robots":{"index":"index","follow":"follow","max-snippet":"max-snippet:-1","max-image-preview":"max-image-preview:large","max-video-preview":"max-video-preview:-1"},"canonical":"https:\/\/dmcsrb.com\/en\/podgorica\/referat-na-tv-podgorica-ko-i-sa-kojim-ciljem-pokusava-da-sabotira-ekoloske-projekte-u-podgorici\/","og_locale":"en_GB","og_type":"article","og_title":"Referat na TV Podgorica: Ko i sa kojim ciljem poku\u0161ava da sabotira ekolo\u0161ke projekte u Podgorici? - dmcsrb.com","og_description":"U prvom izdanju nove sezone Referata na Televiziji Podgorica postavljamo pitanje: Ko i sa kojim ciljem poku\u0161ava da zaustavi izgradnju postojenja za pre\u010di\u0161\u0107avanje otpadnih voda i petu sanitarnu kadu deponije u Podgorici?","og_url":"https:\/\/dmcsrb.com\/en\/podgorica\/referat-na-tv-podgorica-ko-i-sa-kojim-ciljem-pokusava-da-sabotira-ekoloske-projekte-u-podgorici\/","og_site_name":"dmcsrb.com","article_published_time":"2025-09-21T10:35:00+00:00","og_image":[{"width":1353,"height":775,"url":"https:\/\/dmcsrb.com\/wp-content\/uploads\/2026\/01\/Milan-Sekulovic-gradska-foto-gradski-me.jpg","type":"image\/jpeg"}],"author":"dmcsrbija.com@gmail.com","twitter_card":"summary_large_image","twitter_misc":{"Written by":"dmcsrbija.com@gmail.com"},"schema":{"@context":"https:\/\/schema.org","@graph":[{"@type":"Article","@id":"https:\/\/dmcsrb.com\/podgorica\/referat-na-tv-podgorica-ko-i-sa-kojim-ciljem-pokusava-da-sabotira-ekoloske-projekte-u-podgorici\/#article","isPartOf":{"@id":"https:\/\/dmcsrb.com\/podgorica\/referat-na-tv-podgorica-ko-i-sa-kojim-ciljem-pokusava-da-sabotira-ekoloske-projekte-u-podgorici\/"},"author":{"name":"dmcsrbija.com@gmail.com","@id":"https:\/\/dmcsrb.com\/#\/schema\/person\/5c39170f12db1b8b457732d0b5c854e2"},"headline":"Referat na TV Podgorica: Ko i sa kojim ciljem poku\u0161ava da sabotira ekolo\u0161ke projekte u Podgorici?","datePublished":"2025-09-21T10:35:00+00:00","mainEntityOfPage":{"@id":"https:\/\/dmcsrb.com\/podgorica\/referat-na-tv-podgorica-ko-i-sa-kojim-ciljem-pokusava-da-sabotira-ekoloske-projekte-u-podgorici\/"},"wordCount":97,"commentCount":0,"image":{"@id":"https:\/\/dmcsrb.com\/podgorica\/referat-na-tv-podgorica-ko-i-sa-kojim-ciljem-pokusava-da-sabotira-ekoloske-projekte-u-podgorici\/#primaryimage"},"thumbnailUrl":"https:\/\/dmcsrb.com\/wp-content\/uploads\/2026\/01\/Milan-Sekulovic-gradska-foto-gradski-me.jpg","keywords":["Aleksandar Bo\u017eovi\u0107","Aleksandar Ni\u0161avi\u0107","referat","TV Podgorica"],"articleSection":["Podgorica"],"inLanguage":"en-GB","potentialAction":[{"@type":"CommentAction","name":"Comment","target":["https:\/\/dmcsrb.com\/podgorica\/referat-na-tv-podgorica-ko-i-sa-kojim-ciljem-pokusava-da-sabotira-ekoloske-projekte-u-podgorici\/#respond"]}]},{"@type":"WebPage","@id":"https:\/\/dmcsrb.com\/podgorica\/referat-na-tv-podgorica-ko-i-sa-kojim-ciljem-pokusava-da-sabotira-ekoloske-projekte-u-podgorici\/","url":"https:\/\/dmcsrb.com\/podgorica\/referat-na-tv-podgorica-ko-i-sa-kojim-ciljem-pokusava-da-sabotira-ekoloske-projekte-u-podgorici\/","name":"Referat na TV Podgorica: Ko i sa kojim ciljem poku\u0161ava da sabotira ekolo\u0161ke projekte u Podgorici? - dmcsrb.com","isPartOf":{"@id":"https:\/\/dmcsrb.com\/#website"},"primaryImageOfPage":{"@id":"https:\/\/dmcsrb.com\/podgorica\/referat-na-tv-podgorica-ko-i-sa-kojim-ciljem-pokusava-da-sabotira-ekoloske-projekte-u-podgorici\/#primaryimage"},"image":{"@id":"https:\/\/dmcsrb.com\/podgorica\/referat-na-tv-podgorica-ko-i-sa-kojim-ciljem-pokusava-da-sabotira-ekoloske-projekte-u-podgorici\/#primaryimage"},"thumbnailUrl":"https:\/\/dmcsrb.com\/wp-content\/uploads\/2026\/01\/Milan-Sekulovic-gradska-foto-gradski-me.jpg","datePublished":"2025-09-21T10:35:00+00:00","author":{"@id":"https:\/\/dmcsrb.com\/#\/schema\/person\/5c39170f12db1b8b457732d0b5c854e2"},"breadcrumb":{"@id":"https:\/\/dmcsrb.com\/podgorica\/referat-na-tv-podgorica-ko-i-sa-kojim-ciljem-pokusava-da-sabotira-ekoloske-projekte-u-podgorici\/#breadcrumb"},"inLanguage":"en-GB","potentialAction":[{"@type":"ReadAction","target":["https:\/\/dmcsrb.com\/podgorica\/referat-na-tv-podgorica-ko-i-sa-kojim-ciljem-pokusava-da-sabotira-ekoloske-projekte-u-podgorici\/"]}]},{"@type":"ImageObject","inLanguage":"en-GB","@id":"https:\/\/dmcsrb.com\/podgorica\/referat-na-tv-podgorica-ko-i-sa-kojim-ciljem-pokusava-da-sabotira-ekoloske-projekte-u-podgorici\/#primaryimage","url":"https:\/\/dmcsrb.com\/wp-content\/uploads\/2026\/01\/Milan-Sekulovic-gradska-foto-gradski-me.jpg","contentUrl":"https:\/\/dmcsrb.com\/wp-content\/uploads\/2026\/01\/Milan-Sekulovic-gradska-foto-gradski-me.jpg","width":1353,"height":775},{"@type":"BreadcrumbList","@id":"https:\/\/dmcsrb.com\/podgorica\/referat-na-tv-podgorica-ko-i-sa-kojim-ciljem-pokusava-da-sabotira-ekoloske-projekte-u-podgorici\/#breadcrumb","itemListElement":[{"@type":"ListItem","position":1,"name":"Home","item":"https:\/\/dmcsrb.com\/"},{"@type":"ListItem","position":2,"name":"Referat na TV Podgorica: Ko i sa kojim ciljem poku\u0161ava da sabotira ekolo\u0161ke projekte u Podgorici?"}]},{"@type":"WebSite","@id":"https:\/\/dmcsrb.com\/#website","url":"https:\/\/dmcsrb.com\/","name":"dmcsrb.com","description":"","potentialAction":[{"@type":"SearchAction","target":{"@type":"EntryPoint","urlTemplate":"https:\/\/dmcsrb.com\/?s={search_term_string}"},"query-input":{"@type":"PropertyValueSpecification","valueRequired":true,"valueName":"search_term_string"}}],"inLanguage":"en-GB"},{"@type":"Person","@id":"https:\/\/dmcsrb.com\/#\/schema\/person\/5c39170f12db1b8b457732d0b5c854e2","name":"dmcsrbija.com@gmail.com","image":{"@type":"ImageObject","inLanguage":"en-GB","@id":"https:\/\/dmcsrb.com\/#\/schema\/person\/image\/","url":"https:\/\/secure.gravatar.com\/avatar\/68592660ad6347fad0fb587f8d5d8f1a7b44961362f56e4f2cd524feb87e9069?s=96&d=mm&r=g","contentUrl":"https:\/\/secure.gravatar.com\/avatar\/68592660ad6347fad0fb587f8d5d8f1a7b44961362f56e4f2cd524feb87e9069?s=96&d=mm&r=g","caption":"dmcsrbija.com@gmail.com"},"sameAs":["https:\/\/dmcsrb.com"],"url":"https:\/\/dmcsrb.com\/en\/author\/dmcsrbija-comgmail-com\/"}]}},"_links":{"self":[{"href":"https:\/\/dmcsrb.com\/en\/wp-json\/wp\/v2\/posts\/953249","targetHints":{"allow":["GET"]}}],"collection":[{"href":"https:\/\/dmcsrb.com\/en\/wp-json\/wp\/v2\/posts"}],"about":[{"href":"https:\/\/dmcsrb.com\/en\/wp-json\/wp\/v2\/types\/post"}],"author":[{"embeddable":true,"href":"https:\/\/dmcsrb.com\/en\/wp-json\/wp\/v2\/users\/1"}],"replies":[{"embeddable":true,"href":"https:\/\/dmcsrb.com\/en\/wp-json\/wp\/v2\/comments?post=953249"}],"version-history":[{"count":0,"href":"https:\/\/dmcsrb.com\/en\/wp-json\/wp\/v2\/posts\/953249\/revisions"}],"wp:featuredmedia":[{"embeddable":true,"href":"https:\/\/dmcsrb.com\/en\/wp-json\/wp\/v2\/media\/908869"}],"wp:attachment":[{"href":"https:\/\/dmcsrb.com\/en\/wp-json\/wp\/v2\/media?parent=953249"}],"wp:term":[{"taxonomy":"category","embeddable":true,"href":"https:\/\/dmcsrb.com\/en\/wp-json\/wp\/v2\/categories?post=953249"},{"taxonomy":"post_tag","embeddable":true,"href":"https:\/\/dmcsrb.com\/en\/wp-json\/wp\/v2\/tags?post=953249"},{"taxonomy":"naslovna","embeddable":true,"href":"https:\/\/dmcsrb.com\/en\/wp-json\/wp\/v2\/naslovna?post=953249"}],"curies":[{"name":"wp","href":"https:\/\/api.w.org\/{rel}","templated":true}]}}