{"id":953197,"date":"2025-09-21T06:10:00","date_gmt":"2025-09-21T04:10:00","guid":{"rendered":"https:\/\/dmcsrb.com\/uncategorized\/ministarstvo-prosvjete-podrzava-vracanje-policajaca-u-skole\/"},"modified":"2025-09-21T06:10:00","modified_gmt":"2025-09-21T04:10:00","slug":"ministarstvo-prosvjete-podrzava-vracanje-policajaca-u-skole","status":"publish","type":"post","link":"https:\/\/dmcsrb.com\/en\/drustvo\/ministarstvo-prosvjete-podrzava-vracanje-policajaca-u-skole\/","title":{"rendered":"Ministarstvo prosvjete podr\u017eava vra\u0107anje policajaca u \u0161kole"},"content":{"rendered":"<p><\/p>\n\n\n\n<p>Od ove \u0161kolske godine u obrazovnim ustanovama nijesu anga\u017eovani za\u0161titari. Ta vrsta obezbje\u0111enja uvedena je u \u0161kole od februara ove godine i funkcionisala je do kraja tog polugodi\u0161ta, a sve kako bi se u \u0161kolama smanjio stepen vr\u0161naj\u010dkog nasilja. Pojedini direktori su komentarisali da je bilo kakvo rje\u0161enje za\u0161tite dobro, ali da su, ipak, stava da su policajci bolje rje\u0161enje za uspostavljanje reda u obrazovnim ustanovama.<\/p>\n\n\n\n<p>Iz Ministarstva prosvjete, nauke i inovacija podsjetili su da je na njihovu inicijativu, a u saradnji sa Mre\u017eom Savjeta roditelja i NVU Udru\u017eenje Roditelji, od februara do juna uspostavljeno fizi\u010dko obezbje\u0111enje lica, objekata i imovine u obrazovno-vaspitnim ustanovama. Tada je procijenjeno da je anga\u017eman za\u0161titara zbog specifi\u010dnosti situacije neophodan, ali iz ovog resora isti\u010du da je to privremeno rje\u0161enje do iznala\u017eenja trajnog.<\/p>\n\n\n\n<p>Iz resornog ministarstva podsje\u0107aju da je Mre\u017ea savjeta roditelja pokrenula inicijativu sa ciljem vra\u0107anja institucije policajca u zajednici \u0161to je Ministarstvo prosvjete, nauke i inovacija podr\u017ealo.<\/p>\n\n\n\n<p>\u201cImaju\u0107i u vidu da se pomenuto pitanje ne nalazi u nadle\u017enosti Ministarstva prosvjete, nauke i inovacija o\u010dekujemo da \u0107e nadle\u017eno ministarstvo sagledati pomenutu inicijativu u skladu sa raspolo\u017eivim kapacitetima, a sve u cilju najboljeg interesa djece\u201d, rekli su oni.<\/p>\n\n\n\n<p>Pobjeda \u010deka odgovore na pitanja o ovoj temi od Ministarstva unutra\u0161njih poslova.<\/p>\n\n\n\n<p><strong>Alarm<\/strong><\/p>\n\n\n\n<p>Vi\u0161a pravna savjetnica u Centru za gra\u0111ansko obrazovanje <strong>Sne\u017eana Kalu\u0111erovi\u0107<\/strong> kazala je Pobjedi da bezbjednost djece mora biti apsolutni prioritet. Nijedno dijete, kako isti\u010de Kalu\u0111erovi\u0107, ne smije i\u0107i u \u0161kolu sa strahom od zlostavljanja.<\/p>\n\n\n\n<p>\u201cO\u010dito je da su nam trajno neophodni za\u0161titari ili \u0161kolski policajci u vrti\u0107ima i \u0161kolama. Za\u0161titari su pokazali da makar privremeno mogu uspostaviti red i osje\u0107aj sigurnosti, ali to je minimum i uglavnom obezbje\u0111uje samo fizi\u010dku za\u0161titu. Ipak, preko sto zabilje\u017eenih slu\u010dajeva vr\u0161nja\u010dkog nasilja govore da ni za\u0161titari nijesu dovoljni i da moramo imati ja\u010du za\u0161titu jer je alarmantan porast psihi\u010dkog nasilja, uklju\u010duju\u0107i neprimjerene odnose nastavnika prema u\u010denicima, koja pokazuju da privremena rje\u0161enja nijesu dovoljna\u201d,rekla je Kalu\u0111erovi\u0107.<\/p>\n\n\n\n<p>Ona dodaje da za\u0161titari moraju biti psiho-fizi\u010dki obu\u010deni za brzo djelovanje i rad sa djecom.<\/p>\n\n\n\n<p>\u201cOni su neophodni u kontinuitetu dok bi \u0161kolski policajac predstavljao jo\u0161 bolje sistemsko rje\u0161enje sa \u0161irim ovla\u0161\u0107enjima i mogu\u0107no\u0161\u0107u da garantuje stvarnu sigurnost makar u gradskim \u0161kolama sa velikim brojem u\u010denika. Ministarstvo mora hitno reagovati i osigurati kontinuitet za\u0161tite, privremene ili trajne svejedno, jer djeca zaslu\u017euju \u0161kolu bez straha i nasilja\u201d, poru\u010duje Kalu\u0111erovi\u0107.<\/p>\n\n\n\n<p><strong>Mijenjaju propis<\/strong><\/p>\n\n\n\n<p>Radna grupa koju \u010dine predstavnici Ministarstva prosvjete, nauke i inovacija, Ministarstva rada, zapo\u0161ljavanja i socijalnog dijaloga, nastavnika, roditelja, Sindikata prosvjete, pedago\u0161ko-psiholo\u0161kih slu\u017ebi, direktora i za\u0161titnika prava gra\u0111anaintenzivno radi na izmjeni Pravilnika o izricanju vaspitnih mjera za u\u010denike osnovnih \u0161kola. Ovim pravilnikom, kako su obrazlo\u017eili iz Ministarstva prosvjete, nauke i inovacija, jasno \u0107e se utvrditi oblici povreda u\u010deni\u010dkih du\u017enosti uz pove\u0107anje odgovornosti roditelja, \u0161kole i nadle\u017enih institucija, kako bi svako od navedenih aktera, u okviru svojih nadle\u017enosti, preduzeo odgovaraju\u0107e korake.<\/p>\n\n\n\n<p>\u201cNa redovnim sastancima sa rukovodiocima \u0161kola i predstavncima pedago\u0161ko-psiholo\u0161kih slu\u017ebi analiziraju se podaci o vrstama i u\u010destalosti nasilja i nagla\u0161ena je potreba za preveniranjem i pravovremenim reagovanjem, kontinuiranim radom svih zaposlenih u ustanovi, zna\u010daju odr\u017eavanja \u010dasa odjeljenjske zajednice i tematskih roditeijskih sastanaka\u201d, istakli su iz Ministarstva prosvjete, nauke i inovacija.<\/p>\n\n\n\n<p>Iz ovog resora isti\u010du da je ura\u0111eno jasno i precizno uputsvo sa koracima postupanja u slu\u010daju pojave vr\u0161nja\u010dkog nasilja koje je proslije\u0111eno svim obrazovno-vaspitnim ustanovama u dr\u017eavi. Ove procedure omogu\u0107avaju brzu i efikasnu reakciju, \u010dime se dodatno osna\u017euje sigurnost u\u010denika i stvara okru\u017eenje u kojem se svaki u\u010denik osje\u0107a za\u0161ti\u0107eno.<\/p>\n\n\n\n<p>\u201cNapominjemo da je vr\u0161nja\u010dko nasilje problem kojim treba da se bavi cijelo dru\u0161tvo, pa je shodno tome neophodna tijesna saradnja sa institucijama, prvenstveno sa policijom i centrima za socijalni rad, ali i sa roditeljima i u\u010denicima\u201d, naveli su oni.<\/p>\n\n\n\n<p>Dodaju da je nasilje u \u0161kolama kompleksan problem koji zahtijeva sveobuhvatan pristup svih uklju\u010denih aktera, s obzirom na ozbiljne psihi\u010dke i emocionalne posljedice po one koji ga do\u017eivijavaju, njihove porodice, ali i one koji svjedo\u010de nasilju. Razumjevanje razli\u010ditih oblika nasilja, njihovih uzroka i posljedica, kao i implementacija preventivnih mjera, klju\u010dni su za stvaranje sigurnijeg okru\u017eenja za u\u010denike. Uloga nastavnika, roditelja i zajednice je od su\u0161tinskog zna\u010daja u borbi protiv nasilja u \u0161kolama \u2013 poru\u010dili su iz ovog resora.<\/p>\n\n\n\n<p>\u201cPored edukativnih aspekata,\u0161kole imaju video-nadzor kao i ograde u \u0161kolskim dvori\u0161tima, \u0161to dodatno doprinosi bezbjednosti u\u010denika\u201d, kazali su iz Ministarstva.<\/p>\n\n\n\n<p>Proteklih dana na dru\u0161tvenim mre\u017eama objavljen je snimak brutalnog vr\u0161nja\u010dkog nasilja koji je zabilje\u017een u Baru. Trinaestogodi\u0161njak je lak\u0161e povrije\u0111en i ukazana mu je ljekarska pomo\u0107 u Op\u0161toj bolnici u Baru, gdje su mu konstatovane lake tjelesne povrede. Na snimku se vide \u010detiri dje\u010daka i, sude\u0107i prema glasu, snima ih \u017eenska osoba. Nakon kra\u0107e pri\u010de sa jednim dje\u010dakom, kako se vidi na snimku, drugi dje\u010dak ga udara pesnicom u glavu, a onda je nastavio da mu zadaje udarce. Dvojica dje\u010daka sa strane gledaju, a jedan od njih dr\u017ei cigaretu. Na snimku se \u010duje i smijeh \u017eenske osobe koja, kako se pretpostavlja, snima tu\u010du. Oba dje\u010daka su pala na asfalt i dok je dje\u010dak poku\u0161ao da se odbrani, prilazi mu neki tre\u0107i dje\u010dak i udara ga u glavu. Dje\u010dak je nepomi\u010dno ostao da le\u017ei.<\/p>\n\n\n\n<p>Dr\u017eavna tu\u017eiteljka u Osnovnom dr\u017eavnom tu\u017eila\u0161tvu u Baru izjasnila se da se protiv maloljetnika od 15 godina podnese krivi\u010dna prijava. On se sumnji\u010di da je, na \u0161tetu maloljetnog lica starog 13 godina, po\u010dinio krivi\u010dno djelo nasilni\u010dko pona\u0161anje. Nadle\u017ena tu\u017eiteljka se izjasnila da u radnjama roditelja, oca i majke D. \u0106. i B.P., maloljetnika od 13 godina, koji je krivi\u010dno neodgovoran zbog uzrasta, ima elemenata bi\u0107a krivi\u010dnog djela zapu\u0161tanje i zlostavljanje maloljetnog lica.<\/p>\n\n\n\n<p>Prema evidenciji informacionog sistema crnogorskog obrazovanja u ovoj \u0161kolskoj godini zabilje\u017eeno je vi\u0161e od 90 slu\u010dajeva vr\u0161nja\u010dkog nasilja.<\/p>\n\n\n\n<p><strong>Kroz projekte do sigurnijeg okru\u017eenja za \u0111ake<\/strong><\/p>\n\n\n\n<p>Iz Ministarstva isti\u010du da kontinuirano rade na unapre\u0111enju obrazovnog sistema kroz projekte koji imaju za cilj stvaranje sigurnijeg i podr\u017eavaju\u0107eg okru\u017eenja za u\u010denike. Jedan od klju\u010dnih projekata, kako navode, je \u201e\u0160kola bez nasilja\u201c, koji se sprovodi u svim \u0161kolama s namjerom da se smanji nasilje me\u0111u u\u010denicima i promovi\u0161e kultura nenasilja.<\/p>\n\n\n\n<p>U saradnji sa Savjetom Evrope, zapo\u010det je projekat \u201eSpre\u010davanje vr\u0161nja\u010dkog nasilja u \u0161kolama\u201c \u010dije je finansiranje podr\u017eala Vlada Njema\u010dke u iznosu od 500.000 eura. Cilj projekta je da podr\u017ei kreatore obrazovnih politika, institucije i profesionalce kako bi u praksi primjenili postoje\u0107i okvir politika za prevenciju uznemiravanja i vr\u0161nja\u010dkog nasilja u \u0161kolama, ali i da podsti\u010du saradnju, izgradnju kapaciteta i razvoj politika za efikasnu borbu protiv nasilja u \u0161kolama i promovisanje bezbjednog \u0161kolskog okru\u017eenja.<\/p>\n\n\n\n<p>Realizuju se i programi \u201e\u0160kolska medijacija\u201c, \u201eMoje vrijednosti i vrline\u201c, ,,Vje\u0161tine za odrastanje i adolescenciju\u201c i ,,Bri\u017ene porodice\u201c u saradnji sa brojnim me\u0111unarodnim partnerima.<\/p>\n\n\n\n<p>\u201cOvi programi se fokusiraju na ja\u010danje socio-emocionalnih vje\u0161tina u\u010denika, \u0161to podrazumijeva razvijanje empatije, komunikacijskih vje\u0161tina i sposobnosti rje\u0161avanja konflikata. Kroz razli\u010dite radionice i aktivnosti, u\u010denici se podsti\u010du da prepoznaju i izraze svoje emocije, kao i da razumiju emocije drugih, \u010dime se pove\u0107ava njihova otpornost na izazove koje donosi svakodnevni \u017eivot\u201d, isti\u010du iz Ministarstva.<\/p>\n\n\n\n<p>Posljednja u nizu aktivnosti koje Ministarstvo preduzima na temu prevencije nasilja u \u0161kolama je projekat sa kompanijom Crossmedia Agency d.o.o. koji ima za cilj realizaciju nacionalne kampanje za unapre\u0111enje mentalnog zdravlja pod nazivom ,,Ajde da pri\u010damo\u201c. U pitanju je saradnja u oblasti mentalnog zdravlja djece i mladih, sa posebnim fokusom na prevenciju vr\u0161nja\u010dkog i seksualnog nasilja, upravljanje emocijama, mislima i me\u0111uljudskim odnosima. Kroz digitalnu platformu i interaktivne ta\u010dke u \u0161kolama, kampanja \u0107e pru\u017eiti podr\u0161ku u\u010denicima, nastavnicima i roditeljima u rje\u0161avanju izazova mentalnog zdravlja.<\/p>\n\n\n\n<p>\u201cI u narednom periodu Ministarstvo \u0107e nastaviti aktivno da promovi\u0161e i sprovodi politiku nulte tolerancije na nasilje i uznemiravanje u \u0161kolama, na dobrobit svih na\u0161ih u\u010denika\u201d, naveli su iz ovog resora.<\/p>\n\n\n\n<p><strong>Besplatna linija za prijavu vr\u0161nja\u010dkog nasilja<\/strong><\/p>\n\n\n\n<p>Besplatna telefonska linija u Ministarstvu prosvjete, nauke i inovacija za prijavu vr\u0161nja\u010dkog nasilja je u funkciji i ove \u0161kolske godine, podsje\u0107aju iz resornog ministarstva. Broj telefona za prijavijivanje je 080 777 777.<\/p>\n\n\n\n<p>\u201cNakon prijave nasilja, postupa se u zavisnosti od sadr\u017eaja prijave u saradnji sa \u0161kolama, Zavodom za \u0161kolstvo i nadle\u017enim institucijama sistema\u201d, istakli su oni.<\/p>","protected":false},"excerpt":{"rendered":"<p>Ministarstvo prosvjete, nauke i inovacija MPNI podr\u017eava inicijativu da se vrati institucija policajca u zajednici, re\u010deno je Pobjedi iz ovog resora kojim rukovodi ministarka An\u0111ela Jak\u0161i\u0107 Stojanovi\u0107.<\/p>","protected":false},"author":1,"featured_media":953198,"comment_status":"open","ping_status":"open","sticky":false,"template":"","format":"standard","meta":{"_acf_changed":false,"footnotes":""},"categories":[2],"tags":[418,8726,8727],"naslovna":[],"class_list":["post-953197","post","type-post","status-publish","format-standard","has-post-thumbnail","hentry","category-drustvo","tag-ministarstvo-prosvjete-nauke-i-inovacija","tag-policajci-u-skolama","tag-snezana-kaludjerovic"],"acf":[],"yoast_head":"<!-- This site is optimized with the Yoast SEO plugin v27.4 - https:\/\/yoast.com\/product\/yoast-seo-wordpress\/ -->\n<title>Ministarstvo prosvjete podr\u017eava vra\u0107anje policajaca u \u0161kole - dmcsrb.com<\/title>\n<meta name=\"robots\" content=\"index, follow, max-snippet:-1, max-image-preview:large, max-video-preview:-1\" \/>\n<link rel=\"canonical\" href=\"https:\/\/dmcsrb.com\/en\/drustvo\/ministarstvo-prosvjete-podrzava-vracanje-policajaca-u-skole\/\" \/>\n<meta property=\"og:locale\" content=\"en_GB\" \/>\n<meta property=\"og:type\" content=\"article\" \/>\n<meta property=\"og:title\" content=\"Ministarstvo prosvjete podr\u017eava vra\u0107anje policajaca u \u0161kole - dmcsrb.com\" \/>\n<meta property=\"og:description\" content=\"Ministarstvo prosvjete, nauke i inovacija MPNI podr\u017eava inicijativu da se vrati institucija policajca u zajednici, re\u010deno je Pobjedi iz ovog resora kojim rukovodi ministarka An\u0111ela Jak\u0161i\u0107 Stojanovi\u0107.\" \/>\n<meta property=\"og:url\" content=\"https:\/\/dmcsrb.com\/en\/drustvo\/ministarstvo-prosvjete-podrzava-vracanje-policajaca-u-skole\/\" \/>\n<meta property=\"og:site_name\" content=\"dmcsrb.com\" \/>\n<meta property=\"article:published_time\" content=\"2025-09-21T04:10:00+00:00\" \/>\n<meta property=\"og:image\" content=\"https:\/\/dmcsrb.com\/wp-content\/uploads\/2026\/01\/ministarstvo-prosvjete-3-1000x555-1.webp\" \/>\n\t<meta property=\"og:image:width\" content=\"1000\" \/>\n\t<meta property=\"og:image:height\" content=\"555\" \/>\n\t<meta property=\"og:image:type\" content=\"image\/jpeg\" \/>\n<meta name=\"author\" content=\"dmcsrbija.com@gmail.com\" \/>\n<meta name=\"twitter:card\" content=\"summary_large_image\" \/>\n<meta name=\"twitter:label1\" content=\"Written by\" \/>\n\t<meta name=\"twitter:data1\" content=\"dmcsrbija.com@gmail.com\" \/>\n\t<meta name=\"twitter:label2\" content=\"Estimated reading time\" \/>\n\t<meta name=\"twitter:data2\" content=\"8 minutes\" \/>\n<script type=\"application\/ld+json\" class=\"yoast-schema-graph\">{\"@context\":\"https:\\\/\\\/schema.org\",\"@graph\":[{\"@type\":\"Article\",\"@id\":\"https:\\\/\\\/dmcsrb.com\\\/drustvo\\\/ministarstvo-prosvjete-podrzava-vracanje-policajaca-u-skole\\\/#article\",\"isPartOf\":{\"@id\":\"https:\\\/\\\/dmcsrb.com\\\/drustvo\\\/ministarstvo-prosvjete-podrzava-vracanje-policajaca-u-skole\\\/\"},\"author\":{\"name\":\"dmcsrbija.com@gmail.com\",\"@id\":\"https:\\\/\\\/dmcsrb.com\\\/#\\\/schema\\\/person\\\/5c39170f12db1b8b457732d0b5c854e2\"},\"headline\":\"Ministarstvo prosvjete podr\u017eava vra\u0107anje policajaca u \u0161kole\",\"datePublished\":\"2025-09-21T04:10:00+00:00\",\"mainEntityOfPage\":{\"@id\":\"https:\\\/\\\/dmcsrb.com\\\/drustvo\\\/ministarstvo-prosvjete-podrzava-vracanje-policajaca-u-skole\\\/\"},\"wordCount\":1541,\"commentCount\":0,\"image\":{\"@id\":\"https:\\\/\\\/dmcsrb.com\\\/drustvo\\\/ministarstvo-prosvjete-podrzava-vracanje-policajaca-u-skole\\\/#primaryimage\"},\"thumbnailUrl\":\"https:\\\/\\\/dmcsrb.com\\\/wp-content\\\/uploads\\\/2026\\\/01\\\/ministarstvo-prosvjete-3-1000x555-1.webp\",\"keywords\":[\"Ministarstvo prosvjete nauke i inovacija\",\"Policajci u \u0161kolama\",\"Sne\u017eana Kalu\u0111erovi\u0107\"],\"articleSection\":[\"Dru\u0161tvo\"],\"inLanguage\":\"en-GB\",\"potentialAction\":[{\"@type\":\"CommentAction\",\"name\":\"Comment\",\"target\":[\"https:\\\/\\\/dmcsrb.com\\\/drustvo\\\/ministarstvo-prosvjete-podrzava-vracanje-policajaca-u-skole\\\/#respond\"]}]},{\"@type\":\"WebPage\",\"@id\":\"https:\\\/\\\/dmcsrb.com\\\/drustvo\\\/ministarstvo-prosvjete-podrzava-vracanje-policajaca-u-skole\\\/\",\"url\":\"https:\\\/\\\/dmcsrb.com\\\/drustvo\\\/ministarstvo-prosvjete-podrzava-vracanje-policajaca-u-skole\\\/\",\"name\":\"Ministarstvo prosvjete podr\u017eava vra\u0107anje policajaca u \u0161kole - dmcsrb.com\",\"isPartOf\":{\"@id\":\"https:\\\/\\\/dmcsrb.com\\\/#website\"},\"primaryImageOfPage\":{\"@id\":\"https:\\\/\\\/dmcsrb.com\\\/drustvo\\\/ministarstvo-prosvjete-podrzava-vracanje-policajaca-u-skole\\\/#primaryimage\"},\"image\":{\"@id\":\"https:\\\/\\\/dmcsrb.com\\\/drustvo\\\/ministarstvo-prosvjete-podrzava-vracanje-policajaca-u-skole\\\/#primaryimage\"},\"thumbnailUrl\":\"https:\\\/\\\/dmcsrb.com\\\/wp-content\\\/uploads\\\/2026\\\/01\\\/ministarstvo-prosvjete-3-1000x555-1.webp\",\"datePublished\":\"2025-09-21T04:10:00+00:00\",\"author\":{\"@id\":\"https:\\\/\\\/dmcsrb.com\\\/#\\\/schema\\\/person\\\/5c39170f12db1b8b457732d0b5c854e2\"},\"breadcrumb\":{\"@id\":\"https:\\\/\\\/dmcsrb.com\\\/drustvo\\\/ministarstvo-prosvjete-podrzava-vracanje-policajaca-u-skole\\\/#breadcrumb\"},\"inLanguage\":\"en-GB\",\"potentialAction\":[{\"@type\":\"ReadAction\",\"target\":[\"https:\\\/\\\/dmcsrb.com\\\/drustvo\\\/ministarstvo-prosvjete-podrzava-vracanje-policajaca-u-skole\\\/\"]}]},{\"@type\":\"ImageObject\",\"inLanguage\":\"en-GB\",\"@id\":\"https:\\\/\\\/dmcsrb.com\\\/drustvo\\\/ministarstvo-prosvjete-podrzava-vracanje-policajaca-u-skole\\\/#primaryimage\",\"url\":\"https:\\\/\\\/dmcsrb.com\\\/wp-content\\\/uploads\\\/2026\\\/01\\\/ministarstvo-prosvjete-3-1000x555-1.webp\",\"contentUrl\":\"https:\\\/\\\/dmcsrb.com\\\/wp-content\\\/uploads\\\/2026\\\/01\\\/ministarstvo-prosvjete-3-1000x555-1.webp\",\"width\":1000,\"height\":555},{\"@type\":\"BreadcrumbList\",\"@id\":\"https:\\\/\\\/dmcsrb.com\\\/drustvo\\\/ministarstvo-prosvjete-podrzava-vracanje-policajaca-u-skole\\\/#breadcrumb\",\"itemListElement\":[{\"@type\":\"ListItem\",\"position\":1,\"name\":\"Home\",\"item\":\"https:\\\/\\\/dmcsrb.com\\\/\"},{\"@type\":\"ListItem\",\"position\":2,\"name\":\"Ministarstvo prosvjete podr\u017eava vra\u0107anje policajaca u \u0161kole\"}]},{\"@type\":\"WebSite\",\"@id\":\"https:\\\/\\\/dmcsrb.com\\\/#website\",\"url\":\"https:\\\/\\\/dmcsrb.com\\\/\",\"name\":\"dmcsrb.com\",\"description\":\"\",\"potentialAction\":[{\"@type\":\"SearchAction\",\"target\":{\"@type\":\"EntryPoint\",\"urlTemplate\":\"https:\\\/\\\/dmcsrb.com\\\/?s={search_term_string}\"},\"query-input\":{\"@type\":\"PropertyValueSpecification\",\"valueRequired\":true,\"valueName\":\"search_term_string\"}}],\"inLanguage\":\"en-GB\"},{\"@type\":\"Person\",\"@id\":\"https:\\\/\\\/dmcsrb.com\\\/#\\\/schema\\\/person\\\/5c39170f12db1b8b457732d0b5c854e2\",\"name\":\"dmcsrbija.com@gmail.com\",\"image\":{\"@type\":\"ImageObject\",\"inLanguage\":\"en-GB\",\"@id\":\"https:\\\/\\\/secure.gravatar.com\\\/avatar\\\/68592660ad6347fad0fb587f8d5d8f1a7b44961362f56e4f2cd524feb87e9069?s=96&d=mm&r=g\",\"url\":\"https:\\\/\\\/secure.gravatar.com\\\/avatar\\\/68592660ad6347fad0fb587f8d5d8f1a7b44961362f56e4f2cd524feb87e9069?s=96&d=mm&r=g\",\"contentUrl\":\"https:\\\/\\\/secure.gravatar.com\\\/avatar\\\/68592660ad6347fad0fb587f8d5d8f1a7b44961362f56e4f2cd524feb87e9069?s=96&d=mm&r=g\",\"caption\":\"dmcsrbija.com@gmail.com\"},\"sameAs\":[\"https:\\\/\\\/dmcsrb.com\"],\"url\":\"https:\\\/\\\/dmcsrb.com\\\/en\\\/author\\\/dmcsrbija-comgmail-com\\\/\"}]}<\/script>\n<!-- \/ Yoast SEO plugin. -->","yoast_head_json":{"title":"Ministarstvo prosvjete podr\u017eava vra\u0107anje policajaca u \u0161kole - dmcsrb.com","robots":{"index":"index","follow":"follow","max-snippet":"max-snippet:-1","max-image-preview":"max-image-preview:large","max-video-preview":"max-video-preview:-1"},"canonical":"https:\/\/dmcsrb.com\/en\/drustvo\/ministarstvo-prosvjete-podrzava-vracanje-policajaca-u-skole\/","og_locale":"en_GB","og_type":"article","og_title":"Ministarstvo prosvjete podr\u017eava vra\u0107anje policajaca u \u0161kole - dmcsrb.com","og_description":"Ministarstvo prosvjete, nauke i inovacija MPNI podr\u017eava inicijativu da se vrati institucija policajca u zajednici, re\u010deno je Pobjedi iz ovog resora kojim rukovodi ministarka An\u0111ela Jak\u0161i\u0107 Stojanovi\u0107.","og_url":"https:\/\/dmcsrb.com\/en\/drustvo\/ministarstvo-prosvjete-podrzava-vracanje-policajaca-u-skole\/","og_site_name":"dmcsrb.com","article_published_time":"2025-09-21T04:10:00+00:00","og_image":[{"width":1000,"height":555,"url":"https:\/\/dmcsrb.com\/wp-content\/uploads\/2026\/01\/ministarstvo-prosvjete-3-1000x555-1.webp","type":"image\/jpeg"}],"author":"dmcsrbija.com@gmail.com","twitter_card":"summary_large_image","twitter_misc":{"Written by":"dmcsrbija.com@gmail.com","Estimated reading time":"8 minutes"},"schema":{"@context":"https:\/\/schema.org","@graph":[{"@type":"Article","@id":"https:\/\/dmcsrb.com\/drustvo\/ministarstvo-prosvjete-podrzava-vracanje-policajaca-u-skole\/#article","isPartOf":{"@id":"https:\/\/dmcsrb.com\/drustvo\/ministarstvo-prosvjete-podrzava-vracanje-policajaca-u-skole\/"},"author":{"name":"dmcsrbija.com@gmail.com","@id":"https:\/\/dmcsrb.com\/#\/schema\/person\/5c39170f12db1b8b457732d0b5c854e2"},"headline":"Ministarstvo prosvjete podr\u017eava vra\u0107anje policajaca u \u0161kole","datePublished":"2025-09-21T04:10:00+00:00","mainEntityOfPage":{"@id":"https:\/\/dmcsrb.com\/drustvo\/ministarstvo-prosvjete-podrzava-vracanje-policajaca-u-skole\/"},"wordCount":1541,"commentCount":0,"image":{"@id":"https:\/\/dmcsrb.com\/drustvo\/ministarstvo-prosvjete-podrzava-vracanje-policajaca-u-skole\/#primaryimage"},"thumbnailUrl":"https:\/\/dmcsrb.com\/wp-content\/uploads\/2026\/01\/ministarstvo-prosvjete-3-1000x555-1.webp","keywords":["Ministarstvo prosvjete nauke i inovacija","Policajci u \u0161kolama","Sne\u017eana Kalu\u0111erovi\u0107"],"articleSection":["Dru\u0161tvo"],"inLanguage":"en-GB","potentialAction":[{"@type":"CommentAction","name":"Comment","target":["https:\/\/dmcsrb.com\/drustvo\/ministarstvo-prosvjete-podrzava-vracanje-policajaca-u-skole\/#respond"]}]},{"@type":"WebPage","@id":"https:\/\/dmcsrb.com\/drustvo\/ministarstvo-prosvjete-podrzava-vracanje-policajaca-u-skole\/","url":"https:\/\/dmcsrb.com\/drustvo\/ministarstvo-prosvjete-podrzava-vracanje-policajaca-u-skole\/","name":"Ministarstvo prosvjete podr\u017eava vra\u0107anje policajaca u \u0161kole - dmcsrb.com","isPartOf":{"@id":"https:\/\/dmcsrb.com\/#website"},"primaryImageOfPage":{"@id":"https:\/\/dmcsrb.com\/drustvo\/ministarstvo-prosvjete-podrzava-vracanje-policajaca-u-skole\/#primaryimage"},"image":{"@id":"https:\/\/dmcsrb.com\/drustvo\/ministarstvo-prosvjete-podrzava-vracanje-policajaca-u-skole\/#primaryimage"},"thumbnailUrl":"https:\/\/dmcsrb.com\/wp-content\/uploads\/2026\/01\/ministarstvo-prosvjete-3-1000x555-1.webp","datePublished":"2025-09-21T04:10:00+00:00","author":{"@id":"https:\/\/dmcsrb.com\/#\/schema\/person\/5c39170f12db1b8b457732d0b5c854e2"},"breadcrumb":{"@id":"https:\/\/dmcsrb.com\/drustvo\/ministarstvo-prosvjete-podrzava-vracanje-policajaca-u-skole\/#breadcrumb"},"inLanguage":"en-GB","potentialAction":[{"@type":"ReadAction","target":["https:\/\/dmcsrb.com\/drustvo\/ministarstvo-prosvjete-podrzava-vracanje-policajaca-u-skole\/"]}]},{"@type":"ImageObject","inLanguage":"en-GB","@id":"https:\/\/dmcsrb.com\/drustvo\/ministarstvo-prosvjete-podrzava-vracanje-policajaca-u-skole\/#primaryimage","url":"https:\/\/dmcsrb.com\/wp-content\/uploads\/2026\/01\/ministarstvo-prosvjete-3-1000x555-1.webp","contentUrl":"https:\/\/dmcsrb.com\/wp-content\/uploads\/2026\/01\/ministarstvo-prosvjete-3-1000x555-1.webp","width":1000,"height":555},{"@type":"BreadcrumbList","@id":"https:\/\/dmcsrb.com\/drustvo\/ministarstvo-prosvjete-podrzava-vracanje-policajaca-u-skole\/#breadcrumb","itemListElement":[{"@type":"ListItem","position":1,"name":"Home","item":"https:\/\/dmcsrb.com\/"},{"@type":"ListItem","position":2,"name":"Ministarstvo prosvjete podr\u017eava vra\u0107anje policajaca u \u0161kole"}]},{"@type":"WebSite","@id":"https:\/\/dmcsrb.com\/#website","url":"https:\/\/dmcsrb.com\/","name":"dmcsrb.com","description":"","potentialAction":[{"@type":"SearchAction","target":{"@type":"EntryPoint","urlTemplate":"https:\/\/dmcsrb.com\/?s={search_term_string}"},"query-input":{"@type":"PropertyValueSpecification","valueRequired":true,"valueName":"search_term_string"}}],"inLanguage":"en-GB"},{"@type":"Person","@id":"https:\/\/dmcsrb.com\/#\/schema\/person\/5c39170f12db1b8b457732d0b5c854e2","name":"dmcsrbija.com@gmail.com","image":{"@type":"ImageObject","inLanguage":"en-GB","@id":"https:\/\/secure.gravatar.com\/avatar\/68592660ad6347fad0fb587f8d5d8f1a7b44961362f56e4f2cd524feb87e9069?s=96&d=mm&r=g","url":"https:\/\/secure.gravatar.com\/avatar\/68592660ad6347fad0fb587f8d5d8f1a7b44961362f56e4f2cd524feb87e9069?s=96&d=mm&r=g","contentUrl":"https:\/\/secure.gravatar.com\/avatar\/68592660ad6347fad0fb587f8d5d8f1a7b44961362f56e4f2cd524feb87e9069?s=96&d=mm&r=g","caption":"dmcsrbija.com@gmail.com"},"sameAs":["https:\/\/dmcsrb.com"],"url":"https:\/\/dmcsrb.com\/en\/author\/dmcsrbija-comgmail-com\/"}]}},"_links":{"self":[{"href":"https:\/\/dmcsrb.com\/en\/wp-json\/wp\/v2\/posts\/953197","targetHints":{"allow":["GET"]}}],"collection":[{"href":"https:\/\/dmcsrb.com\/en\/wp-json\/wp\/v2\/posts"}],"about":[{"href":"https:\/\/dmcsrb.com\/en\/wp-json\/wp\/v2\/types\/post"}],"author":[{"embeddable":true,"href":"https:\/\/dmcsrb.com\/en\/wp-json\/wp\/v2\/users\/1"}],"replies":[{"embeddable":true,"href":"https:\/\/dmcsrb.com\/en\/wp-json\/wp\/v2\/comments?post=953197"}],"version-history":[{"count":0,"href":"https:\/\/dmcsrb.com\/en\/wp-json\/wp\/v2\/posts\/953197\/revisions"}],"wp:featuredmedia":[{"embeddable":true,"href":"https:\/\/dmcsrb.com\/en\/wp-json\/wp\/v2\/media\/953198"}],"wp:attachment":[{"href":"https:\/\/dmcsrb.com\/en\/wp-json\/wp\/v2\/media?parent=953197"}],"wp:term":[{"taxonomy":"category","embeddable":true,"href":"https:\/\/dmcsrb.com\/en\/wp-json\/wp\/v2\/categories?post=953197"},{"taxonomy":"post_tag","embeddable":true,"href":"https:\/\/dmcsrb.com\/en\/wp-json\/wp\/v2\/tags?post=953197"},{"taxonomy":"naslovna","embeddable":true,"href":"https:\/\/dmcsrb.com\/en\/wp-json\/wp\/v2\/naslovna?post=953197"}],"curies":[{"name":"wp","href":"https:\/\/api.w.org\/{rel}","templated":true}]}}