{"id":953167,"date":"2025-09-20T19:00:00","date_gmt":"2025-09-20T17:00:00","guid":{"rendered":"https:\/\/dmcsrb.com\/uncategorized\/bs-jesu-li-pljevlja-i-dalje-u-crnoj-gori\/"},"modified":"2025-09-20T19:00:00","modified_gmt":"2025-09-20T17:00:00","slug":"bs-jesu-li-pljevlja-i-dalje-u-crnoj-gori","status":"publish","type":"post","link":"https:\/\/dmcsrb.com\/en\/politika\/bs-jesu-li-pljevlja-i-dalje-u-crnoj-gori\/","title":{"rendered":"BS: Jesu li Pljevlja i dalje u Crnoj Gori"},"content":{"rendered":"<p>&#8220;O\u010digledni cilj prvog \u010dovjeka je bio vra\u0107anje u devedesete godine, radikalni nacionalisti\u010dki pir u kome se Pljevlja \u017eele predstaviti kao grad jedne vjere i jedne nacije, grad samovoljno otu\u0111en od Crne Gore, ali na\u017ealost i civilizovanog svijeta. U saop\u0161tenju ne mo\u017eemo ni nabrojati sve skandale koje je, uz pre\u0107utnost partija koje \u010dine vlast, a koje se deklarativno izja\u0161njavaju kao gra\u0111anske, napravila vladaju\u0107a garnitura. Od \u010duvenog \u201cevo ih Turci\u201d, preko izmjene datuma obilje\u017eavanja Dana op\u0161tine Pljevlja, neobilje\u017eavanja nijednog dr\u017eavnog praznika CG, slavljenje drugih dr\u017eavnih praznika, ukidanja \u010duvenih Novembarskih sve\u010danosti, veli\u010danja \u010detnika i poruge antifa\u0161isti\u010dkim snagama koje su oslobodile Pljevlja do crtanje murala i putokaza koji nikakve veze sa Pljevljima nemaju&#8221;, naveli su u saop\u0161tenju iz OO BS Pljevlja.&nbsp;<\/p>\n\n\n\n<p>Namjera je bila samo jedna &#8211; poruka da Pljevlja ne pripadaju Crnoj Gori, dodaju.&nbsp;<\/p>\n\n\n\n<p>&#8220;Ipak, kada smo pomislili da je vlast dotakla dno, upravo su nas demantovala aktuelna desavanja posljednja tri dana. Prva je vijest iz pljevaljske policije. Uhap\u0161ena su trojica uposlenika op\u0161tine Pljevlja, radi paljenja vozila komunalne policije (ustanove u kojoj uhap\u0161eni rade)! Postavlja se logi\u010dno pitanje &#8211; ko je nalogodavac ovog, u Pljevaljima, nezabilje\u017eenog slu\u010daja! Trebamo li mi napominjati tu\u017eila\u0161tvo na kom mjestu je zapaljen pomenuti automobil? Trebamo li ih upoznati sa razlogom za\u0161to je automobil tu bio parkiran? Trebamo li upirati prstom na ljude koji su odmah po doga\u0111aju ekspresno upirali prste u stanare zgrade i stanovnike ulice ispred koje je bio parkiran automobil, optu\u017euju\u0107i ih da su oni izazvali po\u017ear&#8221;, naglasili su u saop\u0161tenju.<\/p>\n\n\n\n<p>Klju\u010dno je, ukazuju, trebamo li mi donositi podatke da su sva trojica osumnji\u010denih u radni odnos primljeni upravo za vrijeme aktuelne vlasti.<\/p>\n\n\n\n<p>&#8220;Mo\u017eda su po ugledu na devedesete formirane \u201ccrne trojke\u201d da zastra\u0161uju svoje gra\u0111ane. A druga &#8230; promocija knjige \u201cVitezovi Kara\u0111or\u0111eve zvijezde JVUO 1941-1945\u201d.&nbsp; Zamislite taj nivo nedostatka empatije i taj na\u010din preno\u0161enja poruka dana\u0161njoj generaciji, kada Op\u0161tina Pljevlja i predsjednik Odbora direktora Rudnika uglja Pljevlja, kompanije \u010dijem radu doprinose i oni (pripadnici islamske vjeroispovjesti) \u010diji su preci pobjegli ispered \u010detni\u010dke kame, danas njihovim novcem podr\u017eavaju ovakve propagandne promocije! Danas se tim novcem slave upravo oni koji su htjeli da ih fizi\u010dki istrijebe. Ova sramota i bruka se nikada nije desila u na\u0161em gradu. \u010cak ni devedesetih. Najsramnija stranica istorije Pljevalja se upravo pi\u0161e, i \u0161to je najgore konstantno dopisuje&#8221;, predo\u010dili su u saop\u0161tenju iz OO BS Pljevlja.&nbsp;<\/p>","protected":false},"excerpt":{"rendered":"<p>Povodom posljednjih de\u0161avanja u op\u0161tini Pljevlja, a koja uti\u010du na multinacionalni sklad i su\u017eivot svih gra\u0111ana, op\u0161tinski odbor Bo\u0161nja\u010dke stranke ukazuje da smo svjedoci smo da je aktuelna lokalna vlast u Pljevljima, na \u010delu sa sada\u0161njim predsjednikom, od preuzimanja vlasti uradila sve da ukalja obraz i uni\u0161ti kulturne temelje ovoga grada.<\/p>","protected":false},"author":1,"featured_media":945248,"comment_status":"open","ping_status":"open","sticky":false,"template":"","format":"standard","meta":{"_acf_changed":false,"footnotes":""},"categories":[12],"tags":[6782,2015,167],"naslovna":[],"class_list":["post-953167","post","type-post","status-publish","format-standard","has-post-thumbnail","hentry","category-politika","tag-bosnjacka-stranka","tag-bs","tag-pljevlja"],"acf":[],"yoast_head":"<!-- This site is optimized with the Yoast SEO plugin v27.4 - https:\/\/yoast.com\/product\/yoast-seo-wordpress\/ -->\n<title>BS: Jesu li Pljevlja i dalje u Crnoj Gori - dmcsrb.com<\/title>\n<meta name=\"robots\" content=\"index, follow, max-snippet:-1, max-image-preview:large, max-video-preview:-1\" \/>\n<link rel=\"canonical\" href=\"https:\/\/dmcsrb.com\/en\/politika\/bs-jesu-li-pljevlja-i-dalje-u-crnoj-gori\/\" \/>\n<meta property=\"og:locale\" content=\"en_GB\" \/>\n<meta property=\"og:type\" content=\"article\" \/>\n<meta property=\"og:title\" content=\"BS: Jesu li Pljevlja i dalje u Crnoj Gori - dmcsrb.com\" \/>\n<meta property=\"og:description\" content=\"Povodom posljednjih de\u0161avanja u op\u0161tini Pljevlja, a koja uti\u010du na multinacionalni sklad i su\u017eivot svih gra\u0111ana, op\u0161tinski odbor Bo\u0161nja\u010dke stranke ukazuje da smo svjedoci smo da je aktuelna lokalna vlast u Pljevljima, na \u010delu sa sada\u0161njim predsjednikom, od preuzimanja vlasti uradila sve da ukalja obraz i uni\u0161ti kulturne temelje ovoga grada.\" \/>\n<meta property=\"og:url\" content=\"https:\/\/dmcsrb.com\/en\/politika\/bs-jesu-li-pljevlja-i-dalje-u-crnoj-gori\/\" \/>\n<meta property=\"og:site_name\" content=\"dmcsrb.com\" \/>\n<meta property=\"article:published_time\" content=\"2025-09-20T17:00:00+00:00\" \/>\n<meta property=\"og:image\" content=\"https:\/\/dmcsrb.com\/wp-content\/uploads\/2026\/01\/BS-slika.webp\" \/>\n\t<meta property=\"og:image:width\" content=\"800\" \/>\n\t<meta property=\"og:image:height\" content=\"385\" \/>\n\t<meta property=\"og:image:type\" content=\"image\/jpeg\" \/>\n<meta name=\"author\" content=\"dmcsrbija.com@gmail.com\" \/>\n<meta name=\"twitter:card\" content=\"summary_large_image\" \/>\n<meta name=\"twitter:label1\" content=\"Written by\" \/>\n\t<meta name=\"twitter:data1\" content=\"dmcsrbija.com@gmail.com\" \/>\n\t<meta name=\"twitter:label2\" content=\"Estimated reading time\" \/>\n\t<meta name=\"twitter:data2\" content=\"2 minutes\" \/>\n<script type=\"application\/ld+json\" class=\"yoast-schema-graph\">{\"@context\":\"https:\\\/\\\/schema.org\",\"@graph\":[{\"@type\":\"Article\",\"@id\":\"https:\\\/\\\/dmcsrb.com\\\/politika\\\/bs-jesu-li-pljevlja-i-dalje-u-crnoj-gori\\\/#article\",\"isPartOf\":{\"@id\":\"https:\\\/\\\/dmcsrb.com\\\/politika\\\/bs-jesu-li-pljevlja-i-dalje-u-crnoj-gori\\\/\"},\"author\":{\"name\":\"dmcsrbija.com@gmail.com\",\"@id\":\"https:\\\/\\\/dmcsrb.com\\\/#\\\/schema\\\/person\\\/5c39170f12db1b8b457732d0b5c854e2\"},\"headline\":\"BS: Jesu li Pljevlja i dalje u Crnoj Gori\",\"datePublished\":\"2025-09-20T17:00:00+00:00\",\"mainEntityOfPage\":{\"@id\":\"https:\\\/\\\/dmcsrb.com\\\/politika\\\/bs-jesu-li-pljevlja-i-dalje-u-crnoj-gori\\\/\"},\"wordCount\":449,\"commentCount\":0,\"image\":{\"@id\":\"https:\\\/\\\/dmcsrb.com\\\/politika\\\/bs-jesu-li-pljevlja-i-dalje-u-crnoj-gori\\\/#primaryimage\"},\"thumbnailUrl\":\"https:\\\/\\\/dmcsrb.com\\\/wp-content\\\/uploads\\\/2026\\\/01\\\/BS-slika.webp\",\"keywords\":[\"Bo\u0161nja\u010dka stranka\",\"BS\",\"Pljevlja\"],\"articleSection\":[\"Politika\"],\"inLanguage\":\"en-GB\",\"potentialAction\":[{\"@type\":\"CommentAction\",\"name\":\"Comment\",\"target\":[\"https:\\\/\\\/dmcsrb.com\\\/politika\\\/bs-jesu-li-pljevlja-i-dalje-u-crnoj-gori\\\/#respond\"]}]},{\"@type\":\"WebPage\",\"@id\":\"https:\\\/\\\/dmcsrb.com\\\/politika\\\/bs-jesu-li-pljevlja-i-dalje-u-crnoj-gori\\\/\",\"url\":\"https:\\\/\\\/dmcsrb.com\\\/politika\\\/bs-jesu-li-pljevlja-i-dalje-u-crnoj-gori\\\/\",\"name\":\"BS: Jesu li Pljevlja i dalje u Crnoj Gori - dmcsrb.com\",\"isPartOf\":{\"@id\":\"https:\\\/\\\/dmcsrb.com\\\/#website\"},\"primaryImageOfPage\":{\"@id\":\"https:\\\/\\\/dmcsrb.com\\\/politika\\\/bs-jesu-li-pljevlja-i-dalje-u-crnoj-gori\\\/#primaryimage\"},\"image\":{\"@id\":\"https:\\\/\\\/dmcsrb.com\\\/politika\\\/bs-jesu-li-pljevlja-i-dalje-u-crnoj-gori\\\/#primaryimage\"},\"thumbnailUrl\":\"https:\\\/\\\/dmcsrb.com\\\/wp-content\\\/uploads\\\/2026\\\/01\\\/BS-slika.webp\",\"datePublished\":\"2025-09-20T17:00:00+00:00\",\"author\":{\"@id\":\"https:\\\/\\\/dmcsrb.com\\\/#\\\/schema\\\/person\\\/5c39170f12db1b8b457732d0b5c854e2\"},\"breadcrumb\":{\"@id\":\"https:\\\/\\\/dmcsrb.com\\\/politika\\\/bs-jesu-li-pljevlja-i-dalje-u-crnoj-gori\\\/#breadcrumb\"},\"inLanguage\":\"en-GB\",\"potentialAction\":[{\"@type\":\"ReadAction\",\"target\":[\"https:\\\/\\\/dmcsrb.com\\\/politika\\\/bs-jesu-li-pljevlja-i-dalje-u-crnoj-gori\\\/\"]}]},{\"@type\":\"ImageObject\",\"inLanguage\":\"en-GB\",\"@id\":\"https:\\\/\\\/dmcsrb.com\\\/politika\\\/bs-jesu-li-pljevlja-i-dalje-u-crnoj-gori\\\/#primaryimage\",\"url\":\"https:\\\/\\\/dmcsrb.com\\\/wp-content\\\/uploads\\\/2026\\\/01\\\/BS-slika.webp\",\"contentUrl\":\"https:\\\/\\\/dmcsrb.com\\\/wp-content\\\/uploads\\\/2026\\\/01\\\/BS-slika.webp\",\"width\":800,\"height\":385},{\"@type\":\"BreadcrumbList\",\"@id\":\"https:\\\/\\\/dmcsrb.com\\\/politika\\\/bs-jesu-li-pljevlja-i-dalje-u-crnoj-gori\\\/#breadcrumb\",\"itemListElement\":[{\"@type\":\"ListItem\",\"position\":1,\"name\":\"Home\",\"item\":\"https:\\\/\\\/dmcsrb.com\\\/\"},{\"@type\":\"ListItem\",\"position\":2,\"name\":\"BS: Jesu li Pljevlja i dalje u Crnoj Gori\"}]},{\"@type\":\"WebSite\",\"@id\":\"https:\\\/\\\/dmcsrb.com\\\/#website\",\"url\":\"https:\\\/\\\/dmcsrb.com\\\/\",\"name\":\"dmcsrb.com\",\"description\":\"\",\"potentialAction\":[{\"@type\":\"SearchAction\",\"target\":{\"@type\":\"EntryPoint\",\"urlTemplate\":\"https:\\\/\\\/dmcsrb.com\\\/?s={search_term_string}\"},\"query-input\":{\"@type\":\"PropertyValueSpecification\",\"valueRequired\":true,\"valueName\":\"search_term_string\"}}],\"inLanguage\":\"en-GB\"},{\"@type\":\"Person\",\"@id\":\"https:\\\/\\\/dmcsrb.com\\\/#\\\/schema\\\/person\\\/5c39170f12db1b8b457732d0b5c854e2\",\"name\":\"dmcsrbija.com@gmail.com\",\"image\":{\"@type\":\"ImageObject\",\"inLanguage\":\"en-GB\",\"@id\":\"https:\\\/\\\/secure.gravatar.com\\\/avatar\\\/68592660ad6347fad0fb587f8d5d8f1a7b44961362f56e4f2cd524feb87e9069?s=96&d=mm&r=g\",\"url\":\"https:\\\/\\\/secure.gravatar.com\\\/avatar\\\/68592660ad6347fad0fb587f8d5d8f1a7b44961362f56e4f2cd524feb87e9069?s=96&d=mm&r=g\",\"contentUrl\":\"https:\\\/\\\/secure.gravatar.com\\\/avatar\\\/68592660ad6347fad0fb587f8d5d8f1a7b44961362f56e4f2cd524feb87e9069?s=96&d=mm&r=g\",\"caption\":\"dmcsrbija.com@gmail.com\"},\"sameAs\":[\"https:\\\/\\\/dmcsrb.com\"],\"url\":\"https:\\\/\\\/dmcsrb.com\\\/en\\\/author\\\/dmcsrbija-comgmail-com\\\/\"}]}<\/script>\n<!-- \/ Yoast SEO plugin. -->","yoast_head_json":{"title":"BS: Jesu li Pljevlja i dalje u Crnoj Gori - dmcsrb.com","robots":{"index":"index","follow":"follow","max-snippet":"max-snippet:-1","max-image-preview":"max-image-preview:large","max-video-preview":"max-video-preview:-1"},"canonical":"https:\/\/dmcsrb.com\/en\/politika\/bs-jesu-li-pljevlja-i-dalje-u-crnoj-gori\/","og_locale":"en_GB","og_type":"article","og_title":"BS: Jesu li Pljevlja i dalje u Crnoj Gori - dmcsrb.com","og_description":"Povodom posljednjih de\u0161avanja u op\u0161tini Pljevlja, a koja uti\u010du na multinacionalni sklad i su\u017eivot svih gra\u0111ana, op\u0161tinski odbor Bo\u0161nja\u010dke stranke ukazuje da smo svjedoci smo da je aktuelna lokalna vlast u Pljevljima, na \u010delu sa sada\u0161njim predsjednikom, od preuzimanja vlasti uradila sve da ukalja obraz i uni\u0161ti kulturne temelje ovoga grada.","og_url":"https:\/\/dmcsrb.com\/en\/politika\/bs-jesu-li-pljevlja-i-dalje-u-crnoj-gori\/","og_site_name":"dmcsrb.com","article_published_time":"2025-09-20T17:00:00+00:00","og_image":[{"width":800,"height":385,"url":"https:\/\/dmcsrb.com\/wp-content\/uploads\/2026\/01\/BS-slika.webp","type":"image\/jpeg"}],"author":"dmcsrbija.com@gmail.com","twitter_card":"summary_large_image","twitter_misc":{"Written by":"dmcsrbija.com@gmail.com","Estimated reading time":"2 minutes"},"schema":{"@context":"https:\/\/schema.org","@graph":[{"@type":"Article","@id":"https:\/\/dmcsrb.com\/politika\/bs-jesu-li-pljevlja-i-dalje-u-crnoj-gori\/#article","isPartOf":{"@id":"https:\/\/dmcsrb.com\/politika\/bs-jesu-li-pljevlja-i-dalje-u-crnoj-gori\/"},"author":{"name":"dmcsrbija.com@gmail.com","@id":"https:\/\/dmcsrb.com\/#\/schema\/person\/5c39170f12db1b8b457732d0b5c854e2"},"headline":"BS: Jesu li Pljevlja i dalje u Crnoj Gori","datePublished":"2025-09-20T17:00:00+00:00","mainEntityOfPage":{"@id":"https:\/\/dmcsrb.com\/politika\/bs-jesu-li-pljevlja-i-dalje-u-crnoj-gori\/"},"wordCount":449,"commentCount":0,"image":{"@id":"https:\/\/dmcsrb.com\/politika\/bs-jesu-li-pljevlja-i-dalje-u-crnoj-gori\/#primaryimage"},"thumbnailUrl":"https:\/\/dmcsrb.com\/wp-content\/uploads\/2026\/01\/BS-slika.webp","keywords":["Bo\u0161nja\u010dka stranka","BS","Pljevlja"],"articleSection":["Politika"],"inLanguage":"en-GB","potentialAction":[{"@type":"CommentAction","name":"Comment","target":["https:\/\/dmcsrb.com\/politika\/bs-jesu-li-pljevlja-i-dalje-u-crnoj-gori\/#respond"]}]},{"@type":"WebPage","@id":"https:\/\/dmcsrb.com\/politika\/bs-jesu-li-pljevlja-i-dalje-u-crnoj-gori\/","url":"https:\/\/dmcsrb.com\/politika\/bs-jesu-li-pljevlja-i-dalje-u-crnoj-gori\/","name":"BS: Jesu li Pljevlja i dalje u Crnoj Gori - dmcsrb.com","isPartOf":{"@id":"https:\/\/dmcsrb.com\/#website"},"primaryImageOfPage":{"@id":"https:\/\/dmcsrb.com\/politika\/bs-jesu-li-pljevlja-i-dalje-u-crnoj-gori\/#primaryimage"},"image":{"@id":"https:\/\/dmcsrb.com\/politika\/bs-jesu-li-pljevlja-i-dalje-u-crnoj-gori\/#primaryimage"},"thumbnailUrl":"https:\/\/dmcsrb.com\/wp-content\/uploads\/2026\/01\/BS-slika.webp","datePublished":"2025-09-20T17:00:00+00:00","author":{"@id":"https:\/\/dmcsrb.com\/#\/schema\/person\/5c39170f12db1b8b457732d0b5c854e2"},"breadcrumb":{"@id":"https:\/\/dmcsrb.com\/politika\/bs-jesu-li-pljevlja-i-dalje-u-crnoj-gori\/#breadcrumb"},"inLanguage":"en-GB","potentialAction":[{"@type":"ReadAction","target":["https:\/\/dmcsrb.com\/politika\/bs-jesu-li-pljevlja-i-dalje-u-crnoj-gori\/"]}]},{"@type":"ImageObject","inLanguage":"en-GB","@id":"https:\/\/dmcsrb.com\/politika\/bs-jesu-li-pljevlja-i-dalje-u-crnoj-gori\/#primaryimage","url":"https:\/\/dmcsrb.com\/wp-content\/uploads\/2026\/01\/BS-slika.webp","contentUrl":"https:\/\/dmcsrb.com\/wp-content\/uploads\/2026\/01\/BS-slika.webp","width":800,"height":385},{"@type":"BreadcrumbList","@id":"https:\/\/dmcsrb.com\/politika\/bs-jesu-li-pljevlja-i-dalje-u-crnoj-gori\/#breadcrumb","itemListElement":[{"@type":"ListItem","position":1,"name":"Home","item":"https:\/\/dmcsrb.com\/"},{"@type":"ListItem","position":2,"name":"BS: Jesu li Pljevlja i dalje u Crnoj Gori"}]},{"@type":"WebSite","@id":"https:\/\/dmcsrb.com\/#website","url":"https:\/\/dmcsrb.com\/","name":"dmcsrb.com","description":"","potentialAction":[{"@type":"SearchAction","target":{"@type":"EntryPoint","urlTemplate":"https:\/\/dmcsrb.com\/?s={search_term_string}"},"query-input":{"@type":"PropertyValueSpecification","valueRequired":true,"valueName":"search_term_string"}}],"inLanguage":"en-GB"},{"@type":"Person","@id":"https:\/\/dmcsrb.com\/#\/schema\/person\/5c39170f12db1b8b457732d0b5c854e2","name":"dmcsrbija.com@gmail.com","image":{"@type":"ImageObject","inLanguage":"en-GB","@id":"https:\/\/secure.gravatar.com\/avatar\/68592660ad6347fad0fb587f8d5d8f1a7b44961362f56e4f2cd524feb87e9069?s=96&d=mm&r=g","url":"https:\/\/secure.gravatar.com\/avatar\/68592660ad6347fad0fb587f8d5d8f1a7b44961362f56e4f2cd524feb87e9069?s=96&d=mm&r=g","contentUrl":"https:\/\/secure.gravatar.com\/avatar\/68592660ad6347fad0fb587f8d5d8f1a7b44961362f56e4f2cd524feb87e9069?s=96&d=mm&r=g","caption":"dmcsrbija.com@gmail.com"},"sameAs":["https:\/\/dmcsrb.com"],"url":"https:\/\/dmcsrb.com\/en\/author\/dmcsrbija-comgmail-com\/"}]}},"_links":{"self":[{"href":"https:\/\/dmcsrb.com\/en\/wp-json\/wp\/v2\/posts\/953167","targetHints":{"allow":["GET"]}}],"collection":[{"href":"https:\/\/dmcsrb.com\/en\/wp-json\/wp\/v2\/posts"}],"about":[{"href":"https:\/\/dmcsrb.com\/en\/wp-json\/wp\/v2\/types\/post"}],"author":[{"embeddable":true,"href":"https:\/\/dmcsrb.com\/en\/wp-json\/wp\/v2\/users\/1"}],"replies":[{"embeddable":true,"href":"https:\/\/dmcsrb.com\/en\/wp-json\/wp\/v2\/comments?post=953167"}],"version-history":[{"count":0,"href":"https:\/\/dmcsrb.com\/en\/wp-json\/wp\/v2\/posts\/953167\/revisions"}],"wp:featuredmedia":[{"embeddable":true,"href":"https:\/\/dmcsrb.com\/en\/wp-json\/wp\/v2\/media\/945248"}],"wp:attachment":[{"href":"https:\/\/dmcsrb.com\/en\/wp-json\/wp\/v2\/media?parent=953167"}],"wp:term":[{"taxonomy":"category","embeddable":true,"href":"https:\/\/dmcsrb.com\/en\/wp-json\/wp\/v2\/categories?post=953167"},{"taxonomy":"post_tag","embeddable":true,"href":"https:\/\/dmcsrb.com\/en\/wp-json\/wp\/v2\/tags?post=953167"},{"taxonomy":"naslovna","embeddable":true,"href":"https:\/\/dmcsrb.com\/en\/wp-json\/wp\/v2\/naslovna?post=953167"}],"curies":[{"name":"wp","href":"https:\/\/api.w.org\/{rel}","templated":true}]}}