{"id":953160,"date":"2025-09-20T18:07:00","date_gmt":"2025-09-20T16:07:00","guid":{"rendered":"https:\/\/dmcsrb.com\/uncategorized\/vajs-bez-kolektora-u-botunu-necete-moci-da-zatvorite-poglavlje-27\/"},"modified":"2025-09-20T18:07:00","modified_gmt":"2025-09-20T16:07:00","slug":"vajs-bez-kolektora-u-botunu-necete-moci-da-zatvorite-poglavlje-27","status":"publish","type":"post","link":"https:\/\/dmcsrb.com\/en\/politika\/vajs-bez-kolektora-u-botunu-necete-moci-da-zatvorite-poglavlje-27\/","title":{"rendered":"Vajs: Bez kolektora u Botunu ne\u0107ete mo\u0107i da zatvorite poglavlje 27"},"content":{"rendered":"<p><\/p>\n\n\n\n<p>Vajs je u\u010destvovao na Gra\u0111anskom forumu koji su organizovali Skup\u0161tina i EP uz podr\u0161ku CEDEM-a.<\/p>\n\n\n\n<p>Da dvije tre\u0107ine stanovnika na\u0161e zemlje nema adekvatan tretman otpadnih voda, koje na kraju zavr\u0161e u rijeci ili jezeru, nepojmljivo je evropskom poslaniku Tomasu Vajsu.<\/p>\n\n\n\n<p>&#8220;Je li to ono \u0161to \u017eelite &#8211; da ispu\u0161tate otpadne vode u Mora\u010du i u Skadarsko jezero. Vi ste turisti\u010dka zemlja, dakle, da li \u017eelite da turisti saznaju kakva je situacija? Tako da molim vas, hajde da napravimo to postrojenje i ne radi se o grantu od 33 miliona eura, radi se o poklonu 33 miliona eura&#8221;, istakao je Vajs.&nbsp;<br><br>Blokada kolektora u Botunu ugro\u017eava zatvaranje poglavlja 27 ali i evropski put, kaze Vajs.<\/p>\n\n\n\n<p>&#8220;Ako nema postrojenja za preradu otpadnih voda za 200.000 ljudi ili 150.000 ljudi u Podgorici, jasno vam je da \u0107e to ote\u017eati va\u0161e pristupanje Evropskoj uniji. Ne\u0107ete mo\u0107i da zatvorite poglavlje 27 bez tog postrojenja u Podgorici&#8221;, rekao je Vajs.\u00a0<\/p>\n\n\n\n<p>On je upozorio Kne\u017eevi\u0107a da se ne mo\u017ee zaustavljati prijem Crne Gore u EU.&nbsp;<\/p>\n\n\n\n<p>O svim bitnim temama, poru\u010duje Vajs, mora se razgovarati sa gra\u0111anima a politi\u010dari su tu zbog gra\u0111ana, o \u010demu su saglasni i na\u0161i parlamentarci.<br><br><strong>Vasilije \u010carapi\u0107<\/strong> iz PES-a ka\u017ee da gra\u0111ani treba da budu uklju\u010deni u&nbsp;proces integracije.<\/p>\n\n\n\n<p>&#8220;Mi samo usvajamo zakone, a gra\u0111ani su ti koji treba da \u017eive u Evropskoj uniji, da budu dio jedne jako specifi\u010dne porodice i jednog projekta za koji slobodno mogu da ka\u017eem da je najuspe\u0161niji projekat u istoriji \u010dove\u010danstva&#8221;, dodao je \u010carapi\u0107.&nbsp;<\/p>\n\n\n\n<p>Glas gra\u0111ana mora \u010duti svakog dana a ne samo tokom politi\u010dkih kampanja, zato su forumi sa gra\u0111anima kao dana\u0161nji koji su organizovali Skup\u0161tina i EP uz podr\u0161ku CEDEM-a veoma korisni.<br><br><strong>Nevenka Vuksanovi\u0107<\/strong> iz CEDEM-a ka\u017ee na\u0161e politi\u010dke partije nekad nemaju na umu da su zapravo izabrane od strane gra\u0111ana i gra\u0111anki.<\/p>\n\n\n\n<p>&#8220;Da je va\u0161a rije\u010d i prva i poslednja u cijelom procesu&#8221;, kazala je Vuksanovi\u0107.&nbsp;<br><br>Nakon Podgorice, Forum gra\u0111ana organizova\u0107e se u svim dr\u017eavama Zapadnog Balkana na temu evropskih integracija.<\/p>","protected":false},"excerpt":{"rendered":"<p>Crna Gora ne\u0107e mo\u0107i da zatvori poglavlje 27 (\u017eivotna sredina) u pregovorima sa EU bez izgradnje postrojenja za preradu otpadnih voda u Podgorici, poru\u010dio je i predsjedavaju\u0107i Parlamentarnog odbora za stabilizaciju i pridru\u017eivanje Tomas Vajc, nagla\u0161avaju\u0107i da bi eventualna obustava tog projekta ozbiljno ugrozila evropski put zemlje, na \u0161ta upozorava lidera DNP-a Milana Kne\u017eevi\u0107a.<\/p>","protected":false},"author":1,"featured_media":953161,"comment_status":"open","ping_status":"open","sticky":false,"template":"","format":"standard","meta":{"_acf_changed":false,"footnotes":""},"categories":[12],"tags":[586,10,8145,6116,2757,8707,2500],"naslovna":[],"class_list":["post-953160","post","type-post","status-publish","format-standard","has-post-thumbnail","hentry","category-politika","tag-botun","tag-eu","tag-nevenka-vuksanovic","tag-poglavlje-27","tag-postrojenje-u-botunu","tag-tomas-vajs","tag-vasilije-carapic"],"acf":[],"yoast_head":"<!-- This site is optimized with the Yoast SEO plugin v27.0 - https:\/\/yoast.com\/product\/yoast-seo-wordpress\/ -->\n<title>Vajs: Bez kolektora u Botunu ne\u0107ete mo\u0107i da zatvorite poglavlje 27 - dmcsrb.com<\/title>\n<meta name=\"robots\" content=\"index, follow, max-snippet:-1, max-image-preview:large, max-video-preview:-1\" \/>\n<link rel=\"canonical\" href=\"https:\/\/dmcsrb.com\/en\/politika\/vajs-bez-kolektora-u-botunu-necete-moci-da-zatvorite-poglavlje-27\/\" \/>\n<meta property=\"og:locale\" content=\"en_GB\" \/>\n<meta property=\"og:type\" content=\"article\" \/>\n<meta property=\"og:title\" content=\"Vajs: Bez kolektora u Botunu ne\u0107ete mo\u0107i da zatvorite poglavlje 27 - dmcsrb.com\" \/>\n<meta property=\"og:description\" content=\"Crna Gora ne\u0107e mo\u0107i da zatvori poglavlje 27 (\u017eivotna sredina) u pregovorima sa EU bez izgradnje postrojenja za preradu otpadnih voda u Podgorici, poru\u010dio je i predsjedavaju\u0107i Parlamentarnog odbora za stabilizaciju i pridru\u017eivanje Tomas Vajc, nagla\u0161avaju\u0107i da bi eventualna obustava tog projekta ozbiljno ugrozila evropski put zemlje, na \u0161ta upozorava lidera DNP-a Milana Kne\u017eevi\u0107a.\" \/>\n<meta property=\"og:url\" content=\"https:\/\/dmcsrb.com\/en\/politika\/vajs-bez-kolektora-u-botunu-necete-moci-da-zatvorite-poglavlje-27\/\" \/>\n<meta property=\"og:site_name\" content=\"dmcsrb.com\" \/>\n<meta property=\"article:published_time\" content=\"2025-09-20T16:07:00+00:00\" \/>\n<meta property=\"og:image\" content=\"https:\/\/dmcsrb.com\/wp-content\/uploads\/2026\/01\/Vajs-na-gradjanskom-forumu-foto-screenshot.webp\" \/>\n\t<meta property=\"og:image:width\" content=\"918\" \/>\n\t<meta property=\"og:image:height\" content=\"512\" \/>\n\t<meta property=\"og:image:type\" content=\"image\/jpeg\" \/>\n<meta name=\"author\" content=\"dmcsrbija.com@gmail.com\" \/>\n<meta name=\"twitter:card\" content=\"summary_large_image\" \/>\n<meta name=\"twitter:label1\" content=\"Written by\" \/>\n\t<meta name=\"twitter:data1\" content=\"dmcsrbija.com@gmail.com\" \/>\n\t<meta name=\"twitter:label2\" content=\"Estimated reading time\" \/>\n\t<meta name=\"twitter:data2\" content=\"2 minutes\" \/>\n<script type=\"application\/ld+json\" class=\"yoast-schema-graph\">{\"@context\":\"https:\/\/schema.org\",\"@graph\":[{\"@type\":\"Article\",\"@id\":\"https:\/\/dmcsrb.com\/politika\/vajs-bez-kolektora-u-botunu-necete-moci-da-zatvorite-poglavlje-27\/#article\",\"isPartOf\":{\"@id\":\"https:\/\/dmcsrb.com\/politika\/vajs-bez-kolektora-u-botunu-necete-moci-da-zatvorite-poglavlje-27\/\"},\"author\":{\"name\":\"dmcsrbija.com@gmail.com\",\"@id\":\"https:\/\/dmcsrb.com\/#\/schema\/person\/5c39170f12db1b8b457732d0b5c854e2\"},\"headline\":\"Vajs: Bez kolektora u Botunu ne\u0107ete mo\u0107i da zatvorite poglavlje 27\",\"datePublished\":\"2025-09-20T16:07:00+00:00\",\"mainEntityOfPage\":{\"@id\":\"https:\/\/dmcsrb.com\/politika\/vajs-bez-kolektora-u-botunu-necete-moci-da-zatvorite-poglavlje-27\/\"},\"wordCount\":384,\"commentCount\":0,\"image\":{\"@id\":\"https:\/\/dmcsrb.com\/politika\/vajs-bez-kolektora-u-botunu-necete-moci-da-zatvorite-poglavlje-27\/#primaryimage\"},\"thumbnailUrl\":\"https:\/\/dmcsrb.com\/wp-content\/uploads\/2026\/01\/Vajs-na-gradjanskom-forumu-foto-screenshot.webp\",\"keywords\":[\"Botun\",\"EU\",\"Nevenka Vuksanovi\u0107\",\"poglavlje 27\",\"Postrojenje u Botunu\",\"Tomas Vajs\",\"Vasilije \u010carapi\u0107\"],\"articleSection\":[\"Politika\"],\"inLanguage\":\"en-GB\",\"potentialAction\":[{\"@type\":\"CommentAction\",\"name\":\"Comment\",\"target\":[\"https:\/\/dmcsrb.com\/politika\/vajs-bez-kolektora-u-botunu-necete-moci-da-zatvorite-poglavlje-27\/#respond\"]}]},{\"@type\":\"WebPage\",\"@id\":\"https:\/\/dmcsrb.com\/politika\/vajs-bez-kolektora-u-botunu-necete-moci-da-zatvorite-poglavlje-27\/\",\"url\":\"https:\/\/dmcsrb.com\/politika\/vajs-bez-kolektora-u-botunu-necete-moci-da-zatvorite-poglavlje-27\/\",\"name\":\"Vajs: Bez kolektora u Botunu ne\u0107ete mo\u0107i da zatvorite poglavlje 27 - dmcsrb.com\",\"isPartOf\":{\"@id\":\"https:\/\/dmcsrb.com\/#website\"},\"primaryImageOfPage\":{\"@id\":\"https:\/\/dmcsrb.com\/politika\/vajs-bez-kolektora-u-botunu-necete-moci-da-zatvorite-poglavlje-27\/#primaryimage\"},\"image\":{\"@id\":\"https:\/\/dmcsrb.com\/politika\/vajs-bez-kolektora-u-botunu-necete-moci-da-zatvorite-poglavlje-27\/#primaryimage\"},\"thumbnailUrl\":\"https:\/\/dmcsrb.com\/wp-content\/uploads\/2026\/01\/Vajs-na-gradjanskom-forumu-foto-screenshot.webp\",\"datePublished\":\"2025-09-20T16:07:00+00:00\",\"author\":{\"@id\":\"https:\/\/dmcsrb.com\/#\/schema\/person\/5c39170f12db1b8b457732d0b5c854e2\"},\"breadcrumb\":{\"@id\":\"https:\/\/dmcsrb.com\/politika\/vajs-bez-kolektora-u-botunu-necete-moci-da-zatvorite-poglavlje-27\/#breadcrumb\"},\"inLanguage\":\"en-GB\",\"potentialAction\":[{\"@type\":\"ReadAction\",\"target\":[\"https:\/\/dmcsrb.com\/politika\/vajs-bez-kolektora-u-botunu-necete-moci-da-zatvorite-poglavlje-27\/\"]}]},{\"@type\":\"ImageObject\",\"inLanguage\":\"en-GB\",\"@id\":\"https:\/\/dmcsrb.com\/politika\/vajs-bez-kolektora-u-botunu-necete-moci-da-zatvorite-poglavlje-27\/#primaryimage\",\"url\":\"https:\/\/dmcsrb.com\/wp-content\/uploads\/2026\/01\/Vajs-na-gradjanskom-forumu-foto-screenshot.webp\",\"contentUrl\":\"https:\/\/dmcsrb.com\/wp-content\/uploads\/2026\/01\/Vajs-na-gradjanskom-forumu-foto-screenshot.webp\",\"width\":918,\"height\":512},{\"@type\":\"BreadcrumbList\",\"@id\":\"https:\/\/dmcsrb.com\/politika\/vajs-bez-kolektora-u-botunu-necete-moci-da-zatvorite-poglavlje-27\/#breadcrumb\",\"itemListElement\":[{\"@type\":\"ListItem\",\"position\":1,\"name\":\"Home\",\"item\":\"https:\/\/dmcsrb.com\/\"},{\"@type\":\"ListItem\",\"position\":2,\"name\":\"Vajs: Bez kolektora u Botunu ne\u0107ete mo\u0107i da zatvorite poglavlje 27\"}]},{\"@type\":\"WebSite\",\"@id\":\"https:\/\/dmcsrb.com\/#website\",\"url\":\"https:\/\/dmcsrb.com\/\",\"name\":\"dmcsrb.com\",\"description\":\"\",\"potentialAction\":[{\"@type\":\"SearchAction\",\"target\":{\"@type\":\"EntryPoint\",\"urlTemplate\":\"https:\/\/dmcsrb.com\/?s={search_term_string}\"},\"query-input\":{\"@type\":\"PropertyValueSpecification\",\"valueRequired\":true,\"valueName\":\"search_term_string\"}}],\"inLanguage\":\"en-GB\"},{\"@type\":\"Person\",\"@id\":\"https:\/\/dmcsrb.com\/#\/schema\/person\/5c39170f12db1b8b457732d0b5c854e2\",\"name\":\"dmcsrbija.com@gmail.com\",\"image\":{\"@type\":\"ImageObject\",\"inLanguage\":\"en-GB\",\"@id\":\"https:\/\/dmcsrb.com\/#\/schema\/person\/image\/\",\"url\":\"https:\/\/secure.gravatar.com\/avatar\/68592660ad6347fad0fb587f8d5d8f1a7b44961362f56e4f2cd524feb87e9069?s=96&d=mm&r=g\",\"contentUrl\":\"https:\/\/secure.gravatar.com\/avatar\/68592660ad6347fad0fb587f8d5d8f1a7b44961362f56e4f2cd524feb87e9069?s=96&d=mm&r=g\",\"caption\":\"dmcsrbija.com@gmail.com\"},\"sameAs\":[\"https:\/\/dmcsrb.com\"],\"url\":\"https:\/\/dmcsrb.com\/en\/author\/dmcsrbija-comgmail-com\/\"}]}<\/script>\n<!-- \/ Yoast SEO plugin. -->","yoast_head_json":{"title":"Vajs: Bez kolektora u Botunu ne\u0107ete mo\u0107i da zatvorite poglavlje 27 - dmcsrb.com","robots":{"index":"index","follow":"follow","max-snippet":"max-snippet:-1","max-image-preview":"max-image-preview:large","max-video-preview":"max-video-preview:-1"},"canonical":"https:\/\/dmcsrb.com\/en\/politika\/vajs-bez-kolektora-u-botunu-necete-moci-da-zatvorite-poglavlje-27\/","og_locale":"en_GB","og_type":"article","og_title":"Vajs: Bez kolektora u Botunu ne\u0107ete mo\u0107i da zatvorite poglavlje 27 - dmcsrb.com","og_description":"Crna Gora ne\u0107e mo\u0107i da zatvori poglavlje 27 (\u017eivotna sredina) u pregovorima sa EU bez izgradnje postrojenja za preradu otpadnih voda u Podgorici, poru\u010dio je i predsjedavaju\u0107i Parlamentarnog odbora za stabilizaciju i pridru\u017eivanje Tomas Vajc, nagla\u0161avaju\u0107i da bi eventualna obustava tog projekta ozbiljno ugrozila evropski put zemlje, na \u0161ta upozorava lidera DNP-a Milana Kne\u017eevi\u0107a.","og_url":"https:\/\/dmcsrb.com\/en\/politika\/vajs-bez-kolektora-u-botunu-necete-moci-da-zatvorite-poglavlje-27\/","og_site_name":"dmcsrb.com","article_published_time":"2025-09-20T16:07:00+00:00","og_image":[{"width":918,"height":512,"url":"https:\/\/dmcsrb.com\/wp-content\/uploads\/2026\/01\/Vajs-na-gradjanskom-forumu-foto-screenshot.webp","type":"image\/jpeg"}],"author":"dmcsrbija.com@gmail.com","twitter_card":"summary_large_image","twitter_misc":{"Written by":"dmcsrbija.com@gmail.com","Estimated reading time":"2 minutes"},"schema":{"@context":"https:\/\/schema.org","@graph":[{"@type":"Article","@id":"https:\/\/dmcsrb.com\/politika\/vajs-bez-kolektora-u-botunu-necete-moci-da-zatvorite-poglavlje-27\/#article","isPartOf":{"@id":"https:\/\/dmcsrb.com\/politika\/vajs-bez-kolektora-u-botunu-necete-moci-da-zatvorite-poglavlje-27\/"},"author":{"name":"dmcsrbija.com@gmail.com","@id":"https:\/\/dmcsrb.com\/#\/schema\/person\/5c39170f12db1b8b457732d0b5c854e2"},"headline":"Vajs: Bez kolektora u Botunu ne\u0107ete mo\u0107i da zatvorite poglavlje 27","datePublished":"2025-09-20T16:07:00+00:00","mainEntityOfPage":{"@id":"https:\/\/dmcsrb.com\/politika\/vajs-bez-kolektora-u-botunu-necete-moci-da-zatvorite-poglavlje-27\/"},"wordCount":384,"commentCount":0,"image":{"@id":"https:\/\/dmcsrb.com\/politika\/vajs-bez-kolektora-u-botunu-necete-moci-da-zatvorite-poglavlje-27\/#primaryimage"},"thumbnailUrl":"https:\/\/dmcsrb.com\/wp-content\/uploads\/2026\/01\/Vajs-na-gradjanskom-forumu-foto-screenshot.webp","keywords":["Botun","EU","Nevenka Vuksanovi\u0107","poglavlje 27","Postrojenje u Botunu","Tomas Vajs","Vasilije \u010carapi\u0107"],"articleSection":["Politika"],"inLanguage":"en-GB","potentialAction":[{"@type":"CommentAction","name":"Comment","target":["https:\/\/dmcsrb.com\/politika\/vajs-bez-kolektora-u-botunu-necete-moci-da-zatvorite-poglavlje-27\/#respond"]}]},{"@type":"WebPage","@id":"https:\/\/dmcsrb.com\/politika\/vajs-bez-kolektora-u-botunu-necete-moci-da-zatvorite-poglavlje-27\/","url":"https:\/\/dmcsrb.com\/politika\/vajs-bez-kolektora-u-botunu-necete-moci-da-zatvorite-poglavlje-27\/","name":"Vajs: Bez kolektora u Botunu ne\u0107ete mo\u0107i da zatvorite poglavlje 27 - dmcsrb.com","isPartOf":{"@id":"https:\/\/dmcsrb.com\/#website"},"primaryImageOfPage":{"@id":"https:\/\/dmcsrb.com\/politika\/vajs-bez-kolektora-u-botunu-necete-moci-da-zatvorite-poglavlje-27\/#primaryimage"},"image":{"@id":"https:\/\/dmcsrb.com\/politika\/vajs-bez-kolektora-u-botunu-necete-moci-da-zatvorite-poglavlje-27\/#primaryimage"},"thumbnailUrl":"https:\/\/dmcsrb.com\/wp-content\/uploads\/2026\/01\/Vajs-na-gradjanskom-forumu-foto-screenshot.webp","datePublished":"2025-09-20T16:07:00+00:00","author":{"@id":"https:\/\/dmcsrb.com\/#\/schema\/person\/5c39170f12db1b8b457732d0b5c854e2"},"breadcrumb":{"@id":"https:\/\/dmcsrb.com\/politika\/vajs-bez-kolektora-u-botunu-necete-moci-da-zatvorite-poglavlje-27\/#breadcrumb"},"inLanguage":"en-GB","potentialAction":[{"@type":"ReadAction","target":["https:\/\/dmcsrb.com\/politika\/vajs-bez-kolektora-u-botunu-necete-moci-da-zatvorite-poglavlje-27\/"]}]},{"@type":"ImageObject","inLanguage":"en-GB","@id":"https:\/\/dmcsrb.com\/politika\/vajs-bez-kolektora-u-botunu-necete-moci-da-zatvorite-poglavlje-27\/#primaryimage","url":"https:\/\/dmcsrb.com\/wp-content\/uploads\/2026\/01\/Vajs-na-gradjanskom-forumu-foto-screenshot.webp","contentUrl":"https:\/\/dmcsrb.com\/wp-content\/uploads\/2026\/01\/Vajs-na-gradjanskom-forumu-foto-screenshot.webp","width":918,"height":512},{"@type":"BreadcrumbList","@id":"https:\/\/dmcsrb.com\/politika\/vajs-bez-kolektora-u-botunu-necete-moci-da-zatvorite-poglavlje-27\/#breadcrumb","itemListElement":[{"@type":"ListItem","position":1,"name":"Home","item":"https:\/\/dmcsrb.com\/"},{"@type":"ListItem","position":2,"name":"Vajs: Bez kolektora u Botunu ne\u0107ete mo\u0107i da zatvorite poglavlje 27"}]},{"@type":"WebSite","@id":"https:\/\/dmcsrb.com\/#website","url":"https:\/\/dmcsrb.com\/","name":"dmcsrb.com","description":"","potentialAction":[{"@type":"SearchAction","target":{"@type":"EntryPoint","urlTemplate":"https:\/\/dmcsrb.com\/?s={search_term_string}"},"query-input":{"@type":"PropertyValueSpecification","valueRequired":true,"valueName":"search_term_string"}}],"inLanguage":"en-GB"},{"@type":"Person","@id":"https:\/\/dmcsrb.com\/#\/schema\/person\/5c39170f12db1b8b457732d0b5c854e2","name":"dmcsrbija.com@gmail.com","image":{"@type":"ImageObject","inLanguage":"en-GB","@id":"https:\/\/dmcsrb.com\/#\/schema\/person\/image\/","url":"https:\/\/secure.gravatar.com\/avatar\/68592660ad6347fad0fb587f8d5d8f1a7b44961362f56e4f2cd524feb87e9069?s=96&d=mm&r=g","contentUrl":"https:\/\/secure.gravatar.com\/avatar\/68592660ad6347fad0fb587f8d5d8f1a7b44961362f56e4f2cd524feb87e9069?s=96&d=mm&r=g","caption":"dmcsrbija.com@gmail.com"},"sameAs":["https:\/\/dmcsrb.com"],"url":"https:\/\/dmcsrb.com\/en\/author\/dmcsrbija-comgmail-com\/"}]}},"_links":{"self":[{"href":"https:\/\/dmcsrb.com\/en\/wp-json\/wp\/v2\/posts\/953160","targetHints":{"allow":["GET"]}}],"collection":[{"href":"https:\/\/dmcsrb.com\/en\/wp-json\/wp\/v2\/posts"}],"about":[{"href":"https:\/\/dmcsrb.com\/en\/wp-json\/wp\/v2\/types\/post"}],"author":[{"embeddable":true,"href":"https:\/\/dmcsrb.com\/en\/wp-json\/wp\/v2\/users\/1"}],"replies":[{"embeddable":true,"href":"https:\/\/dmcsrb.com\/en\/wp-json\/wp\/v2\/comments?post=953160"}],"version-history":[{"count":0,"href":"https:\/\/dmcsrb.com\/en\/wp-json\/wp\/v2\/posts\/953160\/revisions"}],"wp:featuredmedia":[{"embeddable":true,"href":"https:\/\/dmcsrb.com\/en\/wp-json\/wp\/v2\/media\/953161"}],"wp:attachment":[{"href":"https:\/\/dmcsrb.com\/en\/wp-json\/wp\/v2\/media?parent=953160"}],"wp:term":[{"taxonomy":"category","embeddable":true,"href":"https:\/\/dmcsrb.com\/en\/wp-json\/wp\/v2\/categories?post=953160"},{"taxonomy":"post_tag","embeddable":true,"href":"https:\/\/dmcsrb.com\/en\/wp-json\/wp\/v2\/tags?post=953160"},{"taxonomy":"naslovna","embeddable":true,"href":"https:\/\/dmcsrb.com\/en\/wp-json\/wp\/v2\/naslovna?post=953160"}],"curies":[{"name":"wp","href":"https:\/\/api.w.org\/{rel}","templated":true}]}}