{"id":953133,"date":"2025-09-20T15:50:00","date_gmt":"2025-09-20T13:50:00","guid":{"rendered":"https:\/\/dmcsrb.com\/uncategorized\/protest-u-zagrebu-nismo-ustase-ali-cemo-ustati\/"},"modified":"2025-09-20T15:50:00","modified_gmt":"2025-09-20T13:50:00","slug":"protest-u-zagrebu-nismo-ustase-ali-cemo-ustati","status":"publish","type":"post","link":"https:\/\/dmcsrb.com\/en\/region\/protest-u-zagrebu-nismo-ustase-ali-cemo-ustati\/","title":{"rendered":"Protest u Zagrebu: &#8220;Nismo usta\u0161e, ali \u0107emo ustati&#8221;"},"content":{"rendered":"<p><\/p>\n\n\n\n<p>Na Trgu bana Jela\u010di\u0107a jutros rano je postavljena oprema. &#8220;Nismo usta\u0161e, ali \u0107emo ustati&#8221;, stoji na jednom transparentu, prenosi Index.<\/p>\n\n\n\n<p>&#8220;Mi smo tu da Hrvatsku odbranimo od zamjene stanovni\u0161tva. Ovo je na\u0161a domovina, hrvatska kultura, mi \u0107emo u svojoj dr\u017eavi pri\u010dati hrvatski jezik, koristi\u0107emo hrvatsku valutu, hrvatsku kunu, ako to gra\u0111ani na referendumu odlu\u010de tako&#8221;, rekao je organizator Ronaldo Bari\u0161i\u0107.<\/p>\n\n\n\n<p>Bari\u0161i\u0107 je u obra\u0107anju okupljenima, prema navodima hrvatskog Indeksa, naveo da je neophodno da se prioritet u zapo\u0161ljavanju da hrvatskom stanovni\u0161tvu, a tek kad se oni zaposle, mo\u017ee do\u0107i do &#8220;uvoza radnika&#8221;, koji \u0107e, prema njegovim rije\u010dima, morati da po\u0161tuju hrvatsku kulturu i jezik.<\/p>\n\n\n\n<p>&#8220;Njihov plan je da zamijene mene, da zamene sve. Mo\u017eda ni ja ne\u0107u biti ovde za 20 godina, mo\u017eda \u0107e Nepalci imati svoj skup. Pozivam mladost i dijasporu da se vrate. Ovo je va\u0161a zemlja. Ako Bog da, uskoro \u0107emo vratiti na\u0161u valutu. Hvala dijaspori, oni nose domovinu u srcu&#8221;, naglasio je Bari\u0161i\u0107.<\/p>\n\n\n\n<p>Organizator protesta je istakao i da veoma po\u0161tuje Hrvatske odbrambene snage (HOS), dodaju\u0107i da im \u0161alje pozdrave sa skupa.<\/p>\n\n\n\n<p>Bari\u0161i\u0107 je istovremeno istakao da ne podr\u017eava nijednu politi\u010dku stranku &#8220;koja radi protiv hrvatskih gra\u0111ana&#8221; i uputio poziv hrvatskom premijeru Andreju Plenkovi\u0107u da &#8220;sara\u0111uje s hrvatskim narodom&#8221;<\/p>\n\n\n\n<p>&#8220;Slava Ukrajini, ali samo ako se mo\u017ee re\u0107i na\u0161 pozdrav kojeg ne smijem re\u0107i, ali ja ga podr\u017eavam&#8221;, rekao je organizator protesta, na \u0161ta su mu okupljeni odgovorili usta\u0161kim povikom &#8220;Za dom spremni&#8221;.<\/p>\n\n\n\n<p>Bari\u0161i\u0107 je, prilikom govora, istakao da ne podr\u017eava vladaju\u0107u Hrvatsku demokratsku zajednicu (HDZ), ali da je prije za to da &#8220;HDZ kroji sudbinu nego ljevi\u010dari&#8221;, dodaju\u0107i da je za njega Marko Perkovi\u0107 Tompson &#8220;predsednik Hrvatske&#8221;.<\/p>\n\n\n\n<p>On je tokom protesta istakao i da LGBT osobama ne bi trebalo da bude dopu\u0161teno pokazivanje bliskosti na ulici, kao ni mu\u0161karcima i \u017eenama, i pozvao na stro\u017ea pravila na ulici.<\/p>\n\n\n\n<p>U jednom trenutku do\u0161lo je do manjeg incidenta.<\/p>\n\n\n\n<p>Naime, na postolje stuba na Trgu bana Jela\u010di\u0107a popela se djevojka koja je dr\u017eala otvorenu knjigu u kojoj nije pisalo ni\u0161ta, rekav\u0161i da to predstavlja &#8220;prazninu&#8221;.<\/p>\n\n\n\n<p>Bari\u0161i\u0107 je tra\u017eio od redara da uklone djevojku, a oni su pozvali policiju, koja je navela da nema razloga za intervenciju i uklanjanje djevojke.<\/p>\n\n\n\n<p>Kako navodi Indeks, skupu je prisustvovalo oko 300 ljudi.<\/p>","protected":false},"excerpt":{"rendered":"<p>Hrvatska grupa &#8220;Inicijativa za bolju Hrvatsku&#8221; (ZBH) odr\u017eala je danas (20.septembra) u Zagrebu na trgu Bana Jela\u010di\u0107a protest protiv, kako navode, uvoza stranih radnika, uz poruku da im je cilj &#8220;dobrobit naroda&#8221;.<\/p>","protected":false},"author":1,"featured_media":917001,"comment_status":"open","ping_status":"open","sticky":false,"template":"","format":"standard","meta":{"_acf_changed":false,"footnotes":""},"categories":[103],"tags":[806,455,5121],"naslovna":[],"class_list":["post-953133","post","type-post","status-publish","format-standard","has-post-thumbnail","hentry","category-region","tag-hrvatska","tag-protest","tag-zagreb"],"acf":[],"yoast_head":"<!-- This site is optimized with the Yoast SEO plugin v27.4 - https:\/\/yoast.com\/product\/yoast-seo-wordpress\/ -->\n<title>Protest u Zagrebu: &quot;Nismo usta\u0161e, ali \u0107emo ustati&quot; - dmcsrb.com<\/title>\n<meta name=\"robots\" content=\"index, follow, max-snippet:-1, max-image-preview:large, max-video-preview:-1\" \/>\n<link rel=\"canonical\" href=\"https:\/\/dmcsrb.com\/en\/region\/protest-u-zagrebu-nismo-ustase-ali-cemo-ustati\/\" \/>\n<meta property=\"og:locale\" content=\"en_GB\" \/>\n<meta property=\"og:type\" content=\"article\" \/>\n<meta property=\"og:title\" content=\"Protest u Zagrebu: &quot;Nismo usta\u0161e, ali \u0107emo ustati&quot; - dmcsrb.com\" \/>\n<meta property=\"og:description\" content=\"Hrvatska grupa &quot;Inicijativa za bolju Hrvatsku&quot; (ZBH) odr\u017eala je danas (20.septembra) u Zagrebu na trgu Bana Jela\u010di\u0107a protest protiv, kako navode, uvoza stranih radnika, uz poruku da im je cilj &quot;dobrobit naroda&quot;.\" \/>\n<meta property=\"og:url\" content=\"https:\/\/dmcsrb.com\/en\/region\/protest-u-zagrebu-nismo-ustase-ali-cemo-ustati\/\" \/>\n<meta property=\"og:site_name\" content=\"dmcsrb.com\" \/>\n<meta property=\"article:published_time\" content=\"2025-09-20T13:50:00+00:00\" \/>\n<meta property=\"og:image\" content=\"https:\/\/dmcsrb.com\/wp-content\/uploads\/2026\/01\/Hrvatska-zastava-foto-pixabay.jpg\" \/>\n\t<meta property=\"og:image:width\" content=\"948\" \/>\n\t<meta property=\"og:image:height\" content=\"617\" \/>\n\t<meta property=\"og:image:type\" content=\"image\/jpeg\" \/>\n<meta name=\"author\" content=\"dmcsrbija.com@gmail.com\" \/>\n<meta name=\"twitter:card\" content=\"summary_large_image\" \/>\n<meta name=\"twitter:label1\" content=\"Written by\" \/>\n\t<meta name=\"twitter:data1\" content=\"dmcsrbija.com@gmail.com\" \/>\n\t<meta name=\"twitter:label2\" content=\"Estimated reading time\" \/>\n\t<meta name=\"twitter:data2\" content=\"2 minutes\" \/>\n<script type=\"application\/ld+json\" class=\"yoast-schema-graph\">{\"@context\":\"https:\\\/\\\/schema.org\",\"@graph\":[{\"@type\":\"Article\",\"@id\":\"https:\\\/\\\/dmcsrb.com\\\/region\\\/protest-u-zagrebu-nismo-ustase-ali-cemo-ustati\\\/#article\",\"isPartOf\":{\"@id\":\"https:\\\/\\\/dmcsrb.com\\\/region\\\/protest-u-zagrebu-nismo-ustase-ali-cemo-ustati\\\/\"},\"author\":{\"name\":\"dmcsrbija.com@gmail.com\",\"@id\":\"https:\\\/\\\/dmcsrb.com\\\/#\\\/schema\\\/person\\\/5c39170f12db1b8b457732d0b5c854e2\"},\"headline\":\"Protest u Zagrebu: &#8220;Nismo usta\u0161e, ali \u0107emo ustati&#8221;\",\"datePublished\":\"2025-09-20T13:50:00+00:00\",\"mainEntityOfPage\":{\"@id\":\"https:\\\/\\\/dmcsrb.com\\\/region\\\/protest-u-zagrebu-nismo-ustase-ali-cemo-ustati\\\/\"},\"wordCount\":430,\"commentCount\":0,\"image\":{\"@id\":\"https:\\\/\\\/dmcsrb.com\\\/region\\\/protest-u-zagrebu-nismo-ustase-ali-cemo-ustati\\\/#primaryimage\"},\"thumbnailUrl\":\"https:\\\/\\\/dmcsrb.com\\\/wp-content\\\/uploads\\\/2026\\\/01\\\/Hrvatska-zastava-foto-pixabay.jpg\",\"keywords\":[\"Hrvatska\",\"Protest\",\"Zagreb\"],\"articleSection\":[\"Region\"],\"inLanguage\":\"en-GB\",\"potentialAction\":[{\"@type\":\"CommentAction\",\"name\":\"Comment\",\"target\":[\"https:\\\/\\\/dmcsrb.com\\\/region\\\/protest-u-zagrebu-nismo-ustase-ali-cemo-ustati\\\/#respond\"]}]},{\"@type\":\"WebPage\",\"@id\":\"https:\\\/\\\/dmcsrb.com\\\/region\\\/protest-u-zagrebu-nismo-ustase-ali-cemo-ustati\\\/\",\"url\":\"https:\\\/\\\/dmcsrb.com\\\/region\\\/protest-u-zagrebu-nismo-ustase-ali-cemo-ustati\\\/\",\"name\":\"Protest u Zagrebu: \\\"Nismo usta\u0161e, ali \u0107emo ustati\\\" - dmcsrb.com\",\"isPartOf\":{\"@id\":\"https:\\\/\\\/dmcsrb.com\\\/#website\"},\"primaryImageOfPage\":{\"@id\":\"https:\\\/\\\/dmcsrb.com\\\/region\\\/protest-u-zagrebu-nismo-ustase-ali-cemo-ustati\\\/#primaryimage\"},\"image\":{\"@id\":\"https:\\\/\\\/dmcsrb.com\\\/region\\\/protest-u-zagrebu-nismo-ustase-ali-cemo-ustati\\\/#primaryimage\"},\"thumbnailUrl\":\"https:\\\/\\\/dmcsrb.com\\\/wp-content\\\/uploads\\\/2026\\\/01\\\/Hrvatska-zastava-foto-pixabay.jpg\",\"datePublished\":\"2025-09-20T13:50:00+00:00\",\"author\":{\"@id\":\"https:\\\/\\\/dmcsrb.com\\\/#\\\/schema\\\/person\\\/5c39170f12db1b8b457732d0b5c854e2\"},\"breadcrumb\":{\"@id\":\"https:\\\/\\\/dmcsrb.com\\\/region\\\/protest-u-zagrebu-nismo-ustase-ali-cemo-ustati\\\/#breadcrumb\"},\"inLanguage\":\"en-GB\",\"potentialAction\":[{\"@type\":\"ReadAction\",\"target\":[\"https:\\\/\\\/dmcsrb.com\\\/region\\\/protest-u-zagrebu-nismo-ustase-ali-cemo-ustati\\\/\"]}]},{\"@type\":\"ImageObject\",\"inLanguage\":\"en-GB\",\"@id\":\"https:\\\/\\\/dmcsrb.com\\\/region\\\/protest-u-zagrebu-nismo-ustase-ali-cemo-ustati\\\/#primaryimage\",\"url\":\"https:\\\/\\\/dmcsrb.com\\\/wp-content\\\/uploads\\\/2026\\\/01\\\/Hrvatska-zastava-foto-pixabay.jpg\",\"contentUrl\":\"https:\\\/\\\/dmcsrb.com\\\/wp-content\\\/uploads\\\/2026\\\/01\\\/Hrvatska-zastava-foto-pixabay.jpg\",\"width\":948,\"height\":617},{\"@type\":\"BreadcrumbList\",\"@id\":\"https:\\\/\\\/dmcsrb.com\\\/region\\\/protest-u-zagrebu-nismo-ustase-ali-cemo-ustati\\\/#breadcrumb\",\"itemListElement\":[{\"@type\":\"ListItem\",\"position\":1,\"name\":\"Home\",\"item\":\"https:\\\/\\\/dmcsrb.com\\\/\"},{\"@type\":\"ListItem\",\"position\":2,\"name\":\"Protest u Zagrebu: &#8220;Nismo usta\u0161e, ali \u0107emo ustati&#8221;\"}]},{\"@type\":\"WebSite\",\"@id\":\"https:\\\/\\\/dmcsrb.com\\\/#website\",\"url\":\"https:\\\/\\\/dmcsrb.com\\\/\",\"name\":\"dmcsrb.com\",\"description\":\"\",\"potentialAction\":[{\"@type\":\"SearchAction\",\"target\":{\"@type\":\"EntryPoint\",\"urlTemplate\":\"https:\\\/\\\/dmcsrb.com\\\/?s={search_term_string}\"},\"query-input\":{\"@type\":\"PropertyValueSpecification\",\"valueRequired\":true,\"valueName\":\"search_term_string\"}}],\"inLanguage\":\"en-GB\"},{\"@type\":\"Person\",\"@id\":\"https:\\\/\\\/dmcsrb.com\\\/#\\\/schema\\\/person\\\/5c39170f12db1b8b457732d0b5c854e2\",\"name\":\"dmcsrbija.com@gmail.com\",\"image\":{\"@type\":\"ImageObject\",\"inLanguage\":\"en-GB\",\"@id\":\"https:\\\/\\\/secure.gravatar.com\\\/avatar\\\/68592660ad6347fad0fb587f8d5d8f1a7b44961362f56e4f2cd524feb87e9069?s=96&d=mm&r=g\",\"url\":\"https:\\\/\\\/secure.gravatar.com\\\/avatar\\\/68592660ad6347fad0fb587f8d5d8f1a7b44961362f56e4f2cd524feb87e9069?s=96&d=mm&r=g\",\"contentUrl\":\"https:\\\/\\\/secure.gravatar.com\\\/avatar\\\/68592660ad6347fad0fb587f8d5d8f1a7b44961362f56e4f2cd524feb87e9069?s=96&d=mm&r=g\",\"caption\":\"dmcsrbija.com@gmail.com\"},\"sameAs\":[\"https:\\\/\\\/dmcsrb.com\"],\"url\":\"https:\\\/\\\/dmcsrb.com\\\/en\\\/author\\\/dmcsrbija-comgmail-com\\\/\"}]}<\/script>\n<!-- \/ Yoast SEO plugin. -->","yoast_head_json":{"title":"Protest u Zagrebu: \"Nismo usta\u0161e, ali \u0107emo ustati\" - dmcsrb.com","robots":{"index":"index","follow":"follow","max-snippet":"max-snippet:-1","max-image-preview":"max-image-preview:large","max-video-preview":"max-video-preview:-1"},"canonical":"https:\/\/dmcsrb.com\/en\/region\/protest-u-zagrebu-nismo-ustase-ali-cemo-ustati\/","og_locale":"en_GB","og_type":"article","og_title":"Protest u Zagrebu: \"Nismo usta\u0161e, ali \u0107emo ustati\" - dmcsrb.com","og_description":"Hrvatska grupa \"Inicijativa za bolju Hrvatsku\" (ZBH) odr\u017eala je danas (20.septembra) u Zagrebu na trgu Bana Jela\u010di\u0107a protest protiv, kako navode, uvoza stranih radnika, uz poruku da im je cilj \"dobrobit naroda\".","og_url":"https:\/\/dmcsrb.com\/en\/region\/protest-u-zagrebu-nismo-ustase-ali-cemo-ustati\/","og_site_name":"dmcsrb.com","article_published_time":"2025-09-20T13:50:00+00:00","og_image":[{"width":948,"height":617,"url":"https:\/\/dmcsrb.com\/wp-content\/uploads\/2026\/01\/Hrvatska-zastava-foto-pixabay.jpg","type":"image\/jpeg"}],"author":"dmcsrbija.com@gmail.com","twitter_card":"summary_large_image","twitter_misc":{"Written by":"dmcsrbija.com@gmail.com","Estimated reading time":"2 minutes"},"schema":{"@context":"https:\/\/schema.org","@graph":[{"@type":"Article","@id":"https:\/\/dmcsrb.com\/region\/protest-u-zagrebu-nismo-ustase-ali-cemo-ustati\/#article","isPartOf":{"@id":"https:\/\/dmcsrb.com\/region\/protest-u-zagrebu-nismo-ustase-ali-cemo-ustati\/"},"author":{"name":"dmcsrbija.com@gmail.com","@id":"https:\/\/dmcsrb.com\/#\/schema\/person\/5c39170f12db1b8b457732d0b5c854e2"},"headline":"Protest u Zagrebu: &#8220;Nismo usta\u0161e, ali \u0107emo ustati&#8221;","datePublished":"2025-09-20T13:50:00+00:00","mainEntityOfPage":{"@id":"https:\/\/dmcsrb.com\/region\/protest-u-zagrebu-nismo-ustase-ali-cemo-ustati\/"},"wordCount":430,"commentCount":0,"image":{"@id":"https:\/\/dmcsrb.com\/region\/protest-u-zagrebu-nismo-ustase-ali-cemo-ustati\/#primaryimage"},"thumbnailUrl":"https:\/\/dmcsrb.com\/wp-content\/uploads\/2026\/01\/Hrvatska-zastava-foto-pixabay.jpg","keywords":["Hrvatska","Protest","Zagreb"],"articleSection":["Region"],"inLanguage":"en-GB","potentialAction":[{"@type":"CommentAction","name":"Comment","target":["https:\/\/dmcsrb.com\/region\/protest-u-zagrebu-nismo-ustase-ali-cemo-ustati\/#respond"]}]},{"@type":"WebPage","@id":"https:\/\/dmcsrb.com\/region\/protest-u-zagrebu-nismo-ustase-ali-cemo-ustati\/","url":"https:\/\/dmcsrb.com\/region\/protest-u-zagrebu-nismo-ustase-ali-cemo-ustati\/","name":"Protest u Zagrebu: \"Nismo usta\u0161e, ali \u0107emo ustati\" - dmcsrb.com","isPartOf":{"@id":"https:\/\/dmcsrb.com\/#website"},"primaryImageOfPage":{"@id":"https:\/\/dmcsrb.com\/region\/protest-u-zagrebu-nismo-ustase-ali-cemo-ustati\/#primaryimage"},"image":{"@id":"https:\/\/dmcsrb.com\/region\/protest-u-zagrebu-nismo-ustase-ali-cemo-ustati\/#primaryimage"},"thumbnailUrl":"https:\/\/dmcsrb.com\/wp-content\/uploads\/2026\/01\/Hrvatska-zastava-foto-pixabay.jpg","datePublished":"2025-09-20T13:50:00+00:00","author":{"@id":"https:\/\/dmcsrb.com\/#\/schema\/person\/5c39170f12db1b8b457732d0b5c854e2"},"breadcrumb":{"@id":"https:\/\/dmcsrb.com\/region\/protest-u-zagrebu-nismo-ustase-ali-cemo-ustati\/#breadcrumb"},"inLanguage":"en-GB","potentialAction":[{"@type":"ReadAction","target":["https:\/\/dmcsrb.com\/region\/protest-u-zagrebu-nismo-ustase-ali-cemo-ustati\/"]}]},{"@type":"ImageObject","inLanguage":"en-GB","@id":"https:\/\/dmcsrb.com\/region\/protest-u-zagrebu-nismo-ustase-ali-cemo-ustati\/#primaryimage","url":"https:\/\/dmcsrb.com\/wp-content\/uploads\/2026\/01\/Hrvatska-zastava-foto-pixabay.jpg","contentUrl":"https:\/\/dmcsrb.com\/wp-content\/uploads\/2026\/01\/Hrvatska-zastava-foto-pixabay.jpg","width":948,"height":617},{"@type":"BreadcrumbList","@id":"https:\/\/dmcsrb.com\/region\/protest-u-zagrebu-nismo-ustase-ali-cemo-ustati\/#breadcrumb","itemListElement":[{"@type":"ListItem","position":1,"name":"Home","item":"https:\/\/dmcsrb.com\/"},{"@type":"ListItem","position":2,"name":"Protest u Zagrebu: &#8220;Nismo usta\u0161e, ali \u0107emo ustati&#8221;"}]},{"@type":"WebSite","@id":"https:\/\/dmcsrb.com\/#website","url":"https:\/\/dmcsrb.com\/","name":"dmcsrb.com","description":"","potentialAction":[{"@type":"SearchAction","target":{"@type":"EntryPoint","urlTemplate":"https:\/\/dmcsrb.com\/?s={search_term_string}"},"query-input":{"@type":"PropertyValueSpecification","valueRequired":true,"valueName":"search_term_string"}}],"inLanguage":"en-GB"},{"@type":"Person","@id":"https:\/\/dmcsrb.com\/#\/schema\/person\/5c39170f12db1b8b457732d0b5c854e2","name":"dmcsrbija.com@gmail.com","image":{"@type":"ImageObject","inLanguage":"en-GB","@id":"https:\/\/secure.gravatar.com\/avatar\/68592660ad6347fad0fb587f8d5d8f1a7b44961362f56e4f2cd524feb87e9069?s=96&d=mm&r=g","url":"https:\/\/secure.gravatar.com\/avatar\/68592660ad6347fad0fb587f8d5d8f1a7b44961362f56e4f2cd524feb87e9069?s=96&d=mm&r=g","contentUrl":"https:\/\/secure.gravatar.com\/avatar\/68592660ad6347fad0fb587f8d5d8f1a7b44961362f56e4f2cd524feb87e9069?s=96&d=mm&r=g","caption":"dmcsrbija.com@gmail.com"},"sameAs":["https:\/\/dmcsrb.com"],"url":"https:\/\/dmcsrb.com\/en\/author\/dmcsrbija-comgmail-com\/"}]}},"_links":{"self":[{"href":"https:\/\/dmcsrb.com\/en\/wp-json\/wp\/v2\/posts\/953133","targetHints":{"allow":["GET"]}}],"collection":[{"href":"https:\/\/dmcsrb.com\/en\/wp-json\/wp\/v2\/posts"}],"about":[{"href":"https:\/\/dmcsrb.com\/en\/wp-json\/wp\/v2\/types\/post"}],"author":[{"embeddable":true,"href":"https:\/\/dmcsrb.com\/en\/wp-json\/wp\/v2\/users\/1"}],"replies":[{"embeddable":true,"href":"https:\/\/dmcsrb.com\/en\/wp-json\/wp\/v2\/comments?post=953133"}],"version-history":[{"count":0,"href":"https:\/\/dmcsrb.com\/en\/wp-json\/wp\/v2\/posts\/953133\/revisions"}],"wp:featuredmedia":[{"embeddable":true,"href":"https:\/\/dmcsrb.com\/en\/wp-json\/wp\/v2\/media\/917001"}],"wp:attachment":[{"href":"https:\/\/dmcsrb.com\/en\/wp-json\/wp\/v2\/media?parent=953133"}],"wp:term":[{"taxonomy":"category","embeddable":true,"href":"https:\/\/dmcsrb.com\/en\/wp-json\/wp\/v2\/categories?post=953133"},{"taxonomy":"post_tag","embeddable":true,"href":"https:\/\/dmcsrb.com\/en\/wp-json\/wp\/v2\/tags?post=953133"},{"taxonomy":"naslovna","embeddable":true,"href":"https:\/\/dmcsrb.com\/en\/wp-json\/wp\/v2\/naslovna?post=953133"}],"curies":[{"name":"wp","href":"https:\/\/api.w.org\/{rel}","templated":true}]}}