{"id":953126,"date":"2025-09-20T14:23:00","date_gmt":"2025-09-20T12:23:00","guid":{"rendered":"https:\/\/dmcsrb.com\/uncategorized\/becic-raste-povjerenje-u-politiku-koja-ne-trguje-vrijednostima-sto-su-glasniji-napadi-to-je-jasnije-da-je-drzava-na-pravom-putu\/"},"modified":"2025-09-20T14:23:00","modified_gmt":"2025-09-20T12:23:00","slug":"becic-raste-povjerenje-u-politiku-koja-ne-trguje-vrijednostima-sto-su-glasniji-napadi-to-je-jasnije-da-je-drzava-na-pravom-putu","status":"publish","type":"post","link":"https:\/\/dmcsrb.com\/en\/politika\/becic-raste-povjerenje-u-politiku-koja-ne-trguje-vrijednostima-sto-su-glasniji-napadi-to-je-jasnije-da-je-drzava-na-pravom-putu\/","title":{"rendered":"Be\u010di\u0107: Raste povjerenje u politiku koja ne trguje vrijednostima, \u0161to su glasniji napadi &#8211; to je jasnije da je dr\u017eava na pravom putu"},"content":{"rendered":"<p><\/p>\n\n\n\n<p>&#8220;\u017dabljak je pokazao da zna prepoznati one koji se bore za narod, a protiv mafije. Pokazao je da u Crnoj Gori raste povjerenje u politiku koja ne trguje vrijednostima, ve\u0107 ih svakodnevno dokazuje na djelu. Danas, deset godina od osnivanja, na\u0161i funkcioneri zajedno sa drugim nadle\u017enima stoje na braniku borbe protiv kriminala i sna\u017eno podr\u017eavamo najva\u017eniji i najte\u017ei proces u savremenoj istoriji Crne Gore, veting, istorijsko \u010di\u0161\u0107enje sistema od svih nedozvoljenih uticaja. Samo u sektoru bezbjednosti i odbrane vi\u0161e od 150 slu\u017ebenika i vojnika je suspendovano, a vidimo da taj broj kontinuirano raste. Provjera bezbjednosnih smetnji, imovine, \u017eivotnog stila i drugih pitanja u vezi integriteta klju\u010dni su za reforme, ozdravljenje dru\u0161tva i izgradnju institucija koje garantuju vje\u010dnost dr\u017eave&#8221;, naveli su iz Demokratske Crne Gore<\/p>\n\n\n\n<p>I upravo zato, kako ka\u017eu, raste nervoza kod onih koji su decenijama gradili karijere i bogatstva na le\u0111ima naroda, sakrivaju\u0107i se iza institucija.<\/p>\n\n\n\n<p>&#8220;Zato se danas \u010duju glasovi da treba usporiti, da treba stati, da treba zaustaviti veting. Ali neka niko ne sumnja, to ne\u0107e pro\u0107i. \u0160to je ja\u010da nervoza, \u0161to su glasniji napadi, to je jasnije da je dr\u017eava na pravom putu. Mo\u017eete praviti opstrukcije, mo\u017eete \u0161iriti la\u017ei, mo\u017eete jeftino podvaljivati, mo\u017eete vr\u0161iti pritiske, ali ne mo\u017eete zaustaviti volju naroda i odlu\u010dnost nadle\u017enih. Znamo da bez vetinga u pravosu\u0111u nema ni pravde ni jednakosti. Zato se veting ne smije zaustaviti na sistemu bezbjednosti i odbrane. On mora obuhvatiti i pravosu\u0111e, jer samo tada \u0107emo dobiti dr\u017eavu u kojoj zakon zna\u010di sigurnost, a ne strah, dr\u017eavu u kojoj proces traje koliko zakon nala\u017ee, a ne koliko kriminalu odgovara&#8221;, saop\u0161tili su iz ove partije.<\/p>\n\n\n\n<p>Isti\u0107u da \u0107e uskoro svi vidjeti \u0161ta zna\u010di imati mo\u0107an i u potpunosti \u010dist sektor bezbjednosti.<\/p>\n\n\n\n<p>&#8220;To je sektor u kojem po\u0161teni policajac zna da dr\u017eava stoji iza njega, a kriminalac zna da dr\u017eava dolazi po njega. Vrijeme je da narod osjeti da dr\u017eava radi za njega. Vrijeme je da se korupcija i kriminal kona\u010dno izbace iz institucija. Vrijeme je da Crna Gora poka\u017ee da mo\u017ee biti dr\u017eava u kojoj se po\u0161tenje cijeni, a ne ismijava. Vrijeme je da se uspravi dr\u017eava koja ne\u0107e kle\u010dati pred kriminalom, ve\u0107 \u0107e stajati uz svog gra\u0111anina&#8221;, <\/p>","protected":false},"excerpt":{"rendered":"<p>Predsjednik Demokratske Crne Gore, Aleksa Be\u010di\u0107, obi\u0161ao je doma\u0107instva na teritoriji op\u0161tine \u017dabljak. Povodom jedne decenije postojanja Demokrata, u sklopu reevidencije \u010dlanstva, \u010dlanovima se uru\u010dene nove \u010dlanske karte, dok su na desetine \u017dablja\u010danki i \u017dablja\u010dana potpisali pristupnice i na taj na\u010din pristupili Demokratama i dodatno &#8220;osna\u017eili na\u0161u veliku porodicu&#8221;.<\/p>","protected":false},"author":1,"featured_media":953127,"comment_status":"open","ping_status":"open","sticky":false,"template":"","format":"standard","meta":{"_acf_changed":false,"footnotes":""},"categories":[12],"tags":[355,8693],"naslovna":[],"class_list":["post-953126","post","type-post","status-publish","format-standard","has-post-thumbnail","hentry","category-politika","tag-aleksa-becic","tag-demokratska-crna-gora"],"acf":[],"yoast_head":"<!-- This site is optimized with the Yoast SEO plugin v27.4 - https:\/\/yoast.com\/product\/yoast-seo-wordpress\/ -->\n<title>Be\u010di\u0107: Raste povjerenje u politiku koja ne trguje vrijednostima, \u0161to su glasniji napadi - to je jasnije da je dr\u017eava na pravom putu - dmcsrb.com<\/title>\n<meta name=\"robots\" content=\"index, follow, max-snippet:-1, max-image-preview:large, max-video-preview:-1\" \/>\n<link rel=\"canonical\" href=\"https:\/\/dmcsrb.com\/en\/politika\/becic-raste-povjerenje-u-politiku-koja-ne-trguje-vrijednostima-sto-su-glasniji-napadi-to-je-jasnije-da-je-drzava-na-pravom-putu\/\" \/>\n<meta property=\"og:locale\" content=\"en_GB\" \/>\n<meta property=\"og:type\" content=\"article\" \/>\n<meta property=\"og:title\" content=\"Be\u010di\u0107: Raste povjerenje u politiku koja ne trguje vrijednostima, \u0161to su glasniji napadi - to je jasnije da je dr\u017eava na pravom putu - dmcsrb.com\" \/>\n<meta property=\"og:description\" content=\"Predsjednik Demokratske Crne Gore, Aleksa Be\u010di\u0107, obi\u0161ao je doma\u0107instva na teritoriji op\u0161tine \u017dabljak. Povodom jedne decenije postojanja Demokrata, u sklopu reevidencije \u010dlanstva, \u010dlanovima se uru\u010dene nove \u010dlanske karte, dok su na desetine \u017dablja\u010danki i \u017dablja\u010dana potpisali pristupnice i na taj na\u010din pristupili Demokratama i dodatno &quot;osna\u017eili na\u0161u veliku porodicu&quot;.\" \/>\n<meta property=\"og:url\" content=\"https:\/\/dmcsrb.com\/en\/politika\/becic-raste-povjerenje-u-politiku-koja-ne-trguje-vrijednostima-sto-su-glasniji-napadi-to-je-jasnije-da-je-drzava-na-pravom-putu\/\" \/>\n<meta property=\"og:site_name\" content=\"dmcsrb.com\" \/>\n<meta property=\"article:published_time\" content=\"2025-09-20T12:23:00+00:00\" \/>\n<meta property=\"og:image\" content=\"https:\/\/dmcsrb.com\/wp-content\/uploads\/2026\/01\/Becic-na-Zabljaku-foto-Demokratska-CG.webp\" \/>\n\t<meta property=\"og:image:width\" content=\"925\" \/>\n\t<meta property=\"og:image:height\" content=\"668\" \/>\n\t<meta property=\"og:image:type\" content=\"image\/jpeg\" \/>\n<meta name=\"author\" content=\"dmcsrbija.com@gmail.com\" \/>\n<meta name=\"twitter:card\" content=\"summary_large_image\" \/>\n<meta name=\"twitter:label1\" content=\"Written by\" \/>\n\t<meta name=\"twitter:data1\" content=\"dmcsrbija.com@gmail.com\" \/>\n\t<meta name=\"twitter:label2\" content=\"Estimated reading time\" \/>\n\t<meta name=\"twitter:data2\" content=\"2 minutes\" \/>\n<script type=\"application\/ld+json\" class=\"yoast-schema-graph\">{\"@context\":\"https:\\\/\\\/schema.org\",\"@graph\":[{\"@type\":\"Article\",\"@id\":\"https:\\\/\\\/dmcsrb.com\\\/politika\\\/becic-raste-povjerenje-u-politiku-koja-ne-trguje-vrijednostima-sto-su-glasniji-napadi-to-je-jasnije-da-je-drzava-na-pravom-putu\\\/#article\",\"isPartOf\":{\"@id\":\"https:\\\/\\\/dmcsrb.com\\\/politika\\\/becic-raste-povjerenje-u-politiku-koja-ne-trguje-vrijednostima-sto-su-glasniji-napadi-to-je-jasnije-da-je-drzava-na-pravom-putu\\\/\"},\"author\":{\"name\":\"dmcsrbija.com@gmail.com\",\"@id\":\"https:\\\/\\\/dmcsrb.com\\\/#\\\/schema\\\/person\\\/5c39170f12db1b8b457732d0b5c854e2\"},\"headline\":\"Be\u010di\u0107: Raste povjerenje u politiku koja ne trguje vrijednostima, \u0161to su glasniji napadi &#8211; to je jasnije da je dr\u017eava na pravom putu\",\"datePublished\":\"2025-09-20T12:23:00+00:00\",\"mainEntityOfPage\":{\"@id\":\"https:\\\/\\\/dmcsrb.com\\\/politika\\\/becic-raste-povjerenje-u-politiku-koja-ne-trguje-vrijednostima-sto-su-glasniji-napadi-to-je-jasnije-da-je-drzava-na-pravom-putu\\\/\"},\"wordCount\":436,\"commentCount\":0,\"image\":{\"@id\":\"https:\\\/\\\/dmcsrb.com\\\/politika\\\/becic-raste-povjerenje-u-politiku-koja-ne-trguje-vrijednostima-sto-su-glasniji-napadi-to-je-jasnije-da-je-drzava-na-pravom-putu\\\/#primaryimage\"},\"thumbnailUrl\":\"https:\\\/\\\/dmcsrb.com\\\/wp-content\\\/uploads\\\/2026\\\/01\\\/Becic-na-Zabljaku-foto-Demokratska-CG.webp\",\"keywords\":[\"Aleksa Be\u010di\u0107\",\"Demokratska Crna Gora\"],\"articleSection\":[\"Politika\"],\"inLanguage\":\"en-GB\",\"potentialAction\":[{\"@type\":\"CommentAction\",\"name\":\"Comment\",\"target\":[\"https:\\\/\\\/dmcsrb.com\\\/politika\\\/becic-raste-povjerenje-u-politiku-koja-ne-trguje-vrijednostima-sto-su-glasniji-napadi-to-je-jasnije-da-je-drzava-na-pravom-putu\\\/#respond\"]}]},{\"@type\":\"WebPage\",\"@id\":\"https:\\\/\\\/dmcsrb.com\\\/politika\\\/becic-raste-povjerenje-u-politiku-koja-ne-trguje-vrijednostima-sto-su-glasniji-napadi-to-je-jasnije-da-je-drzava-na-pravom-putu\\\/\",\"url\":\"https:\\\/\\\/dmcsrb.com\\\/politika\\\/becic-raste-povjerenje-u-politiku-koja-ne-trguje-vrijednostima-sto-su-glasniji-napadi-to-je-jasnije-da-je-drzava-na-pravom-putu\\\/\",\"name\":\"Be\u010di\u0107: Raste povjerenje u politiku koja ne trguje vrijednostima, \u0161to su glasniji napadi - to je jasnije da je dr\u017eava na pravom putu - dmcsrb.com\",\"isPartOf\":{\"@id\":\"https:\\\/\\\/dmcsrb.com\\\/#website\"},\"primaryImageOfPage\":{\"@id\":\"https:\\\/\\\/dmcsrb.com\\\/politika\\\/becic-raste-povjerenje-u-politiku-koja-ne-trguje-vrijednostima-sto-su-glasniji-napadi-to-je-jasnije-da-je-drzava-na-pravom-putu\\\/#primaryimage\"},\"image\":{\"@id\":\"https:\\\/\\\/dmcsrb.com\\\/politika\\\/becic-raste-povjerenje-u-politiku-koja-ne-trguje-vrijednostima-sto-su-glasniji-napadi-to-je-jasnije-da-je-drzava-na-pravom-putu\\\/#primaryimage\"},\"thumbnailUrl\":\"https:\\\/\\\/dmcsrb.com\\\/wp-content\\\/uploads\\\/2026\\\/01\\\/Becic-na-Zabljaku-foto-Demokratska-CG.webp\",\"datePublished\":\"2025-09-20T12:23:00+00:00\",\"author\":{\"@id\":\"https:\\\/\\\/dmcsrb.com\\\/#\\\/schema\\\/person\\\/5c39170f12db1b8b457732d0b5c854e2\"},\"breadcrumb\":{\"@id\":\"https:\\\/\\\/dmcsrb.com\\\/politika\\\/becic-raste-povjerenje-u-politiku-koja-ne-trguje-vrijednostima-sto-su-glasniji-napadi-to-je-jasnije-da-je-drzava-na-pravom-putu\\\/#breadcrumb\"},\"inLanguage\":\"en-GB\",\"potentialAction\":[{\"@type\":\"ReadAction\",\"target\":[\"https:\\\/\\\/dmcsrb.com\\\/politika\\\/becic-raste-povjerenje-u-politiku-koja-ne-trguje-vrijednostima-sto-su-glasniji-napadi-to-je-jasnije-da-je-drzava-na-pravom-putu\\\/\"]}]},{\"@type\":\"ImageObject\",\"inLanguage\":\"en-GB\",\"@id\":\"https:\\\/\\\/dmcsrb.com\\\/politika\\\/becic-raste-povjerenje-u-politiku-koja-ne-trguje-vrijednostima-sto-su-glasniji-napadi-to-je-jasnije-da-je-drzava-na-pravom-putu\\\/#primaryimage\",\"url\":\"https:\\\/\\\/dmcsrb.com\\\/wp-content\\\/uploads\\\/2026\\\/01\\\/Becic-na-Zabljaku-foto-Demokratska-CG.webp\",\"contentUrl\":\"https:\\\/\\\/dmcsrb.com\\\/wp-content\\\/uploads\\\/2026\\\/01\\\/Becic-na-Zabljaku-foto-Demokratska-CG.webp\",\"width\":925,\"height\":668},{\"@type\":\"BreadcrumbList\",\"@id\":\"https:\\\/\\\/dmcsrb.com\\\/politika\\\/becic-raste-povjerenje-u-politiku-koja-ne-trguje-vrijednostima-sto-su-glasniji-napadi-to-je-jasnije-da-je-drzava-na-pravom-putu\\\/#breadcrumb\",\"itemListElement\":[{\"@type\":\"ListItem\",\"position\":1,\"name\":\"Home\",\"item\":\"https:\\\/\\\/dmcsrb.com\\\/\"},{\"@type\":\"ListItem\",\"position\":2,\"name\":\"Be\u010di\u0107: Raste povjerenje u politiku koja ne trguje vrijednostima, \u0161to su glasniji napadi &#8211; to je jasnije da je dr\u017eava na pravom putu\"}]},{\"@type\":\"WebSite\",\"@id\":\"https:\\\/\\\/dmcsrb.com\\\/#website\",\"url\":\"https:\\\/\\\/dmcsrb.com\\\/\",\"name\":\"dmcsrb.com\",\"description\":\"\",\"potentialAction\":[{\"@type\":\"SearchAction\",\"target\":{\"@type\":\"EntryPoint\",\"urlTemplate\":\"https:\\\/\\\/dmcsrb.com\\\/?s={search_term_string}\"},\"query-input\":{\"@type\":\"PropertyValueSpecification\",\"valueRequired\":true,\"valueName\":\"search_term_string\"}}],\"inLanguage\":\"en-GB\"},{\"@type\":\"Person\",\"@id\":\"https:\\\/\\\/dmcsrb.com\\\/#\\\/schema\\\/person\\\/5c39170f12db1b8b457732d0b5c854e2\",\"name\":\"dmcsrbija.com@gmail.com\",\"image\":{\"@type\":\"ImageObject\",\"inLanguage\":\"en-GB\",\"@id\":\"https:\\\/\\\/secure.gravatar.com\\\/avatar\\\/68592660ad6347fad0fb587f8d5d8f1a7b44961362f56e4f2cd524feb87e9069?s=96&d=mm&r=g\",\"url\":\"https:\\\/\\\/secure.gravatar.com\\\/avatar\\\/68592660ad6347fad0fb587f8d5d8f1a7b44961362f56e4f2cd524feb87e9069?s=96&d=mm&r=g\",\"contentUrl\":\"https:\\\/\\\/secure.gravatar.com\\\/avatar\\\/68592660ad6347fad0fb587f8d5d8f1a7b44961362f56e4f2cd524feb87e9069?s=96&d=mm&r=g\",\"caption\":\"dmcsrbija.com@gmail.com\"},\"sameAs\":[\"https:\\\/\\\/dmcsrb.com\"],\"url\":\"https:\\\/\\\/dmcsrb.com\\\/en\\\/author\\\/dmcsrbija-comgmail-com\\\/\"}]}<\/script>\n<!-- \/ Yoast SEO plugin. -->","yoast_head_json":{"title":"Be\u010di\u0107: Raste povjerenje u politiku koja ne trguje vrijednostima, \u0161to su glasniji napadi - to je jasnije da je dr\u017eava na pravom putu - dmcsrb.com","robots":{"index":"index","follow":"follow","max-snippet":"max-snippet:-1","max-image-preview":"max-image-preview:large","max-video-preview":"max-video-preview:-1"},"canonical":"https:\/\/dmcsrb.com\/en\/politika\/becic-raste-povjerenje-u-politiku-koja-ne-trguje-vrijednostima-sto-su-glasniji-napadi-to-je-jasnije-da-je-drzava-na-pravom-putu\/","og_locale":"en_GB","og_type":"article","og_title":"Be\u010di\u0107: Raste povjerenje u politiku koja ne trguje vrijednostima, \u0161to su glasniji napadi - to je jasnije da je dr\u017eava na pravom putu - dmcsrb.com","og_description":"Predsjednik Demokratske Crne Gore, Aleksa Be\u010di\u0107, obi\u0161ao je doma\u0107instva na teritoriji op\u0161tine \u017dabljak. Povodom jedne decenije postojanja Demokrata, u sklopu reevidencije \u010dlanstva, \u010dlanovima se uru\u010dene nove \u010dlanske karte, dok su na desetine \u017dablja\u010danki i \u017dablja\u010dana potpisali pristupnice i na taj na\u010din pristupili Demokratama i dodatno \"osna\u017eili na\u0161u veliku porodicu\".","og_url":"https:\/\/dmcsrb.com\/en\/politika\/becic-raste-povjerenje-u-politiku-koja-ne-trguje-vrijednostima-sto-su-glasniji-napadi-to-je-jasnije-da-je-drzava-na-pravom-putu\/","og_site_name":"dmcsrb.com","article_published_time":"2025-09-20T12:23:00+00:00","og_image":[{"width":925,"height":668,"url":"https:\/\/dmcsrb.com\/wp-content\/uploads\/2026\/01\/Becic-na-Zabljaku-foto-Demokratska-CG.webp","type":"image\/jpeg"}],"author":"dmcsrbija.com@gmail.com","twitter_card":"summary_large_image","twitter_misc":{"Written by":"dmcsrbija.com@gmail.com","Estimated reading time":"2 minutes"},"schema":{"@context":"https:\/\/schema.org","@graph":[{"@type":"Article","@id":"https:\/\/dmcsrb.com\/politika\/becic-raste-povjerenje-u-politiku-koja-ne-trguje-vrijednostima-sto-su-glasniji-napadi-to-je-jasnije-da-je-drzava-na-pravom-putu\/#article","isPartOf":{"@id":"https:\/\/dmcsrb.com\/politika\/becic-raste-povjerenje-u-politiku-koja-ne-trguje-vrijednostima-sto-su-glasniji-napadi-to-je-jasnije-da-je-drzava-na-pravom-putu\/"},"author":{"name":"dmcsrbija.com@gmail.com","@id":"https:\/\/dmcsrb.com\/#\/schema\/person\/5c39170f12db1b8b457732d0b5c854e2"},"headline":"Be\u010di\u0107: Raste povjerenje u politiku koja ne trguje vrijednostima, \u0161to su glasniji napadi &#8211; to je jasnije da je dr\u017eava na pravom putu","datePublished":"2025-09-20T12:23:00+00:00","mainEntityOfPage":{"@id":"https:\/\/dmcsrb.com\/politika\/becic-raste-povjerenje-u-politiku-koja-ne-trguje-vrijednostima-sto-su-glasniji-napadi-to-je-jasnije-da-je-drzava-na-pravom-putu\/"},"wordCount":436,"commentCount":0,"image":{"@id":"https:\/\/dmcsrb.com\/politika\/becic-raste-povjerenje-u-politiku-koja-ne-trguje-vrijednostima-sto-su-glasniji-napadi-to-je-jasnije-da-je-drzava-na-pravom-putu\/#primaryimage"},"thumbnailUrl":"https:\/\/dmcsrb.com\/wp-content\/uploads\/2026\/01\/Becic-na-Zabljaku-foto-Demokratska-CG.webp","keywords":["Aleksa Be\u010di\u0107","Demokratska Crna Gora"],"articleSection":["Politika"],"inLanguage":"en-GB","potentialAction":[{"@type":"CommentAction","name":"Comment","target":["https:\/\/dmcsrb.com\/politika\/becic-raste-povjerenje-u-politiku-koja-ne-trguje-vrijednostima-sto-su-glasniji-napadi-to-je-jasnije-da-je-drzava-na-pravom-putu\/#respond"]}]},{"@type":"WebPage","@id":"https:\/\/dmcsrb.com\/politika\/becic-raste-povjerenje-u-politiku-koja-ne-trguje-vrijednostima-sto-su-glasniji-napadi-to-je-jasnije-da-je-drzava-na-pravom-putu\/","url":"https:\/\/dmcsrb.com\/politika\/becic-raste-povjerenje-u-politiku-koja-ne-trguje-vrijednostima-sto-su-glasniji-napadi-to-je-jasnije-da-je-drzava-na-pravom-putu\/","name":"Be\u010di\u0107: Raste povjerenje u politiku koja ne trguje vrijednostima, \u0161to su glasniji napadi - to je jasnije da je dr\u017eava na pravom putu - dmcsrb.com","isPartOf":{"@id":"https:\/\/dmcsrb.com\/#website"},"primaryImageOfPage":{"@id":"https:\/\/dmcsrb.com\/politika\/becic-raste-povjerenje-u-politiku-koja-ne-trguje-vrijednostima-sto-su-glasniji-napadi-to-je-jasnije-da-je-drzava-na-pravom-putu\/#primaryimage"},"image":{"@id":"https:\/\/dmcsrb.com\/politika\/becic-raste-povjerenje-u-politiku-koja-ne-trguje-vrijednostima-sto-su-glasniji-napadi-to-je-jasnije-da-je-drzava-na-pravom-putu\/#primaryimage"},"thumbnailUrl":"https:\/\/dmcsrb.com\/wp-content\/uploads\/2026\/01\/Becic-na-Zabljaku-foto-Demokratska-CG.webp","datePublished":"2025-09-20T12:23:00+00:00","author":{"@id":"https:\/\/dmcsrb.com\/#\/schema\/person\/5c39170f12db1b8b457732d0b5c854e2"},"breadcrumb":{"@id":"https:\/\/dmcsrb.com\/politika\/becic-raste-povjerenje-u-politiku-koja-ne-trguje-vrijednostima-sto-su-glasniji-napadi-to-je-jasnije-da-je-drzava-na-pravom-putu\/#breadcrumb"},"inLanguage":"en-GB","potentialAction":[{"@type":"ReadAction","target":["https:\/\/dmcsrb.com\/politika\/becic-raste-povjerenje-u-politiku-koja-ne-trguje-vrijednostima-sto-su-glasniji-napadi-to-je-jasnije-da-je-drzava-na-pravom-putu\/"]}]},{"@type":"ImageObject","inLanguage":"en-GB","@id":"https:\/\/dmcsrb.com\/politika\/becic-raste-povjerenje-u-politiku-koja-ne-trguje-vrijednostima-sto-su-glasniji-napadi-to-je-jasnije-da-je-drzava-na-pravom-putu\/#primaryimage","url":"https:\/\/dmcsrb.com\/wp-content\/uploads\/2026\/01\/Becic-na-Zabljaku-foto-Demokratska-CG.webp","contentUrl":"https:\/\/dmcsrb.com\/wp-content\/uploads\/2026\/01\/Becic-na-Zabljaku-foto-Demokratska-CG.webp","width":925,"height":668},{"@type":"BreadcrumbList","@id":"https:\/\/dmcsrb.com\/politika\/becic-raste-povjerenje-u-politiku-koja-ne-trguje-vrijednostima-sto-su-glasniji-napadi-to-je-jasnije-da-je-drzava-na-pravom-putu\/#breadcrumb","itemListElement":[{"@type":"ListItem","position":1,"name":"Home","item":"https:\/\/dmcsrb.com\/"},{"@type":"ListItem","position":2,"name":"Be\u010di\u0107: Raste povjerenje u politiku koja ne trguje vrijednostima, \u0161to su glasniji napadi &#8211; to je jasnije da je dr\u017eava na pravom putu"}]},{"@type":"WebSite","@id":"https:\/\/dmcsrb.com\/#website","url":"https:\/\/dmcsrb.com\/","name":"dmcsrb.com","description":"","potentialAction":[{"@type":"SearchAction","target":{"@type":"EntryPoint","urlTemplate":"https:\/\/dmcsrb.com\/?s={search_term_string}"},"query-input":{"@type":"PropertyValueSpecification","valueRequired":true,"valueName":"search_term_string"}}],"inLanguage":"en-GB"},{"@type":"Person","@id":"https:\/\/dmcsrb.com\/#\/schema\/person\/5c39170f12db1b8b457732d0b5c854e2","name":"dmcsrbija.com@gmail.com","image":{"@type":"ImageObject","inLanguage":"en-GB","@id":"https:\/\/secure.gravatar.com\/avatar\/68592660ad6347fad0fb587f8d5d8f1a7b44961362f56e4f2cd524feb87e9069?s=96&d=mm&r=g","url":"https:\/\/secure.gravatar.com\/avatar\/68592660ad6347fad0fb587f8d5d8f1a7b44961362f56e4f2cd524feb87e9069?s=96&d=mm&r=g","contentUrl":"https:\/\/secure.gravatar.com\/avatar\/68592660ad6347fad0fb587f8d5d8f1a7b44961362f56e4f2cd524feb87e9069?s=96&d=mm&r=g","caption":"dmcsrbija.com@gmail.com"},"sameAs":["https:\/\/dmcsrb.com"],"url":"https:\/\/dmcsrb.com\/en\/author\/dmcsrbija-comgmail-com\/"}]}},"_links":{"self":[{"href":"https:\/\/dmcsrb.com\/en\/wp-json\/wp\/v2\/posts\/953126","targetHints":{"allow":["GET"]}}],"collection":[{"href":"https:\/\/dmcsrb.com\/en\/wp-json\/wp\/v2\/posts"}],"about":[{"href":"https:\/\/dmcsrb.com\/en\/wp-json\/wp\/v2\/types\/post"}],"author":[{"embeddable":true,"href":"https:\/\/dmcsrb.com\/en\/wp-json\/wp\/v2\/users\/1"}],"replies":[{"embeddable":true,"href":"https:\/\/dmcsrb.com\/en\/wp-json\/wp\/v2\/comments?post=953126"}],"version-history":[{"count":0,"href":"https:\/\/dmcsrb.com\/en\/wp-json\/wp\/v2\/posts\/953126\/revisions"}],"wp:featuredmedia":[{"embeddable":true,"href":"https:\/\/dmcsrb.com\/en\/wp-json\/wp\/v2\/media\/953127"}],"wp:attachment":[{"href":"https:\/\/dmcsrb.com\/en\/wp-json\/wp\/v2\/media?parent=953126"}],"wp:term":[{"taxonomy":"category","embeddable":true,"href":"https:\/\/dmcsrb.com\/en\/wp-json\/wp\/v2\/categories?post=953126"},{"taxonomy":"post_tag","embeddable":true,"href":"https:\/\/dmcsrb.com\/en\/wp-json\/wp\/v2\/tags?post=953126"},{"taxonomy":"naslovna","embeddable":true,"href":"https:\/\/dmcsrb.com\/en\/wp-json\/wp\/v2\/naslovna?post=953126"}],"curies":[{"name":"wp","href":"https:\/\/api.w.org\/{rel}","templated":true}]}}