{"id":953122,"date":"2025-09-20T14:08:00","date_gmt":"2025-09-20T12:08:00","guid":{"rendered":"https:\/\/dmcsrb.com\/uncategorized\/mandic-buducnost-regiona-lezi-u-zajednickoj-bezbjednosti\/"},"modified":"2025-09-20T14:08:00","modified_gmt":"2025-09-20T12:08:00","slug":"mandic-buducnost-regiona-lezi-u-zajednickoj-bezbjednosti","status":"publish","type":"post","link":"https:\/\/dmcsrb.com\/en\/politika\/mandic-buducnost-regiona-lezi-u-zajednickoj-bezbjednosti\/","title":{"rendered":"Mandi\u0107: Budu\u0107nost regiona le\u017ei u zajedni\u010dkoj bezbjednosti"},"content":{"rendered":"<p><\/p>\n\n\n\n<p>&#8220;Bila je izuzetna \u010dast prisustvovati dana\u0161njoj paradi Vojske Srbije pod sloganom \u201eSnaga jedinstva\u201c, tim prije \u0161to je u sve\u010danom defileu pokazano jedinstvo srpskog naroda, dok su na tribinama bili predstavnici brojnih savezni\u010dkih, partnerskih i prijateljskih zemalja, \u0161to je oli\u010denje zajedni\u0161tva i razumijevanja&#8221;, kazao je Mandi\u0107.<\/p>\n\n\n\n<figure class=\"wp-block-embed is-type-video is-provider-youtube wp-block-embed-youtube wp-embed-aspect-16-9 wp-has-aspect-ratio\"><div class=\"wp-block-embed__wrapper\">\n<iframe loading=\"lazy\" title=\"Vojna parada 2025 Beograd\" width=\"500\" height=\"281\" src=\"https:\/\/www.youtube.com\/embed\/S7vrjrb040Q?feature=oembed\" frameborder=\"0\" allow=\"accelerometer; autoplay; clipboard-write; encrypted-media; gyroscope; picture-in-picture; web-share\" referrerpolicy=\"strict-origin-when-cross-origin\" allowfullscreen><\/iframe>\n<\/div><\/figure>\n\n\n\n<p>Osvrnuo se i na u\u010de\u0161\u0107e crnogorske vojske.<\/p>\n\n\n\n<p>\u201cKolega&nbsp;<strong>Milan Kne\u017eevi\u0107<\/strong>&nbsp;i ja smo posebno ponosni i na \u010dinjenicu \u0161to su dana\u0161njoj paradi prisustvovala dva oficira General\u0161taba Vojske Crne Gore, jer je na taj na\u010din jo\u0161 jednom posvjedo\u010dena slavna zajedni\u010dka vojna istorija i tradicija Srbije i Crne Gore\u201d, naveo je Mandi\u0107.<\/p>\n\n\n\n<p>Kako je istakao, budu\u0107nost regiona le\u017ei u zajedni\u010dkoj bezbjednosti i o\u010duvanju mira i stabilnosti, jer samo tako mo\u017eemo graditi bolje i prosperitetnije sjutra.<\/p>\n\n\n\n<figure class=\"wp-block-embed is-type-rich is-provider-twitter wp-block-embed-twitter\"><div class=\"wp-block-embed__wrapper\">\n<blockquote class=\"twitter-tweet\" data-width=\"500\" data-dnt=\"true\"><p lang=\"sr\" dir=\"ltr\">\u0411\u0438\u043b\u0430 \u0458\u0435 \u0438\u0437\u0443\u0437\u0435\u0442\u043d\u0430 \u0447\u0430\u0441\u0442 \u043f\u0440\u0438\u0441\u0443\u0441\u0442\u0432\u043e\u0432\u0430\u0442\u0438 \u0434\u0430\u043d\u0430\u0448\u045a\u043e\u0458 \u043f\u0430\u0440\u0430\u0434\u0438 \u0412\u043e\u0458\u0441\u043a\u0435 \u0421\u0440\u0431\u0438\u0458\u0435 \u043f\u043e\u0434 \u0441\u043b\u043e\u0433\u0430\u043d\u043e\u043c \u201e\u0421\u043d\u0430\u0433\u0430 \u0458\u0435\u0434\u0438\u043d\u0441\u0442\u0432\u0430\u201c, \u0442\u0438\u043c \u043f\u0440\u0438\u0458\u0435 \u0448\u0442\u043e \u0458\u0435 \u0443 \u0441\u0432\u0435\u0447\u0430\u043d\u043e\u043c \u0434\u0435\u0444\u0438\u043b\u0435\u0443 \u043f\u043e\u043a\u0430\u0437\u0430\u043d\u043e \u0458\u0435\u0434\u0438\u043d\u0441\u0442\u0432\u043e \u0441\u0440\u043f\u0441\u043a\u043e\u0433 \u043d\u0430\u0440\u043e\u0434\u0430, \u0434\u043e\u043a \u0441\u0443 \u043d\u0430 \u0442\u0440\u0438\u0431\u0438\u043d\u0430\u043c\u0430 \u0431\u0438\u043b\u0438 \u043f\u0440\u0435\u0434\u0441\u0442\u0430\u0432\u043d\u0438\u0446\u0438 \u0431\u0440\u043e\u0458\u043d\u0438\u0445 \u0441\u0430\u0432\u0435\u0437\u043d\u0438\u0447\u043a\u0438\u0445, \u043f\u0430\u0440\u0442\u043d\u0435\u0440\u0441\u043a\u0438\u0445 \u0438 \u043f\u0440\u0438\u0458\u0430\u0442\u0435\u0459\u0441\u043a\u0438\u0445 \u0437\u0435\u043c\u0430\u0459\u0430, \u0448\u0442\u043e \u0458\u0435 \u043e\u043b\u0438\u0447\u0435\u045a\u0435\u2026 <a href=\"https:\/\/t.co\/f4piXgvirq\">pic.twitter.com\/f4piXgvirq<\/a><\/p>&mdash; \u0410\u043d\u0434\u0440\u0438\u0458\u0430 \u041c\u0430\u043d\u0434\u0438\u045b (@AndrijaMandicDF) <a href=\"https:\/\/twitter.com\/AndrijaMandicDF\/status\/1969386402354807021?ref_src=twsrc%5Etfw\">September 20, 2025<\/a><\/blockquote><script async src=\"https:\/\/platform.twitter.com\/widgets.js\" charset=\"utf-8\"><\/script>\n<\/div><\/figure>","protected":false},"excerpt":{"rendered":"<p>Predsjednik Skup\u0161tine Crne Gore Andrija Mandi\u0107 i prvi \u010dovjek Demokratske narodne partije, Milan Kne\u017eevi\u0107 prisustvovali su danas na paradi Vojske Srbije, poru\u010div\u0161i da budu\u0107nost regiona le\u017ei u zajedni\u010dkoj bezbjednosti i o\u010duvanju mira i stabilnosti.<\/p>","protected":false},"author":1,"featured_media":953123,"comment_status":"open","ping_status":"open","sticky":false,"template":"","format":"standard","meta":{"_acf_changed":false,"footnotes":""},"categories":[12],"tags":[812,273,8691,5945],"naslovna":[],"class_list":["post-953122","post","type-post","status-publish","format-standard","has-post-thumbnail","hentry","category-politika","tag-andrija-mandic","tag-milan-knezevic","tag-vojna-parada-u-beogradu","tag-vojska-crne-gore"],"acf":[],"yoast_head":"<!-- This site is optimized with the Yoast SEO plugin v27.0 - https:\/\/yoast.com\/product\/yoast-seo-wordpress\/ -->\n<title>Mandi\u0107: Budu\u0107nost regiona le\u017ei u zajedni\u010dkoj bezbjednosti - dmcsrb.com<\/title>\n<meta name=\"robots\" content=\"index, follow, max-snippet:-1, max-image-preview:large, max-video-preview:-1\" \/>\n<link rel=\"canonical\" href=\"https:\/\/dmcsrb.com\/en\/politika\/mandic-buducnost-regiona-lezi-u-zajednickoj-bezbjednosti\/\" \/>\n<meta property=\"og:locale\" content=\"en_GB\" \/>\n<meta property=\"og:type\" content=\"article\" \/>\n<meta property=\"og:title\" content=\"Mandi\u0107: Budu\u0107nost regiona le\u017ei u zajedni\u010dkoj bezbjednosti - dmcsrb.com\" \/>\n<meta property=\"og:description\" content=\"Predsjednik Skup\u0161tine Crne Gore Andrija Mandi\u0107 i prvi \u010dovjek Demokratske narodne partije, Milan Kne\u017eevi\u0107 prisustvovali su danas na paradi Vojske Srbije, poru\u010div\u0161i da budu\u0107nost regiona le\u017ei u zajedni\u010dkoj bezbjednosti i o\u010duvanju mira i stabilnosti.\" \/>\n<meta property=\"og:url\" content=\"https:\/\/dmcsrb.com\/en\/politika\/mandic-buducnost-regiona-lezi-u-zajednickoj-bezbjednosti\/\" \/>\n<meta property=\"og:site_name\" content=\"dmcsrb.com\" \/>\n<meta property=\"article:published_time\" content=\"2025-09-20T12:08:00+00:00\" \/>\n<meta property=\"og:image\" content=\"https:\/\/dmcsrb.com\/wp-content\/uploads\/2026\/01\/Mandic-i-Knezevic-na-vojnoj-paradi-u-Srbiji-foto-skupstina-cg.webp\" \/>\n\t<meta property=\"og:image:width\" content=\"1303\" \/>\n\t<meta property=\"og:image:height\" content=\"797\" \/>\n\t<meta property=\"og:image:type\" content=\"image\/jpeg\" \/>\n<meta name=\"author\" content=\"dmcsrbija.com@gmail.com\" \/>\n<meta name=\"twitter:card\" content=\"summary_large_image\" \/>\n<meta name=\"twitter:label1\" content=\"Written by\" \/>\n\t<meta name=\"twitter:data1\" content=\"dmcsrbija.com@gmail.com\" \/>\n\t<meta name=\"twitter:label2\" content=\"Estimated reading time\" \/>\n\t<meta name=\"twitter:data2\" content=\"1 minute\" \/>\n<script type=\"application\/ld+json\" class=\"yoast-schema-graph\">{\"@context\":\"https:\/\/schema.org\",\"@graph\":[{\"@type\":\"Article\",\"@id\":\"https:\/\/dmcsrb.com\/politika\/mandic-buducnost-regiona-lezi-u-zajednickoj-bezbjednosti\/#article\",\"isPartOf\":{\"@id\":\"https:\/\/dmcsrb.com\/politika\/mandic-buducnost-regiona-lezi-u-zajednickoj-bezbjednosti\/\"},\"author\":{\"name\":\"dmcsrbija.com@gmail.com\",\"@id\":\"https:\/\/dmcsrb.com\/#\/schema\/person\/5c39170f12db1b8b457732d0b5c854e2\"},\"headline\":\"Mandi\u0107: Budu\u0107nost regiona le\u017ei u zajedni\u010dkoj bezbjednosti\",\"datePublished\":\"2025-09-20T12:08:00+00:00\",\"mainEntityOfPage\":{\"@id\":\"https:\/\/dmcsrb.com\/politika\/mandic-buducnost-regiona-lezi-u-zajednickoj-bezbjednosti\/\"},\"wordCount\":162,\"commentCount\":0,\"image\":{\"@id\":\"https:\/\/dmcsrb.com\/politika\/mandic-buducnost-regiona-lezi-u-zajednickoj-bezbjednosti\/#primaryimage\"},\"thumbnailUrl\":\"https:\/\/dmcsrb.com\/wp-content\/uploads\/2026\/01\/Mandic-i-Knezevic-na-vojnoj-paradi-u-Srbiji-foto-skupstina-cg.webp\",\"keywords\":[\"andrija mandi\u0107\",\"milan kne\u017eevi\u0107\",\"Vojna parada u Beogradu\",\"Vojska crne Gore\"],\"articleSection\":[\"Politika\"],\"inLanguage\":\"en-GB\",\"potentialAction\":[{\"@type\":\"CommentAction\",\"name\":\"Comment\",\"target\":[\"https:\/\/dmcsrb.com\/politika\/mandic-buducnost-regiona-lezi-u-zajednickoj-bezbjednosti\/#respond\"]}]},{\"@type\":\"WebPage\",\"@id\":\"https:\/\/dmcsrb.com\/politika\/mandic-buducnost-regiona-lezi-u-zajednickoj-bezbjednosti\/\",\"url\":\"https:\/\/dmcsrb.com\/politika\/mandic-buducnost-regiona-lezi-u-zajednickoj-bezbjednosti\/\",\"name\":\"Mandi\u0107: Budu\u0107nost regiona le\u017ei u zajedni\u010dkoj bezbjednosti - dmcsrb.com\",\"isPartOf\":{\"@id\":\"https:\/\/dmcsrb.com\/#website\"},\"primaryImageOfPage\":{\"@id\":\"https:\/\/dmcsrb.com\/politika\/mandic-buducnost-regiona-lezi-u-zajednickoj-bezbjednosti\/#primaryimage\"},\"image\":{\"@id\":\"https:\/\/dmcsrb.com\/politika\/mandic-buducnost-regiona-lezi-u-zajednickoj-bezbjednosti\/#primaryimage\"},\"thumbnailUrl\":\"https:\/\/dmcsrb.com\/wp-content\/uploads\/2026\/01\/Mandic-i-Knezevic-na-vojnoj-paradi-u-Srbiji-foto-skupstina-cg.webp\",\"datePublished\":\"2025-09-20T12:08:00+00:00\",\"author\":{\"@id\":\"https:\/\/dmcsrb.com\/#\/schema\/person\/5c39170f12db1b8b457732d0b5c854e2\"},\"breadcrumb\":{\"@id\":\"https:\/\/dmcsrb.com\/politika\/mandic-buducnost-regiona-lezi-u-zajednickoj-bezbjednosti\/#breadcrumb\"},\"inLanguage\":\"en-GB\",\"potentialAction\":[{\"@type\":\"ReadAction\",\"target\":[\"https:\/\/dmcsrb.com\/politika\/mandic-buducnost-regiona-lezi-u-zajednickoj-bezbjednosti\/\"]}]},{\"@type\":\"ImageObject\",\"inLanguage\":\"en-GB\",\"@id\":\"https:\/\/dmcsrb.com\/politika\/mandic-buducnost-regiona-lezi-u-zajednickoj-bezbjednosti\/#primaryimage\",\"url\":\"https:\/\/dmcsrb.com\/wp-content\/uploads\/2026\/01\/Mandic-i-Knezevic-na-vojnoj-paradi-u-Srbiji-foto-skupstina-cg.webp\",\"contentUrl\":\"https:\/\/dmcsrb.com\/wp-content\/uploads\/2026\/01\/Mandic-i-Knezevic-na-vojnoj-paradi-u-Srbiji-foto-skupstina-cg.webp\",\"width\":1303,\"height\":797},{\"@type\":\"BreadcrumbList\",\"@id\":\"https:\/\/dmcsrb.com\/politika\/mandic-buducnost-regiona-lezi-u-zajednickoj-bezbjednosti\/#breadcrumb\",\"itemListElement\":[{\"@type\":\"ListItem\",\"position\":1,\"name\":\"Home\",\"item\":\"https:\/\/dmcsrb.com\/\"},{\"@type\":\"ListItem\",\"position\":2,\"name\":\"Mandi\u0107: Budu\u0107nost regiona le\u017ei u zajedni\u010dkoj bezbjednosti\"}]},{\"@type\":\"WebSite\",\"@id\":\"https:\/\/dmcsrb.com\/#website\",\"url\":\"https:\/\/dmcsrb.com\/\",\"name\":\"dmcsrb.com\",\"description\":\"\",\"potentialAction\":[{\"@type\":\"SearchAction\",\"target\":{\"@type\":\"EntryPoint\",\"urlTemplate\":\"https:\/\/dmcsrb.com\/?s={search_term_string}\"},\"query-input\":{\"@type\":\"PropertyValueSpecification\",\"valueRequired\":true,\"valueName\":\"search_term_string\"}}],\"inLanguage\":\"en-GB\"},{\"@type\":\"Person\",\"@id\":\"https:\/\/dmcsrb.com\/#\/schema\/person\/5c39170f12db1b8b457732d0b5c854e2\",\"name\":\"dmcsrbija.com@gmail.com\",\"image\":{\"@type\":\"ImageObject\",\"inLanguage\":\"en-GB\",\"@id\":\"https:\/\/dmcsrb.com\/#\/schema\/person\/image\/\",\"url\":\"https:\/\/secure.gravatar.com\/avatar\/68592660ad6347fad0fb587f8d5d8f1a7b44961362f56e4f2cd524feb87e9069?s=96&d=mm&r=g\",\"contentUrl\":\"https:\/\/secure.gravatar.com\/avatar\/68592660ad6347fad0fb587f8d5d8f1a7b44961362f56e4f2cd524feb87e9069?s=96&d=mm&r=g\",\"caption\":\"dmcsrbija.com@gmail.com\"},\"sameAs\":[\"https:\/\/dmcsrb.com\"],\"url\":\"https:\/\/dmcsrb.com\/en\/author\/dmcsrbija-comgmail-com\/\"}]}<\/script>\n<!-- \/ Yoast SEO plugin. -->","yoast_head_json":{"title":"Mandi\u0107: Budu\u0107nost regiona le\u017ei u zajedni\u010dkoj bezbjednosti - dmcsrb.com","robots":{"index":"index","follow":"follow","max-snippet":"max-snippet:-1","max-image-preview":"max-image-preview:large","max-video-preview":"max-video-preview:-1"},"canonical":"https:\/\/dmcsrb.com\/en\/politika\/mandic-buducnost-regiona-lezi-u-zajednickoj-bezbjednosti\/","og_locale":"en_GB","og_type":"article","og_title":"Mandi\u0107: Budu\u0107nost regiona le\u017ei u zajedni\u010dkoj bezbjednosti - dmcsrb.com","og_description":"Predsjednik Skup\u0161tine Crne Gore Andrija Mandi\u0107 i prvi \u010dovjek Demokratske narodne partije, Milan Kne\u017eevi\u0107 prisustvovali su danas na paradi Vojske Srbije, poru\u010div\u0161i da budu\u0107nost regiona le\u017ei u zajedni\u010dkoj bezbjednosti i o\u010duvanju mira i stabilnosti.","og_url":"https:\/\/dmcsrb.com\/en\/politika\/mandic-buducnost-regiona-lezi-u-zajednickoj-bezbjednosti\/","og_site_name":"dmcsrb.com","article_published_time":"2025-09-20T12:08:00+00:00","og_image":[{"width":1303,"height":797,"url":"https:\/\/dmcsrb.com\/wp-content\/uploads\/2026\/01\/Mandic-i-Knezevic-na-vojnoj-paradi-u-Srbiji-foto-skupstina-cg.webp","type":"image\/jpeg"}],"author":"dmcsrbija.com@gmail.com","twitter_card":"summary_large_image","twitter_misc":{"Written by":"dmcsrbija.com@gmail.com","Estimated reading time":"1 minute"},"schema":{"@context":"https:\/\/schema.org","@graph":[{"@type":"Article","@id":"https:\/\/dmcsrb.com\/politika\/mandic-buducnost-regiona-lezi-u-zajednickoj-bezbjednosti\/#article","isPartOf":{"@id":"https:\/\/dmcsrb.com\/politika\/mandic-buducnost-regiona-lezi-u-zajednickoj-bezbjednosti\/"},"author":{"name":"dmcsrbija.com@gmail.com","@id":"https:\/\/dmcsrb.com\/#\/schema\/person\/5c39170f12db1b8b457732d0b5c854e2"},"headline":"Mandi\u0107: Budu\u0107nost regiona le\u017ei u zajedni\u010dkoj bezbjednosti","datePublished":"2025-09-20T12:08:00+00:00","mainEntityOfPage":{"@id":"https:\/\/dmcsrb.com\/politika\/mandic-buducnost-regiona-lezi-u-zajednickoj-bezbjednosti\/"},"wordCount":162,"commentCount":0,"image":{"@id":"https:\/\/dmcsrb.com\/politika\/mandic-buducnost-regiona-lezi-u-zajednickoj-bezbjednosti\/#primaryimage"},"thumbnailUrl":"https:\/\/dmcsrb.com\/wp-content\/uploads\/2026\/01\/Mandic-i-Knezevic-na-vojnoj-paradi-u-Srbiji-foto-skupstina-cg.webp","keywords":["andrija mandi\u0107","milan kne\u017eevi\u0107","Vojna parada u Beogradu","Vojska crne Gore"],"articleSection":["Politika"],"inLanguage":"en-GB","potentialAction":[{"@type":"CommentAction","name":"Comment","target":["https:\/\/dmcsrb.com\/politika\/mandic-buducnost-regiona-lezi-u-zajednickoj-bezbjednosti\/#respond"]}]},{"@type":"WebPage","@id":"https:\/\/dmcsrb.com\/politika\/mandic-buducnost-regiona-lezi-u-zajednickoj-bezbjednosti\/","url":"https:\/\/dmcsrb.com\/politika\/mandic-buducnost-regiona-lezi-u-zajednickoj-bezbjednosti\/","name":"Mandi\u0107: Budu\u0107nost regiona le\u017ei u zajedni\u010dkoj bezbjednosti - dmcsrb.com","isPartOf":{"@id":"https:\/\/dmcsrb.com\/#website"},"primaryImageOfPage":{"@id":"https:\/\/dmcsrb.com\/politika\/mandic-buducnost-regiona-lezi-u-zajednickoj-bezbjednosti\/#primaryimage"},"image":{"@id":"https:\/\/dmcsrb.com\/politika\/mandic-buducnost-regiona-lezi-u-zajednickoj-bezbjednosti\/#primaryimage"},"thumbnailUrl":"https:\/\/dmcsrb.com\/wp-content\/uploads\/2026\/01\/Mandic-i-Knezevic-na-vojnoj-paradi-u-Srbiji-foto-skupstina-cg.webp","datePublished":"2025-09-20T12:08:00+00:00","author":{"@id":"https:\/\/dmcsrb.com\/#\/schema\/person\/5c39170f12db1b8b457732d0b5c854e2"},"breadcrumb":{"@id":"https:\/\/dmcsrb.com\/politika\/mandic-buducnost-regiona-lezi-u-zajednickoj-bezbjednosti\/#breadcrumb"},"inLanguage":"en-GB","potentialAction":[{"@type":"ReadAction","target":["https:\/\/dmcsrb.com\/politika\/mandic-buducnost-regiona-lezi-u-zajednickoj-bezbjednosti\/"]}]},{"@type":"ImageObject","inLanguage":"en-GB","@id":"https:\/\/dmcsrb.com\/politika\/mandic-buducnost-regiona-lezi-u-zajednickoj-bezbjednosti\/#primaryimage","url":"https:\/\/dmcsrb.com\/wp-content\/uploads\/2026\/01\/Mandic-i-Knezevic-na-vojnoj-paradi-u-Srbiji-foto-skupstina-cg.webp","contentUrl":"https:\/\/dmcsrb.com\/wp-content\/uploads\/2026\/01\/Mandic-i-Knezevic-na-vojnoj-paradi-u-Srbiji-foto-skupstina-cg.webp","width":1303,"height":797},{"@type":"BreadcrumbList","@id":"https:\/\/dmcsrb.com\/politika\/mandic-buducnost-regiona-lezi-u-zajednickoj-bezbjednosti\/#breadcrumb","itemListElement":[{"@type":"ListItem","position":1,"name":"Home","item":"https:\/\/dmcsrb.com\/"},{"@type":"ListItem","position":2,"name":"Mandi\u0107: Budu\u0107nost regiona le\u017ei u zajedni\u010dkoj bezbjednosti"}]},{"@type":"WebSite","@id":"https:\/\/dmcsrb.com\/#website","url":"https:\/\/dmcsrb.com\/","name":"dmcsrb.com","description":"","potentialAction":[{"@type":"SearchAction","target":{"@type":"EntryPoint","urlTemplate":"https:\/\/dmcsrb.com\/?s={search_term_string}"},"query-input":{"@type":"PropertyValueSpecification","valueRequired":true,"valueName":"search_term_string"}}],"inLanguage":"en-GB"},{"@type":"Person","@id":"https:\/\/dmcsrb.com\/#\/schema\/person\/5c39170f12db1b8b457732d0b5c854e2","name":"dmcsrbija.com@gmail.com","image":{"@type":"ImageObject","inLanguage":"en-GB","@id":"https:\/\/dmcsrb.com\/#\/schema\/person\/image\/","url":"https:\/\/secure.gravatar.com\/avatar\/68592660ad6347fad0fb587f8d5d8f1a7b44961362f56e4f2cd524feb87e9069?s=96&d=mm&r=g","contentUrl":"https:\/\/secure.gravatar.com\/avatar\/68592660ad6347fad0fb587f8d5d8f1a7b44961362f56e4f2cd524feb87e9069?s=96&d=mm&r=g","caption":"dmcsrbija.com@gmail.com"},"sameAs":["https:\/\/dmcsrb.com"],"url":"https:\/\/dmcsrb.com\/en\/author\/dmcsrbija-comgmail-com\/"}]}},"_links":{"self":[{"href":"https:\/\/dmcsrb.com\/en\/wp-json\/wp\/v2\/posts\/953122","targetHints":{"allow":["GET"]}}],"collection":[{"href":"https:\/\/dmcsrb.com\/en\/wp-json\/wp\/v2\/posts"}],"about":[{"href":"https:\/\/dmcsrb.com\/en\/wp-json\/wp\/v2\/types\/post"}],"author":[{"embeddable":true,"href":"https:\/\/dmcsrb.com\/en\/wp-json\/wp\/v2\/users\/1"}],"replies":[{"embeddable":true,"href":"https:\/\/dmcsrb.com\/en\/wp-json\/wp\/v2\/comments?post=953122"}],"version-history":[{"count":0,"href":"https:\/\/dmcsrb.com\/en\/wp-json\/wp\/v2\/posts\/953122\/revisions"}],"wp:featuredmedia":[{"embeddable":true,"href":"https:\/\/dmcsrb.com\/en\/wp-json\/wp\/v2\/media\/953123"}],"wp:attachment":[{"href":"https:\/\/dmcsrb.com\/en\/wp-json\/wp\/v2\/media?parent=953122"}],"wp:term":[{"taxonomy":"category","embeddable":true,"href":"https:\/\/dmcsrb.com\/en\/wp-json\/wp\/v2\/categories?post=953122"},{"taxonomy":"post_tag","embeddable":true,"href":"https:\/\/dmcsrb.com\/en\/wp-json\/wp\/v2\/tags?post=953122"},{"taxonomy":"naslovna","embeddable":true,"href":"https:\/\/dmcsrb.com\/en\/wp-json\/wp\/v2\/naslovna?post=953122"}],"curies":[{"name":"wp","href":"https:\/\/api.w.org\/{rel}","templated":true}]}}