{"id":953120,"date":"2025-09-20T14:14:00","date_gmt":"2025-09-20T12:14:00","guid":{"rendered":"https:\/\/dmcsrb.com\/uncategorized\/uefa-u-utorak-odlucuje-o-sudbini-reprezentacije-i-klubova-izraela\/"},"modified":"2025-09-20T14:14:00","modified_gmt":"2025-09-20T12:14:00","slug":"uefa-u-utorak-odlucuje-o-sudbini-reprezentacije-i-klubova-izraela","status":"publish","type":"post","link":"https:\/\/dmcsrb.com\/en\/sport\/uefa-u-utorak-odlucuje-o-sudbini-reprezentacije-i-klubova-izraela\/","title":{"rendered":"UEFA u utorak odlu\u010duje o sudbini reprezentacije i klubova Izraela"},"content":{"rendered":"<p><\/p>\n\n\n\n<p>\u0160panske vlasti su najavile mogu\u0107i bojkot Mundijala koji se naredne godine odr\u017eava u SAD, Meksiku i Kanadi.<\/p>\n\n\n\n<p>Uz to, Katar je pokrenuo zvani\u010dnu inicijativu za izbacivanje Izraela iz me\u0111unarodnih takmi\u010denja.<\/p>\n\n\n\n<p>Informaciju su prenijeli mediji iz Izraela koji isti\u010du da Fudbalski savez Izraela uveliko radi na tome da ovo glasanje sprije\u010di, jer strahuju da bi ve\u0107ina evropskih saveza glasala za njihovo isklju\u010denje.<\/p>\n\n\n\n<p>Sastanak UEFA je zakazan samo dan prije duela Makabija iz Tel Aviva i PAOK-a.<\/p>","protected":false},"excerpt":{"rendered":"<p>Evropska ku\u0107a fudbala \u0107e u utorak odlu\u010divati o daljem u\u010de\u0161\u0107u reprezentacije Izraela, te klubovima iz te zemlje u takmi\u010denjima pod njenim okriljem.<\/p>","protected":false},"author":1,"featured_media":953121,"comment_status":"open","ping_status":"open","sticky":false,"template":"","format":"standard","meta":{"_acf_changed":false,"footnotes":""},"categories":[148],"tags":[751,2144],"naslovna":[],"class_list":["post-953120","post","type-post","status-publish","format-standard","has-post-thumbnail","hentry","category-sport","tag-izrael","tag-uefa"],"acf":[],"yoast_head":"<!-- This site is optimized with the Yoast SEO plugin v27.4 - https:\/\/yoast.com\/product\/yoast-seo-wordpress\/ -->\n<title>UEFA u utorak odlu\u010duje o sudbini reprezentacije i klubova Izraela - dmcsrb.com<\/title>\n<meta name=\"robots\" content=\"index, follow, max-snippet:-1, max-image-preview:large, max-video-preview:-1\" \/>\n<link rel=\"canonical\" href=\"https:\/\/dmcsrb.com\/en\/sport\/uefa-u-utorak-odlucuje-o-sudbini-reprezentacije-i-klubova-izraela\/\" \/>\n<meta property=\"og:locale\" content=\"en_GB\" \/>\n<meta property=\"og:type\" content=\"article\" \/>\n<meta property=\"og:title\" content=\"UEFA u utorak odlu\u010duje o sudbini reprezentacije i klubova Izraela - dmcsrb.com\" \/>\n<meta property=\"og:description\" content=\"Evropska ku\u0107a fudbala \u0107e u utorak odlu\u010divati o daljem u\u010de\u0161\u0107u reprezentacije Izraela, te klubovima iz te zemlje u takmi\u010denjima pod njenim okriljem.\" \/>\n<meta property=\"og:url\" content=\"https:\/\/dmcsrb.com\/en\/sport\/uefa-u-utorak-odlucuje-o-sudbini-reprezentacije-i-klubova-izraela\/\" \/>\n<meta property=\"og:site_name\" content=\"dmcsrb.com\" \/>\n<meta property=\"article:published_time\" content=\"2025-09-20T12:14:00+00:00\" \/>\n<meta property=\"og:image\" content=\"https:\/\/dmcsrb.com\/wp-content\/uploads\/2026\/01\/UEFA-UEFA.webp\" \/>\n\t<meta property=\"og:image:width\" content=\"960\" \/>\n\t<meta property=\"og:image:height\" content=\"600\" \/>\n\t<meta property=\"og:image:type\" content=\"image\/jpeg\" \/>\n<meta name=\"author\" content=\"dmcsrbija.com@gmail.com\" \/>\n<meta name=\"twitter:card\" content=\"summary_large_image\" \/>\n<meta name=\"twitter:label1\" content=\"Written by\" \/>\n\t<meta name=\"twitter:data1\" content=\"dmcsrbija.com@gmail.com\" \/>\n<script type=\"application\/ld+json\" class=\"yoast-schema-graph\">{\"@context\":\"https:\\\/\\\/schema.org\",\"@graph\":[{\"@type\":\"Article\",\"@id\":\"https:\\\/\\\/dmcsrb.com\\\/sport\\\/uefa-u-utorak-odlucuje-o-sudbini-reprezentacije-i-klubova-izraela\\\/#article\",\"isPartOf\":{\"@id\":\"https:\\\/\\\/dmcsrb.com\\\/sport\\\/uefa-u-utorak-odlucuje-o-sudbini-reprezentacije-i-klubova-izraela\\\/\"},\"author\":{\"name\":\"dmcsrbija.com@gmail.com\",\"@id\":\"https:\\\/\\\/dmcsrb.com\\\/#\\\/schema\\\/person\\\/5c39170f12db1b8b457732d0b5c854e2\"},\"headline\":\"UEFA u utorak odlu\u010duje o sudbini reprezentacije i klubova Izraela\",\"datePublished\":\"2025-09-20T12:14:00+00:00\",\"mainEntityOfPage\":{\"@id\":\"https:\\\/\\\/dmcsrb.com\\\/sport\\\/uefa-u-utorak-odlucuje-o-sudbini-reprezentacije-i-klubova-izraela\\\/\"},\"wordCount\":95,\"commentCount\":0,\"image\":{\"@id\":\"https:\\\/\\\/dmcsrb.com\\\/sport\\\/uefa-u-utorak-odlucuje-o-sudbini-reprezentacije-i-klubova-izraela\\\/#primaryimage\"},\"thumbnailUrl\":\"https:\\\/\\\/dmcsrb.com\\\/wp-content\\\/uploads\\\/2026\\\/01\\\/UEFA-UEFA.webp\",\"keywords\":[\"Izrael\",\"UEFA\"],\"articleSection\":[\"Sport\"],\"inLanguage\":\"en-GB\",\"potentialAction\":[{\"@type\":\"CommentAction\",\"name\":\"Comment\",\"target\":[\"https:\\\/\\\/dmcsrb.com\\\/sport\\\/uefa-u-utorak-odlucuje-o-sudbini-reprezentacije-i-klubova-izraela\\\/#respond\"]}]},{\"@type\":\"WebPage\",\"@id\":\"https:\\\/\\\/dmcsrb.com\\\/sport\\\/uefa-u-utorak-odlucuje-o-sudbini-reprezentacije-i-klubova-izraela\\\/\",\"url\":\"https:\\\/\\\/dmcsrb.com\\\/sport\\\/uefa-u-utorak-odlucuje-o-sudbini-reprezentacije-i-klubova-izraela\\\/\",\"name\":\"UEFA u utorak odlu\u010duje o sudbini reprezentacije i klubova Izraela - dmcsrb.com\",\"isPartOf\":{\"@id\":\"https:\\\/\\\/dmcsrb.com\\\/#website\"},\"primaryImageOfPage\":{\"@id\":\"https:\\\/\\\/dmcsrb.com\\\/sport\\\/uefa-u-utorak-odlucuje-o-sudbini-reprezentacije-i-klubova-izraela\\\/#primaryimage\"},\"image\":{\"@id\":\"https:\\\/\\\/dmcsrb.com\\\/sport\\\/uefa-u-utorak-odlucuje-o-sudbini-reprezentacije-i-klubova-izraela\\\/#primaryimage\"},\"thumbnailUrl\":\"https:\\\/\\\/dmcsrb.com\\\/wp-content\\\/uploads\\\/2026\\\/01\\\/UEFA-UEFA.webp\",\"datePublished\":\"2025-09-20T12:14:00+00:00\",\"author\":{\"@id\":\"https:\\\/\\\/dmcsrb.com\\\/#\\\/schema\\\/person\\\/5c39170f12db1b8b457732d0b5c854e2\"},\"breadcrumb\":{\"@id\":\"https:\\\/\\\/dmcsrb.com\\\/sport\\\/uefa-u-utorak-odlucuje-o-sudbini-reprezentacije-i-klubova-izraela\\\/#breadcrumb\"},\"inLanguage\":\"en-GB\",\"potentialAction\":[{\"@type\":\"ReadAction\",\"target\":[\"https:\\\/\\\/dmcsrb.com\\\/sport\\\/uefa-u-utorak-odlucuje-o-sudbini-reprezentacije-i-klubova-izraela\\\/\"]}]},{\"@type\":\"ImageObject\",\"inLanguage\":\"en-GB\",\"@id\":\"https:\\\/\\\/dmcsrb.com\\\/sport\\\/uefa-u-utorak-odlucuje-o-sudbini-reprezentacije-i-klubova-izraela\\\/#primaryimage\",\"url\":\"https:\\\/\\\/dmcsrb.com\\\/wp-content\\\/uploads\\\/2026\\\/01\\\/UEFA-UEFA.webp\",\"contentUrl\":\"https:\\\/\\\/dmcsrb.com\\\/wp-content\\\/uploads\\\/2026\\\/01\\\/UEFA-UEFA.webp\",\"width\":960,\"height\":600},{\"@type\":\"BreadcrumbList\",\"@id\":\"https:\\\/\\\/dmcsrb.com\\\/sport\\\/uefa-u-utorak-odlucuje-o-sudbini-reprezentacije-i-klubova-izraela\\\/#breadcrumb\",\"itemListElement\":[{\"@type\":\"ListItem\",\"position\":1,\"name\":\"Home\",\"item\":\"https:\\\/\\\/dmcsrb.com\\\/\"},{\"@type\":\"ListItem\",\"position\":2,\"name\":\"UEFA u utorak odlu\u010duje o sudbini reprezentacije i klubova Izraela\"}]},{\"@type\":\"WebSite\",\"@id\":\"https:\\\/\\\/dmcsrb.com\\\/#website\",\"url\":\"https:\\\/\\\/dmcsrb.com\\\/\",\"name\":\"dmcsrb.com\",\"description\":\"\",\"potentialAction\":[{\"@type\":\"SearchAction\",\"target\":{\"@type\":\"EntryPoint\",\"urlTemplate\":\"https:\\\/\\\/dmcsrb.com\\\/?s={search_term_string}\"},\"query-input\":{\"@type\":\"PropertyValueSpecification\",\"valueRequired\":true,\"valueName\":\"search_term_string\"}}],\"inLanguage\":\"en-GB\"},{\"@type\":\"Person\",\"@id\":\"https:\\\/\\\/dmcsrb.com\\\/#\\\/schema\\\/person\\\/5c39170f12db1b8b457732d0b5c854e2\",\"name\":\"dmcsrbija.com@gmail.com\",\"image\":{\"@type\":\"ImageObject\",\"inLanguage\":\"en-GB\",\"@id\":\"https:\\\/\\\/secure.gravatar.com\\\/avatar\\\/68592660ad6347fad0fb587f8d5d8f1a7b44961362f56e4f2cd524feb87e9069?s=96&d=mm&r=g\",\"url\":\"https:\\\/\\\/secure.gravatar.com\\\/avatar\\\/68592660ad6347fad0fb587f8d5d8f1a7b44961362f56e4f2cd524feb87e9069?s=96&d=mm&r=g\",\"contentUrl\":\"https:\\\/\\\/secure.gravatar.com\\\/avatar\\\/68592660ad6347fad0fb587f8d5d8f1a7b44961362f56e4f2cd524feb87e9069?s=96&d=mm&r=g\",\"caption\":\"dmcsrbija.com@gmail.com\"},\"sameAs\":[\"https:\\\/\\\/dmcsrb.com\"],\"url\":\"https:\\\/\\\/dmcsrb.com\\\/en\\\/author\\\/dmcsrbija-comgmail-com\\\/\"}]}<\/script>\n<!-- \/ Yoast SEO plugin. -->","yoast_head_json":{"title":"UEFA u utorak odlu\u010duje o sudbini reprezentacije i klubova Izraela - dmcsrb.com","robots":{"index":"index","follow":"follow","max-snippet":"max-snippet:-1","max-image-preview":"max-image-preview:large","max-video-preview":"max-video-preview:-1"},"canonical":"https:\/\/dmcsrb.com\/en\/sport\/uefa-u-utorak-odlucuje-o-sudbini-reprezentacije-i-klubova-izraela\/","og_locale":"en_GB","og_type":"article","og_title":"UEFA u utorak odlu\u010duje o sudbini reprezentacije i klubova Izraela - dmcsrb.com","og_description":"Evropska ku\u0107a fudbala \u0107e u utorak odlu\u010divati o daljem u\u010de\u0161\u0107u reprezentacije Izraela, te klubovima iz te zemlje u takmi\u010denjima pod njenim okriljem.","og_url":"https:\/\/dmcsrb.com\/en\/sport\/uefa-u-utorak-odlucuje-o-sudbini-reprezentacije-i-klubova-izraela\/","og_site_name":"dmcsrb.com","article_published_time":"2025-09-20T12:14:00+00:00","og_image":[{"width":960,"height":600,"url":"https:\/\/dmcsrb.com\/wp-content\/uploads\/2026\/01\/UEFA-UEFA.webp","type":"image\/jpeg"}],"author":"dmcsrbija.com@gmail.com","twitter_card":"summary_large_image","twitter_misc":{"Written by":"dmcsrbija.com@gmail.com"},"schema":{"@context":"https:\/\/schema.org","@graph":[{"@type":"Article","@id":"https:\/\/dmcsrb.com\/sport\/uefa-u-utorak-odlucuje-o-sudbini-reprezentacije-i-klubova-izraela\/#article","isPartOf":{"@id":"https:\/\/dmcsrb.com\/sport\/uefa-u-utorak-odlucuje-o-sudbini-reprezentacije-i-klubova-izraela\/"},"author":{"name":"dmcsrbija.com@gmail.com","@id":"https:\/\/dmcsrb.com\/#\/schema\/person\/5c39170f12db1b8b457732d0b5c854e2"},"headline":"UEFA u utorak odlu\u010duje o sudbini reprezentacije i klubova Izraela","datePublished":"2025-09-20T12:14:00+00:00","mainEntityOfPage":{"@id":"https:\/\/dmcsrb.com\/sport\/uefa-u-utorak-odlucuje-o-sudbini-reprezentacije-i-klubova-izraela\/"},"wordCount":95,"commentCount":0,"image":{"@id":"https:\/\/dmcsrb.com\/sport\/uefa-u-utorak-odlucuje-o-sudbini-reprezentacije-i-klubova-izraela\/#primaryimage"},"thumbnailUrl":"https:\/\/dmcsrb.com\/wp-content\/uploads\/2026\/01\/UEFA-UEFA.webp","keywords":["Izrael","UEFA"],"articleSection":["Sport"],"inLanguage":"en-GB","potentialAction":[{"@type":"CommentAction","name":"Comment","target":["https:\/\/dmcsrb.com\/sport\/uefa-u-utorak-odlucuje-o-sudbini-reprezentacije-i-klubova-izraela\/#respond"]}]},{"@type":"WebPage","@id":"https:\/\/dmcsrb.com\/sport\/uefa-u-utorak-odlucuje-o-sudbini-reprezentacije-i-klubova-izraela\/","url":"https:\/\/dmcsrb.com\/sport\/uefa-u-utorak-odlucuje-o-sudbini-reprezentacije-i-klubova-izraela\/","name":"UEFA u utorak odlu\u010duje o sudbini reprezentacije i klubova Izraela - dmcsrb.com","isPartOf":{"@id":"https:\/\/dmcsrb.com\/#website"},"primaryImageOfPage":{"@id":"https:\/\/dmcsrb.com\/sport\/uefa-u-utorak-odlucuje-o-sudbini-reprezentacije-i-klubova-izraela\/#primaryimage"},"image":{"@id":"https:\/\/dmcsrb.com\/sport\/uefa-u-utorak-odlucuje-o-sudbini-reprezentacije-i-klubova-izraela\/#primaryimage"},"thumbnailUrl":"https:\/\/dmcsrb.com\/wp-content\/uploads\/2026\/01\/UEFA-UEFA.webp","datePublished":"2025-09-20T12:14:00+00:00","author":{"@id":"https:\/\/dmcsrb.com\/#\/schema\/person\/5c39170f12db1b8b457732d0b5c854e2"},"breadcrumb":{"@id":"https:\/\/dmcsrb.com\/sport\/uefa-u-utorak-odlucuje-o-sudbini-reprezentacije-i-klubova-izraela\/#breadcrumb"},"inLanguage":"en-GB","potentialAction":[{"@type":"ReadAction","target":["https:\/\/dmcsrb.com\/sport\/uefa-u-utorak-odlucuje-o-sudbini-reprezentacije-i-klubova-izraela\/"]}]},{"@type":"ImageObject","inLanguage":"en-GB","@id":"https:\/\/dmcsrb.com\/sport\/uefa-u-utorak-odlucuje-o-sudbini-reprezentacije-i-klubova-izraela\/#primaryimage","url":"https:\/\/dmcsrb.com\/wp-content\/uploads\/2026\/01\/UEFA-UEFA.webp","contentUrl":"https:\/\/dmcsrb.com\/wp-content\/uploads\/2026\/01\/UEFA-UEFA.webp","width":960,"height":600},{"@type":"BreadcrumbList","@id":"https:\/\/dmcsrb.com\/sport\/uefa-u-utorak-odlucuje-o-sudbini-reprezentacije-i-klubova-izraela\/#breadcrumb","itemListElement":[{"@type":"ListItem","position":1,"name":"Home","item":"https:\/\/dmcsrb.com\/"},{"@type":"ListItem","position":2,"name":"UEFA u utorak odlu\u010duje o sudbini reprezentacije i klubova Izraela"}]},{"@type":"WebSite","@id":"https:\/\/dmcsrb.com\/#website","url":"https:\/\/dmcsrb.com\/","name":"dmcsrb.com","description":"","potentialAction":[{"@type":"SearchAction","target":{"@type":"EntryPoint","urlTemplate":"https:\/\/dmcsrb.com\/?s={search_term_string}"},"query-input":{"@type":"PropertyValueSpecification","valueRequired":true,"valueName":"search_term_string"}}],"inLanguage":"en-GB"},{"@type":"Person","@id":"https:\/\/dmcsrb.com\/#\/schema\/person\/5c39170f12db1b8b457732d0b5c854e2","name":"dmcsrbija.com@gmail.com","image":{"@type":"ImageObject","inLanguage":"en-GB","@id":"https:\/\/secure.gravatar.com\/avatar\/68592660ad6347fad0fb587f8d5d8f1a7b44961362f56e4f2cd524feb87e9069?s=96&d=mm&r=g","url":"https:\/\/secure.gravatar.com\/avatar\/68592660ad6347fad0fb587f8d5d8f1a7b44961362f56e4f2cd524feb87e9069?s=96&d=mm&r=g","contentUrl":"https:\/\/secure.gravatar.com\/avatar\/68592660ad6347fad0fb587f8d5d8f1a7b44961362f56e4f2cd524feb87e9069?s=96&d=mm&r=g","caption":"dmcsrbija.com@gmail.com"},"sameAs":["https:\/\/dmcsrb.com"],"url":"https:\/\/dmcsrb.com\/en\/author\/dmcsrbija-comgmail-com\/"}]}},"_links":{"self":[{"href":"https:\/\/dmcsrb.com\/en\/wp-json\/wp\/v2\/posts\/953120","targetHints":{"allow":["GET"]}}],"collection":[{"href":"https:\/\/dmcsrb.com\/en\/wp-json\/wp\/v2\/posts"}],"about":[{"href":"https:\/\/dmcsrb.com\/en\/wp-json\/wp\/v2\/types\/post"}],"author":[{"embeddable":true,"href":"https:\/\/dmcsrb.com\/en\/wp-json\/wp\/v2\/users\/1"}],"replies":[{"embeddable":true,"href":"https:\/\/dmcsrb.com\/en\/wp-json\/wp\/v2\/comments?post=953120"}],"version-history":[{"count":0,"href":"https:\/\/dmcsrb.com\/en\/wp-json\/wp\/v2\/posts\/953120\/revisions"}],"wp:featuredmedia":[{"embeddable":true,"href":"https:\/\/dmcsrb.com\/en\/wp-json\/wp\/v2\/media\/953121"}],"wp:attachment":[{"href":"https:\/\/dmcsrb.com\/en\/wp-json\/wp\/v2\/media?parent=953120"}],"wp:term":[{"taxonomy":"category","embeddable":true,"href":"https:\/\/dmcsrb.com\/en\/wp-json\/wp\/v2\/categories?post=953120"},{"taxonomy":"post_tag","embeddable":true,"href":"https:\/\/dmcsrb.com\/en\/wp-json\/wp\/v2\/tags?post=953120"},{"taxonomy":"naslovna","embeddable":true,"href":"https:\/\/dmcsrb.com\/en\/wp-json\/wp\/v2\/naslovna?post=953120"}],"curies":[{"name":"wp","href":"https:\/\/api.w.org\/{rel}","templated":true}]}}