{"id":953108,"date":"2025-09-20T12:04:00","date_gmt":"2025-09-20T10:04:00","guid":{"rendered":"https:\/\/dmcsrb.com\/uncategorized\/hra-specijalna-izvjestiteljka-un-upozorila-na-povrede-prava-na-privatnost-u-predlogu-zakona-o-anb-u\/"},"modified":"2025-09-20T12:04:00","modified_gmt":"2025-09-20T10:04:00","slug":"hra-specijalna-izvjestiteljka-un-upozorila-na-povrede-prava-na-privatnost-u-predlogu-zakona-o-anb-u","status":"publish","type":"post","link":"https:\/\/dmcsrb.com\/en\/drustvo\/hra-specijalna-izvjestiteljka-un-upozorila-na-povrede-prava-na-privatnost-u-predlogu-zakona-o-anb-u\/","title":{"rendered":"HRA: Specijalna izvjestiteljka UN upozorila na povrede prava na privatnost u predlogu zakona o ANB-u"},"content":{"rendered":"<p>Iz Akcije za ljudska prava (HRA) sao\u0161tili su da je Nougreres to navela u pismu crnogorskoj Vladi.<\/p>\n\n\n\n<p>Oni su podsjetili da je taj predlog krajem jula povu\u010den iz skup\u0161tinske procedure pod pritiskom nevladinog sektora i opozicije.<\/p>\n\n\n\n<p>\u201eSpecijalna izvjestiteljka je upozorila da \u010dlanovi 13, 15 i 18 Predloga zakona daju ANB-u pre\u0161iroka ovla\u0161\u0107enja za nadzor i prikupljanje podataka bez adekvatnog sudskog nadzora, \u0161to mo\u017ee dovesti do povreda prava na privatnost i drugih ljudskih prava zagarantovanih me\u0111unarodnim pravom\u201c, ka\u017ee se u saop\u0161tenju HRA.<\/p>\n\n\n\n<p>Iz te nevladine organizacije (NVO) su rekli da je Nougreres imala u vidu i amandmane koje je Vlada naknadno predlo\u017eila i zaklju\u010dila da &#8220;uprkos tim amandmanima i dalje postoje odre\u0111eni nedostaci i da su potrebne dodatne izmjene kako bi se za\u0161titilo pravo na privatnost&#8221;.<\/p>\n\n\n\n<p>Ona je naglasila da pravo na privatnost \u0161titi pojedince od proizvoljnog i nezakonitog mije\u0161anja u li\u010dni i porodi\u010dni \u017eivot, u skladu sa Univerzalnom deklaracijom o ljudskim pravima, Me\u0111unarodnim paktom o gra\u0111anskim i politi\u010dkim pravima i Evropskom konvencijom o ljudskim pravima.<\/p>\n\n\n\n<p>\u201ePosebno je istakla da Predlog ne predvi\u0111a dovoljne sudske garancije, nezavisan nadzor, niti je donijet u procesu javne rasprave, iako su sve to osnovni principi demokratskog upravljanja i za\u0161tite ljudskih prava\u201c, ka\u017ee se u saop\u0161tenju.<\/p>\n\n\n\n<p>Navodi se da intervencija Specijalne izvjestiteljke predstavlja potvrdu ranijih upozorenja NVO i zahtjeva da Vlada predlo\u017eene odredbe zakona o ANB uskladi sa me\u0111unarodnim standardima ljudskih prava i da o tome sprovede javnu raspravu.<\/p>\n\n\n\n<p>Podsje\u0107a se da su NVO u zajedni\u010dkom saop\u0161tenju u julu upozorile da predlo\u017een zakon po vi\u0161e osnova nije odgovorio na potrebe za temeljnu reformu ANB-a u savremenu, profesionalnu i demokratski kontrolisanu slu\u017ebu bezbjednosti, koja bi po\u0161tovala ljudska prava.<\/p>\n\n\n\n<p>NVO su zatra\u017eile da se otvori javna rasprava i uz pomo\u0107 stru\u010dnjaka i zainteresovane javnosti predlo\u017ee adekvatna rje\u0161enja.<\/p>\n\n\n\n<p>Specijalna izvjestiteljka je, izme\u0111u ostalog, od Vlade Crne Gore zatra\u017eila da precizira na koji na\u010din \u010dlanovi 13, 15 i 18 ispunjavaju preporuke Komiteta za ljudska prava UN o uvo\u0111enju sudskog odobrenja za prikupljanje obavje\u0161tajnih podataka.<\/p>\n\n\n\n<p>Nougreres je tra\u017eila od Vlade i da pojasni kako \u0107e se obezbijediti me\u0111unarodno priznati proceduralni standardi koji sprje\u010davaju zloupotrebu nadzora, kao i da navede da li i kako planira da sprovede javno dostupan proces konsultacija sa gra\u0111anima i civilnim dru\u0161tvom o dopunjenoj verziji zakona.<\/p>\n\n\n\n<p>\u201eNa kraju pisma, izvjestiteljka je najavila da \u0107e njena komunikacija, zajedno sa eventualnim odgovorom Vlade, biti javno objavljena na internet stranici UN i kasnije uklju\u010dena u redovni izvje\u0161taj Savjetu za ljudska prava\u201c, ka\u017ee se u saop\u0161tenju.<\/p>\n\n\n\n<p>Iz HRA su pozvali Vladu i Skup\u0161tinu da ozbiljno razmotre preporuke Specijalne izvjestiteljke i uklju\u010de civilno dru\u0161tvo u pripremu i dono\u0161enje zakona od ovakvog zna\u010daja.<\/p>","protected":false},"excerpt":{"rendered":"<p>Specijalna izvjestiteljka Ujedinjenih nacija za pravo na privatnost, Ana Brian Nougreres upozorila je Vladu Crne Gore na povrede prava na privatnost u Predlogu zakona o Agenciji za nacionalnu bezbjednost (ANB) koji je krajem jula povu\u010den iz skup\u0161tinske procedure.<\/p>","protected":false},"author":1,"featured_media":912874,"comment_status":"open","ping_status":"open","sticky":false,"template":"","format":"standard","meta":{"_acf_changed":false,"footnotes":""},"categories":[2],"tags":[5014,2533,192,754],"naslovna":[],"class_list":["post-953108","post","type-post","status-publish","format-standard","has-post-thumbnail","hentry","category-drustvo","tag-anb","tag-hra","tag-un","tag-zakon"],"acf":[],"yoast_head":"<!-- This site is optimized with the Yoast SEO plugin v27.0 - https:\/\/yoast.com\/product\/yoast-seo-wordpress\/ -->\n<title>HRA: Specijalna izvjestiteljka UN upozorila na povrede prava na privatnost u predlogu zakona o ANB-u - dmcsrb.com<\/title>\n<meta name=\"robots\" content=\"index, follow, max-snippet:-1, max-image-preview:large, max-video-preview:-1\" \/>\n<link rel=\"canonical\" href=\"https:\/\/dmcsrb.com\/en\/drustvo\/hra-specijalna-izvjestiteljka-un-upozorila-na-povrede-prava-na-privatnost-u-predlogu-zakona-o-anb-u\/\" \/>\n<meta property=\"og:locale\" content=\"en_GB\" \/>\n<meta property=\"og:type\" content=\"article\" \/>\n<meta property=\"og:title\" content=\"HRA: Specijalna izvjestiteljka UN upozorila na povrede prava na privatnost u predlogu zakona o ANB-u - dmcsrb.com\" \/>\n<meta property=\"og:description\" content=\"Specijalna izvjestiteljka Ujedinjenih nacija za pravo na privatnost, Ana Brian Nougreres upozorila je Vladu Crne Gore na povrede prava na privatnost u Predlogu zakona o Agenciji za nacionalnu bezbjednost (ANB) koji je krajem jula povu\u010den iz skup\u0161tinske procedure.\" \/>\n<meta property=\"og:url\" content=\"https:\/\/dmcsrb.com\/en\/drustvo\/hra-specijalna-izvjestiteljka-un-upozorila-na-povrede-prava-na-privatnost-u-predlogu-zakona-o-anb-u\/\" \/>\n<meta property=\"og:site_name\" content=\"dmcsrb.com\" \/>\n<meta property=\"article:published_time\" content=\"2025-09-20T10:04:00+00:00\" \/>\n<meta property=\"og:image\" content=\"https:\/\/dmcsrb.com\/wp-content\/uploads\/2026\/01\/thumb0_471x900_471x900_471x900.jpg\" \/>\n\t<meta property=\"og:image:width\" content=\"900\" \/>\n\t<meta property=\"og:image:height\" content=\"471\" \/>\n\t<meta property=\"og:image:type\" content=\"image\/jpeg\" \/>\n<meta name=\"author\" content=\"dmcsrbija.com@gmail.com\" \/>\n<meta name=\"twitter:card\" content=\"summary_large_image\" \/>\n<meta name=\"twitter:label1\" content=\"Written by\" \/>\n\t<meta name=\"twitter:data1\" content=\"dmcsrbija.com@gmail.com\" \/>\n\t<meta name=\"twitter:label2\" content=\"Estimated reading time\" \/>\n\t<meta name=\"twitter:data2\" content=\"2 minutes\" \/>\n<script type=\"application\/ld+json\" class=\"yoast-schema-graph\">{\"@context\":\"https:\/\/schema.org\",\"@graph\":[{\"@type\":\"Article\",\"@id\":\"https:\/\/dmcsrb.com\/drustvo\/hra-specijalna-izvjestiteljka-un-upozorila-na-povrede-prava-na-privatnost-u-predlogu-zakona-o-anb-u\/#article\",\"isPartOf\":{\"@id\":\"https:\/\/dmcsrb.com\/drustvo\/hra-specijalna-izvjestiteljka-un-upozorila-na-povrede-prava-na-privatnost-u-predlogu-zakona-o-anb-u\/\"},\"author\":{\"name\":\"dmcsrbija.com@gmail.com\",\"@id\":\"https:\/\/dmcsrb.com\/#\/schema\/person\/5c39170f12db1b8b457732d0b5c854e2\"},\"headline\":\"HRA: Specijalna izvjestiteljka UN upozorila na povrede prava na privatnost u predlogu zakona o ANB-u\",\"datePublished\":\"2025-09-20T10:04:00+00:00\",\"mainEntityOfPage\":{\"@id\":\"https:\/\/dmcsrb.com\/drustvo\/hra-specijalna-izvjestiteljka-un-upozorila-na-povrede-prava-na-privatnost-u-predlogu-zakona-o-anb-u\/\"},\"wordCount\":493,\"commentCount\":0,\"image\":{\"@id\":\"https:\/\/dmcsrb.com\/drustvo\/hra-specijalna-izvjestiteljka-un-upozorila-na-povrede-prava-na-privatnost-u-predlogu-zakona-o-anb-u\/#primaryimage\"},\"thumbnailUrl\":\"https:\/\/dmcsrb.com\/wp-content\/uploads\/2026\/01\/thumb0_471x900_471x900_471x900.jpg\",\"keywords\":[\"ANB\",\"HRA\",\"UN\",\"Zakon\"],\"articleSection\":[\"Dru\u0161tvo\"],\"inLanguage\":\"en-GB\",\"potentialAction\":[{\"@type\":\"CommentAction\",\"name\":\"Comment\",\"target\":[\"https:\/\/dmcsrb.com\/drustvo\/hra-specijalna-izvjestiteljka-un-upozorila-na-povrede-prava-na-privatnost-u-predlogu-zakona-o-anb-u\/#respond\"]}]},{\"@type\":\"WebPage\",\"@id\":\"https:\/\/dmcsrb.com\/drustvo\/hra-specijalna-izvjestiteljka-un-upozorila-na-povrede-prava-na-privatnost-u-predlogu-zakona-o-anb-u\/\",\"url\":\"https:\/\/dmcsrb.com\/drustvo\/hra-specijalna-izvjestiteljka-un-upozorila-na-povrede-prava-na-privatnost-u-predlogu-zakona-o-anb-u\/\",\"name\":\"HRA: Specijalna izvjestiteljka UN upozorila na povrede prava na privatnost u predlogu zakona o ANB-u - dmcsrb.com\",\"isPartOf\":{\"@id\":\"https:\/\/dmcsrb.com\/#website\"},\"primaryImageOfPage\":{\"@id\":\"https:\/\/dmcsrb.com\/drustvo\/hra-specijalna-izvjestiteljka-un-upozorila-na-povrede-prava-na-privatnost-u-predlogu-zakona-o-anb-u\/#primaryimage\"},\"image\":{\"@id\":\"https:\/\/dmcsrb.com\/drustvo\/hra-specijalna-izvjestiteljka-un-upozorila-na-povrede-prava-na-privatnost-u-predlogu-zakona-o-anb-u\/#primaryimage\"},\"thumbnailUrl\":\"https:\/\/dmcsrb.com\/wp-content\/uploads\/2026\/01\/thumb0_471x900_471x900_471x900.jpg\",\"datePublished\":\"2025-09-20T10:04:00+00:00\",\"author\":{\"@id\":\"https:\/\/dmcsrb.com\/#\/schema\/person\/5c39170f12db1b8b457732d0b5c854e2\"},\"breadcrumb\":{\"@id\":\"https:\/\/dmcsrb.com\/drustvo\/hra-specijalna-izvjestiteljka-un-upozorila-na-povrede-prava-na-privatnost-u-predlogu-zakona-o-anb-u\/#breadcrumb\"},\"inLanguage\":\"en-GB\",\"potentialAction\":[{\"@type\":\"ReadAction\",\"target\":[\"https:\/\/dmcsrb.com\/drustvo\/hra-specijalna-izvjestiteljka-un-upozorila-na-povrede-prava-na-privatnost-u-predlogu-zakona-o-anb-u\/\"]}]},{\"@type\":\"ImageObject\",\"inLanguage\":\"en-GB\",\"@id\":\"https:\/\/dmcsrb.com\/drustvo\/hra-specijalna-izvjestiteljka-un-upozorila-na-povrede-prava-na-privatnost-u-predlogu-zakona-o-anb-u\/#primaryimage\",\"url\":\"https:\/\/dmcsrb.com\/wp-content\/uploads\/2026\/01\/thumb0_471x900_471x900_471x900.jpg\",\"contentUrl\":\"https:\/\/dmcsrb.com\/wp-content\/uploads\/2026\/01\/thumb0_471x900_471x900_471x900.jpg\",\"width\":900,\"height\":471},{\"@type\":\"BreadcrumbList\",\"@id\":\"https:\/\/dmcsrb.com\/drustvo\/hra-specijalna-izvjestiteljka-un-upozorila-na-povrede-prava-na-privatnost-u-predlogu-zakona-o-anb-u\/#breadcrumb\",\"itemListElement\":[{\"@type\":\"ListItem\",\"position\":1,\"name\":\"Home\",\"item\":\"https:\/\/dmcsrb.com\/\"},{\"@type\":\"ListItem\",\"position\":2,\"name\":\"HRA: Specijalna izvjestiteljka UN upozorila na povrede prava na privatnost u predlogu zakona o ANB-u\"}]},{\"@type\":\"WebSite\",\"@id\":\"https:\/\/dmcsrb.com\/#website\",\"url\":\"https:\/\/dmcsrb.com\/\",\"name\":\"dmcsrb.com\",\"description\":\"\",\"potentialAction\":[{\"@type\":\"SearchAction\",\"target\":{\"@type\":\"EntryPoint\",\"urlTemplate\":\"https:\/\/dmcsrb.com\/?s={search_term_string}\"},\"query-input\":{\"@type\":\"PropertyValueSpecification\",\"valueRequired\":true,\"valueName\":\"search_term_string\"}}],\"inLanguage\":\"en-GB\"},{\"@type\":\"Person\",\"@id\":\"https:\/\/dmcsrb.com\/#\/schema\/person\/5c39170f12db1b8b457732d0b5c854e2\",\"name\":\"dmcsrbija.com@gmail.com\",\"image\":{\"@type\":\"ImageObject\",\"inLanguage\":\"en-GB\",\"@id\":\"https:\/\/dmcsrb.com\/#\/schema\/person\/image\/\",\"url\":\"https:\/\/secure.gravatar.com\/avatar\/68592660ad6347fad0fb587f8d5d8f1a7b44961362f56e4f2cd524feb87e9069?s=96&d=mm&r=g\",\"contentUrl\":\"https:\/\/secure.gravatar.com\/avatar\/68592660ad6347fad0fb587f8d5d8f1a7b44961362f56e4f2cd524feb87e9069?s=96&d=mm&r=g\",\"caption\":\"dmcsrbija.com@gmail.com\"},\"sameAs\":[\"https:\/\/dmcsrb.com\"],\"url\":\"https:\/\/dmcsrb.com\/en\/author\/dmcsrbija-comgmail-com\/\"}]}<\/script>\n<!-- \/ Yoast SEO plugin. -->","yoast_head_json":{"title":"HRA: Specijalna izvjestiteljka UN upozorila na povrede prava na privatnost u predlogu zakona o ANB-u - dmcsrb.com","robots":{"index":"index","follow":"follow","max-snippet":"max-snippet:-1","max-image-preview":"max-image-preview:large","max-video-preview":"max-video-preview:-1"},"canonical":"https:\/\/dmcsrb.com\/en\/drustvo\/hra-specijalna-izvjestiteljka-un-upozorila-na-povrede-prava-na-privatnost-u-predlogu-zakona-o-anb-u\/","og_locale":"en_GB","og_type":"article","og_title":"HRA: Specijalna izvjestiteljka UN upozorila na povrede prava na privatnost u predlogu zakona o ANB-u - dmcsrb.com","og_description":"Specijalna izvjestiteljka Ujedinjenih nacija za pravo na privatnost, Ana Brian Nougreres upozorila je Vladu Crne Gore na povrede prava na privatnost u Predlogu zakona o Agenciji za nacionalnu bezbjednost (ANB) koji je krajem jula povu\u010den iz skup\u0161tinske procedure.","og_url":"https:\/\/dmcsrb.com\/en\/drustvo\/hra-specijalna-izvjestiteljka-un-upozorila-na-povrede-prava-na-privatnost-u-predlogu-zakona-o-anb-u\/","og_site_name":"dmcsrb.com","article_published_time":"2025-09-20T10:04:00+00:00","og_image":[{"width":900,"height":471,"url":"https:\/\/dmcsrb.com\/wp-content\/uploads\/2026\/01\/thumb0_471x900_471x900_471x900.jpg","type":"image\/jpeg"}],"author":"dmcsrbija.com@gmail.com","twitter_card":"summary_large_image","twitter_misc":{"Written by":"dmcsrbija.com@gmail.com","Estimated reading time":"2 minutes"},"schema":{"@context":"https:\/\/schema.org","@graph":[{"@type":"Article","@id":"https:\/\/dmcsrb.com\/drustvo\/hra-specijalna-izvjestiteljka-un-upozorila-na-povrede-prava-na-privatnost-u-predlogu-zakona-o-anb-u\/#article","isPartOf":{"@id":"https:\/\/dmcsrb.com\/drustvo\/hra-specijalna-izvjestiteljka-un-upozorila-na-povrede-prava-na-privatnost-u-predlogu-zakona-o-anb-u\/"},"author":{"name":"dmcsrbija.com@gmail.com","@id":"https:\/\/dmcsrb.com\/#\/schema\/person\/5c39170f12db1b8b457732d0b5c854e2"},"headline":"HRA: Specijalna izvjestiteljka UN upozorila na povrede prava na privatnost u predlogu zakona o ANB-u","datePublished":"2025-09-20T10:04:00+00:00","mainEntityOfPage":{"@id":"https:\/\/dmcsrb.com\/drustvo\/hra-specijalna-izvjestiteljka-un-upozorila-na-povrede-prava-na-privatnost-u-predlogu-zakona-o-anb-u\/"},"wordCount":493,"commentCount":0,"image":{"@id":"https:\/\/dmcsrb.com\/drustvo\/hra-specijalna-izvjestiteljka-un-upozorila-na-povrede-prava-na-privatnost-u-predlogu-zakona-o-anb-u\/#primaryimage"},"thumbnailUrl":"https:\/\/dmcsrb.com\/wp-content\/uploads\/2026\/01\/thumb0_471x900_471x900_471x900.jpg","keywords":["ANB","HRA","UN","Zakon"],"articleSection":["Dru\u0161tvo"],"inLanguage":"en-GB","potentialAction":[{"@type":"CommentAction","name":"Comment","target":["https:\/\/dmcsrb.com\/drustvo\/hra-specijalna-izvjestiteljka-un-upozorila-na-povrede-prava-na-privatnost-u-predlogu-zakona-o-anb-u\/#respond"]}]},{"@type":"WebPage","@id":"https:\/\/dmcsrb.com\/drustvo\/hra-specijalna-izvjestiteljka-un-upozorila-na-povrede-prava-na-privatnost-u-predlogu-zakona-o-anb-u\/","url":"https:\/\/dmcsrb.com\/drustvo\/hra-specijalna-izvjestiteljka-un-upozorila-na-povrede-prava-na-privatnost-u-predlogu-zakona-o-anb-u\/","name":"HRA: Specijalna izvjestiteljka UN upozorila na povrede prava na privatnost u predlogu zakona o ANB-u - dmcsrb.com","isPartOf":{"@id":"https:\/\/dmcsrb.com\/#website"},"primaryImageOfPage":{"@id":"https:\/\/dmcsrb.com\/drustvo\/hra-specijalna-izvjestiteljka-un-upozorila-na-povrede-prava-na-privatnost-u-predlogu-zakona-o-anb-u\/#primaryimage"},"image":{"@id":"https:\/\/dmcsrb.com\/drustvo\/hra-specijalna-izvjestiteljka-un-upozorila-na-povrede-prava-na-privatnost-u-predlogu-zakona-o-anb-u\/#primaryimage"},"thumbnailUrl":"https:\/\/dmcsrb.com\/wp-content\/uploads\/2026\/01\/thumb0_471x900_471x900_471x900.jpg","datePublished":"2025-09-20T10:04:00+00:00","author":{"@id":"https:\/\/dmcsrb.com\/#\/schema\/person\/5c39170f12db1b8b457732d0b5c854e2"},"breadcrumb":{"@id":"https:\/\/dmcsrb.com\/drustvo\/hra-specijalna-izvjestiteljka-un-upozorila-na-povrede-prava-na-privatnost-u-predlogu-zakona-o-anb-u\/#breadcrumb"},"inLanguage":"en-GB","potentialAction":[{"@type":"ReadAction","target":["https:\/\/dmcsrb.com\/drustvo\/hra-specijalna-izvjestiteljka-un-upozorila-na-povrede-prava-na-privatnost-u-predlogu-zakona-o-anb-u\/"]}]},{"@type":"ImageObject","inLanguage":"en-GB","@id":"https:\/\/dmcsrb.com\/drustvo\/hra-specijalna-izvjestiteljka-un-upozorila-na-povrede-prava-na-privatnost-u-predlogu-zakona-o-anb-u\/#primaryimage","url":"https:\/\/dmcsrb.com\/wp-content\/uploads\/2026\/01\/thumb0_471x900_471x900_471x900.jpg","contentUrl":"https:\/\/dmcsrb.com\/wp-content\/uploads\/2026\/01\/thumb0_471x900_471x900_471x900.jpg","width":900,"height":471},{"@type":"BreadcrumbList","@id":"https:\/\/dmcsrb.com\/drustvo\/hra-specijalna-izvjestiteljka-un-upozorila-na-povrede-prava-na-privatnost-u-predlogu-zakona-o-anb-u\/#breadcrumb","itemListElement":[{"@type":"ListItem","position":1,"name":"Home","item":"https:\/\/dmcsrb.com\/"},{"@type":"ListItem","position":2,"name":"HRA: Specijalna izvjestiteljka UN upozorila na povrede prava na privatnost u predlogu zakona o ANB-u"}]},{"@type":"WebSite","@id":"https:\/\/dmcsrb.com\/#website","url":"https:\/\/dmcsrb.com\/","name":"dmcsrb.com","description":"","potentialAction":[{"@type":"SearchAction","target":{"@type":"EntryPoint","urlTemplate":"https:\/\/dmcsrb.com\/?s={search_term_string}"},"query-input":{"@type":"PropertyValueSpecification","valueRequired":true,"valueName":"search_term_string"}}],"inLanguage":"en-GB"},{"@type":"Person","@id":"https:\/\/dmcsrb.com\/#\/schema\/person\/5c39170f12db1b8b457732d0b5c854e2","name":"dmcsrbija.com@gmail.com","image":{"@type":"ImageObject","inLanguage":"en-GB","@id":"https:\/\/dmcsrb.com\/#\/schema\/person\/image\/","url":"https:\/\/secure.gravatar.com\/avatar\/68592660ad6347fad0fb587f8d5d8f1a7b44961362f56e4f2cd524feb87e9069?s=96&d=mm&r=g","contentUrl":"https:\/\/secure.gravatar.com\/avatar\/68592660ad6347fad0fb587f8d5d8f1a7b44961362f56e4f2cd524feb87e9069?s=96&d=mm&r=g","caption":"dmcsrbija.com@gmail.com"},"sameAs":["https:\/\/dmcsrb.com"],"url":"https:\/\/dmcsrb.com\/en\/author\/dmcsrbija-comgmail-com\/"}]}},"_links":{"self":[{"href":"https:\/\/dmcsrb.com\/en\/wp-json\/wp\/v2\/posts\/953108","targetHints":{"allow":["GET"]}}],"collection":[{"href":"https:\/\/dmcsrb.com\/en\/wp-json\/wp\/v2\/posts"}],"about":[{"href":"https:\/\/dmcsrb.com\/en\/wp-json\/wp\/v2\/types\/post"}],"author":[{"embeddable":true,"href":"https:\/\/dmcsrb.com\/en\/wp-json\/wp\/v2\/users\/1"}],"replies":[{"embeddable":true,"href":"https:\/\/dmcsrb.com\/en\/wp-json\/wp\/v2\/comments?post=953108"}],"version-history":[{"count":0,"href":"https:\/\/dmcsrb.com\/en\/wp-json\/wp\/v2\/posts\/953108\/revisions"}],"wp:featuredmedia":[{"embeddable":true,"href":"https:\/\/dmcsrb.com\/en\/wp-json\/wp\/v2\/media\/912874"}],"wp:attachment":[{"href":"https:\/\/dmcsrb.com\/en\/wp-json\/wp\/v2\/media?parent=953108"}],"wp:term":[{"taxonomy":"category","embeddable":true,"href":"https:\/\/dmcsrb.com\/en\/wp-json\/wp\/v2\/categories?post=953108"},{"taxonomy":"post_tag","embeddable":true,"href":"https:\/\/dmcsrb.com\/en\/wp-json\/wp\/v2\/tags?post=953108"},{"taxonomy":"naslovna","embeddable":true,"href":"https:\/\/dmcsrb.com\/en\/wp-json\/wp\/v2\/naslovna?post=953108"}],"curies":[{"name":"wp","href":"https:\/\/api.w.org\/{rel}","templated":true}]}}