{"id":953107,"date":"2025-09-20T11:50:00","date_gmt":"2025-09-20T09:50:00","guid":{"rendered":"https:\/\/dmcsrb.com\/uncategorized\/poljska-ministarka-kulture-pozvala-svoju-zemlju-na-bojkot-eurosonga-ako-se-izrael-bude-takmicio\/"},"modified":"2025-09-20T11:50:00","modified_gmt":"2025-09-20T09:50:00","slug":"poljska-ministarka-kulture-pozvala-svoju-zemlju-na-bojkot-eurosonga-ako-se-izrael-bude-takmicio","status":"publish","type":"post","link":"https:\/\/dmcsrb.com\/en\/svijet\/poljska-ministarka-kulture-pozvala-svoju-zemlju-na-bojkot-eurosonga-ako-se-izrael-bude-takmicio\/","title":{"rendered":"Poljska ministarka kulture pozvala svoju zemlju na bojkot Eurosonga ako se Izrael bude takmi\u010dio"},"content":{"rendered":"<p>Ona je u razgovoru za radio &#8220;TOK FM&#8221;, jasno je izrazila li\u010dno mi\u0161ljenje o tome da li Poljska treba biti dio Eurosonga u takvim okolnostima.<\/p>\n\n\n\n<p>&#8220;Stvarno bih voljela da Eurosong i takmi\u010denje Poljske ne budu politi\u010dki doga\u0111aj. Podijelit \u0107u svoje li\u010dno mi\u0161ljenje: vjerujem da ne bismo trebali u\u010destvovati i na Eurosongu ako je Izrael tamo&#8221;, izjavila je Cienkowska.<\/p>\n\n\n\n<p>Sedamdeseto izdanje Eurosonga trebalo bi se odr\u017eati u maju 2026. godine u Be\u010du, u dvorani Wiener Stadthalle. Iako organizatori, Evropska radiodifuzna unija (EBU) i austrijska televizija ORF, tvrde da \u0107e se takmi\u010denje odr\u017eati kako je planirano, odluka da se Izraelu dozvoli u\u010de\u0161\u0107e nai\u0161la je na osude \u0161irom kontinenta.<\/p>\n\n\n\n<p>Niz javnih servisa, uklju\u010duju\u0107i televizije iz Nizozemske, Irske, Slovenije i \u0160panije, ve\u0107 je najavilo mogu\u0107i bojkot ako se Izrael pojavi na sceni. Island je oti\u0161ao korak dalje i pauzirao sve promotivne aktivnosti vezane za takmi\u010denje, dok se sli\u010dne dileme javljaju i u Belgiji, \u0160vedskoj i San Marinu.<\/p>","protected":false},"excerpt":{"rendered":"<p>Poljska ministarka kulture i nacionalne ba\u0161tine Marta Cienkovska pozvala je svoju zemlju da bojkotuje Eurosong 2026. ako Izraelu bude dopu\u0161teno takmi\u010denje.<\/p>","protected":false},"author":1,"featured_media":943974,"comment_status":"open","ping_status":"open","sticky":false,"template":"","format":"standard","meta":{"_acf_changed":false,"footnotes":""},"categories":[144],"tags":[1158,751,2334],"naslovna":[],"class_list":["post-953107","post","type-post","status-publish","format-standard","has-post-thumbnail","hentry","category-svijet","tag-eurosong","tag-izrael","tag-poljska"],"acf":[],"yoast_head":"<!-- This site is optimized with the Yoast SEO plugin v27.0 - https:\/\/yoast.com\/product\/yoast-seo-wordpress\/ -->\n<title>Poljska ministarka kulture pozvala svoju zemlju na bojkot Eurosonga ako se Izrael bude takmi\u010dio - dmcsrb.com<\/title>\n<meta name=\"robots\" content=\"index, follow, max-snippet:-1, max-image-preview:large, max-video-preview:-1\" \/>\n<link rel=\"canonical\" href=\"https:\/\/dmcsrb.com\/en\/svijet\/poljska-ministarka-kulture-pozvala-svoju-zemlju-na-bojkot-eurosonga-ako-se-izrael-bude-takmicio\/\" \/>\n<meta property=\"og:locale\" content=\"en_GB\" \/>\n<meta property=\"og:type\" content=\"article\" \/>\n<meta property=\"og:title\" content=\"Poljska ministarka kulture pozvala svoju zemlju na bojkot Eurosonga ako se Izrael bude takmi\u010dio - dmcsrb.com\" \/>\n<meta property=\"og:description\" content=\"Poljska ministarka kulture i nacionalne ba\u0161tine Marta Cienkovska pozvala je svoju zemlju da bojkotuje Eurosong 2026. ako Izraelu bude dopu\u0161teno takmi\u010denje.\" \/>\n<meta property=\"og:url\" content=\"https:\/\/dmcsrb.com\/en\/svijet\/poljska-ministarka-kulture-pozvala-svoju-zemlju-na-bojkot-eurosonga-ako-se-izrael-bude-takmicio\/\" \/>\n<meta property=\"og:site_name\" content=\"dmcsrb.com\" \/>\n<meta property=\"article:published_time\" content=\"2025-09-20T09:50:00+00:00\" \/>\n<meta property=\"og:image\" content=\"https:\/\/dmcsrb.com\/wp-content\/uploads\/2026\/01\/poljska-1.webp\" \/>\n\t<meta property=\"og:image:width\" content=\"800\" \/>\n\t<meta property=\"og:image:height\" content=\"450\" \/>\n\t<meta property=\"og:image:type\" content=\"image\/webp\" \/>\n<meta name=\"author\" content=\"dmcsrbija.com@gmail.com\" \/>\n<meta name=\"twitter:card\" content=\"summary_large_image\" \/>\n<meta name=\"twitter:label1\" content=\"Written by\" \/>\n\t<meta name=\"twitter:data1\" content=\"dmcsrbija.com@gmail.com\" \/>\n\t<meta name=\"twitter:label2\" content=\"Estimated reading time\" \/>\n\t<meta name=\"twitter:data2\" content=\"1 minute\" \/>\n<script type=\"application\/ld+json\" class=\"yoast-schema-graph\">{\"@context\":\"https:\/\/schema.org\",\"@graph\":[{\"@type\":\"Article\",\"@id\":\"https:\/\/dmcsrb.com\/en\/svijet\/poljska-ministarka-kulture-pozvala-svoju-zemlju-na-bojkot-eurosonga-ako-se-izrael-bude-takmicio\/#article\",\"isPartOf\":{\"@id\":\"https:\/\/dmcsrb.com\/en\/svijet\/poljska-ministarka-kulture-pozvala-svoju-zemlju-na-bojkot-eurosonga-ako-se-izrael-bude-takmicio\/\"},\"author\":{\"name\":\"dmcsrbija.com@gmail.com\",\"@id\":\"https:\/\/dmcsrb.com\/#\/schema\/person\/5c39170f12db1b8b457732d0b5c854e2\"},\"headline\":\"Poljska ministarka kulture pozvala svoju zemlju na bojkot Eurosonga ako se Izrael bude takmi\u010dio\",\"datePublished\":\"2025-09-20T09:50:00+00:00\",\"mainEntityOfPage\":{\"@id\":\"https:\/\/dmcsrb.com\/en\/svijet\/poljska-ministarka-kulture-pozvala-svoju-zemlju-na-bojkot-eurosonga-ako-se-izrael-bude-takmicio\/\"},\"wordCount\":188,\"commentCount\":0,\"image\":{\"@id\":\"https:\/\/dmcsrb.com\/en\/svijet\/poljska-ministarka-kulture-pozvala-svoju-zemlju-na-bojkot-eurosonga-ako-se-izrael-bude-takmicio\/#primaryimage\"},\"thumbnailUrl\":\"https:\/\/dmcsrb.com\/wp-content\/uploads\/2026\/01\/poljska-1.webp\",\"keywords\":[\"Eurosong\",\"Izrael\",\"Poljska\"],\"articleSection\":[\"Svijet\"],\"inLanguage\":\"en-GB\",\"potentialAction\":[{\"@type\":\"CommentAction\",\"name\":\"Comment\",\"target\":[\"https:\/\/dmcsrb.com\/en\/svijet\/poljska-ministarka-kulture-pozvala-svoju-zemlju-na-bojkot-eurosonga-ako-se-izrael-bude-takmicio\/#respond\"]}]},{\"@type\":\"WebPage\",\"@id\":\"https:\/\/dmcsrb.com\/en\/svijet\/poljska-ministarka-kulture-pozvala-svoju-zemlju-na-bojkot-eurosonga-ako-se-izrael-bude-takmicio\/\",\"url\":\"https:\/\/dmcsrb.com\/en\/svijet\/poljska-ministarka-kulture-pozvala-svoju-zemlju-na-bojkot-eurosonga-ako-se-izrael-bude-takmicio\/\",\"name\":\"Poljska ministarka kulture pozvala svoju zemlju na bojkot Eurosonga ako se Izrael bude takmi\u010dio - dmcsrb.com\",\"isPartOf\":{\"@id\":\"https:\/\/dmcsrb.com\/#website\"},\"primaryImageOfPage\":{\"@id\":\"https:\/\/dmcsrb.com\/en\/svijet\/poljska-ministarka-kulture-pozvala-svoju-zemlju-na-bojkot-eurosonga-ako-se-izrael-bude-takmicio\/#primaryimage\"},\"image\":{\"@id\":\"https:\/\/dmcsrb.com\/en\/svijet\/poljska-ministarka-kulture-pozvala-svoju-zemlju-na-bojkot-eurosonga-ako-se-izrael-bude-takmicio\/#primaryimage\"},\"thumbnailUrl\":\"https:\/\/dmcsrb.com\/wp-content\/uploads\/2026\/01\/poljska-1.webp\",\"datePublished\":\"2025-09-20T09:50:00+00:00\",\"author\":{\"@id\":\"https:\/\/dmcsrb.com\/#\/schema\/person\/5c39170f12db1b8b457732d0b5c854e2\"},\"breadcrumb\":{\"@id\":\"https:\/\/dmcsrb.com\/en\/svijet\/poljska-ministarka-kulture-pozvala-svoju-zemlju-na-bojkot-eurosonga-ako-se-izrael-bude-takmicio\/#breadcrumb\"},\"inLanguage\":\"en-GB\",\"potentialAction\":[{\"@type\":\"ReadAction\",\"target\":[\"https:\/\/dmcsrb.com\/en\/svijet\/poljska-ministarka-kulture-pozvala-svoju-zemlju-na-bojkot-eurosonga-ako-se-izrael-bude-takmicio\/\"]}]},{\"@type\":\"ImageObject\",\"inLanguage\":\"en-GB\",\"@id\":\"https:\/\/dmcsrb.com\/en\/svijet\/poljska-ministarka-kulture-pozvala-svoju-zemlju-na-bojkot-eurosonga-ako-se-izrael-bude-takmicio\/#primaryimage\",\"url\":\"https:\/\/dmcsrb.com\/wp-content\/uploads\/2026\/01\/poljska-1.webp\",\"contentUrl\":\"https:\/\/dmcsrb.com\/wp-content\/uploads\/2026\/01\/poljska-1.webp\",\"width\":800,\"height\":450},{\"@type\":\"BreadcrumbList\",\"@id\":\"https:\/\/dmcsrb.com\/en\/svijet\/poljska-ministarka-kulture-pozvala-svoju-zemlju-na-bojkot-eurosonga-ako-se-izrael-bude-takmicio\/#breadcrumb\",\"itemListElement\":[{\"@type\":\"ListItem\",\"position\":1,\"name\":\"Home\",\"item\":\"https:\/\/dmcsrb.com\/\"},{\"@type\":\"ListItem\",\"position\":2,\"name\":\"Poljska ministarka kulture pozvala svoju zemlju na bojkot Eurosonga ako se Izrael bude takmi\u010dio\"}]},{\"@type\":\"WebSite\",\"@id\":\"https:\/\/dmcsrb.com\/#website\",\"url\":\"https:\/\/dmcsrb.com\/\",\"name\":\"dmcsrb.com\",\"description\":\"\",\"potentialAction\":[{\"@type\":\"SearchAction\",\"target\":{\"@type\":\"EntryPoint\",\"urlTemplate\":\"https:\/\/dmcsrb.com\/?s={search_term_string}\"},\"query-input\":{\"@type\":\"PropertyValueSpecification\",\"valueRequired\":true,\"valueName\":\"search_term_string\"}}],\"inLanguage\":\"en-GB\"},{\"@type\":\"Person\",\"@id\":\"https:\/\/dmcsrb.com\/#\/schema\/person\/5c39170f12db1b8b457732d0b5c854e2\",\"name\":\"dmcsrbija.com@gmail.com\",\"image\":{\"@type\":\"ImageObject\",\"inLanguage\":\"en-GB\",\"@id\":\"https:\/\/dmcsrb.com\/#\/schema\/person\/image\/\",\"url\":\"https:\/\/secure.gravatar.com\/avatar\/68592660ad6347fad0fb587f8d5d8f1a7b44961362f56e4f2cd524feb87e9069?s=96&d=mm&r=g\",\"contentUrl\":\"https:\/\/secure.gravatar.com\/avatar\/68592660ad6347fad0fb587f8d5d8f1a7b44961362f56e4f2cd524feb87e9069?s=96&d=mm&r=g\",\"caption\":\"dmcsrbija.com@gmail.com\"},\"sameAs\":[\"https:\/\/dmcsrb.com\"],\"url\":\"https:\/\/dmcsrb.com\/en\/author\/dmcsrbija-comgmail-com\/\"}]}<\/script>\n<!-- \/ Yoast SEO plugin. -->","yoast_head_json":{"title":"Poljska ministarka kulture pozvala svoju zemlju na bojkot Eurosonga ako se Izrael bude takmi\u010dio - dmcsrb.com","robots":{"index":"index","follow":"follow","max-snippet":"max-snippet:-1","max-image-preview":"max-image-preview:large","max-video-preview":"max-video-preview:-1"},"canonical":"https:\/\/dmcsrb.com\/en\/svijet\/poljska-ministarka-kulture-pozvala-svoju-zemlju-na-bojkot-eurosonga-ako-se-izrael-bude-takmicio\/","og_locale":"en_GB","og_type":"article","og_title":"Poljska ministarka kulture pozvala svoju zemlju na bojkot Eurosonga ako se Izrael bude takmi\u010dio - dmcsrb.com","og_description":"Poljska ministarka kulture i nacionalne ba\u0161tine Marta Cienkovska pozvala je svoju zemlju da bojkotuje Eurosong 2026. ako Izraelu bude dopu\u0161teno takmi\u010denje.","og_url":"https:\/\/dmcsrb.com\/en\/svijet\/poljska-ministarka-kulture-pozvala-svoju-zemlju-na-bojkot-eurosonga-ako-se-izrael-bude-takmicio\/","og_site_name":"dmcsrb.com","article_published_time":"2025-09-20T09:50:00+00:00","og_image":[{"width":800,"height":450,"url":"https:\/\/dmcsrb.com\/wp-content\/uploads\/2026\/01\/poljska-1.webp","type":"image\/webp"}],"author":"dmcsrbija.com@gmail.com","twitter_card":"summary_large_image","twitter_misc":{"Written by":"dmcsrbija.com@gmail.com","Estimated reading time":"1 minute"},"schema":{"@context":"https:\/\/schema.org","@graph":[{"@type":"Article","@id":"https:\/\/dmcsrb.com\/en\/svijet\/poljska-ministarka-kulture-pozvala-svoju-zemlju-na-bojkot-eurosonga-ako-se-izrael-bude-takmicio\/#article","isPartOf":{"@id":"https:\/\/dmcsrb.com\/en\/svijet\/poljska-ministarka-kulture-pozvala-svoju-zemlju-na-bojkot-eurosonga-ako-se-izrael-bude-takmicio\/"},"author":{"name":"dmcsrbija.com@gmail.com","@id":"https:\/\/dmcsrb.com\/#\/schema\/person\/5c39170f12db1b8b457732d0b5c854e2"},"headline":"Poljska ministarka kulture pozvala svoju zemlju na bojkot Eurosonga ako se Izrael bude takmi\u010dio","datePublished":"2025-09-20T09:50:00+00:00","mainEntityOfPage":{"@id":"https:\/\/dmcsrb.com\/en\/svijet\/poljska-ministarka-kulture-pozvala-svoju-zemlju-na-bojkot-eurosonga-ako-se-izrael-bude-takmicio\/"},"wordCount":188,"commentCount":0,"image":{"@id":"https:\/\/dmcsrb.com\/en\/svijet\/poljska-ministarka-kulture-pozvala-svoju-zemlju-na-bojkot-eurosonga-ako-se-izrael-bude-takmicio\/#primaryimage"},"thumbnailUrl":"https:\/\/dmcsrb.com\/wp-content\/uploads\/2026\/01\/poljska-1.webp","keywords":["Eurosong","Izrael","Poljska"],"articleSection":["Svijet"],"inLanguage":"en-GB","potentialAction":[{"@type":"CommentAction","name":"Comment","target":["https:\/\/dmcsrb.com\/en\/svijet\/poljska-ministarka-kulture-pozvala-svoju-zemlju-na-bojkot-eurosonga-ako-se-izrael-bude-takmicio\/#respond"]}]},{"@type":"WebPage","@id":"https:\/\/dmcsrb.com\/en\/svijet\/poljska-ministarka-kulture-pozvala-svoju-zemlju-na-bojkot-eurosonga-ako-se-izrael-bude-takmicio\/","url":"https:\/\/dmcsrb.com\/en\/svijet\/poljska-ministarka-kulture-pozvala-svoju-zemlju-na-bojkot-eurosonga-ako-se-izrael-bude-takmicio\/","name":"Poljska ministarka kulture pozvala svoju zemlju na bojkot Eurosonga ako se Izrael bude takmi\u010dio - dmcsrb.com","isPartOf":{"@id":"https:\/\/dmcsrb.com\/#website"},"primaryImageOfPage":{"@id":"https:\/\/dmcsrb.com\/en\/svijet\/poljska-ministarka-kulture-pozvala-svoju-zemlju-na-bojkot-eurosonga-ako-se-izrael-bude-takmicio\/#primaryimage"},"image":{"@id":"https:\/\/dmcsrb.com\/en\/svijet\/poljska-ministarka-kulture-pozvala-svoju-zemlju-na-bojkot-eurosonga-ako-se-izrael-bude-takmicio\/#primaryimage"},"thumbnailUrl":"https:\/\/dmcsrb.com\/wp-content\/uploads\/2026\/01\/poljska-1.webp","datePublished":"2025-09-20T09:50:00+00:00","author":{"@id":"https:\/\/dmcsrb.com\/#\/schema\/person\/5c39170f12db1b8b457732d0b5c854e2"},"breadcrumb":{"@id":"https:\/\/dmcsrb.com\/en\/svijet\/poljska-ministarka-kulture-pozvala-svoju-zemlju-na-bojkot-eurosonga-ako-se-izrael-bude-takmicio\/#breadcrumb"},"inLanguage":"en-GB","potentialAction":[{"@type":"ReadAction","target":["https:\/\/dmcsrb.com\/en\/svijet\/poljska-ministarka-kulture-pozvala-svoju-zemlju-na-bojkot-eurosonga-ako-se-izrael-bude-takmicio\/"]}]},{"@type":"ImageObject","inLanguage":"en-GB","@id":"https:\/\/dmcsrb.com\/en\/svijet\/poljska-ministarka-kulture-pozvala-svoju-zemlju-na-bojkot-eurosonga-ako-se-izrael-bude-takmicio\/#primaryimage","url":"https:\/\/dmcsrb.com\/wp-content\/uploads\/2026\/01\/poljska-1.webp","contentUrl":"https:\/\/dmcsrb.com\/wp-content\/uploads\/2026\/01\/poljska-1.webp","width":800,"height":450},{"@type":"BreadcrumbList","@id":"https:\/\/dmcsrb.com\/en\/svijet\/poljska-ministarka-kulture-pozvala-svoju-zemlju-na-bojkot-eurosonga-ako-se-izrael-bude-takmicio\/#breadcrumb","itemListElement":[{"@type":"ListItem","position":1,"name":"Home","item":"https:\/\/dmcsrb.com\/"},{"@type":"ListItem","position":2,"name":"Poljska ministarka kulture pozvala svoju zemlju na bojkot Eurosonga ako se Izrael bude takmi\u010dio"}]},{"@type":"WebSite","@id":"https:\/\/dmcsrb.com\/#website","url":"https:\/\/dmcsrb.com\/","name":"dmcsrb.com","description":"","potentialAction":[{"@type":"SearchAction","target":{"@type":"EntryPoint","urlTemplate":"https:\/\/dmcsrb.com\/?s={search_term_string}"},"query-input":{"@type":"PropertyValueSpecification","valueRequired":true,"valueName":"search_term_string"}}],"inLanguage":"en-GB"},{"@type":"Person","@id":"https:\/\/dmcsrb.com\/#\/schema\/person\/5c39170f12db1b8b457732d0b5c854e2","name":"dmcsrbija.com@gmail.com","image":{"@type":"ImageObject","inLanguage":"en-GB","@id":"https:\/\/dmcsrb.com\/#\/schema\/person\/image\/","url":"https:\/\/secure.gravatar.com\/avatar\/68592660ad6347fad0fb587f8d5d8f1a7b44961362f56e4f2cd524feb87e9069?s=96&d=mm&r=g","contentUrl":"https:\/\/secure.gravatar.com\/avatar\/68592660ad6347fad0fb587f8d5d8f1a7b44961362f56e4f2cd524feb87e9069?s=96&d=mm&r=g","caption":"dmcsrbija.com@gmail.com"},"sameAs":["https:\/\/dmcsrb.com"],"url":"https:\/\/dmcsrb.com\/en\/author\/dmcsrbija-comgmail-com\/"}]}},"_links":{"self":[{"href":"https:\/\/dmcsrb.com\/en\/wp-json\/wp\/v2\/posts\/953107","targetHints":{"allow":["GET"]}}],"collection":[{"href":"https:\/\/dmcsrb.com\/en\/wp-json\/wp\/v2\/posts"}],"about":[{"href":"https:\/\/dmcsrb.com\/en\/wp-json\/wp\/v2\/types\/post"}],"author":[{"embeddable":true,"href":"https:\/\/dmcsrb.com\/en\/wp-json\/wp\/v2\/users\/1"}],"replies":[{"embeddable":true,"href":"https:\/\/dmcsrb.com\/en\/wp-json\/wp\/v2\/comments?post=953107"}],"version-history":[{"count":0,"href":"https:\/\/dmcsrb.com\/en\/wp-json\/wp\/v2\/posts\/953107\/revisions"}],"wp:featuredmedia":[{"embeddable":true,"href":"https:\/\/dmcsrb.com\/en\/wp-json\/wp\/v2\/media\/943974"}],"wp:attachment":[{"href":"https:\/\/dmcsrb.com\/en\/wp-json\/wp\/v2\/media?parent=953107"}],"wp:term":[{"taxonomy":"category","embeddable":true,"href":"https:\/\/dmcsrb.com\/en\/wp-json\/wp\/v2\/categories?post=953107"},{"taxonomy":"post_tag","embeddable":true,"href":"https:\/\/dmcsrb.com\/en\/wp-json\/wp\/v2\/tags?post=953107"},{"taxonomy":"naslovna","embeddable":true,"href":"https:\/\/dmcsrb.com\/en\/wp-json\/wp\/v2\/naslovna?post=953107"}],"curies":[{"name":"wp","href":"https:\/\/api.w.org\/{rel}","templated":true}]}}