{"id":953086,"date":"2025-09-20T08:34:00","date_gmt":"2025-09-20T06:34:00","guid":{"rendered":"https:\/\/dmcsrb.com\/uncategorized\/izrael-pred-izbacivanjem-iz-uefa-inih-takmicenja\/"},"modified":"2025-09-20T08:34:00","modified_gmt":"2025-09-20T06:34:00","slug":"izrael-pred-izbacivanjem-iz-uefa-inih-takmicenja","status":"publish","type":"post","link":"https:\/\/dmcsrb.com\/en\/sport\/izrael-pred-izbacivanjem-iz-uefa-inih-takmicenja\/","title":{"rendered":"Izrael pred izbacivanjem iz UEFA-inih takmi\u010denja"},"content":{"rendered":"<p>Izraelski nogomet i izraelski sport strahuju da \u0107e ovog utorka dobiti vijesti o izbacivanju iz UEFA-inih takmi\u010denja zbog genocida koji Izrael vr\u0161i u Gazi, a kako prenosi portal Israelhayom, veliki pritisak da se to desi dolazi iz Katara nakon posljednjih politi\u010dkih de\u0161avanja i izraelskog napada na Dohu.<\/p>\n\n\n\n<p>Pomenuti portal, koji va\u017ei za dobro obavije\u0161ten i relevantan, tvrdi da me\u0111u glasa\u010dima postoji ogromna ve\u0107ina koja podr\u017eava izbacivanje Izraela iz UEFA-inih takmi\u010denja, a samo dvije ili tri zemlje izra\u017eavaju \u010dvrsto protivljenje izbacivanju Izraela iz evropskih okvira.<\/p>\n\n\n\n<p>Zbog toga, Fudbalski savez Izraela radi danono\u0107no kako bi to sprije\u010dio i tra\u017ei pomo\u0107 svih prijatelja Izraela na sportskom i diplomatskom nivou.<\/p>\n\n\n\n<p>Trenutno se iza kulisa vodi bitka kako bi se sprije\u010dilo glasanje, jer ukoliko do\u0111e do toga, gotovo je sigurno da \u0107e Izraelci biti izba\u010deni.<\/p>\n\n\n\n<p><\/p>","protected":false},"excerpt":{"rendered":"<p>Evropska fudbalska federacija (UEFA) \u0107e glasati u utorak o isklju\u010denju izraelske reprezentacije i timova iz me\u0111unarodnih takmi\u010denja, a sude\u0107i prema pisanju izraelskih medija, ogromna ve\u0107ina \u010dlanica \u0107e podr\u017eati tu odluku.<\/p>","protected":false},"author":1,"featured_media":910441,"comment_status":"open","ping_status":"open","sticky":false,"template":"","format":"standard","meta":{"_acf_changed":false,"footnotes":""},"categories":[148],"tags":[751,2144],"naslovna":[],"class_list":["post-953086","post","type-post","status-publish","format-standard","has-post-thumbnail","hentry","category-sport","tag-izrael","tag-uefa"],"acf":[],"yoast_head":"<!-- This site is optimized with the Yoast SEO plugin v27.4 - https:\/\/yoast.com\/product\/yoast-seo-wordpress\/ -->\n<title>Izrael pred izbacivanjem iz UEFA-inih takmi\u010denja - dmcsrb.com<\/title>\n<meta name=\"robots\" content=\"index, follow, max-snippet:-1, max-image-preview:large, max-video-preview:-1\" \/>\n<link rel=\"canonical\" href=\"https:\/\/dmcsrb.com\/en\/sport\/izrael-pred-izbacivanjem-iz-uefa-inih-takmicenja\/\" \/>\n<meta property=\"og:locale\" content=\"en_GB\" \/>\n<meta property=\"og:type\" content=\"article\" \/>\n<meta property=\"og:title\" content=\"Izrael pred izbacivanjem iz UEFA-inih takmi\u010denja - dmcsrb.com\" \/>\n<meta property=\"og:description\" content=\"Evropska fudbalska federacija (UEFA) \u0107e glasati u utorak o isklju\u010denju izraelske reprezentacije i timova iz me\u0111unarodnih takmi\u010denja, a sude\u0107i prema pisanju izraelskih medija, ogromna ve\u0107ina \u010dlanica \u0107e podr\u017eati tu odluku.\" \/>\n<meta property=\"og:url\" content=\"https:\/\/dmcsrb.com\/en\/sport\/izrael-pred-izbacivanjem-iz-uefa-inih-takmicenja\/\" \/>\n<meta property=\"og:site_name\" content=\"dmcsrb.com\" \/>\n<meta property=\"article:published_time\" content=\"2025-09-20T06:34:00+00:00\" \/>\n<meta property=\"og:image\" content=\"https:\/\/dmcsrb.com\/wp-content\/uploads\/2026\/01\/zastava-Izrael.jpeg\" \/>\n\t<meta property=\"og:image:width\" content=\"1280\" \/>\n\t<meta property=\"og:image:height\" content=\"853\" \/>\n\t<meta property=\"og:image:type\" content=\"image\/jpeg\" \/>\n<meta name=\"author\" content=\"dmcsrbija.com@gmail.com\" \/>\n<meta name=\"twitter:card\" content=\"summary_large_image\" \/>\n<meta name=\"twitter:label1\" content=\"Written by\" \/>\n\t<meta name=\"twitter:data1\" content=\"dmcsrbija.com@gmail.com\" \/>\n\t<meta name=\"twitter:label2\" content=\"Estimated reading time\" \/>\n\t<meta name=\"twitter:data2\" content=\"1 minute\" \/>\n<script type=\"application\/ld+json\" class=\"yoast-schema-graph\">{\"@context\":\"https:\\\/\\\/schema.org\",\"@graph\":[{\"@type\":\"Article\",\"@id\":\"https:\\\/\\\/dmcsrb.com\\\/sport\\\/izrael-pred-izbacivanjem-iz-uefa-inih-takmicenja\\\/#article\",\"isPartOf\":{\"@id\":\"https:\\\/\\\/dmcsrb.com\\\/sport\\\/izrael-pred-izbacivanjem-iz-uefa-inih-takmicenja\\\/\"},\"author\":{\"name\":\"dmcsrbija.com@gmail.com\",\"@id\":\"https:\\\/\\\/dmcsrb.com\\\/#\\\/schema\\\/person\\\/5c39170f12db1b8b457732d0b5c854e2\"},\"headline\":\"Izrael pred izbacivanjem iz UEFA-inih takmi\u010denja\",\"datePublished\":\"2025-09-20T06:34:00+00:00\",\"mainEntityOfPage\":{\"@id\":\"https:\\\/\\\/dmcsrb.com\\\/sport\\\/izrael-pred-izbacivanjem-iz-uefa-inih-takmicenja\\\/\"},\"wordCount\":155,\"commentCount\":0,\"image\":{\"@id\":\"https:\\\/\\\/dmcsrb.com\\\/sport\\\/izrael-pred-izbacivanjem-iz-uefa-inih-takmicenja\\\/#primaryimage\"},\"thumbnailUrl\":\"https:\\\/\\\/dmcsrb.com\\\/wp-content\\\/uploads\\\/2026\\\/01\\\/zastava-Izrael.jpeg\",\"keywords\":[\"Izrael\",\"UEFA\"],\"articleSection\":[\"Sport\"],\"inLanguage\":\"en-GB\",\"potentialAction\":[{\"@type\":\"CommentAction\",\"name\":\"Comment\",\"target\":[\"https:\\\/\\\/dmcsrb.com\\\/sport\\\/izrael-pred-izbacivanjem-iz-uefa-inih-takmicenja\\\/#respond\"]}]},{\"@type\":\"WebPage\",\"@id\":\"https:\\\/\\\/dmcsrb.com\\\/sport\\\/izrael-pred-izbacivanjem-iz-uefa-inih-takmicenja\\\/\",\"url\":\"https:\\\/\\\/dmcsrb.com\\\/sport\\\/izrael-pred-izbacivanjem-iz-uefa-inih-takmicenja\\\/\",\"name\":\"Izrael pred izbacivanjem iz UEFA-inih takmi\u010denja - dmcsrb.com\",\"isPartOf\":{\"@id\":\"https:\\\/\\\/dmcsrb.com\\\/#website\"},\"primaryImageOfPage\":{\"@id\":\"https:\\\/\\\/dmcsrb.com\\\/sport\\\/izrael-pred-izbacivanjem-iz-uefa-inih-takmicenja\\\/#primaryimage\"},\"image\":{\"@id\":\"https:\\\/\\\/dmcsrb.com\\\/sport\\\/izrael-pred-izbacivanjem-iz-uefa-inih-takmicenja\\\/#primaryimage\"},\"thumbnailUrl\":\"https:\\\/\\\/dmcsrb.com\\\/wp-content\\\/uploads\\\/2026\\\/01\\\/zastava-Izrael.jpeg\",\"datePublished\":\"2025-09-20T06:34:00+00:00\",\"author\":{\"@id\":\"https:\\\/\\\/dmcsrb.com\\\/#\\\/schema\\\/person\\\/5c39170f12db1b8b457732d0b5c854e2\"},\"breadcrumb\":{\"@id\":\"https:\\\/\\\/dmcsrb.com\\\/sport\\\/izrael-pred-izbacivanjem-iz-uefa-inih-takmicenja\\\/#breadcrumb\"},\"inLanguage\":\"en-GB\",\"potentialAction\":[{\"@type\":\"ReadAction\",\"target\":[\"https:\\\/\\\/dmcsrb.com\\\/sport\\\/izrael-pred-izbacivanjem-iz-uefa-inih-takmicenja\\\/\"]}]},{\"@type\":\"ImageObject\",\"inLanguage\":\"en-GB\",\"@id\":\"https:\\\/\\\/dmcsrb.com\\\/sport\\\/izrael-pred-izbacivanjem-iz-uefa-inih-takmicenja\\\/#primaryimage\",\"url\":\"https:\\\/\\\/dmcsrb.com\\\/wp-content\\\/uploads\\\/2026\\\/01\\\/zastava-Izrael.jpeg\",\"contentUrl\":\"https:\\\/\\\/dmcsrb.com\\\/wp-content\\\/uploads\\\/2026\\\/01\\\/zastava-Izrael.jpeg\",\"width\":1280,\"height\":853},{\"@type\":\"BreadcrumbList\",\"@id\":\"https:\\\/\\\/dmcsrb.com\\\/sport\\\/izrael-pred-izbacivanjem-iz-uefa-inih-takmicenja\\\/#breadcrumb\",\"itemListElement\":[{\"@type\":\"ListItem\",\"position\":1,\"name\":\"Home\",\"item\":\"https:\\\/\\\/dmcsrb.com\\\/\"},{\"@type\":\"ListItem\",\"position\":2,\"name\":\"Izrael pred izbacivanjem iz UEFA-inih takmi\u010denja\"}]},{\"@type\":\"WebSite\",\"@id\":\"https:\\\/\\\/dmcsrb.com\\\/#website\",\"url\":\"https:\\\/\\\/dmcsrb.com\\\/\",\"name\":\"dmcsrb.com\",\"description\":\"\",\"potentialAction\":[{\"@type\":\"SearchAction\",\"target\":{\"@type\":\"EntryPoint\",\"urlTemplate\":\"https:\\\/\\\/dmcsrb.com\\\/?s={search_term_string}\"},\"query-input\":{\"@type\":\"PropertyValueSpecification\",\"valueRequired\":true,\"valueName\":\"search_term_string\"}}],\"inLanguage\":\"en-GB\"},{\"@type\":\"Person\",\"@id\":\"https:\\\/\\\/dmcsrb.com\\\/#\\\/schema\\\/person\\\/5c39170f12db1b8b457732d0b5c854e2\",\"name\":\"dmcsrbija.com@gmail.com\",\"image\":{\"@type\":\"ImageObject\",\"inLanguage\":\"en-GB\",\"@id\":\"https:\\\/\\\/secure.gravatar.com\\\/avatar\\\/68592660ad6347fad0fb587f8d5d8f1a7b44961362f56e4f2cd524feb87e9069?s=96&d=mm&r=g\",\"url\":\"https:\\\/\\\/secure.gravatar.com\\\/avatar\\\/68592660ad6347fad0fb587f8d5d8f1a7b44961362f56e4f2cd524feb87e9069?s=96&d=mm&r=g\",\"contentUrl\":\"https:\\\/\\\/secure.gravatar.com\\\/avatar\\\/68592660ad6347fad0fb587f8d5d8f1a7b44961362f56e4f2cd524feb87e9069?s=96&d=mm&r=g\",\"caption\":\"dmcsrbija.com@gmail.com\"},\"sameAs\":[\"https:\\\/\\\/dmcsrb.com\"],\"url\":\"https:\\\/\\\/dmcsrb.com\\\/en\\\/author\\\/dmcsrbija-comgmail-com\\\/\"}]}<\/script>\n<!-- \/ Yoast SEO plugin. -->","yoast_head_json":{"title":"Izrael pred izbacivanjem iz UEFA-inih takmi\u010denja - dmcsrb.com","robots":{"index":"index","follow":"follow","max-snippet":"max-snippet:-1","max-image-preview":"max-image-preview:large","max-video-preview":"max-video-preview:-1"},"canonical":"https:\/\/dmcsrb.com\/en\/sport\/izrael-pred-izbacivanjem-iz-uefa-inih-takmicenja\/","og_locale":"en_GB","og_type":"article","og_title":"Izrael pred izbacivanjem iz UEFA-inih takmi\u010denja - dmcsrb.com","og_description":"Evropska fudbalska federacija (UEFA) \u0107e glasati u utorak o isklju\u010denju izraelske reprezentacije i timova iz me\u0111unarodnih takmi\u010denja, a sude\u0107i prema pisanju izraelskih medija, ogromna ve\u0107ina \u010dlanica \u0107e podr\u017eati tu odluku.","og_url":"https:\/\/dmcsrb.com\/en\/sport\/izrael-pred-izbacivanjem-iz-uefa-inih-takmicenja\/","og_site_name":"dmcsrb.com","article_published_time":"2025-09-20T06:34:00+00:00","og_image":[{"width":1280,"height":853,"url":"https:\/\/dmcsrb.com\/wp-content\/uploads\/2026\/01\/zastava-Izrael.jpeg","type":"image\/jpeg"}],"author":"dmcsrbija.com@gmail.com","twitter_card":"summary_large_image","twitter_misc":{"Written by":"dmcsrbija.com@gmail.com","Estimated reading time":"1 minute"},"schema":{"@context":"https:\/\/schema.org","@graph":[{"@type":"Article","@id":"https:\/\/dmcsrb.com\/sport\/izrael-pred-izbacivanjem-iz-uefa-inih-takmicenja\/#article","isPartOf":{"@id":"https:\/\/dmcsrb.com\/sport\/izrael-pred-izbacivanjem-iz-uefa-inih-takmicenja\/"},"author":{"name":"dmcsrbija.com@gmail.com","@id":"https:\/\/dmcsrb.com\/#\/schema\/person\/5c39170f12db1b8b457732d0b5c854e2"},"headline":"Izrael pred izbacivanjem iz UEFA-inih takmi\u010denja","datePublished":"2025-09-20T06:34:00+00:00","mainEntityOfPage":{"@id":"https:\/\/dmcsrb.com\/sport\/izrael-pred-izbacivanjem-iz-uefa-inih-takmicenja\/"},"wordCount":155,"commentCount":0,"image":{"@id":"https:\/\/dmcsrb.com\/sport\/izrael-pred-izbacivanjem-iz-uefa-inih-takmicenja\/#primaryimage"},"thumbnailUrl":"https:\/\/dmcsrb.com\/wp-content\/uploads\/2026\/01\/zastava-Izrael.jpeg","keywords":["Izrael","UEFA"],"articleSection":["Sport"],"inLanguage":"en-GB","potentialAction":[{"@type":"CommentAction","name":"Comment","target":["https:\/\/dmcsrb.com\/sport\/izrael-pred-izbacivanjem-iz-uefa-inih-takmicenja\/#respond"]}]},{"@type":"WebPage","@id":"https:\/\/dmcsrb.com\/sport\/izrael-pred-izbacivanjem-iz-uefa-inih-takmicenja\/","url":"https:\/\/dmcsrb.com\/sport\/izrael-pred-izbacivanjem-iz-uefa-inih-takmicenja\/","name":"Izrael pred izbacivanjem iz UEFA-inih takmi\u010denja - dmcsrb.com","isPartOf":{"@id":"https:\/\/dmcsrb.com\/#website"},"primaryImageOfPage":{"@id":"https:\/\/dmcsrb.com\/sport\/izrael-pred-izbacivanjem-iz-uefa-inih-takmicenja\/#primaryimage"},"image":{"@id":"https:\/\/dmcsrb.com\/sport\/izrael-pred-izbacivanjem-iz-uefa-inih-takmicenja\/#primaryimage"},"thumbnailUrl":"https:\/\/dmcsrb.com\/wp-content\/uploads\/2026\/01\/zastava-Izrael.jpeg","datePublished":"2025-09-20T06:34:00+00:00","author":{"@id":"https:\/\/dmcsrb.com\/#\/schema\/person\/5c39170f12db1b8b457732d0b5c854e2"},"breadcrumb":{"@id":"https:\/\/dmcsrb.com\/sport\/izrael-pred-izbacivanjem-iz-uefa-inih-takmicenja\/#breadcrumb"},"inLanguage":"en-GB","potentialAction":[{"@type":"ReadAction","target":["https:\/\/dmcsrb.com\/sport\/izrael-pred-izbacivanjem-iz-uefa-inih-takmicenja\/"]}]},{"@type":"ImageObject","inLanguage":"en-GB","@id":"https:\/\/dmcsrb.com\/sport\/izrael-pred-izbacivanjem-iz-uefa-inih-takmicenja\/#primaryimage","url":"https:\/\/dmcsrb.com\/wp-content\/uploads\/2026\/01\/zastava-Izrael.jpeg","contentUrl":"https:\/\/dmcsrb.com\/wp-content\/uploads\/2026\/01\/zastava-Izrael.jpeg","width":1280,"height":853},{"@type":"BreadcrumbList","@id":"https:\/\/dmcsrb.com\/sport\/izrael-pred-izbacivanjem-iz-uefa-inih-takmicenja\/#breadcrumb","itemListElement":[{"@type":"ListItem","position":1,"name":"Home","item":"https:\/\/dmcsrb.com\/"},{"@type":"ListItem","position":2,"name":"Izrael pred izbacivanjem iz UEFA-inih takmi\u010denja"}]},{"@type":"WebSite","@id":"https:\/\/dmcsrb.com\/#website","url":"https:\/\/dmcsrb.com\/","name":"dmcsrb.com","description":"","potentialAction":[{"@type":"SearchAction","target":{"@type":"EntryPoint","urlTemplate":"https:\/\/dmcsrb.com\/?s={search_term_string}"},"query-input":{"@type":"PropertyValueSpecification","valueRequired":true,"valueName":"search_term_string"}}],"inLanguage":"en-GB"},{"@type":"Person","@id":"https:\/\/dmcsrb.com\/#\/schema\/person\/5c39170f12db1b8b457732d0b5c854e2","name":"dmcsrbija.com@gmail.com","image":{"@type":"ImageObject","inLanguage":"en-GB","@id":"https:\/\/secure.gravatar.com\/avatar\/68592660ad6347fad0fb587f8d5d8f1a7b44961362f56e4f2cd524feb87e9069?s=96&d=mm&r=g","url":"https:\/\/secure.gravatar.com\/avatar\/68592660ad6347fad0fb587f8d5d8f1a7b44961362f56e4f2cd524feb87e9069?s=96&d=mm&r=g","contentUrl":"https:\/\/secure.gravatar.com\/avatar\/68592660ad6347fad0fb587f8d5d8f1a7b44961362f56e4f2cd524feb87e9069?s=96&d=mm&r=g","caption":"dmcsrbija.com@gmail.com"},"sameAs":["https:\/\/dmcsrb.com"],"url":"https:\/\/dmcsrb.com\/en\/author\/dmcsrbija-comgmail-com\/"}]}},"_links":{"self":[{"href":"https:\/\/dmcsrb.com\/en\/wp-json\/wp\/v2\/posts\/953086","targetHints":{"allow":["GET"]}}],"collection":[{"href":"https:\/\/dmcsrb.com\/en\/wp-json\/wp\/v2\/posts"}],"about":[{"href":"https:\/\/dmcsrb.com\/en\/wp-json\/wp\/v2\/types\/post"}],"author":[{"embeddable":true,"href":"https:\/\/dmcsrb.com\/en\/wp-json\/wp\/v2\/users\/1"}],"replies":[{"embeddable":true,"href":"https:\/\/dmcsrb.com\/en\/wp-json\/wp\/v2\/comments?post=953086"}],"version-history":[{"count":0,"href":"https:\/\/dmcsrb.com\/en\/wp-json\/wp\/v2\/posts\/953086\/revisions"}],"wp:featuredmedia":[{"embeddable":true,"href":"https:\/\/dmcsrb.com\/en\/wp-json\/wp\/v2\/media\/910441"}],"wp:attachment":[{"href":"https:\/\/dmcsrb.com\/en\/wp-json\/wp\/v2\/media?parent=953086"}],"wp:term":[{"taxonomy":"category","embeddable":true,"href":"https:\/\/dmcsrb.com\/en\/wp-json\/wp\/v2\/categories?post=953086"},{"taxonomy":"post_tag","embeddable":true,"href":"https:\/\/dmcsrb.com\/en\/wp-json\/wp\/v2\/tags?post=953086"},{"taxonomy":"naslovna","embeddable":true,"href":"https:\/\/dmcsrb.com\/en\/wp-json\/wp\/v2\/naslovna?post=953086"}],"curies":[{"name":"wp","href":"https:\/\/api.w.org\/{rel}","templated":true}]}}