{"id":953050,"date":"2025-09-19T18:20:23","date_gmt":"2025-09-19T16:20:23","guid":{"rendered":"https:\/\/dmcsrb.com\/uncategorized\/vukovic-preuzeo-duznost-komandanta-mornarice-vcg\/"},"modified":"2025-09-19T18:20:23","modified_gmt":"2025-09-19T16:20:23","slug":"vukovic-preuzeo-duznost-komandanta-mornarice-vcg","status":"publish","type":"post","link":"https:\/\/dmcsrb.com\/en\/drustvo\/vukovic-preuzeo-duznost-komandanta-mornarice-vcg\/","title":{"rendered":"Vukovi\u0107 preuzeo du\u017enost komandanta Mornarice VCG"},"content":{"rendered":"<p>Komodor Darko Vukovi\u0107 preuzeo je du\u017enost komandanta Moranice Vojske Crne Gore (VCG) od dosada\u0161njeg prvog \u010dovjeka te jedinice Milana Jevtovi\u0107a.<\/p>\n\n\n\n<p>Iz Ministarstva odbrane saop\u0161teno je da je sve\u010danoj primopredaju du\u017enosti komandanta Mornarice VCG prisustvovao na\u010delnik General\u0161taba Miodrag Vuk\u0161anovi\u0107.<\/p>\n\n\n\n<p>Na\u010delnik General\u0161taba VCG Miodrag Vuk\u0161anovi\u0107, koji je danas posjetio Mornaricu, rekao je da je primopredaja du\u017enosi prvog \u010dovjeka te jedinice potvrda kontinuiteta i trajnosti sistema odbrane.&nbsp;<\/p>\n\n\n\n<p>\u201e\u010ce\u0161titam komodoru Vukovi\u0107u na preuzimanju odgovorne du\u017eno\u0161ti i zahvaljujem kapetanu fregate Jevtovi\u0107u na posve\u0107eno\u0161ti i doprinosu razvoju Mornarice\u201d, istakao je Vuksanovi\u0107.&nbsp;<\/p>\n\n\n\n<p>On je kazao da je Mornarica VCG ostvarila zna\u010dajne re\u017eultate, od u\u010de\u0161\u0107a u me\u0111unarodnim misjama i operacijama, do unapre\u0111enja vlastitih kapaciteta i standarda.<\/p>\n\n\n\n<p>Vuksanovi\u0107 je podsjetio da je u toku izgradnja dva nova patrolna broda za potrebe Mornarice VCG u Francuskoj i da se uskoro o\u010dekuje \u017eavr\u0161etak nove zgrade Komande te jedinice.<\/p>\n\n\n\n<p>On je poru\u010dio da \u0107e General\u0161tab i Ministarstvo odbrane nastaviti da unapre\u0111uju uslove rada i \u017eivota pripadnika Mornarice.&nbsp;<\/p>\n\n\n\n<p>\u201cSiguran sam da \u0107e Vukovi\u0107, o\u0161lanjaju\u0107i se na dosada\u0161nje iskustvo i tim na \u010dijem je \u010delu, nastaviti putem razvoja i posve\u0107eno\u0161ti. Vjerujem da \u0107e Mornari\u010da i dalje biti prepoznata kao va\u017ean \u010dinilac bezbjednosti Crne Gore\u201c, rekao je Vuksanovi\u0107.<\/p>\n\n\n\n<p>Novi komandant Mornarice Vukovi\u0107 nagla\u0161io je da je spreman da zajedno sa kolegama iz te jedinice na\u0161tavi sa ja\u010danjem sposobnosti i modernizacijom Mornarice.<\/p>\n\n\n\n<p>\u201eVelika mi je \u010da\u0161t da preuzmem du\u017eno\u0161t komandanta Mornarice VCG. Bi\u0107u posve\u0107en daljem unapre\u0111enju operativnih kapaciteta, modernizaciji sredstava i jo\u0161 &nbsp;\u0161na\u017enijoj saradnji sa saveznicima u okviru Alijanse. Na\u0161tavi\u0107emo da \u010duvamo tradiciju, ali i da gradimo Mornaricu spremnu za budu\u0107e izazove\u201c, istakao je Vukovi\u0107.<\/p>\n\n\n\n<p>Jevtovi\u0107 se zahvalio saradnicima, nagla\u0161iv\u0161i da je bila privilegija komandovati Mornaricom VCG. &nbsp;<\/p>\n\n\n\n<p><br>\u201cPosebno sam ponosan na profesionalizam na\u0161ih pripadnika, koji su poka\u017eali da su spremni da odgovore svakom zadatku. Zajedno smo uspjeli da realizujemo mnogo va\u017enih aktivnosti, izme\u0111u ostalog, unaprije\u0111eni su sistemi za nadzor mora, nabavljeni novi patrolni \u010damci i zapo\u010deti projekti izgradnje novih patrolnih brodova i zgrade Komande\u201c, rekao je Jevtovi\u0107.<\/p>\n\n\n\n<p>On je zahvalio kolegama i nadre\u0111enima na podr\u0161ci, a Vukovi\u0107u po\u017eelio mnogo uspjeha.<br>&nbsp;&nbsp;<\/p>\n\n\n\n<p>Tokom po\u0161jete, delega\u010dija na \u010delu sa Vuksanovi\u0107em obi\u0161la je sidri\u0161te i plovila Mornarice VCG, kao i ka\u0161arnu \u201eNarodni heroj Petar Pero \u0106etkovi\u0107\u201c u Baru, gdje je u toku izgradnja nove zgrade Komande.&nbsp;<\/p>\n\n\n\n<p><\/p>","protected":false},"excerpt":{"rendered":"<p>Komodor Darko Vukovi\u0107 preuzeo je du\u017enost komandanta Moranice Vojske Crne Gore (VCG) od dosada\u0161njeg prvog \u010dovjeka te jedinice Milana Jevtovi\u0107a.<\/p>","protected":false},"author":1,"featured_media":953051,"comment_status":"open","ping_status":"open","sticky":false,"template":"","format":"standard","meta":{"_acf_changed":false,"footnotes":""},"categories":[2],"tags":[4338,6685,5945],"naslovna":[],"class_list":["post-953050","post","type-post","status-publish","format-standard","has-post-thumbnail","hentry","category-drustvo","tag-darko-vukovic","tag-mornarica","tag-vojska-crne-gore"],"acf":[],"yoast_head":"<!-- This site is optimized with the Yoast SEO plugin v27.0 - https:\/\/yoast.com\/product\/yoast-seo-wordpress\/ -->\n<title>Vukovi\u0107 preuzeo du\u017enost komandanta Mornarice VCG - dmcsrb.com<\/title>\n<meta name=\"robots\" content=\"index, follow, max-snippet:-1, max-image-preview:large, max-video-preview:-1\" \/>\n<link rel=\"canonical\" href=\"https:\/\/dmcsrb.com\/en\/drustvo\/vukovic-preuzeo-duznost-komandanta-mornarice-vcg\/\" \/>\n<meta property=\"og:locale\" content=\"en_GB\" \/>\n<meta property=\"og:type\" content=\"article\" \/>\n<meta property=\"og:title\" content=\"Vukovi\u0107 preuzeo du\u017enost komandanta Mornarice VCG - dmcsrb.com\" \/>\n<meta property=\"og:description\" content=\"Komodor Darko Vukovi\u0107 preuzeo je du\u017enost komandanta Moranice Vojske Crne Gore (VCG) od dosada\u0161njeg prvog \u010dovjeka te jedinice Milana Jevtovi\u0107a.\" \/>\n<meta property=\"og:url\" content=\"https:\/\/dmcsrb.com\/en\/drustvo\/vukovic-preuzeo-duznost-komandanta-mornarice-vcg\/\" \/>\n<meta property=\"og:site_name\" content=\"dmcsrb.com\" \/>\n<meta property=\"article:published_time\" content=\"2025-09-19T16:20:23+00:00\" \/>\n<meta property=\"og:image\" content=\"https:\/\/dmcsrb.com\/wp-content\/uploads\/2026\/01\/Darko-Vukovic.webp\" \/>\n\t<meta property=\"og:image:width\" content=\"730\" \/>\n\t<meta property=\"og:image:height\" content=\"598\" \/>\n\t<meta property=\"og:image:type\" content=\"image\/webp\" \/>\n<meta name=\"author\" content=\"dmcsrbija.com@gmail.com\" \/>\n<meta name=\"twitter:card\" content=\"summary_large_image\" \/>\n<meta name=\"twitter:label1\" content=\"Written by\" \/>\n\t<meta name=\"twitter:data1\" content=\"dmcsrbija.com@gmail.com\" \/>\n\t<meta name=\"twitter:label2\" content=\"Estimated reading time\" \/>\n\t<meta name=\"twitter:data2\" content=\"2 minutes\" \/>\n<script type=\"application\/ld+json\" class=\"yoast-schema-graph\">{\"@context\":\"https:\/\/schema.org\",\"@graph\":[{\"@type\":\"Article\",\"@id\":\"https:\/\/dmcsrb.com\/drustvo\/vukovic-preuzeo-duznost-komandanta-mornarice-vcg\/#article\",\"isPartOf\":{\"@id\":\"https:\/\/dmcsrb.com\/drustvo\/vukovic-preuzeo-duznost-komandanta-mornarice-vcg\/\"},\"author\":{\"name\":\"dmcsrbija.com@gmail.com\",\"@id\":\"https:\/\/dmcsrb.com\/#\/schema\/person\/5c39170f12db1b8b457732d0b5c854e2\"},\"headline\":\"Vukovi\u0107 preuzeo du\u017enost komandanta Mornarice VCG\",\"datePublished\":\"2025-09-19T16:20:23+00:00\",\"mainEntityOfPage\":{\"@id\":\"https:\/\/dmcsrb.com\/drustvo\/vukovic-preuzeo-duznost-komandanta-mornarice-vcg\/\"},\"wordCount\":450,\"commentCount\":0,\"image\":{\"@id\":\"https:\/\/dmcsrb.com\/drustvo\/vukovic-preuzeo-duznost-komandanta-mornarice-vcg\/#primaryimage\"},\"thumbnailUrl\":\"https:\/\/dmcsrb.com\/wp-content\/uploads\/2026\/01\/Darko-Vukovic.webp\",\"keywords\":[\"Darko Vukovi\u0107\",\"mornarica\",\"Vojska crne Gore\"],\"articleSection\":[\"Dru\u0161tvo\"],\"inLanguage\":\"en-GB\",\"potentialAction\":[{\"@type\":\"CommentAction\",\"name\":\"Comment\",\"target\":[\"https:\/\/dmcsrb.com\/drustvo\/vukovic-preuzeo-duznost-komandanta-mornarice-vcg\/#respond\"]}]},{\"@type\":\"WebPage\",\"@id\":\"https:\/\/dmcsrb.com\/drustvo\/vukovic-preuzeo-duznost-komandanta-mornarice-vcg\/\",\"url\":\"https:\/\/dmcsrb.com\/drustvo\/vukovic-preuzeo-duznost-komandanta-mornarice-vcg\/\",\"name\":\"Vukovi\u0107 preuzeo du\u017enost komandanta Mornarice VCG - dmcsrb.com\",\"isPartOf\":{\"@id\":\"https:\/\/dmcsrb.com\/#website\"},\"primaryImageOfPage\":{\"@id\":\"https:\/\/dmcsrb.com\/drustvo\/vukovic-preuzeo-duznost-komandanta-mornarice-vcg\/#primaryimage\"},\"image\":{\"@id\":\"https:\/\/dmcsrb.com\/drustvo\/vukovic-preuzeo-duznost-komandanta-mornarice-vcg\/#primaryimage\"},\"thumbnailUrl\":\"https:\/\/dmcsrb.com\/wp-content\/uploads\/2026\/01\/Darko-Vukovic.webp\",\"datePublished\":\"2025-09-19T16:20:23+00:00\",\"author\":{\"@id\":\"https:\/\/dmcsrb.com\/#\/schema\/person\/5c39170f12db1b8b457732d0b5c854e2\"},\"breadcrumb\":{\"@id\":\"https:\/\/dmcsrb.com\/drustvo\/vukovic-preuzeo-duznost-komandanta-mornarice-vcg\/#breadcrumb\"},\"inLanguage\":\"en-GB\",\"potentialAction\":[{\"@type\":\"ReadAction\",\"target\":[\"https:\/\/dmcsrb.com\/drustvo\/vukovic-preuzeo-duznost-komandanta-mornarice-vcg\/\"]}]},{\"@type\":\"ImageObject\",\"inLanguage\":\"en-GB\",\"@id\":\"https:\/\/dmcsrb.com\/drustvo\/vukovic-preuzeo-duznost-komandanta-mornarice-vcg\/#primaryimage\",\"url\":\"https:\/\/dmcsrb.com\/wp-content\/uploads\/2026\/01\/Darko-Vukovic.webp\",\"contentUrl\":\"https:\/\/dmcsrb.com\/wp-content\/uploads\/2026\/01\/Darko-Vukovic.webp\",\"width\":730,\"height\":598},{\"@type\":\"BreadcrumbList\",\"@id\":\"https:\/\/dmcsrb.com\/drustvo\/vukovic-preuzeo-duznost-komandanta-mornarice-vcg\/#breadcrumb\",\"itemListElement\":[{\"@type\":\"ListItem\",\"position\":1,\"name\":\"Home\",\"item\":\"https:\/\/dmcsrb.com\/\"},{\"@type\":\"ListItem\",\"position\":2,\"name\":\"Vukovi\u0107 preuzeo du\u017enost komandanta Mornarice VCG\"}]},{\"@type\":\"WebSite\",\"@id\":\"https:\/\/dmcsrb.com\/#website\",\"url\":\"https:\/\/dmcsrb.com\/\",\"name\":\"dmcsrb.com\",\"description\":\"\",\"potentialAction\":[{\"@type\":\"SearchAction\",\"target\":{\"@type\":\"EntryPoint\",\"urlTemplate\":\"https:\/\/dmcsrb.com\/?s={search_term_string}\"},\"query-input\":{\"@type\":\"PropertyValueSpecification\",\"valueRequired\":true,\"valueName\":\"search_term_string\"}}],\"inLanguage\":\"en-GB\"},{\"@type\":\"Person\",\"@id\":\"https:\/\/dmcsrb.com\/#\/schema\/person\/5c39170f12db1b8b457732d0b5c854e2\",\"name\":\"dmcsrbija.com@gmail.com\",\"image\":{\"@type\":\"ImageObject\",\"inLanguage\":\"en-GB\",\"@id\":\"https:\/\/dmcsrb.com\/#\/schema\/person\/image\/\",\"url\":\"https:\/\/secure.gravatar.com\/avatar\/68592660ad6347fad0fb587f8d5d8f1a7b44961362f56e4f2cd524feb87e9069?s=96&d=mm&r=g\",\"contentUrl\":\"https:\/\/secure.gravatar.com\/avatar\/68592660ad6347fad0fb587f8d5d8f1a7b44961362f56e4f2cd524feb87e9069?s=96&d=mm&r=g\",\"caption\":\"dmcsrbija.com@gmail.com\"},\"sameAs\":[\"https:\/\/dmcsrb.com\"],\"url\":\"https:\/\/dmcsrb.com\/en\/author\/dmcsrbija-comgmail-com\/\"}]}<\/script>\n<!-- \/ Yoast SEO plugin. -->","yoast_head_json":{"title":"Vukovi\u0107 preuzeo du\u017enost komandanta Mornarice VCG - dmcsrb.com","robots":{"index":"index","follow":"follow","max-snippet":"max-snippet:-1","max-image-preview":"max-image-preview:large","max-video-preview":"max-video-preview:-1"},"canonical":"https:\/\/dmcsrb.com\/en\/drustvo\/vukovic-preuzeo-duznost-komandanta-mornarice-vcg\/","og_locale":"en_GB","og_type":"article","og_title":"Vukovi\u0107 preuzeo du\u017enost komandanta Mornarice VCG - dmcsrb.com","og_description":"Komodor Darko Vukovi\u0107 preuzeo je du\u017enost komandanta Moranice Vojske Crne Gore (VCG) od dosada\u0161njeg prvog \u010dovjeka te jedinice Milana Jevtovi\u0107a.","og_url":"https:\/\/dmcsrb.com\/en\/drustvo\/vukovic-preuzeo-duznost-komandanta-mornarice-vcg\/","og_site_name":"dmcsrb.com","article_published_time":"2025-09-19T16:20:23+00:00","og_image":[{"width":730,"height":598,"url":"https:\/\/dmcsrb.com\/wp-content\/uploads\/2026\/01\/Darko-Vukovic.webp","type":"image\/webp"}],"author":"dmcsrbija.com@gmail.com","twitter_card":"summary_large_image","twitter_misc":{"Written by":"dmcsrbija.com@gmail.com","Estimated reading time":"2 minutes"},"schema":{"@context":"https:\/\/schema.org","@graph":[{"@type":"Article","@id":"https:\/\/dmcsrb.com\/drustvo\/vukovic-preuzeo-duznost-komandanta-mornarice-vcg\/#article","isPartOf":{"@id":"https:\/\/dmcsrb.com\/drustvo\/vukovic-preuzeo-duznost-komandanta-mornarice-vcg\/"},"author":{"name":"dmcsrbija.com@gmail.com","@id":"https:\/\/dmcsrb.com\/#\/schema\/person\/5c39170f12db1b8b457732d0b5c854e2"},"headline":"Vukovi\u0107 preuzeo du\u017enost komandanta Mornarice VCG","datePublished":"2025-09-19T16:20:23+00:00","mainEntityOfPage":{"@id":"https:\/\/dmcsrb.com\/drustvo\/vukovic-preuzeo-duznost-komandanta-mornarice-vcg\/"},"wordCount":450,"commentCount":0,"image":{"@id":"https:\/\/dmcsrb.com\/drustvo\/vukovic-preuzeo-duznost-komandanta-mornarice-vcg\/#primaryimage"},"thumbnailUrl":"https:\/\/dmcsrb.com\/wp-content\/uploads\/2026\/01\/Darko-Vukovic.webp","keywords":["Darko Vukovi\u0107","mornarica","Vojska crne Gore"],"articleSection":["Dru\u0161tvo"],"inLanguage":"en-GB","potentialAction":[{"@type":"CommentAction","name":"Comment","target":["https:\/\/dmcsrb.com\/drustvo\/vukovic-preuzeo-duznost-komandanta-mornarice-vcg\/#respond"]}]},{"@type":"WebPage","@id":"https:\/\/dmcsrb.com\/drustvo\/vukovic-preuzeo-duznost-komandanta-mornarice-vcg\/","url":"https:\/\/dmcsrb.com\/drustvo\/vukovic-preuzeo-duznost-komandanta-mornarice-vcg\/","name":"Vukovi\u0107 preuzeo du\u017enost komandanta Mornarice VCG - dmcsrb.com","isPartOf":{"@id":"https:\/\/dmcsrb.com\/#website"},"primaryImageOfPage":{"@id":"https:\/\/dmcsrb.com\/drustvo\/vukovic-preuzeo-duznost-komandanta-mornarice-vcg\/#primaryimage"},"image":{"@id":"https:\/\/dmcsrb.com\/drustvo\/vukovic-preuzeo-duznost-komandanta-mornarice-vcg\/#primaryimage"},"thumbnailUrl":"https:\/\/dmcsrb.com\/wp-content\/uploads\/2026\/01\/Darko-Vukovic.webp","datePublished":"2025-09-19T16:20:23+00:00","author":{"@id":"https:\/\/dmcsrb.com\/#\/schema\/person\/5c39170f12db1b8b457732d0b5c854e2"},"breadcrumb":{"@id":"https:\/\/dmcsrb.com\/drustvo\/vukovic-preuzeo-duznost-komandanta-mornarice-vcg\/#breadcrumb"},"inLanguage":"en-GB","potentialAction":[{"@type":"ReadAction","target":["https:\/\/dmcsrb.com\/drustvo\/vukovic-preuzeo-duznost-komandanta-mornarice-vcg\/"]}]},{"@type":"ImageObject","inLanguage":"en-GB","@id":"https:\/\/dmcsrb.com\/drustvo\/vukovic-preuzeo-duznost-komandanta-mornarice-vcg\/#primaryimage","url":"https:\/\/dmcsrb.com\/wp-content\/uploads\/2026\/01\/Darko-Vukovic.webp","contentUrl":"https:\/\/dmcsrb.com\/wp-content\/uploads\/2026\/01\/Darko-Vukovic.webp","width":730,"height":598},{"@type":"BreadcrumbList","@id":"https:\/\/dmcsrb.com\/drustvo\/vukovic-preuzeo-duznost-komandanta-mornarice-vcg\/#breadcrumb","itemListElement":[{"@type":"ListItem","position":1,"name":"Home","item":"https:\/\/dmcsrb.com\/"},{"@type":"ListItem","position":2,"name":"Vukovi\u0107 preuzeo du\u017enost komandanta Mornarice VCG"}]},{"@type":"WebSite","@id":"https:\/\/dmcsrb.com\/#website","url":"https:\/\/dmcsrb.com\/","name":"dmcsrb.com","description":"","potentialAction":[{"@type":"SearchAction","target":{"@type":"EntryPoint","urlTemplate":"https:\/\/dmcsrb.com\/?s={search_term_string}"},"query-input":{"@type":"PropertyValueSpecification","valueRequired":true,"valueName":"search_term_string"}}],"inLanguage":"en-GB"},{"@type":"Person","@id":"https:\/\/dmcsrb.com\/#\/schema\/person\/5c39170f12db1b8b457732d0b5c854e2","name":"dmcsrbija.com@gmail.com","image":{"@type":"ImageObject","inLanguage":"en-GB","@id":"https:\/\/dmcsrb.com\/#\/schema\/person\/image\/","url":"https:\/\/secure.gravatar.com\/avatar\/68592660ad6347fad0fb587f8d5d8f1a7b44961362f56e4f2cd524feb87e9069?s=96&d=mm&r=g","contentUrl":"https:\/\/secure.gravatar.com\/avatar\/68592660ad6347fad0fb587f8d5d8f1a7b44961362f56e4f2cd524feb87e9069?s=96&d=mm&r=g","caption":"dmcsrbija.com@gmail.com"},"sameAs":["https:\/\/dmcsrb.com"],"url":"https:\/\/dmcsrb.com\/en\/author\/dmcsrbija-comgmail-com\/"}]}},"_links":{"self":[{"href":"https:\/\/dmcsrb.com\/en\/wp-json\/wp\/v2\/posts\/953050","targetHints":{"allow":["GET"]}}],"collection":[{"href":"https:\/\/dmcsrb.com\/en\/wp-json\/wp\/v2\/posts"}],"about":[{"href":"https:\/\/dmcsrb.com\/en\/wp-json\/wp\/v2\/types\/post"}],"author":[{"embeddable":true,"href":"https:\/\/dmcsrb.com\/en\/wp-json\/wp\/v2\/users\/1"}],"replies":[{"embeddable":true,"href":"https:\/\/dmcsrb.com\/en\/wp-json\/wp\/v2\/comments?post=953050"}],"version-history":[{"count":0,"href":"https:\/\/dmcsrb.com\/en\/wp-json\/wp\/v2\/posts\/953050\/revisions"}],"wp:featuredmedia":[{"embeddable":true,"href":"https:\/\/dmcsrb.com\/en\/wp-json\/wp\/v2\/media\/953051"}],"wp:attachment":[{"href":"https:\/\/dmcsrb.com\/en\/wp-json\/wp\/v2\/media?parent=953050"}],"wp:term":[{"taxonomy":"category","embeddable":true,"href":"https:\/\/dmcsrb.com\/en\/wp-json\/wp\/v2\/categories?post=953050"},{"taxonomy":"post_tag","embeddable":true,"href":"https:\/\/dmcsrb.com\/en\/wp-json\/wp\/v2\/tags?post=953050"},{"taxonomy":"naslovna","embeddable":true,"href":"https:\/\/dmcsrb.com\/en\/wp-json\/wp\/v2\/naslovna?post=953050"}],"curies":[{"name":"wp","href":"https:\/\/api.w.org\/{rel}","templated":true}]}}