{"id":953041,"date":"2025-09-19T16:57:42","date_gmt":"2025-09-19T14:57:42","guid":{"rendered":"https:\/\/dmcsrb.com\/uncategorized\/vukicevic-kliziste-dobrakovo-trajno-sanirano-bez-rizika-od-ponovnog-aktiviranja\/"},"modified":"2025-09-19T16:57:42","modified_gmt":"2025-09-19T14:57:42","slug":"vukicevic-kliziste-dobrakovo-trajno-sanirano-bez-rizika-od-ponovnog-aktiviranja","status":"publish","type":"post","link":"https:\/\/dmcsrb.com\/en\/drustvo\/vukicevic-kliziste-dobrakovo-trajno-sanirano-bez-rizika-od-ponovnog-aktiviranja\/","title":{"rendered":"Vuki\u0107evi\u0107: Klizi\u0161te Dobrakovo trajno sanirano, bez rizika od ponovnog aktiviranja"},"content":{"rendered":"<p>Naglasila je da je kompanija Eurozox radove izvela u ugovorenom roku, a vrijednost investicije iznosila je oko \u0161est miliona eura.<\/p>\n\n\n\n<p>&#8220;Ovo je \u010detvrto klizi\u0161te koje je sanirano od po\u010detka mog mandata, dok su u toku radovi na jo\u0161 dva tehni\u010dki veoma zahtjevna \u2013 na lokalitetu Sokolovina na putu Mojkovac \u2013 \u0110ur\u0111evi\u0107a Tara i Provalija na putu \u0160avnik \u2013 \u017dabljak&#8221;, napomenula je Vuki\u0107evi\u0107.&nbsp;<\/p>\n\n\n\n<p>Njihov zavr\u0161etak, kako je istakla, o\u010dekuje se do kraja ove kalendarske godine.<\/p>\n\n\n\n<p>&#8220;Tako\u0111e, \u017eelim da najavim i skori po\u010detak radova na rekonstrukciji puta Bijelo Polje \u2013 Dobrakovo, u vrijednosti od 11 miliona eura, koji se finansira iz kredita Evropske investicione banke&#8221;, poru\u010dila je Vuki\u0107evi\u0107.&nbsp;<\/p>\n\n\n\n<p><\/p>","protected":false},"excerpt":{"rendered":"<p>Klizi\u0161te na lokalitetu Dobrakovo bilo je aktivno vi\u0161e godina i do sada je uvijek privremeno sanirano. Danas mo\u017eemo re\u0107i da je kona\u010dno izvedeno trajno rje\u0161enje, \u010dime se obezbje\u0111uje nesmetano odvijanje saobra\u0107aja, bez rizika od njegovog ponovnog aktiviranja i prekida saobra\u0107aja na ovom va\u017enom putnom pravcu, koji ima veliki zna\u010daj za povezanost Crne Gore i Republike Srbije, saop\u0161tila je ministarka saobra\u0107aja Maja Vuki\u0107evi\u0107.<\/p>","protected":false},"author":1,"featured_media":909399,"comment_status":"open","ping_status":"open","sticky":false,"template":"","format":"standard","meta":{"_acf_changed":false,"footnotes":""},"categories":[2],"tags":[2976,3080,1898],"naslovna":[],"class_list":["post-953041","post","type-post","status-publish","format-standard","has-post-thumbnail","hentry","category-drustvo","tag-dobrakovo","tag-kliziste","tag-maja-vukicevic"],"acf":[],"yoast_head":"<!-- This site is optimized with the Yoast SEO plugin v27.0 - https:\/\/yoast.com\/product\/yoast-seo-wordpress\/ -->\n<title>Vuki\u0107evi\u0107: Klizi\u0161te Dobrakovo trajno sanirano, bez rizika od ponovnog aktiviranja - dmcsrb.com<\/title>\n<meta name=\"robots\" content=\"index, follow, max-snippet:-1, max-image-preview:large, max-video-preview:-1\" \/>\n<link rel=\"canonical\" href=\"https:\/\/dmcsrb.com\/en\/drustvo\/vukicevic-kliziste-dobrakovo-trajno-sanirano-bez-rizika-od-ponovnog-aktiviranja\/\" \/>\n<meta property=\"og:locale\" content=\"en_GB\" \/>\n<meta property=\"og:type\" content=\"article\" \/>\n<meta property=\"og:title\" content=\"Vuki\u0107evi\u0107: Klizi\u0161te Dobrakovo trajno sanirano, bez rizika od ponovnog aktiviranja - dmcsrb.com\" \/>\n<meta property=\"og:description\" content=\"Klizi\u0161te na lokalitetu Dobrakovo bilo je aktivno vi\u0161e godina i do sada je uvijek privremeno sanirano. Danas mo\u017eemo re\u0107i da je kona\u010dno izvedeno trajno rje\u0161enje, \u010dime se obezbje\u0111uje nesmetano odvijanje saobra\u0107aja, bez rizika od njegovog ponovnog aktiviranja i prekida saobra\u0107aja na ovom va\u017enom putnom pravcu, koji ima veliki zna\u010daj za povezanost Crne Gore i Republike Srbije, saop\u0161tila je ministarka saobra\u0107aja Maja Vuki\u0107evi\u0107.\" \/>\n<meta property=\"og:url\" content=\"https:\/\/dmcsrb.com\/en\/drustvo\/vukicevic-kliziste-dobrakovo-trajno-sanirano-bez-rizika-od-ponovnog-aktiviranja\/\" \/>\n<meta property=\"og:site_name\" content=\"dmcsrb.com\" \/>\n<meta property=\"article:published_time\" content=\"2025-09-19T14:57:42+00:00\" \/>\n<meta property=\"og:image\" content=\"https:\/\/dmcsrb.com\/wp-content\/uploads\/2026\/01\/Maja-Vukicevic-foto-vlada-cg.jpg\" \/>\n\t<meta property=\"og:image:width\" content=\"1125\" \/>\n\t<meta property=\"og:image:height\" content=\"663\" \/>\n\t<meta property=\"og:image:type\" content=\"image\/jpeg\" \/>\n<meta name=\"author\" content=\"dmcsrbija.com@gmail.com\" \/>\n<meta name=\"twitter:card\" content=\"summary_large_image\" \/>\n<meta name=\"twitter:label1\" content=\"Written by\" \/>\n\t<meta name=\"twitter:data1\" content=\"dmcsrbija.com@gmail.com\" \/>\n\t<meta name=\"twitter:label2\" content=\"Estimated reading time\" \/>\n\t<meta name=\"twitter:data2\" content=\"1 minute\" \/>\n<script type=\"application\/ld+json\" class=\"yoast-schema-graph\">{\"@context\":\"https:\/\/schema.org\",\"@graph\":[{\"@type\":\"Article\",\"@id\":\"https:\/\/dmcsrb.com\/en\/drustvo\/vukicevic-kliziste-dobrakovo-trajno-sanirano-bez-rizika-od-ponovnog-aktiviranja\/#article\",\"isPartOf\":{\"@id\":\"https:\/\/dmcsrb.com\/en\/drustvo\/vukicevic-kliziste-dobrakovo-trajno-sanirano-bez-rizika-od-ponovnog-aktiviranja\/\"},\"author\":{\"name\":\"dmcsrbija.com@gmail.com\",\"@id\":\"https:\/\/dmcsrb.com\/#\/schema\/person\/5c39170f12db1b8b457732d0b5c854e2\"},\"headline\":\"Vuki\u0107evi\u0107: Klizi\u0161te Dobrakovo trajno sanirano, bez rizika od ponovnog aktiviranja\",\"datePublished\":\"2025-09-19T14:57:42+00:00\",\"mainEntityOfPage\":{\"@id\":\"https:\/\/dmcsrb.com\/en\/drustvo\/vukicevic-kliziste-dobrakovo-trajno-sanirano-bez-rizika-od-ponovnog-aktiviranja\/\"},\"wordCount\":127,\"commentCount\":0,\"image\":{\"@id\":\"https:\/\/dmcsrb.com\/en\/drustvo\/vukicevic-kliziste-dobrakovo-trajno-sanirano-bez-rizika-od-ponovnog-aktiviranja\/#primaryimage\"},\"thumbnailUrl\":\"https:\/\/dmcsrb.com\/wp-content\/uploads\/2026\/01\/Maja-Vukicevic-foto-vlada-cg.jpg\",\"keywords\":[\"Dobrakovo\",\"Klizi\u0161te\",\"maja vuki\u0107evi\u0107\"],\"articleSection\":[\"Dru\u0161tvo\"],\"inLanguage\":\"en-GB\",\"potentialAction\":[{\"@type\":\"CommentAction\",\"name\":\"Comment\",\"target\":[\"https:\/\/dmcsrb.com\/en\/drustvo\/vukicevic-kliziste-dobrakovo-trajno-sanirano-bez-rizika-od-ponovnog-aktiviranja\/#respond\"]}]},{\"@type\":\"WebPage\",\"@id\":\"https:\/\/dmcsrb.com\/en\/drustvo\/vukicevic-kliziste-dobrakovo-trajno-sanirano-bez-rizika-od-ponovnog-aktiviranja\/\",\"url\":\"https:\/\/dmcsrb.com\/en\/drustvo\/vukicevic-kliziste-dobrakovo-trajno-sanirano-bez-rizika-od-ponovnog-aktiviranja\/\",\"name\":\"Vuki\u0107evi\u0107: Klizi\u0161te Dobrakovo trajno sanirano, bez rizika od ponovnog aktiviranja - dmcsrb.com\",\"isPartOf\":{\"@id\":\"https:\/\/dmcsrb.com\/#website\"},\"primaryImageOfPage\":{\"@id\":\"https:\/\/dmcsrb.com\/en\/drustvo\/vukicevic-kliziste-dobrakovo-trajno-sanirano-bez-rizika-od-ponovnog-aktiviranja\/#primaryimage\"},\"image\":{\"@id\":\"https:\/\/dmcsrb.com\/en\/drustvo\/vukicevic-kliziste-dobrakovo-trajno-sanirano-bez-rizika-od-ponovnog-aktiviranja\/#primaryimage\"},\"thumbnailUrl\":\"https:\/\/dmcsrb.com\/wp-content\/uploads\/2026\/01\/Maja-Vukicevic-foto-vlada-cg.jpg\",\"datePublished\":\"2025-09-19T14:57:42+00:00\",\"author\":{\"@id\":\"https:\/\/dmcsrb.com\/#\/schema\/person\/5c39170f12db1b8b457732d0b5c854e2\"},\"breadcrumb\":{\"@id\":\"https:\/\/dmcsrb.com\/en\/drustvo\/vukicevic-kliziste-dobrakovo-trajno-sanirano-bez-rizika-od-ponovnog-aktiviranja\/#breadcrumb\"},\"inLanguage\":\"en-GB\",\"potentialAction\":[{\"@type\":\"ReadAction\",\"target\":[\"https:\/\/dmcsrb.com\/en\/drustvo\/vukicevic-kliziste-dobrakovo-trajno-sanirano-bez-rizika-od-ponovnog-aktiviranja\/\"]}]},{\"@type\":\"ImageObject\",\"inLanguage\":\"en-GB\",\"@id\":\"https:\/\/dmcsrb.com\/en\/drustvo\/vukicevic-kliziste-dobrakovo-trajno-sanirano-bez-rizika-od-ponovnog-aktiviranja\/#primaryimage\",\"url\":\"https:\/\/dmcsrb.com\/wp-content\/uploads\/2026\/01\/Maja-Vukicevic-foto-vlada-cg.jpg\",\"contentUrl\":\"https:\/\/dmcsrb.com\/wp-content\/uploads\/2026\/01\/Maja-Vukicevic-foto-vlada-cg.jpg\",\"width\":1125,\"height\":663},{\"@type\":\"BreadcrumbList\",\"@id\":\"https:\/\/dmcsrb.com\/en\/drustvo\/vukicevic-kliziste-dobrakovo-trajno-sanirano-bez-rizika-od-ponovnog-aktiviranja\/#breadcrumb\",\"itemListElement\":[{\"@type\":\"ListItem\",\"position\":1,\"name\":\"Home\",\"item\":\"https:\/\/dmcsrb.com\/\"},{\"@type\":\"ListItem\",\"position\":2,\"name\":\"Vuki\u0107evi\u0107: Klizi\u0161te Dobrakovo trajno sanirano, bez rizika od ponovnog aktiviranja\"}]},{\"@type\":\"WebSite\",\"@id\":\"https:\/\/dmcsrb.com\/#website\",\"url\":\"https:\/\/dmcsrb.com\/\",\"name\":\"dmcsrb.com\",\"description\":\"\",\"potentialAction\":[{\"@type\":\"SearchAction\",\"target\":{\"@type\":\"EntryPoint\",\"urlTemplate\":\"https:\/\/dmcsrb.com\/?s={search_term_string}\"},\"query-input\":{\"@type\":\"PropertyValueSpecification\",\"valueRequired\":true,\"valueName\":\"search_term_string\"}}],\"inLanguage\":\"en-GB\"},{\"@type\":\"Person\",\"@id\":\"https:\/\/dmcsrb.com\/#\/schema\/person\/5c39170f12db1b8b457732d0b5c854e2\",\"name\":\"dmcsrbija.com@gmail.com\",\"image\":{\"@type\":\"ImageObject\",\"inLanguage\":\"en-GB\",\"@id\":\"https:\/\/dmcsrb.com\/#\/schema\/person\/image\/\",\"url\":\"https:\/\/secure.gravatar.com\/avatar\/68592660ad6347fad0fb587f8d5d8f1a7b44961362f56e4f2cd524feb87e9069?s=96&d=mm&r=g\",\"contentUrl\":\"https:\/\/secure.gravatar.com\/avatar\/68592660ad6347fad0fb587f8d5d8f1a7b44961362f56e4f2cd524feb87e9069?s=96&d=mm&r=g\",\"caption\":\"dmcsrbija.com@gmail.com\"},\"sameAs\":[\"https:\/\/dmcsrb.com\"],\"url\":\"https:\/\/dmcsrb.com\/en\/author\/dmcsrbija-comgmail-com\/\"}]}<\/script>\n<!-- \/ Yoast SEO plugin. -->","yoast_head_json":{"title":"Vuki\u0107evi\u0107: Klizi\u0161te Dobrakovo trajno sanirano, bez rizika od ponovnog aktiviranja - dmcsrb.com","robots":{"index":"index","follow":"follow","max-snippet":"max-snippet:-1","max-image-preview":"max-image-preview:large","max-video-preview":"max-video-preview:-1"},"canonical":"https:\/\/dmcsrb.com\/en\/drustvo\/vukicevic-kliziste-dobrakovo-trajno-sanirano-bez-rizika-od-ponovnog-aktiviranja\/","og_locale":"en_GB","og_type":"article","og_title":"Vuki\u0107evi\u0107: Klizi\u0161te Dobrakovo trajno sanirano, bez rizika od ponovnog aktiviranja - dmcsrb.com","og_description":"Klizi\u0161te na lokalitetu Dobrakovo bilo je aktivno vi\u0161e godina i do sada je uvijek privremeno sanirano. Danas mo\u017eemo re\u0107i da je kona\u010dno izvedeno trajno rje\u0161enje, \u010dime se obezbje\u0111uje nesmetano odvijanje saobra\u0107aja, bez rizika od njegovog ponovnog aktiviranja i prekida saobra\u0107aja na ovom va\u017enom putnom pravcu, koji ima veliki zna\u010daj za povezanost Crne Gore i Republike Srbije, saop\u0161tila je ministarka saobra\u0107aja Maja Vuki\u0107evi\u0107.","og_url":"https:\/\/dmcsrb.com\/en\/drustvo\/vukicevic-kliziste-dobrakovo-trajno-sanirano-bez-rizika-od-ponovnog-aktiviranja\/","og_site_name":"dmcsrb.com","article_published_time":"2025-09-19T14:57:42+00:00","og_image":[{"width":1125,"height":663,"url":"https:\/\/dmcsrb.com\/wp-content\/uploads\/2026\/01\/Maja-Vukicevic-foto-vlada-cg.jpg","type":"image\/jpeg"}],"author":"dmcsrbija.com@gmail.com","twitter_card":"summary_large_image","twitter_misc":{"Written by":"dmcsrbija.com@gmail.com","Estimated reading time":"1 minute"},"schema":{"@context":"https:\/\/schema.org","@graph":[{"@type":"Article","@id":"https:\/\/dmcsrb.com\/en\/drustvo\/vukicevic-kliziste-dobrakovo-trajno-sanirano-bez-rizika-od-ponovnog-aktiviranja\/#article","isPartOf":{"@id":"https:\/\/dmcsrb.com\/en\/drustvo\/vukicevic-kliziste-dobrakovo-trajno-sanirano-bez-rizika-od-ponovnog-aktiviranja\/"},"author":{"name":"dmcsrbija.com@gmail.com","@id":"https:\/\/dmcsrb.com\/#\/schema\/person\/5c39170f12db1b8b457732d0b5c854e2"},"headline":"Vuki\u0107evi\u0107: Klizi\u0161te Dobrakovo trajno sanirano, bez rizika od ponovnog aktiviranja","datePublished":"2025-09-19T14:57:42+00:00","mainEntityOfPage":{"@id":"https:\/\/dmcsrb.com\/en\/drustvo\/vukicevic-kliziste-dobrakovo-trajno-sanirano-bez-rizika-od-ponovnog-aktiviranja\/"},"wordCount":127,"commentCount":0,"image":{"@id":"https:\/\/dmcsrb.com\/en\/drustvo\/vukicevic-kliziste-dobrakovo-trajno-sanirano-bez-rizika-od-ponovnog-aktiviranja\/#primaryimage"},"thumbnailUrl":"https:\/\/dmcsrb.com\/wp-content\/uploads\/2026\/01\/Maja-Vukicevic-foto-vlada-cg.jpg","keywords":["Dobrakovo","Klizi\u0161te","maja vuki\u0107evi\u0107"],"articleSection":["Dru\u0161tvo"],"inLanguage":"en-GB","potentialAction":[{"@type":"CommentAction","name":"Comment","target":["https:\/\/dmcsrb.com\/en\/drustvo\/vukicevic-kliziste-dobrakovo-trajno-sanirano-bez-rizika-od-ponovnog-aktiviranja\/#respond"]}]},{"@type":"WebPage","@id":"https:\/\/dmcsrb.com\/en\/drustvo\/vukicevic-kliziste-dobrakovo-trajno-sanirano-bez-rizika-od-ponovnog-aktiviranja\/","url":"https:\/\/dmcsrb.com\/en\/drustvo\/vukicevic-kliziste-dobrakovo-trajno-sanirano-bez-rizika-od-ponovnog-aktiviranja\/","name":"Vuki\u0107evi\u0107: Klizi\u0161te Dobrakovo trajno sanirano, bez rizika od ponovnog aktiviranja - dmcsrb.com","isPartOf":{"@id":"https:\/\/dmcsrb.com\/#website"},"primaryImageOfPage":{"@id":"https:\/\/dmcsrb.com\/en\/drustvo\/vukicevic-kliziste-dobrakovo-trajno-sanirano-bez-rizika-od-ponovnog-aktiviranja\/#primaryimage"},"image":{"@id":"https:\/\/dmcsrb.com\/en\/drustvo\/vukicevic-kliziste-dobrakovo-trajno-sanirano-bez-rizika-od-ponovnog-aktiviranja\/#primaryimage"},"thumbnailUrl":"https:\/\/dmcsrb.com\/wp-content\/uploads\/2026\/01\/Maja-Vukicevic-foto-vlada-cg.jpg","datePublished":"2025-09-19T14:57:42+00:00","author":{"@id":"https:\/\/dmcsrb.com\/#\/schema\/person\/5c39170f12db1b8b457732d0b5c854e2"},"breadcrumb":{"@id":"https:\/\/dmcsrb.com\/en\/drustvo\/vukicevic-kliziste-dobrakovo-trajno-sanirano-bez-rizika-od-ponovnog-aktiviranja\/#breadcrumb"},"inLanguage":"en-GB","potentialAction":[{"@type":"ReadAction","target":["https:\/\/dmcsrb.com\/en\/drustvo\/vukicevic-kliziste-dobrakovo-trajno-sanirano-bez-rizika-od-ponovnog-aktiviranja\/"]}]},{"@type":"ImageObject","inLanguage":"en-GB","@id":"https:\/\/dmcsrb.com\/en\/drustvo\/vukicevic-kliziste-dobrakovo-trajno-sanirano-bez-rizika-od-ponovnog-aktiviranja\/#primaryimage","url":"https:\/\/dmcsrb.com\/wp-content\/uploads\/2026\/01\/Maja-Vukicevic-foto-vlada-cg.jpg","contentUrl":"https:\/\/dmcsrb.com\/wp-content\/uploads\/2026\/01\/Maja-Vukicevic-foto-vlada-cg.jpg","width":1125,"height":663},{"@type":"BreadcrumbList","@id":"https:\/\/dmcsrb.com\/en\/drustvo\/vukicevic-kliziste-dobrakovo-trajno-sanirano-bez-rizika-od-ponovnog-aktiviranja\/#breadcrumb","itemListElement":[{"@type":"ListItem","position":1,"name":"Home","item":"https:\/\/dmcsrb.com\/"},{"@type":"ListItem","position":2,"name":"Vuki\u0107evi\u0107: Klizi\u0161te Dobrakovo trajno sanirano, bez rizika od ponovnog aktiviranja"}]},{"@type":"WebSite","@id":"https:\/\/dmcsrb.com\/#website","url":"https:\/\/dmcsrb.com\/","name":"dmcsrb.com","description":"","potentialAction":[{"@type":"SearchAction","target":{"@type":"EntryPoint","urlTemplate":"https:\/\/dmcsrb.com\/?s={search_term_string}"},"query-input":{"@type":"PropertyValueSpecification","valueRequired":true,"valueName":"search_term_string"}}],"inLanguage":"en-GB"},{"@type":"Person","@id":"https:\/\/dmcsrb.com\/#\/schema\/person\/5c39170f12db1b8b457732d0b5c854e2","name":"dmcsrbija.com@gmail.com","image":{"@type":"ImageObject","inLanguage":"en-GB","@id":"https:\/\/dmcsrb.com\/#\/schema\/person\/image\/","url":"https:\/\/secure.gravatar.com\/avatar\/68592660ad6347fad0fb587f8d5d8f1a7b44961362f56e4f2cd524feb87e9069?s=96&d=mm&r=g","contentUrl":"https:\/\/secure.gravatar.com\/avatar\/68592660ad6347fad0fb587f8d5d8f1a7b44961362f56e4f2cd524feb87e9069?s=96&d=mm&r=g","caption":"dmcsrbija.com@gmail.com"},"sameAs":["https:\/\/dmcsrb.com"],"url":"https:\/\/dmcsrb.com\/en\/author\/dmcsrbija-comgmail-com\/"}]}},"_links":{"self":[{"href":"https:\/\/dmcsrb.com\/en\/wp-json\/wp\/v2\/posts\/953041","targetHints":{"allow":["GET"]}}],"collection":[{"href":"https:\/\/dmcsrb.com\/en\/wp-json\/wp\/v2\/posts"}],"about":[{"href":"https:\/\/dmcsrb.com\/en\/wp-json\/wp\/v2\/types\/post"}],"author":[{"embeddable":true,"href":"https:\/\/dmcsrb.com\/en\/wp-json\/wp\/v2\/users\/1"}],"replies":[{"embeddable":true,"href":"https:\/\/dmcsrb.com\/en\/wp-json\/wp\/v2\/comments?post=953041"}],"version-history":[{"count":0,"href":"https:\/\/dmcsrb.com\/en\/wp-json\/wp\/v2\/posts\/953041\/revisions"}],"wp:featuredmedia":[{"embeddable":true,"href":"https:\/\/dmcsrb.com\/en\/wp-json\/wp\/v2\/media\/909399"}],"wp:attachment":[{"href":"https:\/\/dmcsrb.com\/en\/wp-json\/wp\/v2\/media?parent=953041"}],"wp:term":[{"taxonomy":"category","embeddable":true,"href":"https:\/\/dmcsrb.com\/en\/wp-json\/wp\/v2\/categories?post=953041"},{"taxonomy":"post_tag","embeddable":true,"href":"https:\/\/dmcsrb.com\/en\/wp-json\/wp\/v2\/tags?post=953041"},{"taxonomy":"naslovna","embeddable":true,"href":"https:\/\/dmcsrb.com\/en\/wp-json\/wp\/v2\/naslovna?post=953041"}],"curies":[{"name":"wp","href":"https:\/\/api.w.org\/{rel}","templated":true}]}}