{"id":952989,"date":"2025-09-19T13:10:00","date_gmt":"2025-09-19T11:10:00","guid":{"rendered":"https:\/\/dmcsrb.com\/uncategorized\/sa-24-posp-a-poruceno-crna-gora-ostvarila-znacajan-napredak-u-prethodnom-periodu-izvjesno-postaje-28-clanica-eu\/"},"modified":"2025-09-19T13:10:00","modified_gmt":"2025-09-19T11:10:00","slug":"sa-24-posp-a-poruceno-crna-gora-ostvarila-znacajan-napredak-u-prethodnom-periodu-izvjesno-postaje-28-clanica-eu","status":"publish","type":"post","link":"https:\/\/dmcsrb.com\/en\/politika\/sa-24-posp-a-poruceno-crna-gora-ostvarila-znacajan-napredak-u-prethodnom-periodu-izvjesno-postaje-28-clanica-eu\/","title":{"rendered":"Sa 24. POSP-a poru\u010deno: Crna Gora ostvarila zna\u010dajan napredak u prethodnom periodu, izvjesno postaje 28. \u010dlanica EU"},"content":{"rendered":"<p><\/p>\n\n\n\n<p>Poslanici zajedni\u010dkog odbora Skup\u0161tine Crne Gore i Evropskog parlamenta ju\u010de i danas raspravljali su o trenutnom stanju u pristupnim pregovorima Crne Gore sa EU, napretku u oblasti vladavine prava, reformi izbornog zakonodavstva, te stanju u oblasti poljoprivrede, ruralnog razvoja i odr\u017eivog turizma.<\/p>\n\n\n\n<p>Fokus rasprave drugog dana bio je usmjeren na temu reforme izbornog zakonodavstva, te napretka u pregovorima u okviru poljoprivrede i ruralnog razvoja i odr\u017eivog turizma.<\/p>\n\n\n\n<p>U kontekstu izborne reforme, pohvaljeno je dono\u0161enje seta izbornih zakona, ali je apostrofirana va\u017enost njihove adekvatne primjene. Posebno je istaknuto da su izborni zakoni done\u0161eni \u0161irokim politi\u010dkim konsenzusom, te da je time intenziviran rad Odbora za sveohuvatnu izbornu reformu i napravljen zna\u010dajan iskorak u unapre\u0111enju zakonodavnog okvira za sprovo\u0111enje izbora. Poslanici su se saglasili da na primjeru izborne reforme, uz konstruktivan dijalog i postizanje dogovora o pitanjima od su\u0161tinskog zna\u010daja za dalje sna\u017eenje demokratskih procesa i napredak zemlje ka \u010dlanstvu u EU, bi trebalo sprovoditi i ostale reformske procese.<\/p>\n\n\n\n<p>U prisustvu ministra poljoprivrede, \u0161umarstva i vodoprivrede Vladimira Jokovi\u0107a raspravljano je o stanju u oblasti poljoprivrede i ruralnog razvoja i ostvarenom napretku u pregovara\u010dkom poglavlju 11. Istaknuto je da dosada\u0161nji rezultati u ovoj oblasti pokazuju ozbiljnu posve\u0107enost Crne Gore procesu evropskih integracija, te da Crna Gora radi na stvaranju uslova za efikasno sprovo\u0111enje Zajedni\u010dke poljoprivredne politike. Ipak, potrebno je nastaviti sa ulaganjem daljih napora u ja\u010danje zakonodavnog i institucionalnog okvira, uz sna\u017enu saradnju sa partnerima iz EU i regiona.<\/p>\n\n\n\n<p>Sa 24. POSP-a poru\u010deno je da je Crna Gora ostvarila zna\u010dajan napredak u prethodnom periodu, te da je izvjesno da postane 28. \u010dlanica EU. Posebno je istaknuta va\u017enost konstruktivnog pristupa u sprovo\u0111enju reformi i pohvaljene odluke koje su done\u0161ene zahvaljuju\u0107i poslanicima i vlasti i opozicije.<\/p>\n\n\n\n<p>Sastanak je zavr\u0161en usvajanjem preporuka sadr\u017eanih u zajedni\u010dkoj Deklaraciji. \u010clanovi POSP-a istakli su da je va\u017eno ostati posve\u0107en glavnom spoljnopoliti\u010dkom cilju Crne Gore, uzimaju\u0107i u obzir geostrate\u0161ke okolnosti, koje su omogu\u0107ile novi zamah pro\u0161irenju, uz napomenu da ispunjavanje obaveza u skladu sa evropskim standardima treba da prati po\u0161tovanje evropskih vrijednosti. Crna Gora je predvodnik procesa integracija u regionu, \u010diji rezultati mogu biti va\u017ean podsticaj&nbsp; za ostale dr\u017eave kandidate na njihovom evropskom putu, ali i potvrditi vjerodostojnost politike pro\u0161irenja EU u cjelini, navodi se u Deklaraciji.<\/p>\n\n\n\n<p>Pozdravljaju\u0107i preduzete korake u ovim oblastima, evropski poslanici su u prethodna dva dana crnogorskim kolegama poslali poruku ohrabrenja za nastavak reformi i dono\u0161enje odluka, u dijelu pravosu\u0111a, vladavine prava, ali i organizovanog kriminala i korupcije, budu\u0107i da se reforme po ovim pitanjima vode kontinuirano i sveobuhvatno, a sve u cilju zavr\u0161etka pregovara\u010dkog procesa 2026. godine i kona\u010dnog u\u010dlanjenja Crne Gore u EU 2028. godine.<\/p>\n\n\n\n<p>Doma\u0107in narednog sastanka POSP-a bi\u0107e Evropski parlament, a termin odr\u017eavanja odredi\u0107e se naknadno.<\/p>","protected":false},"excerpt":{"rendered":"<p>Usvajanjem zajedni\u010dke Deklaracije sa preporukama, danas u Podgorici, zavr\u0161en je 24. sastanak Parlamentarnog odbora Evropske unije i Crne Gore za stabilizaciju i pridru\u017eivanje, kojim su predsjedavali Dejan \u0110urovi\u0107, u ime delegacije Skup\u0161tine Crne Gore i Tomas Vajc (Tomas Waitz), u ime delegacije Evropskog parlamenta.<\/p>","protected":false},"author":1,"featured_media":952990,"comment_status":"open","ping_status":"open","sticky":false,"template":"","format":"standard","meta":{"_acf_changed":false,"footnotes":""},"categories":[12],"tags":[8612,95,8613,10,3341,8614],"naslovna":[],"class_list":["post-952989","post","type-post","status-publish","format-standard","has-post-thumbnail","hentry","category-politika","tag-clanstvo","tag-crna-gora","tag-deklaracija-sa-preporukama","tag-eu","tag-usvajanje","tag-zajednicko-djelovanje"],"acf":[],"yoast_head":"<!-- This site is optimized with the Yoast SEO plugin v27.4 - https:\/\/yoast.com\/product\/yoast-seo-wordpress\/ -->\n<title>Sa 24. POSP-a poru\u010deno: Crna Gora ostvarila zna\u010dajan napredak u prethodnom periodu, izvjesno postaje 28. \u010dlanica EU - dmcsrb.com<\/title>\n<meta name=\"robots\" content=\"index, follow, max-snippet:-1, max-image-preview:large, max-video-preview:-1\" \/>\n<link rel=\"canonical\" href=\"https:\/\/dmcsrb.com\/en\/politika\/sa-24-posp-a-poruceno-crna-gora-ostvarila-znacajan-napredak-u-prethodnom-periodu-izvjesno-postaje-28-clanica-eu\/\" \/>\n<meta property=\"og:locale\" content=\"en_GB\" \/>\n<meta property=\"og:type\" content=\"article\" \/>\n<meta property=\"og:title\" content=\"Sa 24. POSP-a poru\u010deno: Crna Gora ostvarila zna\u010dajan napredak u prethodnom periodu, izvjesno postaje 28. \u010dlanica EU - dmcsrb.com\" \/>\n<meta property=\"og:description\" content=\"Usvajanjem zajedni\u010dke Deklaracije sa preporukama, danas u Podgorici, zavr\u0161en je 24. sastanak Parlamentarnog odbora Evropske unije i Crne Gore za stabilizaciju i pridru\u017eivanje, kojim su predsjedavali Dejan \u0110urovi\u0107, u ime delegacije Skup\u0161tine Crne Gore i Tomas Vajc (Tomas Waitz), u ime delegacije Evropskog parlamenta.\" \/>\n<meta property=\"og:url\" content=\"https:\/\/dmcsrb.com\/en\/politika\/sa-24-posp-a-poruceno-crna-gora-ostvarila-znacajan-napredak-u-prethodnom-periodu-izvjesno-postaje-28-clanica-eu\/\" \/>\n<meta property=\"og:site_name\" content=\"dmcsrb.com\" \/>\n<meta property=\"article:published_time\" content=\"2025-09-19T11:10:00+00:00\" \/>\n<meta property=\"og:image\" content=\"https:\/\/dmcsrb.com\/wp-content\/uploads\/2026\/01\/vaskk_575x900-1.webp\" \/>\n\t<meta property=\"og:image:width\" content=\"900\" \/>\n\t<meta property=\"og:image:height\" content=\"575\" \/>\n\t<meta property=\"og:image:type\" content=\"image\/jpeg\" \/>\n<meta name=\"author\" content=\"dmcsrbija.com@gmail.com\" \/>\n<meta name=\"twitter:card\" content=\"summary_large_image\" \/>\n<meta name=\"twitter:label1\" content=\"Written by\" \/>\n\t<meta name=\"twitter:data1\" content=\"dmcsrbija.com@gmail.com\" \/>\n\t<meta name=\"twitter:label2\" content=\"Estimated reading time\" \/>\n\t<meta name=\"twitter:data2\" content=\"2 minutes\" \/>\n<script type=\"application\/ld+json\" class=\"yoast-schema-graph\">{\"@context\":\"https:\\\/\\\/schema.org\",\"@graph\":[{\"@type\":\"Article\",\"@id\":\"https:\\\/\\\/dmcsrb.com\\\/politika\\\/sa-24-posp-a-poruceno-crna-gora-ostvarila-znacajan-napredak-u-prethodnom-periodu-izvjesno-postaje-28-clanica-eu\\\/#article\",\"isPartOf\":{\"@id\":\"https:\\\/\\\/dmcsrb.com\\\/politika\\\/sa-24-posp-a-poruceno-crna-gora-ostvarila-znacajan-napredak-u-prethodnom-periodu-izvjesno-postaje-28-clanica-eu\\\/\"},\"author\":{\"name\":\"dmcsrbija.com@gmail.com\",\"@id\":\"https:\\\/\\\/dmcsrb.com\\\/#\\\/schema\\\/person\\\/5c39170f12db1b8b457732d0b5c854e2\"},\"headline\":\"Sa 24. POSP-a poru\u010deno: Crna Gora ostvarila zna\u010dajan napredak u prethodnom periodu, izvjesno postaje 28. \u010dlanica EU\",\"datePublished\":\"2025-09-19T11:10:00+00:00\",\"mainEntityOfPage\":{\"@id\":\"https:\\\/\\\/dmcsrb.com\\\/politika\\\/sa-24-posp-a-poruceno-crna-gora-ostvarila-znacajan-napredak-u-prethodnom-periodu-izvjesno-postaje-28-clanica-eu\\\/\"},\"wordCount\":510,\"commentCount\":0,\"image\":{\"@id\":\"https:\\\/\\\/dmcsrb.com\\\/politika\\\/sa-24-posp-a-poruceno-crna-gora-ostvarila-znacajan-napredak-u-prethodnom-periodu-izvjesno-postaje-28-clanica-eu\\\/#primaryimage\"},\"thumbnailUrl\":\"https:\\\/\\\/dmcsrb.com\\\/wp-content\\\/uploads\\\/2026\\\/01\\\/vaskk_575x900-1.webp\",\"keywords\":[\"\u010dlanstvo\",\"Crna Gora\",\"Deklaracija sa preporukama\",\"EU\",\"usvajanje\",\"zajedni\u010dko djelovanje\"],\"articleSection\":[\"Politika\"],\"inLanguage\":\"en-GB\",\"potentialAction\":[{\"@type\":\"CommentAction\",\"name\":\"Comment\",\"target\":[\"https:\\\/\\\/dmcsrb.com\\\/politika\\\/sa-24-posp-a-poruceno-crna-gora-ostvarila-znacajan-napredak-u-prethodnom-periodu-izvjesno-postaje-28-clanica-eu\\\/#respond\"]}]},{\"@type\":\"WebPage\",\"@id\":\"https:\\\/\\\/dmcsrb.com\\\/politika\\\/sa-24-posp-a-poruceno-crna-gora-ostvarila-znacajan-napredak-u-prethodnom-periodu-izvjesno-postaje-28-clanica-eu\\\/\",\"url\":\"https:\\\/\\\/dmcsrb.com\\\/politika\\\/sa-24-posp-a-poruceno-crna-gora-ostvarila-znacajan-napredak-u-prethodnom-periodu-izvjesno-postaje-28-clanica-eu\\\/\",\"name\":\"Sa 24. POSP-a poru\u010deno: Crna Gora ostvarila zna\u010dajan napredak u prethodnom periodu, izvjesno postaje 28. \u010dlanica EU - dmcsrb.com\",\"isPartOf\":{\"@id\":\"https:\\\/\\\/dmcsrb.com\\\/#website\"},\"primaryImageOfPage\":{\"@id\":\"https:\\\/\\\/dmcsrb.com\\\/politika\\\/sa-24-posp-a-poruceno-crna-gora-ostvarila-znacajan-napredak-u-prethodnom-periodu-izvjesno-postaje-28-clanica-eu\\\/#primaryimage\"},\"image\":{\"@id\":\"https:\\\/\\\/dmcsrb.com\\\/politika\\\/sa-24-posp-a-poruceno-crna-gora-ostvarila-znacajan-napredak-u-prethodnom-periodu-izvjesno-postaje-28-clanica-eu\\\/#primaryimage\"},\"thumbnailUrl\":\"https:\\\/\\\/dmcsrb.com\\\/wp-content\\\/uploads\\\/2026\\\/01\\\/vaskk_575x900-1.webp\",\"datePublished\":\"2025-09-19T11:10:00+00:00\",\"author\":{\"@id\":\"https:\\\/\\\/dmcsrb.com\\\/#\\\/schema\\\/person\\\/5c39170f12db1b8b457732d0b5c854e2\"},\"breadcrumb\":{\"@id\":\"https:\\\/\\\/dmcsrb.com\\\/politika\\\/sa-24-posp-a-poruceno-crna-gora-ostvarila-znacajan-napredak-u-prethodnom-periodu-izvjesno-postaje-28-clanica-eu\\\/#breadcrumb\"},\"inLanguage\":\"en-GB\",\"potentialAction\":[{\"@type\":\"ReadAction\",\"target\":[\"https:\\\/\\\/dmcsrb.com\\\/politika\\\/sa-24-posp-a-poruceno-crna-gora-ostvarila-znacajan-napredak-u-prethodnom-periodu-izvjesno-postaje-28-clanica-eu\\\/\"]}]},{\"@type\":\"ImageObject\",\"inLanguage\":\"en-GB\",\"@id\":\"https:\\\/\\\/dmcsrb.com\\\/politika\\\/sa-24-posp-a-poruceno-crna-gora-ostvarila-znacajan-napredak-u-prethodnom-periodu-izvjesno-postaje-28-clanica-eu\\\/#primaryimage\",\"url\":\"https:\\\/\\\/dmcsrb.com\\\/wp-content\\\/uploads\\\/2026\\\/01\\\/vaskk_575x900-1.webp\",\"contentUrl\":\"https:\\\/\\\/dmcsrb.com\\\/wp-content\\\/uploads\\\/2026\\\/01\\\/vaskk_575x900-1.webp\",\"width\":900,\"height\":575},{\"@type\":\"BreadcrumbList\",\"@id\":\"https:\\\/\\\/dmcsrb.com\\\/politika\\\/sa-24-posp-a-poruceno-crna-gora-ostvarila-znacajan-napredak-u-prethodnom-periodu-izvjesno-postaje-28-clanica-eu\\\/#breadcrumb\",\"itemListElement\":[{\"@type\":\"ListItem\",\"position\":1,\"name\":\"Home\",\"item\":\"https:\\\/\\\/dmcsrb.com\\\/\"},{\"@type\":\"ListItem\",\"position\":2,\"name\":\"Sa 24. POSP-a poru\u010deno: Crna Gora ostvarila zna\u010dajan napredak u prethodnom periodu, izvjesno postaje 28. \u010dlanica EU\"}]},{\"@type\":\"WebSite\",\"@id\":\"https:\\\/\\\/dmcsrb.com\\\/#website\",\"url\":\"https:\\\/\\\/dmcsrb.com\\\/\",\"name\":\"dmcsrb.com\",\"description\":\"\",\"potentialAction\":[{\"@type\":\"SearchAction\",\"target\":{\"@type\":\"EntryPoint\",\"urlTemplate\":\"https:\\\/\\\/dmcsrb.com\\\/?s={search_term_string}\"},\"query-input\":{\"@type\":\"PropertyValueSpecification\",\"valueRequired\":true,\"valueName\":\"search_term_string\"}}],\"inLanguage\":\"en-GB\"},{\"@type\":\"Person\",\"@id\":\"https:\\\/\\\/dmcsrb.com\\\/#\\\/schema\\\/person\\\/5c39170f12db1b8b457732d0b5c854e2\",\"name\":\"dmcsrbija.com@gmail.com\",\"image\":{\"@type\":\"ImageObject\",\"inLanguage\":\"en-GB\",\"@id\":\"https:\\\/\\\/secure.gravatar.com\\\/avatar\\\/68592660ad6347fad0fb587f8d5d8f1a7b44961362f56e4f2cd524feb87e9069?s=96&d=mm&r=g\",\"url\":\"https:\\\/\\\/secure.gravatar.com\\\/avatar\\\/68592660ad6347fad0fb587f8d5d8f1a7b44961362f56e4f2cd524feb87e9069?s=96&d=mm&r=g\",\"contentUrl\":\"https:\\\/\\\/secure.gravatar.com\\\/avatar\\\/68592660ad6347fad0fb587f8d5d8f1a7b44961362f56e4f2cd524feb87e9069?s=96&d=mm&r=g\",\"caption\":\"dmcsrbija.com@gmail.com\"},\"sameAs\":[\"https:\\\/\\\/dmcsrb.com\"],\"url\":\"https:\\\/\\\/dmcsrb.com\\\/en\\\/author\\\/dmcsrbija-comgmail-com\\\/\"}]}<\/script>\n<!-- \/ Yoast SEO plugin. -->","yoast_head_json":{"title":"Sa 24. POSP-a poru\u010deno: Crna Gora ostvarila zna\u010dajan napredak u prethodnom periodu, izvjesno postaje 28. \u010dlanica EU - dmcsrb.com","robots":{"index":"index","follow":"follow","max-snippet":"max-snippet:-1","max-image-preview":"max-image-preview:large","max-video-preview":"max-video-preview:-1"},"canonical":"https:\/\/dmcsrb.com\/en\/politika\/sa-24-posp-a-poruceno-crna-gora-ostvarila-znacajan-napredak-u-prethodnom-periodu-izvjesno-postaje-28-clanica-eu\/","og_locale":"en_GB","og_type":"article","og_title":"Sa 24. POSP-a poru\u010deno: Crna Gora ostvarila zna\u010dajan napredak u prethodnom periodu, izvjesno postaje 28. \u010dlanica EU - dmcsrb.com","og_description":"Usvajanjem zajedni\u010dke Deklaracije sa preporukama, danas u Podgorici, zavr\u0161en je 24. sastanak Parlamentarnog odbora Evropske unije i Crne Gore za stabilizaciju i pridru\u017eivanje, kojim su predsjedavali Dejan \u0110urovi\u0107, u ime delegacije Skup\u0161tine Crne Gore i Tomas Vajc (Tomas Waitz), u ime delegacije Evropskog parlamenta.","og_url":"https:\/\/dmcsrb.com\/en\/politika\/sa-24-posp-a-poruceno-crna-gora-ostvarila-znacajan-napredak-u-prethodnom-periodu-izvjesno-postaje-28-clanica-eu\/","og_site_name":"dmcsrb.com","article_published_time":"2025-09-19T11:10:00+00:00","og_image":[{"width":900,"height":575,"url":"https:\/\/dmcsrb.com\/wp-content\/uploads\/2026\/01\/vaskk_575x900-1.webp","type":"image\/jpeg"}],"author":"dmcsrbija.com@gmail.com","twitter_card":"summary_large_image","twitter_misc":{"Written by":"dmcsrbija.com@gmail.com","Estimated reading time":"2 minutes"},"schema":{"@context":"https:\/\/schema.org","@graph":[{"@type":"Article","@id":"https:\/\/dmcsrb.com\/politika\/sa-24-posp-a-poruceno-crna-gora-ostvarila-znacajan-napredak-u-prethodnom-periodu-izvjesno-postaje-28-clanica-eu\/#article","isPartOf":{"@id":"https:\/\/dmcsrb.com\/politika\/sa-24-posp-a-poruceno-crna-gora-ostvarila-znacajan-napredak-u-prethodnom-periodu-izvjesno-postaje-28-clanica-eu\/"},"author":{"name":"dmcsrbija.com@gmail.com","@id":"https:\/\/dmcsrb.com\/#\/schema\/person\/5c39170f12db1b8b457732d0b5c854e2"},"headline":"Sa 24. POSP-a poru\u010deno: Crna Gora ostvarila zna\u010dajan napredak u prethodnom periodu, izvjesno postaje 28. \u010dlanica EU","datePublished":"2025-09-19T11:10:00+00:00","mainEntityOfPage":{"@id":"https:\/\/dmcsrb.com\/politika\/sa-24-posp-a-poruceno-crna-gora-ostvarila-znacajan-napredak-u-prethodnom-periodu-izvjesno-postaje-28-clanica-eu\/"},"wordCount":510,"commentCount":0,"image":{"@id":"https:\/\/dmcsrb.com\/politika\/sa-24-posp-a-poruceno-crna-gora-ostvarila-znacajan-napredak-u-prethodnom-periodu-izvjesno-postaje-28-clanica-eu\/#primaryimage"},"thumbnailUrl":"https:\/\/dmcsrb.com\/wp-content\/uploads\/2026\/01\/vaskk_575x900-1.webp","keywords":["\u010dlanstvo","Crna Gora","Deklaracija sa preporukama","EU","usvajanje","zajedni\u010dko djelovanje"],"articleSection":["Politika"],"inLanguage":"en-GB","potentialAction":[{"@type":"CommentAction","name":"Comment","target":["https:\/\/dmcsrb.com\/politika\/sa-24-posp-a-poruceno-crna-gora-ostvarila-znacajan-napredak-u-prethodnom-periodu-izvjesno-postaje-28-clanica-eu\/#respond"]}]},{"@type":"WebPage","@id":"https:\/\/dmcsrb.com\/politika\/sa-24-posp-a-poruceno-crna-gora-ostvarila-znacajan-napredak-u-prethodnom-periodu-izvjesno-postaje-28-clanica-eu\/","url":"https:\/\/dmcsrb.com\/politika\/sa-24-posp-a-poruceno-crna-gora-ostvarila-znacajan-napredak-u-prethodnom-periodu-izvjesno-postaje-28-clanica-eu\/","name":"Sa 24. POSP-a poru\u010deno: Crna Gora ostvarila zna\u010dajan napredak u prethodnom periodu, izvjesno postaje 28. \u010dlanica EU - dmcsrb.com","isPartOf":{"@id":"https:\/\/dmcsrb.com\/#website"},"primaryImageOfPage":{"@id":"https:\/\/dmcsrb.com\/politika\/sa-24-posp-a-poruceno-crna-gora-ostvarila-znacajan-napredak-u-prethodnom-periodu-izvjesno-postaje-28-clanica-eu\/#primaryimage"},"image":{"@id":"https:\/\/dmcsrb.com\/politika\/sa-24-posp-a-poruceno-crna-gora-ostvarila-znacajan-napredak-u-prethodnom-periodu-izvjesno-postaje-28-clanica-eu\/#primaryimage"},"thumbnailUrl":"https:\/\/dmcsrb.com\/wp-content\/uploads\/2026\/01\/vaskk_575x900-1.webp","datePublished":"2025-09-19T11:10:00+00:00","author":{"@id":"https:\/\/dmcsrb.com\/#\/schema\/person\/5c39170f12db1b8b457732d0b5c854e2"},"breadcrumb":{"@id":"https:\/\/dmcsrb.com\/politika\/sa-24-posp-a-poruceno-crna-gora-ostvarila-znacajan-napredak-u-prethodnom-periodu-izvjesno-postaje-28-clanica-eu\/#breadcrumb"},"inLanguage":"en-GB","potentialAction":[{"@type":"ReadAction","target":["https:\/\/dmcsrb.com\/politika\/sa-24-posp-a-poruceno-crna-gora-ostvarila-znacajan-napredak-u-prethodnom-periodu-izvjesno-postaje-28-clanica-eu\/"]}]},{"@type":"ImageObject","inLanguage":"en-GB","@id":"https:\/\/dmcsrb.com\/politika\/sa-24-posp-a-poruceno-crna-gora-ostvarila-znacajan-napredak-u-prethodnom-periodu-izvjesno-postaje-28-clanica-eu\/#primaryimage","url":"https:\/\/dmcsrb.com\/wp-content\/uploads\/2026\/01\/vaskk_575x900-1.webp","contentUrl":"https:\/\/dmcsrb.com\/wp-content\/uploads\/2026\/01\/vaskk_575x900-1.webp","width":900,"height":575},{"@type":"BreadcrumbList","@id":"https:\/\/dmcsrb.com\/politika\/sa-24-posp-a-poruceno-crna-gora-ostvarila-znacajan-napredak-u-prethodnom-periodu-izvjesno-postaje-28-clanica-eu\/#breadcrumb","itemListElement":[{"@type":"ListItem","position":1,"name":"Home","item":"https:\/\/dmcsrb.com\/"},{"@type":"ListItem","position":2,"name":"Sa 24. POSP-a poru\u010deno: Crna Gora ostvarila zna\u010dajan napredak u prethodnom periodu, izvjesno postaje 28. \u010dlanica EU"}]},{"@type":"WebSite","@id":"https:\/\/dmcsrb.com\/#website","url":"https:\/\/dmcsrb.com\/","name":"dmcsrb.com","description":"","potentialAction":[{"@type":"SearchAction","target":{"@type":"EntryPoint","urlTemplate":"https:\/\/dmcsrb.com\/?s={search_term_string}"},"query-input":{"@type":"PropertyValueSpecification","valueRequired":true,"valueName":"search_term_string"}}],"inLanguage":"en-GB"},{"@type":"Person","@id":"https:\/\/dmcsrb.com\/#\/schema\/person\/5c39170f12db1b8b457732d0b5c854e2","name":"dmcsrbija.com@gmail.com","image":{"@type":"ImageObject","inLanguage":"en-GB","@id":"https:\/\/secure.gravatar.com\/avatar\/68592660ad6347fad0fb587f8d5d8f1a7b44961362f56e4f2cd524feb87e9069?s=96&d=mm&r=g","url":"https:\/\/secure.gravatar.com\/avatar\/68592660ad6347fad0fb587f8d5d8f1a7b44961362f56e4f2cd524feb87e9069?s=96&d=mm&r=g","contentUrl":"https:\/\/secure.gravatar.com\/avatar\/68592660ad6347fad0fb587f8d5d8f1a7b44961362f56e4f2cd524feb87e9069?s=96&d=mm&r=g","caption":"dmcsrbija.com@gmail.com"},"sameAs":["https:\/\/dmcsrb.com"],"url":"https:\/\/dmcsrb.com\/en\/author\/dmcsrbija-comgmail-com\/"}]}},"_links":{"self":[{"href":"https:\/\/dmcsrb.com\/en\/wp-json\/wp\/v2\/posts\/952989","targetHints":{"allow":["GET"]}}],"collection":[{"href":"https:\/\/dmcsrb.com\/en\/wp-json\/wp\/v2\/posts"}],"about":[{"href":"https:\/\/dmcsrb.com\/en\/wp-json\/wp\/v2\/types\/post"}],"author":[{"embeddable":true,"href":"https:\/\/dmcsrb.com\/en\/wp-json\/wp\/v2\/users\/1"}],"replies":[{"embeddable":true,"href":"https:\/\/dmcsrb.com\/en\/wp-json\/wp\/v2\/comments?post=952989"}],"version-history":[{"count":0,"href":"https:\/\/dmcsrb.com\/en\/wp-json\/wp\/v2\/posts\/952989\/revisions"}],"wp:featuredmedia":[{"embeddable":true,"href":"https:\/\/dmcsrb.com\/en\/wp-json\/wp\/v2\/media\/952990"}],"wp:attachment":[{"href":"https:\/\/dmcsrb.com\/en\/wp-json\/wp\/v2\/media?parent=952989"}],"wp:term":[{"taxonomy":"category","embeddable":true,"href":"https:\/\/dmcsrb.com\/en\/wp-json\/wp\/v2\/categories?post=952989"},{"taxonomy":"post_tag","embeddable":true,"href":"https:\/\/dmcsrb.com\/en\/wp-json\/wp\/v2\/tags?post=952989"},{"taxonomy":"naslovna","embeddable":true,"href":"https:\/\/dmcsrb.com\/en\/wp-json\/wp\/v2\/naslovna?post=952989"}],"curies":[{"name":"wp","href":"https:\/\/api.w.org\/{rel}","templated":true}]}}