{"id":952964,"date":"2025-09-19T20:49:00","date_gmt":"2025-09-19T18:49:00","guid":{"rendered":"https:\/\/dmcsrb.com\/uncategorized\/samostalna-izlozba-cetinjski-parkovi-moje-intelektualne-vjezbanke\/"},"modified":"2025-09-19T20:49:00","modified_gmt":"2025-09-19T18:49:00","slug":"samostalna-izlozba-cetinjski-parkovi-moje-intelektualne-vjezbanke","status":"publish","type":"post","link":"https:\/\/dmcsrb.com\/en\/kultura\/samostalna-izlozba-cetinjski-parkovi-moje-intelektualne-vjezbanke\/","title":{"rendered":"Samostalna izlo\u017eba &#8220;Cetinjski parkovi \u2013 moje intelektualne vje\u017ebanke&#8221;"},"content":{"rendered":"<p>Izlo\u017eba je, prema rije\u010dima organizatora, inspirisana autorkinim djetinjstvom provedenim u dva cetinjska parka, smje\u0161tena u blizini zgrade nekada\u0161njeg engleskog poslanstva. <\/p>\n\n\n\n<p>-U tim prostorima prirode i ti\u0161ine razvila se prva, tiha veza sa umjetno\u0161\u0107u. Parkovi su za autorku postali \u017eivi svjedoci odrastanja, unutra\u0161njih dijaloga i procesa sazrijevanja. Svaki \u0161um li\u0161\u0107a i svaki zrak svjetlosti pretvarali su se u replike malog \u017eivotnog teatra&#8221;, pi\u0161e u pozivu za otvaranje izlo\u017ebe, navode\u0107i da postavku \u010dine grafi\u010dki radovi ra\u0111eni tradicionalnim tehnikama \u2013 suva igla, akvatinta, bakropis i linogravura \u2013 kao i crte\u017ei kombinovanim tehnikama. <\/p>\n\n\n\n<p>Likovni jezik koristi se kao sredstvo za bilje\u017eenje sje\u0107anja, emocija i povezanosti s prirodom.<\/p>\n\n\n\n<p>Autorka izlo\u017ebe, Ana Lompar, ro\u0111ena je na Cetinju gdje je diplomirala i magistrirala na Fakultetu likovnih umjetnosti, odsjek grafika. Usavr\u0161avala se u Francuskoj i SAD-u i dobitnica je vi\u0161e me\u0111unarodnih stipendija.<\/p>\n\n\n\n<p>Izlo\u017ebu \u0107e u ponedjeljak, 22.septembra u 19 \u010dasova otvoriti magistar istorije i teorije umjetnosti Mladen Zadrima.<\/p>","protected":false},"excerpt":{"rendered":"<p>Autorka izlo\u017ebe, Ana Lompar \u0107e, navode organizatori, kroz prostor prirode i ti\u0161ine slikama pokazati njihovu vezu sa umjetno\u0161\u0107u.<\/p>","protected":false},"author":1,"featured_media":952965,"comment_status":"open","ping_status":"open","sticky":false,"template":"","format":"standard","meta":{"_acf_changed":false,"footnotes":""},"categories":[50],"tags":[8601,8602,5249],"naslovna":[],"class_list":["post-952964","post","type-post","status-publish","format-standard","has-post-thumbnail","hentry","category-kultura","tag-ana-lompar","tag-centar-za-kulturu-prijestonice-cetinje","tag-prijestonica-cetinje"],"acf":[],"yoast_head":"<!-- This site is optimized with the Yoast SEO plugin v27.0 - https:\/\/yoast.com\/product\/yoast-seo-wordpress\/ -->\n<title>Samostalna izlo\u017eba &quot;Cetinjski parkovi \u2013 moje intelektualne vje\u017ebanke&quot; - dmcsrb.com<\/title>\n<meta name=\"robots\" content=\"index, follow, max-snippet:-1, max-image-preview:large, max-video-preview:-1\" \/>\n<link rel=\"canonical\" href=\"https:\/\/dmcsrb.com\/en\/kultura\/samostalna-izlozba-cetinjski-parkovi-moje-intelektualne-vjezbanke\/\" \/>\n<meta property=\"og:locale\" content=\"en_GB\" \/>\n<meta property=\"og:type\" content=\"article\" \/>\n<meta property=\"og:title\" content=\"Samostalna izlo\u017eba &quot;Cetinjski parkovi \u2013 moje intelektualne vje\u017ebanke&quot; - dmcsrb.com\" \/>\n<meta property=\"og:description\" content=\"Autorka izlo\u017ebe, Ana Lompar \u0107e, navode organizatori, kroz prostor prirode i ti\u0161ine slikama pokazati njihovu vezu sa umjetno\u0161\u0107u.\" \/>\n<meta property=\"og:url\" content=\"https:\/\/dmcsrb.com\/en\/kultura\/samostalna-izlozba-cetinjski-parkovi-moje-intelektualne-vjezbanke\/\" \/>\n<meta property=\"og:site_name\" content=\"dmcsrb.com\" \/>\n<meta property=\"article:published_time\" content=\"2025-09-19T18:49:00+00:00\" \/>\n<meta property=\"og:image\" content=\"https:\/\/dmcsrb.com\/wp-content\/uploads\/2026\/01\/Cetinjski-parkovi.webp\" \/>\n\t<meta property=\"og:image:width\" content=\"1080\" \/>\n\t<meta property=\"og:image:height\" content=\"1080\" \/>\n\t<meta property=\"og:image:type\" content=\"image\/png\" \/>\n<meta name=\"author\" content=\"dmcsrbija.com@gmail.com\" \/>\n<meta name=\"twitter:card\" content=\"summary_large_image\" \/>\n<meta name=\"twitter:label1\" content=\"Written by\" \/>\n\t<meta name=\"twitter:data1\" content=\"dmcsrbija.com@gmail.com\" \/>\n\t<meta name=\"twitter:label2\" content=\"Estimated reading time\" \/>\n\t<meta name=\"twitter:data2\" content=\"1 minute\" \/>\n<script type=\"application\/ld+json\" class=\"yoast-schema-graph\">{\"@context\":\"https:\/\/schema.org\",\"@graph\":[{\"@type\":\"Article\",\"@id\":\"https:\/\/dmcsrb.com\/kultura\/samostalna-izlozba-cetinjski-parkovi-moje-intelektualne-vjezbanke\/#article\",\"isPartOf\":{\"@id\":\"https:\/\/dmcsrb.com\/kultura\/samostalna-izlozba-cetinjski-parkovi-moje-intelektualne-vjezbanke\/\"},\"author\":{\"name\":\"dmcsrbija.com@gmail.com\",\"@id\":\"https:\/\/dmcsrb.com\/#\/schema\/person\/5c39170f12db1b8b457732d0b5c854e2\"},\"headline\":\"Samostalna izlo\u017eba &#8220;Cetinjski parkovi \u2013 moje intelektualne vje\u017ebanke&#8221;\",\"datePublished\":\"2025-09-19T18:49:00+00:00\",\"mainEntityOfPage\":{\"@id\":\"https:\/\/dmcsrb.com\/kultura\/samostalna-izlozba-cetinjski-parkovi-moje-intelektualne-vjezbanke\/\"},\"wordCount\":178,\"commentCount\":0,\"image\":{\"@id\":\"https:\/\/dmcsrb.com\/kultura\/samostalna-izlozba-cetinjski-parkovi-moje-intelektualne-vjezbanke\/#primaryimage\"},\"thumbnailUrl\":\"https:\/\/dmcsrb.com\/wp-content\/uploads\/2026\/01\/Cetinjski-parkovi.webp\",\"keywords\":[\"Ana Lompar\",\"Centar za kulturu Prijestonice Cetinje\",\"Prijestonica Cetinje\"],\"articleSection\":[\"Kultura\"],\"inLanguage\":\"en-GB\",\"potentialAction\":[{\"@type\":\"CommentAction\",\"name\":\"Comment\",\"target\":[\"https:\/\/dmcsrb.com\/kultura\/samostalna-izlozba-cetinjski-parkovi-moje-intelektualne-vjezbanke\/#respond\"]}]},{\"@type\":\"WebPage\",\"@id\":\"https:\/\/dmcsrb.com\/kultura\/samostalna-izlozba-cetinjski-parkovi-moje-intelektualne-vjezbanke\/\",\"url\":\"https:\/\/dmcsrb.com\/kultura\/samostalna-izlozba-cetinjski-parkovi-moje-intelektualne-vjezbanke\/\",\"name\":\"Samostalna izlo\u017eba \\\"Cetinjski parkovi \u2013 moje intelektualne vje\u017ebanke\\\" - dmcsrb.com\",\"isPartOf\":{\"@id\":\"https:\/\/dmcsrb.com\/#website\"},\"primaryImageOfPage\":{\"@id\":\"https:\/\/dmcsrb.com\/kultura\/samostalna-izlozba-cetinjski-parkovi-moje-intelektualne-vjezbanke\/#primaryimage\"},\"image\":{\"@id\":\"https:\/\/dmcsrb.com\/kultura\/samostalna-izlozba-cetinjski-parkovi-moje-intelektualne-vjezbanke\/#primaryimage\"},\"thumbnailUrl\":\"https:\/\/dmcsrb.com\/wp-content\/uploads\/2026\/01\/Cetinjski-parkovi.webp\",\"datePublished\":\"2025-09-19T18:49:00+00:00\",\"author\":{\"@id\":\"https:\/\/dmcsrb.com\/#\/schema\/person\/5c39170f12db1b8b457732d0b5c854e2\"},\"breadcrumb\":{\"@id\":\"https:\/\/dmcsrb.com\/kultura\/samostalna-izlozba-cetinjski-parkovi-moje-intelektualne-vjezbanke\/#breadcrumb\"},\"inLanguage\":\"en-GB\",\"potentialAction\":[{\"@type\":\"ReadAction\",\"target\":[\"https:\/\/dmcsrb.com\/kultura\/samostalna-izlozba-cetinjski-parkovi-moje-intelektualne-vjezbanke\/\"]}]},{\"@type\":\"ImageObject\",\"inLanguage\":\"en-GB\",\"@id\":\"https:\/\/dmcsrb.com\/kultura\/samostalna-izlozba-cetinjski-parkovi-moje-intelektualne-vjezbanke\/#primaryimage\",\"url\":\"https:\/\/dmcsrb.com\/wp-content\/uploads\/2026\/01\/Cetinjski-parkovi.webp\",\"contentUrl\":\"https:\/\/dmcsrb.com\/wp-content\/uploads\/2026\/01\/Cetinjski-parkovi.webp\",\"width\":1080,\"height\":1080},{\"@type\":\"BreadcrumbList\",\"@id\":\"https:\/\/dmcsrb.com\/kultura\/samostalna-izlozba-cetinjski-parkovi-moje-intelektualne-vjezbanke\/#breadcrumb\",\"itemListElement\":[{\"@type\":\"ListItem\",\"position\":1,\"name\":\"Home\",\"item\":\"https:\/\/dmcsrb.com\/\"},{\"@type\":\"ListItem\",\"position\":2,\"name\":\"Samostalna izlo\u017eba &#8220;Cetinjski parkovi \u2013 moje intelektualne vje\u017ebanke&#8221;\"}]},{\"@type\":\"WebSite\",\"@id\":\"https:\/\/dmcsrb.com\/#website\",\"url\":\"https:\/\/dmcsrb.com\/\",\"name\":\"dmcsrb.com\",\"description\":\"\",\"potentialAction\":[{\"@type\":\"SearchAction\",\"target\":{\"@type\":\"EntryPoint\",\"urlTemplate\":\"https:\/\/dmcsrb.com\/?s={search_term_string}\"},\"query-input\":{\"@type\":\"PropertyValueSpecification\",\"valueRequired\":true,\"valueName\":\"search_term_string\"}}],\"inLanguage\":\"en-GB\"},{\"@type\":\"Person\",\"@id\":\"https:\/\/dmcsrb.com\/#\/schema\/person\/5c39170f12db1b8b457732d0b5c854e2\",\"name\":\"dmcsrbija.com@gmail.com\",\"image\":{\"@type\":\"ImageObject\",\"inLanguage\":\"en-GB\",\"@id\":\"https:\/\/dmcsrb.com\/#\/schema\/person\/image\/\",\"url\":\"https:\/\/secure.gravatar.com\/avatar\/68592660ad6347fad0fb587f8d5d8f1a7b44961362f56e4f2cd524feb87e9069?s=96&d=mm&r=g\",\"contentUrl\":\"https:\/\/secure.gravatar.com\/avatar\/68592660ad6347fad0fb587f8d5d8f1a7b44961362f56e4f2cd524feb87e9069?s=96&d=mm&r=g\",\"caption\":\"dmcsrbija.com@gmail.com\"},\"sameAs\":[\"https:\/\/dmcsrb.com\"],\"url\":\"https:\/\/dmcsrb.com\/en\/author\/dmcsrbija-comgmail-com\/\"}]}<\/script>\n<!-- \/ Yoast SEO plugin. -->","yoast_head_json":{"title":"Samostalna izlo\u017eba \"Cetinjski parkovi \u2013 moje intelektualne vje\u017ebanke\" - dmcsrb.com","robots":{"index":"index","follow":"follow","max-snippet":"max-snippet:-1","max-image-preview":"max-image-preview:large","max-video-preview":"max-video-preview:-1"},"canonical":"https:\/\/dmcsrb.com\/en\/kultura\/samostalna-izlozba-cetinjski-parkovi-moje-intelektualne-vjezbanke\/","og_locale":"en_GB","og_type":"article","og_title":"Samostalna izlo\u017eba \"Cetinjski parkovi \u2013 moje intelektualne vje\u017ebanke\" - dmcsrb.com","og_description":"Autorka izlo\u017ebe, Ana Lompar \u0107e, navode organizatori, kroz prostor prirode i ti\u0161ine slikama pokazati njihovu vezu sa umjetno\u0161\u0107u.","og_url":"https:\/\/dmcsrb.com\/en\/kultura\/samostalna-izlozba-cetinjski-parkovi-moje-intelektualne-vjezbanke\/","og_site_name":"dmcsrb.com","article_published_time":"2025-09-19T18:49:00+00:00","og_image":[{"width":1080,"height":1080,"url":"https:\/\/dmcsrb.com\/wp-content\/uploads\/2026\/01\/Cetinjski-parkovi.webp","type":"image\/png"}],"author":"dmcsrbija.com@gmail.com","twitter_card":"summary_large_image","twitter_misc":{"Written by":"dmcsrbija.com@gmail.com","Estimated reading time":"1 minute"},"schema":{"@context":"https:\/\/schema.org","@graph":[{"@type":"Article","@id":"https:\/\/dmcsrb.com\/kultura\/samostalna-izlozba-cetinjski-parkovi-moje-intelektualne-vjezbanke\/#article","isPartOf":{"@id":"https:\/\/dmcsrb.com\/kultura\/samostalna-izlozba-cetinjski-parkovi-moje-intelektualne-vjezbanke\/"},"author":{"name":"dmcsrbija.com@gmail.com","@id":"https:\/\/dmcsrb.com\/#\/schema\/person\/5c39170f12db1b8b457732d0b5c854e2"},"headline":"Samostalna izlo\u017eba &#8220;Cetinjski parkovi \u2013 moje intelektualne vje\u017ebanke&#8221;","datePublished":"2025-09-19T18:49:00+00:00","mainEntityOfPage":{"@id":"https:\/\/dmcsrb.com\/kultura\/samostalna-izlozba-cetinjski-parkovi-moje-intelektualne-vjezbanke\/"},"wordCount":178,"commentCount":0,"image":{"@id":"https:\/\/dmcsrb.com\/kultura\/samostalna-izlozba-cetinjski-parkovi-moje-intelektualne-vjezbanke\/#primaryimage"},"thumbnailUrl":"https:\/\/dmcsrb.com\/wp-content\/uploads\/2026\/01\/Cetinjski-parkovi.webp","keywords":["Ana Lompar","Centar za kulturu Prijestonice Cetinje","Prijestonica Cetinje"],"articleSection":["Kultura"],"inLanguage":"en-GB","potentialAction":[{"@type":"CommentAction","name":"Comment","target":["https:\/\/dmcsrb.com\/kultura\/samostalna-izlozba-cetinjski-parkovi-moje-intelektualne-vjezbanke\/#respond"]}]},{"@type":"WebPage","@id":"https:\/\/dmcsrb.com\/kultura\/samostalna-izlozba-cetinjski-parkovi-moje-intelektualne-vjezbanke\/","url":"https:\/\/dmcsrb.com\/kultura\/samostalna-izlozba-cetinjski-parkovi-moje-intelektualne-vjezbanke\/","name":"Samostalna izlo\u017eba \"Cetinjski parkovi \u2013 moje intelektualne vje\u017ebanke\" - dmcsrb.com","isPartOf":{"@id":"https:\/\/dmcsrb.com\/#website"},"primaryImageOfPage":{"@id":"https:\/\/dmcsrb.com\/kultura\/samostalna-izlozba-cetinjski-parkovi-moje-intelektualne-vjezbanke\/#primaryimage"},"image":{"@id":"https:\/\/dmcsrb.com\/kultura\/samostalna-izlozba-cetinjski-parkovi-moje-intelektualne-vjezbanke\/#primaryimage"},"thumbnailUrl":"https:\/\/dmcsrb.com\/wp-content\/uploads\/2026\/01\/Cetinjski-parkovi.webp","datePublished":"2025-09-19T18:49:00+00:00","author":{"@id":"https:\/\/dmcsrb.com\/#\/schema\/person\/5c39170f12db1b8b457732d0b5c854e2"},"breadcrumb":{"@id":"https:\/\/dmcsrb.com\/kultura\/samostalna-izlozba-cetinjski-parkovi-moje-intelektualne-vjezbanke\/#breadcrumb"},"inLanguage":"en-GB","potentialAction":[{"@type":"ReadAction","target":["https:\/\/dmcsrb.com\/kultura\/samostalna-izlozba-cetinjski-parkovi-moje-intelektualne-vjezbanke\/"]}]},{"@type":"ImageObject","inLanguage":"en-GB","@id":"https:\/\/dmcsrb.com\/kultura\/samostalna-izlozba-cetinjski-parkovi-moje-intelektualne-vjezbanke\/#primaryimage","url":"https:\/\/dmcsrb.com\/wp-content\/uploads\/2026\/01\/Cetinjski-parkovi.webp","contentUrl":"https:\/\/dmcsrb.com\/wp-content\/uploads\/2026\/01\/Cetinjski-parkovi.webp","width":1080,"height":1080},{"@type":"BreadcrumbList","@id":"https:\/\/dmcsrb.com\/kultura\/samostalna-izlozba-cetinjski-parkovi-moje-intelektualne-vjezbanke\/#breadcrumb","itemListElement":[{"@type":"ListItem","position":1,"name":"Home","item":"https:\/\/dmcsrb.com\/"},{"@type":"ListItem","position":2,"name":"Samostalna izlo\u017eba &#8220;Cetinjski parkovi \u2013 moje intelektualne vje\u017ebanke&#8221;"}]},{"@type":"WebSite","@id":"https:\/\/dmcsrb.com\/#website","url":"https:\/\/dmcsrb.com\/","name":"dmcsrb.com","description":"","potentialAction":[{"@type":"SearchAction","target":{"@type":"EntryPoint","urlTemplate":"https:\/\/dmcsrb.com\/?s={search_term_string}"},"query-input":{"@type":"PropertyValueSpecification","valueRequired":true,"valueName":"search_term_string"}}],"inLanguage":"en-GB"},{"@type":"Person","@id":"https:\/\/dmcsrb.com\/#\/schema\/person\/5c39170f12db1b8b457732d0b5c854e2","name":"dmcsrbija.com@gmail.com","image":{"@type":"ImageObject","inLanguage":"en-GB","@id":"https:\/\/dmcsrb.com\/#\/schema\/person\/image\/","url":"https:\/\/secure.gravatar.com\/avatar\/68592660ad6347fad0fb587f8d5d8f1a7b44961362f56e4f2cd524feb87e9069?s=96&d=mm&r=g","contentUrl":"https:\/\/secure.gravatar.com\/avatar\/68592660ad6347fad0fb587f8d5d8f1a7b44961362f56e4f2cd524feb87e9069?s=96&d=mm&r=g","caption":"dmcsrbija.com@gmail.com"},"sameAs":["https:\/\/dmcsrb.com"],"url":"https:\/\/dmcsrb.com\/en\/author\/dmcsrbija-comgmail-com\/"}]}},"_links":{"self":[{"href":"https:\/\/dmcsrb.com\/en\/wp-json\/wp\/v2\/posts\/952964","targetHints":{"allow":["GET"]}}],"collection":[{"href":"https:\/\/dmcsrb.com\/en\/wp-json\/wp\/v2\/posts"}],"about":[{"href":"https:\/\/dmcsrb.com\/en\/wp-json\/wp\/v2\/types\/post"}],"author":[{"embeddable":true,"href":"https:\/\/dmcsrb.com\/en\/wp-json\/wp\/v2\/users\/1"}],"replies":[{"embeddable":true,"href":"https:\/\/dmcsrb.com\/en\/wp-json\/wp\/v2\/comments?post=952964"}],"version-history":[{"count":0,"href":"https:\/\/dmcsrb.com\/en\/wp-json\/wp\/v2\/posts\/952964\/revisions"}],"wp:featuredmedia":[{"embeddable":true,"href":"https:\/\/dmcsrb.com\/en\/wp-json\/wp\/v2\/media\/952965"}],"wp:attachment":[{"href":"https:\/\/dmcsrb.com\/en\/wp-json\/wp\/v2\/media?parent=952964"}],"wp:term":[{"taxonomy":"category","embeddable":true,"href":"https:\/\/dmcsrb.com\/en\/wp-json\/wp\/v2\/categories?post=952964"},{"taxonomy":"post_tag","embeddable":true,"href":"https:\/\/dmcsrb.com\/en\/wp-json\/wp\/v2\/tags?post=952964"},{"taxonomy":"naslovna","embeddable":true,"href":"https:\/\/dmcsrb.com\/en\/wp-json\/wp\/v2\/naslovna?post=952964"}],"curies":[{"name":"wp","href":"https:\/\/api.w.org\/{rel}","templated":true}]}}