{"id":952955,"date":"2025-09-19T11:18:00","date_gmt":"2025-09-19T09:18:00","guid":{"rendered":"https:\/\/dmcsrb.com\/uncategorized\/muzicko-pjesnicko-vece-koprivice-i-prijatelja-u-pljevljima-uz-puno-muzike-poezije-i-emocija\/"},"modified":"2025-09-19T11:18:00","modified_gmt":"2025-09-19T09:18:00","slug":"muzicko-pjesnicko-vece-koprivice-i-prijatelja-u-pljevljima-uz-puno-muzike-poezije-i-emocija","status":"publish","type":"post","link":"https:\/\/dmcsrb.com\/en\/kultura\/muzicko-pjesnicko-vece-koprivice-i-prijatelja-u-pljevljima-uz-puno-muzike-poezije-i-emocija\/","title":{"rendered":"Muzi\u010dko-pjesni\u010dko ve\u010de Koprivice i prijatelja u Pljevljima &#8211; uz puno muzike, poezije i emocija"},"content":{"rendered":"<p><\/p>\n\n\n\n<p>&#8220;I po ocjenama gledalaca nakon muzi\u010dko-pjesni\u010dkog programa Dragana Koprivice i njegovih prijatelja u Centru za kulturu u Pljevljima, koji je snimila i TV Pljevlja, ve\u010de je proteklo u sjajnoj atmosferi, uz nezaboravne muzi\u010dke refrene i pjesni\u010dki spektakl koji su priredili Ana \u0110urovi\u0107 iz Podgorice, Bo\u017eica Cvijeti\u0107 iz Pljevalja, pljevaljski pjesnici Rajko Palibrk i Milenko Jovi\u0107, a gost iz Mojkovca bio je izvrsni Rodoljub \u0106ori\u0107&#8221;, saop\u0161tili su organizatori.<\/p>\n\n\n\n<p>U samoj zavr\u0161nici ve\u010deri sve prisutne je svojim humoristi\u010dko-satiri\u010dnim aforizmima razgalio poznati aforisti\u010dar iz Pljevalja Milenko Miro \u0160arac, te je i po ocjeni direktora CZK Pljevlja, Slavka To\u0161i\u0107a, ve\u010de bilo ispunjeno visokim kreativnim dometima.<\/p>\n\n\n\n<p>Na po\u010detku programa publici se predstavila izvrsna autorica iz Podgorice, Ana \u0110urovi\u0107 upe\u010datljivo govore\u0107i stihove iz svoje predstoje\u0107e zbirke \u201cOna nije tu\u201d. Nakon nje, Bo\u017eica Cvijeti\u0107 je pokazala da i Pljevlja imaju vrsne pjesnikinje, a iskusni pjesnici Rajko Palibrk i Milenko Jovi\u0107 dokazali da Crna Gora ima nedovoljno afirmisane autore \u010dije pjesme \u010dine vrh crnogorske savremene poezije. Gost iz Mojkovca, Rodoljub \u0106ori\u0107 tako\u0111e je impresivno govorio svoju poeziju. Koprivica je tokom programa naglasio da \u0107e u\u010desnici iz Pljevalja biti pozvani u Podgoricu na zavr\u0161no ve\u010de ovog karavana muzike i poezije, nakon ovakvih ve\u010deri u svim op\u0161tinama Crne Gore.<\/p>\n\n\n\n<p>Uz prigodne komentare o muzi\u010dkim numerama i njihovim \u010duvenim izvo\u0111a\u010dima, Koprivica je pjevao a kapela italijanske kancone \u201cO, Sole mio\u201d i \u201cSanta Lu\u0107ija\u201d i neke narodne hitove iz regiona, svirao na harmonici i evocirao zgode i nezgode iz kafanskog \u017eivota tokom srednje \u0161kole, govorio svoju satiri\u010dnu poeziju i izabrane humoristi\u010dke aforizme.<\/p>\n\n\n\n<p>&#8220;Sve u svemu, u programu s optimalnom dinamikom i du\u017einom ve\u010de muzike, poezije i humora proteklo je na najbolji na\u010din&#8221;, saop\u0161tili su organizatori doga\u0111aja.<\/p>\n\n\n\n<p>Sli\u010dan program, ve\u0107 \u010detrnaesti po redu od po\u010detka godine, Koprivica i prijatelji, ovog puta Darko Buli\u0107 i Ana \u0110urovi\u0107, izve\u0161\u0107e ve\u010deras u humanitarne svrhe u hotelu \u201cPark\u201d u Budvi s po\u010detkom u 19 \u010dasova za Udru\u017eenje djece i mladih sa smetnjama u razvoju NVO \u201cPu\u017eeva ku\u0107ica\u201d. Organizatori ovog programa su Hotel \u201cPark\u201d \u2013 Budva, Montenegro, NVO \u201cPu\u017eeva ku\u0107ica\u201d i NVO \u201cSerdar\u201d iz Budve, a program \u0107e otvoriti Radko Gar\u010devi\u0107 iz ove NVO.<\/p>\n\n\n\n<p>Nakon Budve, Koprivica i prijatelji svoj petnaesti nastup ima\u0107e sljede\u0107e nedjelje, u srijedu, 24. septembra, u Centru za kulturu Danilovgrad<\/p>","protected":false},"excerpt":{"rendered":"<p>U Pljevljima je odr\u017eano muzi\u010dko-pjesni\u010dko ve\u010de Dragana Koprivice i njegovih prijatelja, koje je proteklo uz puno muzike, poezije i emocija.<\/p>","protected":false},"author":1,"featured_media":952956,"comment_status":"open","ping_status":"open","sticky":false,"template":"","format":"standard","meta":{"_acf_changed":false,"footnotes":""},"categories":[50],"tags":[219,4223],"naslovna":[],"class_list":["post-952955","post","type-post","status-publish","format-standard","has-post-thumbnail","hentry","category-kultura","tag-dragan-koprivica","tag-koprivica-i-prijatelji"],"acf":[],"yoast_head":"<!-- This site is optimized with the Yoast SEO plugin v27.4 - https:\/\/yoast.com\/product\/yoast-seo-wordpress\/ -->\n<title>Muzi\u010dko-pjesni\u010dko ve\u010de Koprivice i prijatelja u Pljevljima - uz puno muzike, poezije i emocija - dmcsrb.com<\/title>\n<meta name=\"robots\" content=\"index, follow, max-snippet:-1, max-image-preview:large, max-video-preview:-1\" \/>\n<link rel=\"canonical\" href=\"https:\/\/dmcsrb.com\/en\/kultura\/muzicko-pjesnicko-vece-koprivice-i-prijatelja-u-pljevljima-uz-puno-muzike-poezije-i-emocija\/\" \/>\n<meta property=\"og:locale\" content=\"en_GB\" \/>\n<meta property=\"og:type\" content=\"article\" \/>\n<meta property=\"og:title\" content=\"Muzi\u010dko-pjesni\u010dko ve\u010de Koprivice i prijatelja u Pljevljima - uz puno muzike, poezije i emocija - dmcsrb.com\" \/>\n<meta property=\"og:description\" content=\"U Pljevljima je odr\u017eano muzi\u010dko-pjesni\u010dko ve\u010de Dragana Koprivice i njegovih prijatelja, koje je proteklo uz puno muzike, poezije i emocija.\" \/>\n<meta property=\"og:url\" content=\"https:\/\/dmcsrb.com\/en\/kultura\/muzicko-pjesnicko-vece-koprivice-i-prijatelja-u-pljevljima-uz-puno-muzike-poezije-i-emocija\/\" \/>\n<meta property=\"og:site_name\" content=\"dmcsrb.com\" \/>\n<meta property=\"article:published_time\" content=\"2025-09-19T09:18:00+00:00\" \/>\n<meta property=\"og:image\" content=\"https:\/\/dmcsrb.com\/wp-content\/uploads\/2026\/01\/Koprivica-i-prijatelji-u-Pljevljima.webp\" \/>\n\t<meta property=\"og:image:width\" content=\"1193\" \/>\n\t<meta property=\"og:image:height\" content=\"790\" \/>\n\t<meta property=\"og:image:type\" content=\"image\/jpeg\" \/>\n<meta name=\"author\" content=\"dmcsrbija.com@gmail.com\" \/>\n<meta name=\"twitter:card\" content=\"summary_large_image\" \/>\n<meta name=\"twitter:label1\" content=\"Written by\" \/>\n\t<meta name=\"twitter:data1\" content=\"dmcsrbija.com@gmail.com\" \/>\n\t<meta name=\"twitter:label2\" content=\"Estimated reading time\" \/>\n\t<meta name=\"twitter:data2\" content=\"2 minutes\" \/>\n<script type=\"application\/ld+json\" class=\"yoast-schema-graph\">{\"@context\":\"https:\\\/\\\/schema.org\",\"@graph\":[{\"@type\":\"Article\",\"@id\":\"https:\\\/\\\/dmcsrb.com\\\/kultura\\\/muzicko-pjesnicko-vece-koprivice-i-prijatelja-u-pljevljima-uz-puno-muzike-poezije-i-emocija\\\/#article\",\"isPartOf\":{\"@id\":\"https:\\\/\\\/dmcsrb.com\\\/kultura\\\/muzicko-pjesnicko-vece-koprivice-i-prijatelja-u-pljevljima-uz-puno-muzike-poezije-i-emocija\\\/\"},\"author\":{\"name\":\"dmcsrbija.com@gmail.com\",\"@id\":\"https:\\\/\\\/dmcsrb.com\\\/#\\\/schema\\\/person\\\/5c39170f12db1b8b457732d0b5c854e2\"},\"headline\":\"Muzi\u010dko-pjesni\u010dko ve\u010de Koprivice i prijatelja u Pljevljima &#8211; uz puno muzike, poezije i emocija\",\"datePublished\":\"2025-09-19T09:18:00+00:00\",\"mainEntityOfPage\":{\"@id\":\"https:\\\/\\\/dmcsrb.com\\\/kultura\\\/muzicko-pjesnicko-vece-koprivice-i-prijatelja-u-pljevljima-uz-puno-muzike-poezije-i-emocija\\\/\"},\"wordCount\":430,\"commentCount\":0,\"image\":{\"@id\":\"https:\\\/\\\/dmcsrb.com\\\/kultura\\\/muzicko-pjesnicko-vece-koprivice-i-prijatelja-u-pljevljima-uz-puno-muzike-poezije-i-emocija\\\/#primaryimage\"},\"thumbnailUrl\":\"https:\\\/\\\/dmcsrb.com\\\/wp-content\\\/uploads\\\/2026\\\/01\\\/Koprivica-i-prijatelji-u-Pljevljima.webp\",\"keywords\":[\"Dragan Koprivica\",\"Koprivica i prijatelji\"],\"articleSection\":[\"Kultura\"],\"inLanguage\":\"en-GB\",\"potentialAction\":[{\"@type\":\"CommentAction\",\"name\":\"Comment\",\"target\":[\"https:\\\/\\\/dmcsrb.com\\\/kultura\\\/muzicko-pjesnicko-vece-koprivice-i-prijatelja-u-pljevljima-uz-puno-muzike-poezije-i-emocija\\\/#respond\"]}]},{\"@type\":\"WebPage\",\"@id\":\"https:\\\/\\\/dmcsrb.com\\\/kultura\\\/muzicko-pjesnicko-vece-koprivice-i-prijatelja-u-pljevljima-uz-puno-muzike-poezije-i-emocija\\\/\",\"url\":\"https:\\\/\\\/dmcsrb.com\\\/kultura\\\/muzicko-pjesnicko-vece-koprivice-i-prijatelja-u-pljevljima-uz-puno-muzike-poezije-i-emocija\\\/\",\"name\":\"Muzi\u010dko-pjesni\u010dko ve\u010de Koprivice i prijatelja u Pljevljima - uz puno muzike, poezije i emocija - dmcsrb.com\",\"isPartOf\":{\"@id\":\"https:\\\/\\\/dmcsrb.com\\\/#website\"},\"primaryImageOfPage\":{\"@id\":\"https:\\\/\\\/dmcsrb.com\\\/kultura\\\/muzicko-pjesnicko-vece-koprivice-i-prijatelja-u-pljevljima-uz-puno-muzike-poezije-i-emocija\\\/#primaryimage\"},\"image\":{\"@id\":\"https:\\\/\\\/dmcsrb.com\\\/kultura\\\/muzicko-pjesnicko-vece-koprivice-i-prijatelja-u-pljevljima-uz-puno-muzike-poezije-i-emocija\\\/#primaryimage\"},\"thumbnailUrl\":\"https:\\\/\\\/dmcsrb.com\\\/wp-content\\\/uploads\\\/2026\\\/01\\\/Koprivica-i-prijatelji-u-Pljevljima.webp\",\"datePublished\":\"2025-09-19T09:18:00+00:00\",\"author\":{\"@id\":\"https:\\\/\\\/dmcsrb.com\\\/#\\\/schema\\\/person\\\/5c39170f12db1b8b457732d0b5c854e2\"},\"breadcrumb\":{\"@id\":\"https:\\\/\\\/dmcsrb.com\\\/kultura\\\/muzicko-pjesnicko-vece-koprivice-i-prijatelja-u-pljevljima-uz-puno-muzike-poezije-i-emocija\\\/#breadcrumb\"},\"inLanguage\":\"en-GB\",\"potentialAction\":[{\"@type\":\"ReadAction\",\"target\":[\"https:\\\/\\\/dmcsrb.com\\\/kultura\\\/muzicko-pjesnicko-vece-koprivice-i-prijatelja-u-pljevljima-uz-puno-muzike-poezije-i-emocija\\\/\"]}]},{\"@type\":\"ImageObject\",\"inLanguage\":\"en-GB\",\"@id\":\"https:\\\/\\\/dmcsrb.com\\\/kultura\\\/muzicko-pjesnicko-vece-koprivice-i-prijatelja-u-pljevljima-uz-puno-muzike-poezije-i-emocija\\\/#primaryimage\",\"url\":\"https:\\\/\\\/dmcsrb.com\\\/wp-content\\\/uploads\\\/2026\\\/01\\\/Koprivica-i-prijatelji-u-Pljevljima.webp\",\"contentUrl\":\"https:\\\/\\\/dmcsrb.com\\\/wp-content\\\/uploads\\\/2026\\\/01\\\/Koprivica-i-prijatelji-u-Pljevljima.webp\",\"width\":1193,\"height\":790},{\"@type\":\"BreadcrumbList\",\"@id\":\"https:\\\/\\\/dmcsrb.com\\\/kultura\\\/muzicko-pjesnicko-vece-koprivice-i-prijatelja-u-pljevljima-uz-puno-muzike-poezije-i-emocija\\\/#breadcrumb\",\"itemListElement\":[{\"@type\":\"ListItem\",\"position\":1,\"name\":\"Home\",\"item\":\"https:\\\/\\\/dmcsrb.com\\\/\"},{\"@type\":\"ListItem\",\"position\":2,\"name\":\"Muzi\u010dko-pjesni\u010dko ve\u010de Koprivice i prijatelja u Pljevljima &#8211; uz puno muzike, poezije i emocija\"}]},{\"@type\":\"WebSite\",\"@id\":\"https:\\\/\\\/dmcsrb.com\\\/#website\",\"url\":\"https:\\\/\\\/dmcsrb.com\\\/\",\"name\":\"dmcsrb.com\",\"description\":\"\",\"potentialAction\":[{\"@type\":\"SearchAction\",\"target\":{\"@type\":\"EntryPoint\",\"urlTemplate\":\"https:\\\/\\\/dmcsrb.com\\\/?s={search_term_string}\"},\"query-input\":{\"@type\":\"PropertyValueSpecification\",\"valueRequired\":true,\"valueName\":\"search_term_string\"}}],\"inLanguage\":\"en-GB\"},{\"@type\":\"Person\",\"@id\":\"https:\\\/\\\/dmcsrb.com\\\/#\\\/schema\\\/person\\\/5c39170f12db1b8b457732d0b5c854e2\",\"name\":\"dmcsrbija.com@gmail.com\",\"image\":{\"@type\":\"ImageObject\",\"inLanguage\":\"en-GB\",\"@id\":\"https:\\\/\\\/secure.gravatar.com\\\/avatar\\\/68592660ad6347fad0fb587f8d5d8f1a7b44961362f56e4f2cd524feb87e9069?s=96&d=mm&r=g\",\"url\":\"https:\\\/\\\/secure.gravatar.com\\\/avatar\\\/68592660ad6347fad0fb587f8d5d8f1a7b44961362f56e4f2cd524feb87e9069?s=96&d=mm&r=g\",\"contentUrl\":\"https:\\\/\\\/secure.gravatar.com\\\/avatar\\\/68592660ad6347fad0fb587f8d5d8f1a7b44961362f56e4f2cd524feb87e9069?s=96&d=mm&r=g\",\"caption\":\"dmcsrbija.com@gmail.com\"},\"sameAs\":[\"https:\\\/\\\/dmcsrb.com\"],\"url\":\"https:\\\/\\\/dmcsrb.com\\\/en\\\/author\\\/dmcsrbija-comgmail-com\\\/\"}]}<\/script>\n<!-- \/ Yoast SEO plugin. -->","yoast_head_json":{"title":"Muzi\u010dko-pjesni\u010dko ve\u010de Koprivice i prijatelja u Pljevljima - uz puno muzike, poezije i emocija - dmcsrb.com","robots":{"index":"index","follow":"follow","max-snippet":"max-snippet:-1","max-image-preview":"max-image-preview:large","max-video-preview":"max-video-preview:-1"},"canonical":"https:\/\/dmcsrb.com\/en\/kultura\/muzicko-pjesnicko-vece-koprivice-i-prijatelja-u-pljevljima-uz-puno-muzike-poezije-i-emocija\/","og_locale":"en_GB","og_type":"article","og_title":"Muzi\u010dko-pjesni\u010dko ve\u010de Koprivice i prijatelja u Pljevljima - uz puno muzike, poezije i emocija - dmcsrb.com","og_description":"U Pljevljima je odr\u017eano muzi\u010dko-pjesni\u010dko ve\u010de Dragana Koprivice i njegovih prijatelja, koje je proteklo uz puno muzike, poezije i emocija.","og_url":"https:\/\/dmcsrb.com\/en\/kultura\/muzicko-pjesnicko-vece-koprivice-i-prijatelja-u-pljevljima-uz-puno-muzike-poezije-i-emocija\/","og_site_name":"dmcsrb.com","article_published_time":"2025-09-19T09:18:00+00:00","og_image":[{"width":1193,"height":790,"url":"https:\/\/dmcsrb.com\/wp-content\/uploads\/2026\/01\/Koprivica-i-prijatelji-u-Pljevljima.webp","type":"image\/jpeg"}],"author":"dmcsrbija.com@gmail.com","twitter_card":"summary_large_image","twitter_misc":{"Written by":"dmcsrbija.com@gmail.com","Estimated reading time":"2 minutes"},"schema":{"@context":"https:\/\/schema.org","@graph":[{"@type":"Article","@id":"https:\/\/dmcsrb.com\/kultura\/muzicko-pjesnicko-vece-koprivice-i-prijatelja-u-pljevljima-uz-puno-muzike-poezije-i-emocija\/#article","isPartOf":{"@id":"https:\/\/dmcsrb.com\/kultura\/muzicko-pjesnicko-vece-koprivice-i-prijatelja-u-pljevljima-uz-puno-muzike-poezije-i-emocija\/"},"author":{"name":"dmcsrbija.com@gmail.com","@id":"https:\/\/dmcsrb.com\/#\/schema\/person\/5c39170f12db1b8b457732d0b5c854e2"},"headline":"Muzi\u010dko-pjesni\u010dko ve\u010de Koprivice i prijatelja u Pljevljima &#8211; uz puno muzike, poezije i emocija","datePublished":"2025-09-19T09:18:00+00:00","mainEntityOfPage":{"@id":"https:\/\/dmcsrb.com\/kultura\/muzicko-pjesnicko-vece-koprivice-i-prijatelja-u-pljevljima-uz-puno-muzike-poezije-i-emocija\/"},"wordCount":430,"commentCount":0,"image":{"@id":"https:\/\/dmcsrb.com\/kultura\/muzicko-pjesnicko-vece-koprivice-i-prijatelja-u-pljevljima-uz-puno-muzike-poezije-i-emocija\/#primaryimage"},"thumbnailUrl":"https:\/\/dmcsrb.com\/wp-content\/uploads\/2026\/01\/Koprivica-i-prijatelji-u-Pljevljima.webp","keywords":["Dragan Koprivica","Koprivica i prijatelji"],"articleSection":["Kultura"],"inLanguage":"en-GB","potentialAction":[{"@type":"CommentAction","name":"Comment","target":["https:\/\/dmcsrb.com\/kultura\/muzicko-pjesnicko-vece-koprivice-i-prijatelja-u-pljevljima-uz-puno-muzike-poezije-i-emocija\/#respond"]}]},{"@type":"WebPage","@id":"https:\/\/dmcsrb.com\/kultura\/muzicko-pjesnicko-vece-koprivice-i-prijatelja-u-pljevljima-uz-puno-muzike-poezije-i-emocija\/","url":"https:\/\/dmcsrb.com\/kultura\/muzicko-pjesnicko-vece-koprivice-i-prijatelja-u-pljevljima-uz-puno-muzike-poezije-i-emocija\/","name":"Muzi\u010dko-pjesni\u010dko ve\u010de Koprivice i prijatelja u Pljevljima - uz puno muzike, poezije i emocija - dmcsrb.com","isPartOf":{"@id":"https:\/\/dmcsrb.com\/#website"},"primaryImageOfPage":{"@id":"https:\/\/dmcsrb.com\/kultura\/muzicko-pjesnicko-vece-koprivice-i-prijatelja-u-pljevljima-uz-puno-muzike-poezije-i-emocija\/#primaryimage"},"image":{"@id":"https:\/\/dmcsrb.com\/kultura\/muzicko-pjesnicko-vece-koprivice-i-prijatelja-u-pljevljima-uz-puno-muzike-poezije-i-emocija\/#primaryimage"},"thumbnailUrl":"https:\/\/dmcsrb.com\/wp-content\/uploads\/2026\/01\/Koprivica-i-prijatelji-u-Pljevljima.webp","datePublished":"2025-09-19T09:18:00+00:00","author":{"@id":"https:\/\/dmcsrb.com\/#\/schema\/person\/5c39170f12db1b8b457732d0b5c854e2"},"breadcrumb":{"@id":"https:\/\/dmcsrb.com\/kultura\/muzicko-pjesnicko-vece-koprivice-i-prijatelja-u-pljevljima-uz-puno-muzike-poezije-i-emocija\/#breadcrumb"},"inLanguage":"en-GB","potentialAction":[{"@type":"ReadAction","target":["https:\/\/dmcsrb.com\/kultura\/muzicko-pjesnicko-vece-koprivice-i-prijatelja-u-pljevljima-uz-puno-muzike-poezije-i-emocija\/"]}]},{"@type":"ImageObject","inLanguage":"en-GB","@id":"https:\/\/dmcsrb.com\/kultura\/muzicko-pjesnicko-vece-koprivice-i-prijatelja-u-pljevljima-uz-puno-muzike-poezije-i-emocija\/#primaryimage","url":"https:\/\/dmcsrb.com\/wp-content\/uploads\/2026\/01\/Koprivica-i-prijatelji-u-Pljevljima.webp","contentUrl":"https:\/\/dmcsrb.com\/wp-content\/uploads\/2026\/01\/Koprivica-i-prijatelji-u-Pljevljima.webp","width":1193,"height":790},{"@type":"BreadcrumbList","@id":"https:\/\/dmcsrb.com\/kultura\/muzicko-pjesnicko-vece-koprivice-i-prijatelja-u-pljevljima-uz-puno-muzike-poezije-i-emocija\/#breadcrumb","itemListElement":[{"@type":"ListItem","position":1,"name":"Home","item":"https:\/\/dmcsrb.com\/"},{"@type":"ListItem","position":2,"name":"Muzi\u010dko-pjesni\u010dko ve\u010de Koprivice i prijatelja u Pljevljima &#8211; uz puno muzike, poezije i emocija"}]},{"@type":"WebSite","@id":"https:\/\/dmcsrb.com\/#website","url":"https:\/\/dmcsrb.com\/","name":"dmcsrb.com","description":"","potentialAction":[{"@type":"SearchAction","target":{"@type":"EntryPoint","urlTemplate":"https:\/\/dmcsrb.com\/?s={search_term_string}"},"query-input":{"@type":"PropertyValueSpecification","valueRequired":true,"valueName":"search_term_string"}}],"inLanguage":"en-GB"},{"@type":"Person","@id":"https:\/\/dmcsrb.com\/#\/schema\/person\/5c39170f12db1b8b457732d0b5c854e2","name":"dmcsrbija.com@gmail.com","image":{"@type":"ImageObject","inLanguage":"en-GB","@id":"https:\/\/secure.gravatar.com\/avatar\/68592660ad6347fad0fb587f8d5d8f1a7b44961362f56e4f2cd524feb87e9069?s=96&d=mm&r=g","url":"https:\/\/secure.gravatar.com\/avatar\/68592660ad6347fad0fb587f8d5d8f1a7b44961362f56e4f2cd524feb87e9069?s=96&d=mm&r=g","contentUrl":"https:\/\/secure.gravatar.com\/avatar\/68592660ad6347fad0fb587f8d5d8f1a7b44961362f56e4f2cd524feb87e9069?s=96&d=mm&r=g","caption":"dmcsrbija.com@gmail.com"},"sameAs":["https:\/\/dmcsrb.com"],"url":"https:\/\/dmcsrb.com\/en\/author\/dmcsrbija-comgmail-com\/"}]}},"_links":{"self":[{"href":"https:\/\/dmcsrb.com\/en\/wp-json\/wp\/v2\/posts\/952955","targetHints":{"allow":["GET"]}}],"collection":[{"href":"https:\/\/dmcsrb.com\/en\/wp-json\/wp\/v2\/posts"}],"about":[{"href":"https:\/\/dmcsrb.com\/en\/wp-json\/wp\/v2\/types\/post"}],"author":[{"embeddable":true,"href":"https:\/\/dmcsrb.com\/en\/wp-json\/wp\/v2\/users\/1"}],"replies":[{"embeddable":true,"href":"https:\/\/dmcsrb.com\/en\/wp-json\/wp\/v2\/comments?post=952955"}],"version-history":[{"count":0,"href":"https:\/\/dmcsrb.com\/en\/wp-json\/wp\/v2\/posts\/952955\/revisions"}],"wp:featuredmedia":[{"embeddable":true,"href":"https:\/\/dmcsrb.com\/en\/wp-json\/wp\/v2\/media\/952956"}],"wp:attachment":[{"href":"https:\/\/dmcsrb.com\/en\/wp-json\/wp\/v2\/media?parent=952955"}],"wp:term":[{"taxonomy":"category","embeddable":true,"href":"https:\/\/dmcsrb.com\/en\/wp-json\/wp\/v2\/categories?post=952955"},{"taxonomy":"post_tag","embeddable":true,"href":"https:\/\/dmcsrb.com\/en\/wp-json\/wp\/v2\/tags?post=952955"},{"taxonomy":"naslovna","embeddable":true,"href":"https:\/\/dmcsrb.com\/en\/wp-json\/wp\/v2\/naslovna?post=952955"}],"curies":[{"name":"wp","href":"https:\/\/api.w.org\/{rel}","templated":true}]}}