{"id":952946,"date":"2025-09-19T10:43:00","date_gmt":"2025-09-19T08:43:00","guid":{"rendered":"https:\/\/dmcsrb.com\/uncategorized\/gradjani-pod-mjerama-nadzora-institucije-bez-kontrole\/"},"modified":"2025-09-19T10:43:00","modified_gmt":"2025-09-19T08:43:00","slug":"gradjani-pod-mjerama-nadzora-institucije-bez-kontrole","status":"publish","type":"post","link":"https:\/\/dmcsrb.com\/en\/hronika\/gradjani-pod-mjerama-nadzora-institucije-bez-kontrole\/","title":{"rendered":"Gra\u0111ani pod mjerama nadzora, institucije bez kontrole"},"content":{"rendered":"\n<p>Novinar Petar Komneni\u0107 je dobio potvrdu da je bio pod nadzorom tek nakon \u0161to je Demokratska partija socijalista (DPS) u avgustu 2020. godine izgubila vlast nakon tri decenije.<\/p>\n\n\n\n<p>\u201eJedan operativac tajne policije, vjerovatno iz osje\u0107aja krivice ili poku\u0161aja da izbjegne odgovornost, povjerio se novom direktoru Agencije za nacionalnu bezbjednost (ANB)\u201c, kazao je Komneni\u0107.<\/p>\n\n\n\n<p>\u201eTada je cijeli proces i po\u010deo \u2013 prvo interna istraga, a zatim i \u0161ira istraga Specijalnog dr\u017eavnog tu\u017eila\u0161tva.\u201c<\/p>\n\n\n\n<p>U oktobru 2021. biv\u0161i direktor ANB-a Dejan Peruni\u010di\u0107 uhap\u0161en je zbog sumnje da je nezakonito prislu\u0161kivao Specijalno dr\u017eavno tu\u017eila\u0161tvo, nakon \u0161to je tada\u0161nji glavni specijalni dr\u017eavni tu\u017eilac Milivoje Katni\u0107 objavio da je u njegovoj kancelariji prona\u0111en ure\u0111aj za nadzor.<\/p>\n\n\n\n<p>Su\u0111enje Peruni\u010di\u0107u u toku je pred Vi\u0161im sudom u Podgorici, a Komneni\u0107 je me\u0111u vi\u0161e istaknutih li\u010dnosti navedenih u optu\u017enici. Zbog osjetljivosti predmeta, su\u0111enje se vodi iza zatvorenih vrata, ali je poznato da se na listi svjedoka nalaze novinari, aktivisti, vjerski lideri i biv\u0161i tu\u017eioci \u2013 koji su, prema tvrdnjama tu\u017eila\u0161tva, bili pod nadzorom po Peruni\u010di\u0107evom nalogu.<\/p>\n\n\n\n<p>Kriti\u010dari, me\u0111utim, tvrde da je te\u0161ko povjerovati da je Peruni\u010di\u0107 djelovao sam, bez direktiva politi\u010dkih figura iznad njega. Upozoravaju da, ako se ne utvrdi ko je izdao nare\u0111enja, slu\u010daj rizikuje da ostane bez potpune odgovornosti.<\/p>\n\n\n\n<p>\u201eTu\u017eila\u010dka konstrukcija se u su\u0161tini zavr\u0161ava na \u0161efu agencije\u201c, rekao je Komneni\u0107 za BIRN. \u201eZa mene proces vi\u0161e li\u010di na dokumentovanje onoga \u0161to je ve\u0107 bilo poznato, nego na utvr\u0111ivanje pune odgovornosti.\u201c<\/p>\n\n\n\n<p>Kako se tehnologija nadzora ubrzano razvija, stru\u010dnjaci za prava na privatnost upozoravaju da se pravne garancije u Crnoj Gori i dalje primjenjuju selektivno. Nadzor ostaje slab, ugro\u017eavaju\u0107i povjerenje javnosti u institucije \u010dija je misija da \u0161tite dr\u017eavu i gra\u0111ane.<\/p>\n\n\n\n<p>Po zakonu, ANB i policija moraju prvo imati zahtjev tu\u017eioca, a zatim i nalog suda da bi nekoga nadzirali, \u0161to, kako je rekao pravnik Damir Suljevi\u0107 predstavlja \u201evi\u0161eslojnu kontrolu\u201c.<\/p>\n\n\n\n<p>\u201eIpak, u praksi uloga nadzornih tijela \u010desto je ograni\u010dena politi\u010dkom lojalno\u0161\u0107u i slabom institucionalnom nezavisno\u0161\u0107u,\u201c tvrdi Suljevi\u0107.<\/p>\n\n\n\n<p><strong>Pitanja proporcionalnosti<\/strong><\/p>\n\n\n\n<p>Pro\u0161le godine, pozivaju\u0107i se na zvani\u010dne podatke, Vijesti su objavile da je u Crnoj Gori tokom 2022\u20132023. sprovedeno ukupno 775 \u201eposebnih istra\u017enih radnji\u201c, uklju\u010duju\u0107i prislu\u0161kivanje i tajno fotografisanje.<\/p>\n\n\n\n<p>Me\u0111utim, podignute su optu\u017enice protiv samo 34 osobe, \u0161to je otvorilo pitanja proporcionalnosti i nadzora.<\/p>\n\n\n\n<p>\u201ePosebne istra\u017ene mjere moraju se koristiti samo kada nijedna druga metoda ne mo\u017ee da postigne cilj i uz puno po\u0161tovanje proporcionalnosti\u201c, rekao je profesor Pravnog fakulteta Velimir Rako\u010devi\u0107. \u201eU praksi, razlozi za odre\u0111ivanje nadzora ponekad nijesu dovoljno precizni, a sudovi ih ipak odobravaju.\u201c<\/p>\n\n\n\n<p>BIRN je pro\u0161log maja objavio da je Ministarstvo unutra\u0161njih poslova (MUP) uvelo i nadzorne kamere na javnim mjestima u Podgorici, Baru i Budvi. Oprema, koju je isporu\u010dila izraelska kompanija AnyVision [sada Oosto], uklju\u010duje softver za prepoznavanje lica, iako policija tvrdi da tu funkciju ne koristi i da su kamere postavljene isklju\u010divo radi bezbjednosti saobra\u0107aja.<\/p>\n\n\n\n<p>Ipak, organizacije civilnog dru\u0161tva upozoravaju na visok potencijal zloupotrebe. Suljevi\u0107 navodi da u Crnoj Gori kamere u javnim prostorima ne postavlja samo policija.<\/p>\n\n\n\n<p>\u201eBilo je slu\u010dajeva, poput onog u Kotoru, kada su zna\u010dajni dijelovi grada bili pod ilegalnim video-nadzorom, za koji se tvrdilo da su ga postavili kriminalni klanovi\u201c, kazao je on. \u201e\u010cak i nakon \u0161to su kamere uklonjene, niko nije odgovarao.\u201c<\/p>\n\n\n\n<p>On upozorava da bi uvo\u0111enje softvera za prepoznavanje lica bez reforme bezbjednosnog sektora predstavljalo \u201eozbiljan rizik po privatnost i demokratiju\u201c.<\/p>\n\n\n\n<p>Evropski sud za ljudska prava je 2017. godine presudio da je instalacija kamera u univerzitetskim amfiteatrima u Crnoj Gori, bez saglasnosti univerziteta, predstavljala kr\u0161enje prava na privatnost.<\/p>\n\n\n\n<p>Suljevi\u0107 dodaje da interes za zloupotrebu tehnologija nadzora u Crnoj Gori nemaju samo doma\u0107i politi\u010dki akteri. Zemlja je \u010dlanica NATO-a, ali je i dalje pod sna\u017enim uticajem susjedne Srbije preko prosrpskih politi\u010dkih figura koje u\u010destvuju u vlasti.<\/p>\n\n\n\n<p>\u201eOtvoreno je pitanje da li sistemi nadzora mogu slu\u017eiti ne samo unutra\u0161njoj politi\u010dkoj kontroli, ve\u0107 i interesima stranih aktera, poput Rusije ili Srbije, ili kriminalnih klanova\u201c, rekao je.<\/p>\n\n\n\n<p>Javnost, upozorava, i dalje nije dovoljno svjesna svojih prava kada je rije\u010d o privatnosti.<\/p>\n\n\n\n<p>\u201eKr\u0161enja privatnosti \u010desto ostaju neprepoznata i neprijavljena\u201c, kazao je. \u201eStvarna za\u0161tita zahtijeva ne samo zakonski okvir, ve\u0107 i edukaciju javnosti i ja\u010danje institucionalnih kapaciteta.\u201c<\/p>\n\n\n\n<p>Delegacija EU u Podgorici saop\u0161tila je da \u201epa\u017eljivo\u201c prati zakonodavne i institucionalne promjene u crnogorskom obavje\u0161tajnom sektoru.<br>\u201eMjere moraju biti zakonite i opravdane konkretnim potrebama, uz osigurano po\u0161tovanje osnovnih prava\u201c, navela je delegacija u pisanom odgovoru BIRN-u.<\/p>\n\n\n\n<p>Petar Komneni\u0107 skepti\u010dan je u pogledu spremnosti novih vlasti da prekinu sa negativnim praksama prethodnika.<\/p>\n\n\n\n<p>\u201eKad govorimo o bezbjednosti \u017eivimo u totalnoj anarhiji, koju oni koriste na na\u010dine koje mo\u017eemo samo da naslu\u0107ujemo&#8221;, tvrdi Komneni\u0107.<\/p>\n","protected":false},"excerpt":{"rendered":"<p>Dok EU tra\u017ei zakonite mjere i za\u0161titu prava gra\u0111ana, u Crnoj Gori jo\u0161 nema odgovornih za brojne slu\u010dajeve nezakonitog nadzora.<\/p>","protected":false},"author":1,"featured_media":952947,"comment_status":"open","ping_status":"open","sticky":false,"template":"","format":"standard","meta":{"_acf_changed":false,"footnotes":""},"categories":[17],"tags":[5014,8588,8589],"naslovna":[],"class_list":["post-952946","post","type-post","status-publish","format-standard","has-post-thumbnail","hentry","category-hronika","tag-anb","tag-dejan-perunicic","tag-mjere-nadzora"],"acf":[],"yoast_head":"<!-- This site is optimized with the Yoast SEO plugin v27.0 - https:\/\/yoast.com\/product\/yoast-seo-wordpress\/ -->\n<title>Gra\u0111ani pod mjerama nadzora, institucije bez kontrole - dmcsrb.com<\/title>\n<meta name=\"robots\" content=\"index, follow, max-snippet:-1, max-image-preview:large, max-video-preview:-1\" \/>\n<link rel=\"canonical\" href=\"https:\/\/dmcsrb.com\/en\/hronika\/gradjani-pod-mjerama-nadzora-institucije-bez-kontrole\/\" \/>\n<meta property=\"og:locale\" content=\"en_GB\" \/>\n<meta property=\"og:type\" content=\"article\" \/>\n<meta property=\"og:title\" content=\"Gra\u0111ani pod mjerama nadzora, institucije bez kontrole - dmcsrb.com\" \/>\n<meta property=\"og:description\" content=\"Dok EU tra\u017ei zakonite mjere i za\u0161titu prava gra\u0111ana, u Crnoj Gori jo\u0161 nema odgovornih za brojne slu\u010dajeve nezakonitog nadzora.\" \/>\n<meta property=\"og:url\" content=\"https:\/\/dmcsrb.com\/en\/hronika\/gradjani-pod-mjerama-nadzora-institucije-bez-kontrole\/\" \/>\n<meta property=\"og:site_name\" content=\"dmcsrb.com\" \/>\n<meta property=\"article:published_time\" content=\"2025-09-19T08:43:00+00:00\" \/>\n<meta property=\"og:image\" content=\"https:\/\/dmcsrb.com\/wp-content\/uploads\/2026\/01\/agencija-za-nacionalnu-bezbjednost.webp\" \/>\n\t<meta property=\"og:image:width\" content=\"1776\" \/>\n\t<meta property=\"og:image:height\" content=\"877\" \/>\n\t<meta property=\"og:image:type\" content=\"image\/jpeg\" \/>\n<meta name=\"author\" content=\"dmcsrbija.com@gmail.com\" \/>\n<meta name=\"twitter:card\" content=\"summary_large_image\" \/>\n<meta name=\"twitter:label1\" content=\"Written by\" \/>\n\t<meta name=\"twitter:data1\" content=\"dmcsrbija.com@gmail.com\" \/>\n\t<meta name=\"twitter:label2\" content=\"Estimated reading time\" \/>\n\t<meta name=\"twitter:data2\" content=\"4 minutes\" \/>\n<script type=\"application\/ld+json\" class=\"yoast-schema-graph\">{\"@context\":\"https:\/\/schema.org\",\"@graph\":[{\"@type\":\"Article\",\"@id\":\"https:\/\/dmcsrb.com\/hronika\/gradjani-pod-mjerama-nadzora-institucije-bez-kontrole\/#article\",\"isPartOf\":{\"@id\":\"https:\/\/dmcsrb.com\/hronika\/gradjani-pod-mjerama-nadzora-institucije-bez-kontrole\/\"},\"author\":{\"name\":\"dmcsrbija.com@gmail.com\",\"@id\":\"https:\/\/dmcsrb.com\/#\/schema\/person\/5c39170f12db1b8b457732d0b5c854e2\"},\"headline\":\"Gra\u0111ani pod mjerama nadzora, institucije bez kontrole\",\"datePublished\":\"2025-09-19T08:43:00+00:00\",\"mainEntityOfPage\":{\"@id\":\"https:\/\/dmcsrb.com\/hronika\/gradjani-pod-mjerama-nadzora-institucije-bez-kontrole\/\"},\"wordCount\":847,\"commentCount\":0,\"image\":{\"@id\":\"https:\/\/dmcsrb.com\/hronika\/gradjani-pod-mjerama-nadzora-institucije-bez-kontrole\/#primaryimage\"},\"thumbnailUrl\":\"https:\/\/dmcsrb.com\/wp-content\/uploads\/2026\/01\/agencija-za-nacionalnu-bezbjednost.webp\",\"keywords\":[\"ANB\",\"Dejan Peruni\u010di\u0107\",\"Mjere nadzora\"],\"articleSection\":[\"Hronika\"],\"inLanguage\":\"en-GB\",\"potentialAction\":[{\"@type\":\"CommentAction\",\"name\":\"Comment\",\"target\":[\"https:\/\/dmcsrb.com\/hronika\/gradjani-pod-mjerama-nadzora-institucije-bez-kontrole\/#respond\"]}]},{\"@type\":\"WebPage\",\"@id\":\"https:\/\/dmcsrb.com\/hronika\/gradjani-pod-mjerama-nadzora-institucije-bez-kontrole\/\",\"url\":\"https:\/\/dmcsrb.com\/hronika\/gradjani-pod-mjerama-nadzora-institucije-bez-kontrole\/\",\"name\":\"Gra\u0111ani pod mjerama nadzora, institucije bez kontrole - dmcsrb.com\",\"isPartOf\":{\"@id\":\"https:\/\/dmcsrb.com\/#website\"},\"primaryImageOfPage\":{\"@id\":\"https:\/\/dmcsrb.com\/hronika\/gradjani-pod-mjerama-nadzora-institucije-bez-kontrole\/#primaryimage\"},\"image\":{\"@id\":\"https:\/\/dmcsrb.com\/hronika\/gradjani-pod-mjerama-nadzora-institucije-bez-kontrole\/#primaryimage\"},\"thumbnailUrl\":\"https:\/\/dmcsrb.com\/wp-content\/uploads\/2026\/01\/agencija-za-nacionalnu-bezbjednost.webp\",\"datePublished\":\"2025-09-19T08:43:00+00:00\",\"author\":{\"@id\":\"https:\/\/dmcsrb.com\/#\/schema\/person\/5c39170f12db1b8b457732d0b5c854e2\"},\"breadcrumb\":{\"@id\":\"https:\/\/dmcsrb.com\/hronika\/gradjani-pod-mjerama-nadzora-institucije-bez-kontrole\/#breadcrumb\"},\"inLanguage\":\"en-GB\",\"potentialAction\":[{\"@type\":\"ReadAction\",\"target\":[\"https:\/\/dmcsrb.com\/hronika\/gradjani-pod-mjerama-nadzora-institucije-bez-kontrole\/\"]}]},{\"@type\":\"ImageObject\",\"inLanguage\":\"en-GB\",\"@id\":\"https:\/\/dmcsrb.com\/hronika\/gradjani-pod-mjerama-nadzora-institucije-bez-kontrole\/#primaryimage\",\"url\":\"https:\/\/dmcsrb.com\/wp-content\/uploads\/2026\/01\/agencija-za-nacionalnu-bezbjednost.webp\",\"contentUrl\":\"https:\/\/dmcsrb.com\/wp-content\/uploads\/2026\/01\/agencija-za-nacionalnu-bezbjednost.webp\",\"width\":1776,\"height\":877},{\"@type\":\"BreadcrumbList\",\"@id\":\"https:\/\/dmcsrb.com\/hronika\/gradjani-pod-mjerama-nadzora-institucije-bez-kontrole\/#breadcrumb\",\"itemListElement\":[{\"@type\":\"ListItem\",\"position\":1,\"name\":\"Home\",\"item\":\"https:\/\/dmcsrb.com\/\"},{\"@type\":\"ListItem\",\"position\":2,\"name\":\"Gra\u0111ani pod mjerama nadzora, institucije bez kontrole\"}]},{\"@type\":\"WebSite\",\"@id\":\"https:\/\/dmcsrb.com\/#website\",\"url\":\"https:\/\/dmcsrb.com\/\",\"name\":\"dmcsrb.com\",\"description\":\"\",\"potentialAction\":[{\"@type\":\"SearchAction\",\"target\":{\"@type\":\"EntryPoint\",\"urlTemplate\":\"https:\/\/dmcsrb.com\/?s={search_term_string}\"},\"query-input\":{\"@type\":\"PropertyValueSpecification\",\"valueRequired\":true,\"valueName\":\"search_term_string\"}}],\"inLanguage\":\"en-GB\"},{\"@type\":\"Person\",\"@id\":\"https:\/\/dmcsrb.com\/#\/schema\/person\/5c39170f12db1b8b457732d0b5c854e2\",\"name\":\"dmcsrbija.com@gmail.com\",\"image\":{\"@type\":\"ImageObject\",\"inLanguage\":\"en-GB\",\"@id\":\"https:\/\/dmcsrb.com\/#\/schema\/person\/image\/\",\"url\":\"https:\/\/secure.gravatar.com\/avatar\/68592660ad6347fad0fb587f8d5d8f1a7b44961362f56e4f2cd524feb87e9069?s=96&d=mm&r=g\",\"contentUrl\":\"https:\/\/secure.gravatar.com\/avatar\/68592660ad6347fad0fb587f8d5d8f1a7b44961362f56e4f2cd524feb87e9069?s=96&d=mm&r=g\",\"caption\":\"dmcsrbija.com@gmail.com\"},\"sameAs\":[\"https:\/\/dmcsrb.com\"],\"url\":\"https:\/\/dmcsrb.com\/en\/author\/dmcsrbija-comgmail-com\/\"}]}<\/script>\n<!-- \/ Yoast SEO plugin. -->","yoast_head_json":{"title":"Gra\u0111ani pod mjerama nadzora, institucije bez kontrole - dmcsrb.com","robots":{"index":"index","follow":"follow","max-snippet":"max-snippet:-1","max-image-preview":"max-image-preview:large","max-video-preview":"max-video-preview:-1"},"canonical":"https:\/\/dmcsrb.com\/en\/hronika\/gradjani-pod-mjerama-nadzora-institucije-bez-kontrole\/","og_locale":"en_GB","og_type":"article","og_title":"Gra\u0111ani pod mjerama nadzora, institucije bez kontrole - dmcsrb.com","og_description":"Dok EU tra\u017ei zakonite mjere i za\u0161titu prava gra\u0111ana, u Crnoj Gori jo\u0161 nema odgovornih za brojne slu\u010dajeve nezakonitog nadzora.","og_url":"https:\/\/dmcsrb.com\/en\/hronika\/gradjani-pod-mjerama-nadzora-institucije-bez-kontrole\/","og_site_name":"dmcsrb.com","article_published_time":"2025-09-19T08:43:00+00:00","og_image":[{"width":1776,"height":877,"url":"https:\/\/dmcsrb.com\/wp-content\/uploads\/2026\/01\/agencija-za-nacionalnu-bezbjednost.webp","type":"image\/jpeg"}],"author":"dmcsrbija.com@gmail.com","twitter_card":"summary_large_image","twitter_misc":{"Written by":"dmcsrbija.com@gmail.com","Estimated reading time":"4 minutes"},"schema":{"@context":"https:\/\/schema.org","@graph":[{"@type":"Article","@id":"https:\/\/dmcsrb.com\/hronika\/gradjani-pod-mjerama-nadzora-institucije-bez-kontrole\/#article","isPartOf":{"@id":"https:\/\/dmcsrb.com\/hronika\/gradjani-pod-mjerama-nadzora-institucije-bez-kontrole\/"},"author":{"name":"dmcsrbija.com@gmail.com","@id":"https:\/\/dmcsrb.com\/#\/schema\/person\/5c39170f12db1b8b457732d0b5c854e2"},"headline":"Gra\u0111ani pod mjerama nadzora, institucije bez kontrole","datePublished":"2025-09-19T08:43:00+00:00","mainEntityOfPage":{"@id":"https:\/\/dmcsrb.com\/hronika\/gradjani-pod-mjerama-nadzora-institucije-bez-kontrole\/"},"wordCount":847,"commentCount":0,"image":{"@id":"https:\/\/dmcsrb.com\/hronika\/gradjani-pod-mjerama-nadzora-institucije-bez-kontrole\/#primaryimage"},"thumbnailUrl":"https:\/\/dmcsrb.com\/wp-content\/uploads\/2026\/01\/agencija-za-nacionalnu-bezbjednost.webp","keywords":["ANB","Dejan Peruni\u010di\u0107","Mjere nadzora"],"articleSection":["Hronika"],"inLanguage":"en-GB","potentialAction":[{"@type":"CommentAction","name":"Comment","target":["https:\/\/dmcsrb.com\/hronika\/gradjani-pod-mjerama-nadzora-institucije-bez-kontrole\/#respond"]}]},{"@type":"WebPage","@id":"https:\/\/dmcsrb.com\/hronika\/gradjani-pod-mjerama-nadzora-institucije-bez-kontrole\/","url":"https:\/\/dmcsrb.com\/hronika\/gradjani-pod-mjerama-nadzora-institucije-bez-kontrole\/","name":"Gra\u0111ani pod mjerama nadzora, institucije bez kontrole - dmcsrb.com","isPartOf":{"@id":"https:\/\/dmcsrb.com\/#website"},"primaryImageOfPage":{"@id":"https:\/\/dmcsrb.com\/hronika\/gradjani-pod-mjerama-nadzora-institucije-bez-kontrole\/#primaryimage"},"image":{"@id":"https:\/\/dmcsrb.com\/hronika\/gradjani-pod-mjerama-nadzora-institucije-bez-kontrole\/#primaryimage"},"thumbnailUrl":"https:\/\/dmcsrb.com\/wp-content\/uploads\/2026\/01\/agencija-za-nacionalnu-bezbjednost.webp","datePublished":"2025-09-19T08:43:00+00:00","author":{"@id":"https:\/\/dmcsrb.com\/#\/schema\/person\/5c39170f12db1b8b457732d0b5c854e2"},"breadcrumb":{"@id":"https:\/\/dmcsrb.com\/hronika\/gradjani-pod-mjerama-nadzora-institucije-bez-kontrole\/#breadcrumb"},"inLanguage":"en-GB","potentialAction":[{"@type":"ReadAction","target":["https:\/\/dmcsrb.com\/hronika\/gradjani-pod-mjerama-nadzora-institucije-bez-kontrole\/"]}]},{"@type":"ImageObject","inLanguage":"en-GB","@id":"https:\/\/dmcsrb.com\/hronika\/gradjani-pod-mjerama-nadzora-institucije-bez-kontrole\/#primaryimage","url":"https:\/\/dmcsrb.com\/wp-content\/uploads\/2026\/01\/agencija-za-nacionalnu-bezbjednost.webp","contentUrl":"https:\/\/dmcsrb.com\/wp-content\/uploads\/2026\/01\/agencija-za-nacionalnu-bezbjednost.webp","width":1776,"height":877},{"@type":"BreadcrumbList","@id":"https:\/\/dmcsrb.com\/hronika\/gradjani-pod-mjerama-nadzora-institucije-bez-kontrole\/#breadcrumb","itemListElement":[{"@type":"ListItem","position":1,"name":"Home","item":"https:\/\/dmcsrb.com\/"},{"@type":"ListItem","position":2,"name":"Gra\u0111ani pod mjerama nadzora, institucije bez kontrole"}]},{"@type":"WebSite","@id":"https:\/\/dmcsrb.com\/#website","url":"https:\/\/dmcsrb.com\/","name":"dmcsrb.com","description":"","potentialAction":[{"@type":"SearchAction","target":{"@type":"EntryPoint","urlTemplate":"https:\/\/dmcsrb.com\/?s={search_term_string}"},"query-input":{"@type":"PropertyValueSpecification","valueRequired":true,"valueName":"search_term_string"}}],"inLanguage":"en-GB"},{"@type":"Person","@id":"https:\/\/dmcsrb.com\/#\/schema\/person\/5c39170f12db1b8b457732d0b5c854e2","name":"dmcsrbija.com@gmail.com","image":{"@type":"ImageObject","inLanguage":"en-GB","@id":"https:\/\/dmcsrb.com\/#\/schema\/person\/image\/","url":"https:\/\/secure.gravatar.com\/avatar\/68592660ad6347fad0fb587f8d5d8f1a7b44961362f56e4f2cd524feb87e9069?s=96&d=mm&r=g","contentUrl":"https:\/\/secure.gravatar.com\/avatar\/68592660ad6347fad0fb587f8d5d8f1a7b44961362f56e4f2cd524feb87e9069?s=96&d=mm&r=g","caption":"dmcsrbija.com@gmail.com"},"sameAs":["https:\/\/dmcsrb.com"],"url":"https:\/\/dmcsrb.com\/en\/author\/dmcsrbija-comgmail-com\/"}]}},"_links":{"self":[{"href":"https:\/\/dmcsrb.com\/en\/wp-json\/wp\/v2\/posts\/952946","targetHints":{"allow":["GET"]}}],"collection":[{"href":"https:\/\/dmcsrb.com\/en\/wp-json\/wp\/v2\/posts"}],"about":[{"href":"https:\/\/dmcsrb.com\/en\/wp-json\/wp\/v2\/types\/post"}],"author":[{"embeddable":true,"href":"https:\/\/dmcsrb.com\/en\/wp-json\/wp\/v2\/users\/1"}],"replies":[{"embeddable":true,"href":"https:\/\/dmcsrb.com\/en\/wp-json\/wp\/v2\/comments?post=952946"}],"version-history":[{"count":0,"href":"https:\/\/dmcsrb.com\/en\/wp-json\/wp\/v2\/posts\/952946\/revisions"}],"wp:featuredmedia":[{"embeddable":true,"href":"https:\/\/dmcsrb.com\/en\/wp-json\/wp\/v2\/media\/952947"}],"wp:attachment":[{"href":"https:\/\/dmcsrb.com\/en\/wp-json\/wp\/v2\/media?parent=952946"}],"wp:term":[{"taxonomy":"category","embeddable":true,"href":"https:\/\/dmcsrb.com\/en\/wp-json\/wp\/v2\/categories?post=952946"},{"taxonomy":"post_tag","embeddable":true,"href":"https:\/\/dmcsrb.com\/en\/wp-json\/wp\/v2\/tags?post=952946"},{"taxonomy":"naslovna","embeddable":true,"href":"https:\/\/dmcsrb.com\/en\/wp-json\/wp\/v2\/naslovna?post=952946"}],"curies":[{"name":"wp","href":"https:\/\/api.w.org\/{rel}","templated":true}]}}