{"id":952926,"date":"2025-09-19T11:25:00","date_gmt":"2025-09-19T09:25:00","guid":{"rendered":"https:\/\/dmcsrb.com\/uncategorized\/izlozbe-o-crnogorskoj-istoriji-i-kulturi-izazvale-interesovanje-u-argentini\/"},"modified":"2025-09-19T11:25:00","modified_gmt":"2025-09-19T09:25:00","slug":"izlozbe-o-crnogorskoj-istoriji-i-kulturi-izazvale-interesovanje-u-argentini","status":"publish","type":"post","link":"https:\/\/dmcsrb.com\/en\/drustvo\/izlozbe-o-crnogorskoj-istoriji-i-kulturi-izazvale-interesovanje-u-argentini\/","title":{"rendered":"Izlo\u017ebe o crnogorskoj istoriji i kulturi izazvale interesovanje u Argentini"},"content":{"rendered":"<p><\/p>\n\n\n\n<p><\/p>\n\n\n\n<p>&#8220;Tandil je najstarija crnogorska kolonija u Argentini, gdje su prvi crnogorski imigranti stigli oko 1870. godine, uglavnom da rade u kamenolomima, a Festival zajednica je veoma va\u017ean doga\u0111aj za grad, gdje razli\u010dite zajednice predstavljaju svoju kulturu, kuhinju, istoriju i plesove. Materijali koje je Matica crnogorska poslala preko okeana zajednicama Crnogoraca da se upoznaju sa svojom istorijom i kulturom bili su izlo\u017eeni na \u0161tandu Crnogorske zajednice \u201e\u0110edovi\u201c koja na ovom festivala tradicionalno prisustvuje&#8221;, kazali su u saop\u0161tenju.\u00a0<\/p>\n\n\n\n<p>Kako navode, ove godine, \u0161tand je bio prekrasno ukra\u0161en panoima koje je obezbijedila Matica, izuzetno va\u017ean resurs za predstavljanje istorije, posebno herojskih djela Trinaestojulskog ustanka 1941. koja su trasirala put Crne Gore nakon Drugog svjetskog rata i povratka njenog dr\u017eavnog i nacionalnog dostojanstva. <\/p>\n\n\n\n<p>&#8220;Bilo je i panoa o crnogorskoj narodnoj no\u0161nji i kulturi. Publika je pohvalila kvalitet panoa i pokazala veliko interesovanje za knjige, mape i artefakte iz Crne Gore. Ove godine, crnogorski \u0161tand je dobio ve\u0107u vidljivost zahvaljuju\u0107i izlo\u017eenim materijalima. Posjetioci su bili zainteresovani i pro\u010ditali su mno\u0161tvo informacija. Tako\u0111e su dobili knjige i kataloge izlo\u017ebi na \u0161panskom jeziku \u00a0naveli su iz zajednice \u201e\u0110edovi\u201c&#8221;, dodali su u saop\u0161tenju.<\/p>\n\n\n\n<p>Na \u0161tandu su bili prisutni predsjednica Karina Orahovac-Mili\u0107, sekretarica Liliana Lumovich, zastavnik Ambar Recofsky i prijatelji.<\/p>\n\n\n\n<p>&#8220;Doga\u0111aj je organizovala Tandilska unija zajednica, koju je predvodio predsjednik Germ\u00e1n Menacho. Prisutne su bile zajednice iz Njema\u010dke, Perua, Urugvaja, Bolivije, \u0160panije, Baskije, Brazila, Litvanije, Izraela, Paragvaja, Crne Gore, Italije, Meksika, Danske, te delegacije iz Argentine i Poljske. Dvodnevnoj prezentaciji prisustvovalo skoro dvije hiljade posjetilaca raznih uzrasta, predstavnici mnogih delegacija i plesnih grupa. \u00a0<\/p>\n\n\n\n<p>Matica crnogorska je u proteklom periodu intenzivirala saradnju sa zajednicama Crnogoraca u Ju\u017enoj Americi i ova povratna informacija, kao i prethodno predstavljanje izlo\u017ebi u Kordobi, potvrdila je uspje\u0161nost misije pribli\u017eavanja crnogorske ba\u0161tine potomcima na\u0161ih iseljenika&#8221;, kazali su u saop\u0161tenju.<\/p>","protected":false},"excerpt":{"rendered":"<p>Izlo\u017ebe Matice crnogorske \u201e13. jul 1941 \u2013 Godine prkosa i ponosa\u201c i \u201eCrnogorsko \u0107irilsko \u0161tamparstvo XV i XVI vijeka\u201c, kao i dva panoa na kojima je predstavljena crnogorska tradicionalna no\u0161nja, predstavljeni su na 35. Festivalu zajednica u gradu Tandil u Argentini 13. i 14. septembra 2025. godine, saop\u0161teno je iz Matice crnogorske.<\/p>","protected":false},"author":1,"featured_media":952927,"comment_status":"open","ping_status":"open","sticky":false,"template":"","format":"standard","meta":{"_acf_changed":false,"footnotes":""},"categories":[2],"tags":[5754,51],"naslovna":[],"class_list":["post-952926","post","type-post","status-publish","format-standard","has-post-thumbnail","hentry","category-drustvo","tag-interesovanje","tag-matica"],"acf":[],"yoast_head":"<!-- This site is optimized with the Yoast SEO plugin v27.0 - https:\/\/yoast.com\/product\/yoast-seo-wordpress\/ -->\n<title>Izlo\u017ebe o crnogorskoj istoriji i kulturi izazvale interesovanje u Argentini - dmcsrb.com<\/title>\n<meta name=\"robots\" content=\"index, follow, max-snippet:-1, max-image-preview:large, max-video-preview:-1\" \/>\n<link rel=\"canonical\" href=\"https:\/\/dmcsrb.com\/en\/drustvo\/izlozbe-o-crnogorskoj-istoriji-i-kulturi-izazvale-interesovanje-u-argentini\/\" \/>\n<meta property=\"og:locale\" content=\"en_GB\" \/>\n<meta property=\"og:type\" content=\"article\" \/>\n<meta property=\"og:title\" content=\"Izlo\u017ebe o crnogorskoj istoriji i kulturi izazvale interesovanje u Argentini - dmcsrb.com\" \/>\n<meta property=\"og:description\" content=\"Izlo\u017ebe Matice crnogorske \u201e13. jul 1941 \u2013 Godine prkosa i ponosa\u201c i \u201eCrnogorsko \u0107irilsko \u0161tamparstvo XV i XVI vijeka\u201c, kao i dva panoa na kojima je predstavljena crnogorska tradicionalna no\u0161nja, predstavljeni su na 35. Festivalu zajednica u gradu Tandil u Argentini 13. i 14. septembra 2025. godine, saop\u0161teno je iz Matice crnogorske.\" \/>\n<meta property=\"og:url\" content=\"https:\/\/dmcsrb.com\/en\/drustvo\/izlozbe-o-crnogorskoj-istoriji-i-kulturi-izazvale-interesovanje-u-argentini\/\" \/>\n<meta property=\"og:site_name\" content=\"dmcsrb.com\" \/>\n<meta property=\"article:published_time\" content=\"2025-09-19T09:25:00+00:00\" \/>\n<meta property=\"og:image\" content=\"https:\/\/dmcsrb.com\/wp-content\/uploads\/2026\/01\/01.webp\" \/>\n\t<meta property=\"og:image:width\" content=\"698\" \/>\n\t<meta property=\"og:image:height\" content=\"399\" \/>\n\t<meta property=\"og:image:type\" content=\"image\/jpeg\" \/>\n<meta name=\"author\" content=\"dmcsrbija.com@gmail.com\" \/>\n<meta name=\"twitter:card\" content=\"summary_large_image\" \/>\n<meta name=\"twitter:label1\" content=\"Written by\" \/>\n\t<meta name=\"twitter:data1\" content=\"dmcsrbija.com@gmail.com\" \/>\n\t<meta name=\"twitter:label2\" content=\"Estimated reading time\" \/>\n\t<meta name=\"twitter:data2\" content=\"2 minutes\" \/>\n<script type=\"application\/ld+json\" class=\"yoast-schema-graph\">{\"@context\":\"https:\/\/schema.org\",\"@graph\":[{\"@type\":\"Article\",\"@id\":\"https:\/\/dmcsrb.com\/drustvo\/izlozbe-o-crnogorskoj-istoriji-i-kulturi-izazvale-interesovanje-u-argentini\/#article\",\"isPartOf\":{\"@id\":\"https:\/\/dmcsrb.com\/drustvo\/izlozbe-o-crnogorskoj-istoriji-i-kulturi-izazvale-interesovanje-u-argentini\/\"},\"author\":{\"name\":\"dmcsrbija.com@gmail.com\",\"@id\":\"https:\/\/dmcsrb.com\/#\/schema\/person\/5c39170f12db1b8b457732d0b5c854e2\"},\"headline\":\"Izlo\u017ebe o crnogorskoj istoriji i kulturi izazvale interesovanje u Argentini\",\"datePublished\":\"2025-09-19T09:25:00+00:00\",\"mainEntityOfPage\":{\"@id\":\"https:\/\/dmcsrb.com\/drustvo\/izlozbe-o-crnogorskoj-istoriji-i-kulturi-izazvale-interesovanje-u-argentini\/\"},\"wordCount\":329,\"commentCount\":0,\"image\":{\"@id\":\"https:\/\/dmcsrb.com\/drustvo\/izlozbe-o-crnogorskoj-istoriji-i-kulturi-izazvale-interesovanje-u-argentini\/#primaryimage\"},\"thumbnailUrl\":\"https:\/\/dmcsrb.com\/wp-content\/uploads\/2026\/01\/01.webp\",\"keywords\":[\"interesovanje\",\"matica\"],\"articleSection\":[\"Dru\u0161tvo\"],\"inLanguage\":\"en-GB\",\"potentialAction\":[{\"@type\":\"CommentAction\",\"name\":\"Comment\",\"target\":[\"https:\/\/dmcsrb.com\/drustvo\/izlozbe-o-crnogorskoj-istoriji-i-kulturi-izazvale-interesovanje-u-argentini\/#respond\"]}]},{\"@type\":\"WebPage\",\"@id\":\"https:\/\/dmcsrb.com\/drustvo\/izlozbe-o-crnogorskoj-istoriji-i-kulturi-izazvale-interesovanje-u-argentini\/\",\"url\":\"https:\/\/dmcsrb.com\/drustvo\/izlozbe-o-crnogorskoj-istoriji-i-kulturi-izazvale-interesovanje-u-argentini\/\",\"name\":\"Izlo\u017ebe o crnogorskoj istoriji i kulturi izazvale interesovanje u Argentini - dmcsrb.com\",\"isPartOf\":{\"@id\":\"https:\/\/dmcsrb.com\/#website\"},\"primaryImageOfPage\":{\"@id\":\"https:\/\/dmcsrb.com\/drustvo\/izlozbe-o-crnogorskoj-istoriji-i-kulturi-izazvale-interesovanje-u-argentini\/#primaryimage\"},\"image\":{\"@id\":\"https:\/\/dmcsrb.com\/drustvo\/izlozbe-o-crnogorskoj-istoriji-i-kulturi-izazvale-interesovanje-u-argentini\/#primaryimage\"},\"thumbnailUrl\":\"https:\/\/dmcsrb.com\/wp-content\/uploads\/2026\/01\/01.webp\",\"datePublished\":\"2025-09-19T09:25:00+00:00\",\"author\":{\"@id\":\"https:\/\/dmcsrb.com\/#\/schema\/person\/5c39170f12db1b8b457732d0b5c854e2\"},\"breadcrumb\":{\"@id\":\"https:\/\/dmcsrb.com\/drustvo\/izlozbe-o-crnogorskoj-istoriji-i-kulturi-izazvale-interesovanje-u-argentini\/#breadcrumb\"},\"inLanguage\":\"en-GB\",\"potentialAction\":[{\"@type\":\"ReadAction\",\"target\":[\"https:\/\/dmcsrb.com\/drustvo\/izlozbe-o-crnogorskoj-istoriji-i-kulturi-izazvale-interesovanje-u-argentini\/\"]}]},{\"@type\":\"ImageObject\",\"inLanguage\":\"en-GB\",\"@id\":\"https:\/\/dmcsrb.com\/drustvo\/izlozbe-o-crnogorskoj-istoriji-i-kulturi-izazvale-interesovanje-u-argentini\/#primaryimage\",\"url\":\"https:\/\/dmcsrb.com\/wp-content\/uploads\/2026\/01\/01.webp\",\"contentUrl\":\"https:\/\/dmcsrb.com\/wp-content\/uploads\/2026\/01\/01.webp\",\"width\":698,\"height\":399},{\"@type\":\"BreadcrumbList\",\"@id\":\"https:\/\/dmcsrb.com\/drustvo\/izlozbe-o-crnogorskoj-istoriji-i-kulturi-izazvale-interesovanje-u-argentini\/#breadcrumb\",\"itemListElement\":[{\"@type\":\"ListItem\",\"position\":1,\"name\":\"Home\",\"item\":\"https:\/\/dmcsrb.com\/\"},{\"@type\":\"ListItem\",\"position\":2,\"name\":\"Izlo\u017ebe o crnogorskoj istoriji i kulturi izazvale interesovanje u Argentini\"}]},{\"@type\":\"WebSite\",\"@id\":\"https:\/\/dmcsrb.com\/#website\",\"url\":\"https:\/\/dmcsrb.com\/\",\"name\":\"dmcsrb.com\",\"description\":\"\",\"potentialAction\":[{\"@type\":\"SearchAction\",\"target\":{\"@type\":\"EntryPoint\",\"urlTemplate\":\"https:\/\/dmcsrb.com\/?s={search_term_string}\"},\"query-input\":{\"@type\":\"PropertyValueSpecification\",\"valueRequired\":true,\"valueName\":\"search_term_string\"}}],\"inLanguage\":\"en-GB\"},{\"@type\":\"Person\",\"@id\":\"https:\/\/dmcsrb.com\/#\/schema\/person\/5c39170f12db1b8b457732d0b5c854e2\",\"name\":\"dmcsrbija.com@gmail.com\",\"image\":{\"@type\":\"ImageObject\",\"inLanguage\":\"en-GB\",\"@id\":\"https:\/\/dmcsrb.com\/#\/schema\/person\/image\/\",\"url\":\"https:\/\/secure.gravatar.com\/avatar\/68592660ad6347fad0fb587f8d5d8f1a7b44961362f56e4f2cd524feb87e9069?s=96&d=mm&r=g\",\"contentUrl\":\"https:\/\/secure.gravatar.com\/avatar\/68592660ad6347fad0fb587f8d5d8f1a7b44961362f56e4f2cd524feb87e9069?s=96&d=mm&r=g\",\"caption\":\"dmcsrbija.com@gmail.com\"},\"sameAs\":[\"https:\/\/dmcsrb.com\"],\"url\":\"https:\/\/dmcsrb.com\/en\/author\/dmcsrbija-comgmail-com\/\"}]}<\/script>\n<!-- \/ Yoast SEO plugin. -->","yoast_head_json":{"title":"Izlo\u017ebe o crnogorskoj istoriji i kulturi izazvale interesovanje u Argentini - dmcsrb.com","robots":{"index":"index","follow":"follow","max-snippet":"max-snippet:-1","max-image-preview":"max-image-preview:large","max-video-preview":"max-video-preview:-1"},"canonical":"https:\/\/dmcsrb.com\/en\/drustvo\/izlozbe-o-crnogorskoj-istoriji-i-kulturi-izazvale-interesovanje-u-argentini\/","og_locale":"en_GB","og_type":"article","og_title":"Izlo\u017ebe o crnogorskoj istoriji i kulturi izazvale interesovanje u Argentini - dmcsrb.com","og_description":"Izlo\u017ebe Matice crnogorske \u201e13. jul 1941 \u2013 Godine prkosa i ponosa\u201c i \u201eCrnogorsko \u0107irilsko \u0161tamparstvo XV i XVI vijeka\u201c, kao i dva panoa na kojima je predstavljena crnogorska tradicionalna no\u0161nja, predstavljeni su na 35. Festivalu zajednica u gradu Tandil u Argentini 13. i 14. septembra 2025. godine, saop\u0161teno je iz Matice crnogorske.","og_url":"https:\/\/dmcsrb.com\/en\/drustvo\/izlozbe-o-crnogorskoj-istoriji-i-kulturi-izazvale-interesovanje-u-argentini\/","og_site_name":"dmcsrb.com","article_published_time":"2025-09-19T09:25:00+00:00","og_image":[{"width":698,"height":399,"url":"https:\/\/dmcsrb.com\/wp-content\/uploads\/2026\/01\/01.webp","type":"image\/jpeg"}],"author":"dmcsrbija.com@gmail.com","twitter_card":"summary_large_image","twitter_misc":{"Written by":"dmcsrbija.com@gmail.com","Estimated reading time":"2 minutes"},"schema":{"@context":"https:\/\/schema.org","@graph":[{"@type":"Article","@id":"https:\/\/dmcsrb.com\/drustvo\/izlozbe-o-crnogorskoj-istoriji-i-kulturi-izazvale-interesovanje-u-argentini\/#article","isPartOf":{"@id":"https:\/\/dmcsrb.com\/drustvo\/izlozbe-o-crnogorskoj-istoriji-i-kulturi-izazvale-interesovanje-u-argentini\/"},"author":{"name":"dmcsrbija.com@gmail.com","@id":"https:\/\/dmcsrb.com\/#\/schema\/person\/5c39170f12db1b8b457732d0b5c854e2"},"headline":"Izlo\u017ebe o crnogorskoj istoriji i kulturi izazvale interesovanje u Argentini","datePublished":"2025-09-19T09:25:00+00:00","mainEntityOfPage":{"@id":"https:\/\/dmcsrb.com\/drustvo\/izlozbe-o-crnogorskoj-istoriji-i-kulturi-izazvale-interesovanje-u-argentini\/"},"wordCount":329,"commentCount":0,"image":{"@id":"https:\/\/dmcsrb.com\/drustvo\/izlozbe-o-crnogorskoj-istoriji-i-kulturi-izazvale-interesovanje-u-argentini\/#primaryimage"},"thumbnailUrl":"https:\/\/dmcsrb.com\/wp-content\/uploads\/2026\/01\/01.webp","keywords":["interesovanje","matica"],"articleSection":["Dru\u0161tvo"],"inLanguage":"en-GB","potentialAction":[{"@type":"CommentAction","name":"Comment","target":["https:\/\/dmcsrb.com\/drustvo\/izlozbe-o-crnogorskoj-istoriji-i-kulturi-izazvale-interesovanje-u-argentini\/#respond"]}]},{"@type":"WebPage","@id":"https:\/\/dmcsrb.com\/drustvo\/izlozbe-o-crnogorskoj-istoriji-i-kulturi-izazvale-interesovanje-u-argentini\/","url":"https:\/\/dmcsrb.com\/drustvo\/izlozbe-o-crnogorskoj-istoriji-i-kulturi-izazvale-interesovanje-u-argentini\/","name":"Izlo\u017ebe o crnogorskoj istoriji i kulturi izazvale interesovanje u Argentini - dmcsrb.com","isPartOf":{"@id":"https:\/\/dmcsrb.com\/#website"},"primaryImageOfPage":{"@id":"https:\/\/dmcsrb.com\/drustvo\/izlozbe-o-crnogorskoj-istoriji-i-kulturi-izazvale-interesovanje-u-argentini\/#primaryimage"},"image":{"@id":"https:\/\/dmcsrb.com\/drustvo\/izlozbe-o-crnogorskoj-istoriji-i-kulturi-izazvale-interesovanje-u-argentini\/#primaryimage"},"thumbnailUrl":"https:\/\/dmcsrb.com\/wp-content\/uploads\/2026\/01\/01.webp","datePublished":"2025-09-19T09:25:00+00:00","author":{"@id":"https:\/\/dmcsrb.com\/#\/schema\/person\/5c39170f12db1b8b457732d0b5c854e2"},"breadcrumb":{"@id":"https:\/\/dmcsrb.com\/drustvo\/izlozbe-o-crnogorskoj-istoriji-i-kulturi-izazvale-interesovanje-u-argentini\/#breadcrumb"},"inLanguage":"en-GB","potentialAction":[{"@type":"ReadAction","target":["https:\/\/dmcsrb.com\/drustvo\/izlozbe-o-crnogorskoj-istoriji-i-kulturi-izazvale-interesovanje-u-argentini\/"]}]},{"@type":"ImageObject","inLanguage":"en-GB","@id":"https:\/\/dmcsrb.com\/drustvo\/izlozbe-o-crnogorskoj-istoriji-i-kulturi-izazvale-interesovanje-u-argentini\/#primaryimage","url":"https:\/\/dmcsrb.com\/wp-content\/uploads\/2026\/01\/01.webp","contentUrl":"https:\/\/dmcsrb.com\/wp-content\/uploads\/2026\/01\/01.webp","width":698,"height":399},{"@type":"BreadcrumbList","@id":"https:\/\/dmcsrb.com\/drustvo\/izlozbe-o-crnogorskoj-istoriji-i-kulturi-izazvale-interesovanje-u-argentini\/#breadcrumb","itemListElement":[{"@type":"ListItem","position":1,"name":"Home","item":"https:\/\/dmcsrb.com\/"},{"@type":"ListItem","position":2,"name":"Izlo\u017ebe o crnogorskoj istoriji i kulturi izazvale interesovanje u Argentini"}]},{"@type":"WebSite","@id":"https:\/\/dmcsrb.com\/#website","url":"https:\/\/dmcsrb.com\/","name":"dmcsrb.com","description":"","potentialAction":[{"@type":"SearchAction","target":{"@type":"EntryPoint","urlTemplate":"https:\/\/dmcsrb.com\/?s={search_term_string}"},"query-input":{"@type":"PropertyValueSpecification","valueRequired":true,"valueName":"search_term_string"}}],"inLanguage":"en-GB"},{"@type":"Person","@id":"https:\/\/dmcsrb.com\/#\/schema\/person\/5c39170f12db1b8b457732d0b5c854e2","name":"dmcsrbija.com@gmail.com","image":{"@type":"ImageObject","inLanguage":"en-GB","@id":"https:\/\/dmcsrb.com\/#\/schema\/person\/image\/","url":"https:\/\/secure.gravatar.com\/avatar\/68592660ad6347fad0fb587f8d5d8f1a7b44961362f56e4f2cd524feb87e9069?s=96&d=mm&r=g","contentUrl":"https:\/\/secure.gravatar.com\/avatar\/68592660ad6347fad0fb587f8d5d8f1a7b44961362f56e4f2cd524feb87e9069?s=96&d=mm&r=g","caption":"dmcsrbija.com@gmail.com"},"sameAs":["https:\/\/dmcsrb.com"],"url":"https:\/\/dmcsrb.com\/en\/author\/dmcsrbija-comgmail-com\/"}]}},"_links":{"self":[{"href":"https:\/\/dmcsrb.com\/en\/wp-json\/wp\/v2\/posts\/952926","targetHints":{"allow":["GET"]}}],"collection":[{"href":"https:\/\/dmcsrb.com\/en\/wp-json\/wp\/v2\/posts"}],"about":[{"href":"https:\/\/dmcsrb.com\/en\/wp-json\/wp\/v2\/types\/post"}],"author":[{"embeddable":true,"href":"https:\/\/dmcsrb.com\/en\/wp-json\/wp\/v2\/users\/1"}],"replies":[{"embeddable":true,"href":"https:\/\/dmcsrb.com\/en\/wp-json\/wp\/v2\/comments?post=952926"}],"version-history":[{"count":0,"href":"https:\/\/dmcsrb.com\/en\/wp-json\/wp\/v2\/posts\/952926\/revisions"}],"wp:featuredmedia":[{"embeddable":true,"href":"https:\/\/dmcsrb.com\/en\/wp-json\/wp\/v2\/media\/952927"}],"wp:attachment":[{"href":"https:\/\/dmcsrb.com\/en\/wp-json\/wp\/v2\/media?parent=952926"}],"wp:term":[{"taxonomy":"category","embeddable":true,"href":"https:\/\/dmcsrb.com\/en\/wp-json\/wp\/v2\/categories?post=952926"},{"taxonomy":"post_tag","embeddable":true,"href":"https:\/\/dmcsrb.com\/en\/wp-json\/wp\/v2\/tags?post=952926"},{"taxonomy":"naslovna","embeddable":true,"href":"https:\/\/dmcsrb.com\/en\/wp-json\/wp\/v2\/naslovna?post=952926"}],"curies":[{"name":"wp","href":"https:\/\/api.w.org\/{rel}","templated":true}]}}