{"id":952900,"date":"2025-09-19T08:36:00","date_gmt":"2025-09-19T06:36:00","guid":{"rendered":"https:\/\/dmcsrb.com\/uncategorized\/dodik-ide-na-paradu-u-srbiju\/"},"modified":"2025-09-19T08:36:00","modified_gmt":"2025-09-19T06:36:00","slug":"dodik-ide-na-paradu-u-srbiju","status":"publish","type":"post","link":"https:\/\/dmcsrb.com\/en\/region\/dodik-ide-na-paradu-u-srbiju\/","title":{"rendered":"Dodik ide na paradu u Srbiju"},"content":{"rendered":"<p><\/p>\n\n\n\n<p><\/p>\n\n\n\n<p>On je na svom profilu na platformi X ocijenio da je rije\u010d o \u201cdoga\u0111aju koji \u0107e, pred o\u010dima cijelog svijeta, pokazati silu srpskog jedinstva i mo\u0107 na\u0161e vojske\u201d.<\/p>\n\n\n\n<p>Dodik je podsjetio na rije\u010di admirala Kol\u010daka da je &#8220;Srbija jedna od najljep\u0161ih i najhrabrijih stranica istorije \u010dovje\u010danstva, da je Srbija potpuno juna\u0161tvo&#8221;.<\/p>\n\n\n\n<p>&#8220;Takvu Srbiju \u0107e sutra svijet vidjeti. Ova parada nije samo vojni spektakl, ona je \u017eiva slika ekonomskog i me\u0111unarodnog ja\u010danja Srbije, dokaz da na\u0161 narod zna da gradi, \u010duva i razvija svoju dr\u017eavu. Materijalno-tehni\u010dki napredak Vojske Srbije u posljednjih 10 godina \u010dini svakog Srbina ponosnim&#8221;, istakao je Dodik.<\/p>\n\n\n\n<p>On je naglasio da \u0107e zato sutra\u0161nji dan biti dan ponosa, dan u kojem \u0107e svaka zastava, svaki stroj i svaka pjesma poru\u010diti da je srpski narod nau\u010dio lekcije svoje istorije.<\/p>\n\n\n\n<p>&#8211; Slika koja \u0107e obi\u0107i svijet bi\u0107e jasna opomena svima koji su ikada pomislili da srpskom narodu mogu da prirede novu &#8220;Oluju&#8221;. Takva stradanja vi\u0161e nikada ne\u0107e biti mogu\u0107a &#8211; naveo je Dodik.<\/p>\n\n\n\n<p>Prema njegovim rije\u010dima, strategija odbrane koju je donijela Srbija, a koja je od izuzetnog zna\u010daja i za Republiku Srpsku, predstavlja zajedni\u010dku sigurnosnu ki\u010dmu i poruku svima da srpski narod, ma gdje \u017eivio, nikada vi\u0161e ne\u0107e biti plijen za bilo \u010dije osvaja\u010dke ili revizionisti\u010dke ambicije.<\/p>\n\n\n\n<p><a href=\"https:\/\/dan.co.me\/globus\/balkan\/dodik-carli-kirk-je-bio-iskreni-prijatelj-srpskog-naroda-5315436\"><\/a><a href=\"https:\/\/dan.co.me\/globus\/balkan\/dodik-carli-kirk-je-bio-iskreni-prijatelj-srpskog-naroda-5315436\"><\/a><\/p>\n\n\n\n<p>&#8211; Ta strategija, zajedno sa Deklaracijom Svesrpskog sabora, jasno pokazuje da \u0107e srpski narod sam odlu\u010divati o svojoj budu\u0107nosti i da \u0107e svaki napad na na\u0161 identitet nai\u0107i na jedinstven odgovor &#8211;&nbsp;naveo je Dodik.<\/p>\n\n\n\n<p>On je ukazao &#8220;da je parada &#8220;Snaga jedinstva&#8221; vi\u0161e od manifestacije, da je to zavjet precima i sna\u017ena poruka budu\u0107im generacijama da Srbija, Republika Srpska i sav srpski narod stoje uspravno, \u010dvrsto i nepokolebljivo.<\/p>\n\n\n\n<pre class=\"wp-block-preformatted\"><\/pre>","protected":false},"excerpt":{"rendered":"<p>Milorad Dodik, predsjednik Republike Srpske kojem je CIK oduzeo mandat, najavio je da \u0107e sjutra prisustvovati velikoj vojnoj paradi &#8220;Snaga jedinstva&#8221; u Beogradu.<\/p>","protected":false},"author":1,"featured_media":944211,"comment_status":"open","ping_status":"open","sticky":false,"template":"","format":"standard","meta":{"_acf_changed":false,"footnotes":""},"categories":[103],"tags":[6776,8557],"naslovna":[],"class_list":["post-952900","post","type-post","status-publish","format-standard","has-post-thumbnail","hentry","category-region","tag-dodik","tag-parada-srbija"],"acf":[],"yoast_head":"<!-- This site is optimized with the Yoast SEO plugin v27.4 - https:\/\/yoast.com\/product\/yoast-seo-wordpress\/ -->\n<title>Dodik ide na paradu u Srbiju - dmcsrb.com<\/title>\n<meta name=\"robots\" content=\"index, follow, max-snippet:-1, max-image-preview:large, max-video-preview:-1\" \/>\n<link rel=\"canonical\" href=\"https:\/\/dmcsrb.com\/en\/region\/dodik-ide-na-paradu-u-srbiju\/\" \/>\n<meta property=\"og:locale\" content=\"en_GB\" \/>\n<meta property=\"og:type\" content=\"article\" \/>\n<meta property=\"og:title\" content=\"Dodik ide na paradu u Srbiju - dmcsrb.com\" \/>\n<meta property=\"og:description\" content=\"Milorad Dodik, predsjednik Republike Srpske kojem je CIK oduzeo mandat, najavio je da \u0107e sjutra prisustvovati velikoj vojnoj paradi &quot;Snaga jedinstva&quot; u Beogradu.\" \/>\n<meta property=\"og:url\" content=\"https:\/\/dmcsrb.com\/en\/region\/dodik-ide-na-paradu-u-srbiju\/\" \/>\n<meta property=\"og:site_name\" content=\"dmcsrb.com\" \/>\n<meta property=\"article:published_time\" content=\"2025-09-19T06:36:00+00:00\" \/>\n<meta property=\"og:image\" content=\"https:\/\/dmcsrb.com\/wp-content\/uploads\/2026\/01\/Milorad-Dodik-foto-AP.webp\" \/>\n\t<meta property=\"og:image:width\" content=\"1011\" \/>\n\t<meta property=\"og:image:height\" content=\"625\" \/>\n\t<meta property=\"og:image:type\" content=\"image\/jpeg\" \/>\n<meta name=\"author\" content=\"dmcsrbija.com@gmail.com\" \/>\n<meta name=\"twitter:card\" content=\"summary_large_image\" \/>\n<meta name=\"twitter:label1\" content=\"Written by\" \/>\n\t<meta name=\"twitter:data1\" content=\"dmcsrbija.com@gmail.com\" \/>\n\t<meta name=\"twitter:label2\" content=\"Estimated reading time\" \/>\n\t<meta name=\"twitter:data2\" content=\"2 minutes\" \/>\n<script type=\"application\/ld+json\" class=\"yoast-schema-graph\">{\"@context\":\"https:\\\/\\\/schema.org\",\"@graph\":[{\"@type\":\"Article\",\"@id\":\"https:\\\/\\\/dmcsrb.com\\\/region\\\/dodik-ide-na-paradu-u-srbiju\\\/#article\",\"isPartOf\":{\"@id\":\"https:\\\/\\\/dmcsrb.com\\\/region\\\/dodik-ide-na-paradu-u-srbiju\\\/\"},\"author\":{\"name\":\"dmcsrbija.com@gmail.com\",\"@id\":\"https:\\\/\\\/dmcsrb.com\\\/#\\\/schema\\\/person\\\/5c39170f12db1b8b457732d0b5c854e2\"},\"headline\":\"Dodik ide na paradu u Srbiju\",\"datePublished\":\"2025-09-19T06:36:00+00:00\",\"mainEntityOfPage\":{\"@id\":\"https:\\\/\\\/dmcsrb.com\\\/region\\\/dodik-ide-na-paradu-u-srbiju\\\/\"},\"wordCount\":316,\"commentCount\":0,\"image\":{\"@id\":\"https:\\\/\\\/dmcsrb.com\\\/region\\\/dodik-ide-na-paradu-u-srbiju\\\/#primaryimage\"},\"thumbnailUrl\":\"https:\\\/\\\/dmcsrb.com\\\/wp-content\\\/uploads\\\/2026\\\/01\\\/Milorad-Dodik-foto-AP.webp\",\"keywords\":[\"Dodik\",\"parada srbija\"],\"articleSection\":[\"Region\"],\"inLanguage\":\"en-GB\",\"potentialAction\":[{\"@type\":\"CommentAction\",\"name\":\"Comment\",\"target\":[\"https:\\\/\\\/dmcsrb.com\\\/region\\\/dodik-ide-na-paradu-u-srbiju\\\/#respond\"]}]},{\"@type\":\"WebPage\",\"@id\":\"https:\\\/\\\/dmcsrb.com\\\/region\\\/dodik-ide-na-paradu-u-srbiju\\\/\",\"url\":\"https:\\\/\\\/dmcsrb.com\\\/region\\\/dodik-ide-na-paradu-u-srbiju\\\/\",\"name\":\"Dodik ide na paradu u Srbiju - dmcsrb.com\",\"isPartOf\":{\"@id\":\"https:\\\/\\\/dmcsrb.com\\\/#website\"},\"primaryImageOfPage\":{\"@id\":\"https:\\\/\\\/dmcsrb.com\\\/region\\\/dodik-ide-na-paradu-u-srbiju\\\/#primaryimage\"},\"image\":{\"@id\":\"https:\\\/\\\/dmcsrb.com\\\/region\\\/dodik-ide-na-paradu-u-srbiju\\\/#primaryimage\"},\"thumbnailUrl\":\"https:\\\/\\\/dmcsrb.com\\\/wp-content\\\/uploads\\\/2026\\\/01\\\/Milorad-Dodik-foto-AP.webp\",\"datePublished\":\"2025-09-19T06:36:00+00:00\",\"author\":{\"@id\":\"https:\\\/\\\/dmcsrb.com\\\/#\\\/schema\\\/person\\\/5c39170f12db1b8b457732d0b5c854e2\"},\"breadcrumb\":{\"@id\":\"https:\\\/\\\/dmcsrb.com\\\/region\\\/dodik-ide-na-paradu-u-srbiju\\\/#breadcrumb\"},\"inLanguage\":\"en-GB\",\"potentialAction\":[{\"@type\":\"ReadAction\",\"target\":[\"https:\\\/\\\/dmcsrb.com\\\/region\\\/dodik-ide-na-paradu-u-srbiju\\\/\"]}]},{\"@type\":\"ImageObject\",\"inLanguage\":\"en-GB\",\"@id\":\"https:\\\/\\\/dmcsrb.com\\\/region\\\/dodik-ide-na-paradu-u-srbiju\\\/#primaryimage\",\"url\":\"https:\\\/\\\/dmcsrb.com\\\/wp-content\\\/uploads\\\/2026\\\/01\\\/Milorad-Dodik-foto-AP.webp\",\"contentUrl\":\"https:\\\/\\\/dmcsrb.com\\\/wp-content\\\/uploads\\\/2026\\\/01\\\/Milorad-Dodik-foto-AP.webp\",\"width\":1011,\"height\":625},{\"@type\":\"BreadcrumbList\",\"@id\":\"https:\\\/\\\/dmcsrb.com\\\/region\\\/dodik-ide-na-paradu-u-srbiju\\\/#breadcrumb\",\"itemListElement\":[{\"@type\":\"ListItem\",\"position\":1,\"name\":\"Home\",\"item\":\"https:\\\/\\\/dmcsrb.com\\\/\"},{\"@type\":\"ListItem\",\"position\":2,\"name\":\"Dodik ide na paradu u Srbiju\"}]},{\"@type\":\"WebSite\",\"@id\":\"https:\\\/\\\/dmcsrb.com\\\/#website\",\"url\":\"https:\\\/\\\/dmcsrb.com\\\/\",\"name\":\"dmcsrb.com\",\"description\":\"\",\"potentialAction\":[{\"@type\":\"SearchAction\",\"target\":{\"@type\":\"EntryPoint\",\"urlTemplate\":\"https:\\\/\\\/dmcsrb.com\\\/?s={search_term_string}\"},\"query-input\":{\"@type\":\"PropertyValueSpecification\",\"valueRequired\":true,\"valueName\":\"search_term_string\"}}],\"inLanguage\":\"en-GB\"},{\"@type\":\"Person\",\"@id\":\"https:\\\/\\\/dmcsrb.com\\\/#\\\/schema\\\/person\\\/5c39170f12db1b8b457732d0b5c854e2\",\"name\":\"dmcsrbija.com@gmail.com\",\"image\":{\"@type\":\"ImageObject\",\"inLanguage\":\"en-GB\",\"@id\":\"https:\\\/\\\/secure.gravatar.com\\\/avatar\\\/68592660ad6347fad0fb587f8d5d8f1a7b44961362f56e4f2cd524feb87e9069?s=96&d=mm&r=g\",\"url\":\"https:\\\/\\\/secure.gravatar.com\\\/avatar\\\/68592660ad6347fad0fb587f8d5d8f1a7b44961362f56e4f2cd524feb87e9069?s=96&d=mm&r=g\",\"contentUrl\":\"https:\\\/\\\/secure.gravatar.com\\\/avatar\\\/68592660ad6347fad0fb587f8d5d8f1a7b44961362f56e4f2cd524feb87e9069?s=96&d=mm&r=g\",\"caption\":\"dmcsrbija.com@gmail.com\"},\"sameAs\":[\"https:\\\/\\\/dmcsrb.com\"],\"url\":\"https:\\\/\\\/dmcsrb.com\\\/en\\\/author\\\/dmcsrbija-comgmail-com\\\/\"}]}<\/script>\n<!-- \/ Yoast SEO plugin. -->","yoast_head_json":{"title":"Dodik ide na paradu u Srbiju - dmcsrb.com","robots":{"index":"index","follow":"follow","max-snippet":"max-snippet:-1","max-image-preview":"max-image-preview:large","max-video-preview":"max-video-preview:-1"},"canonical":"https:\/\/dmcsrb.com\/en\/region\/dodik-ide-na-paradu-u-srbiju\/","og_locale":"en_GB","og_type":"article","og_title":"Dodik ide na paradu u Srbiju - dmcsrb.com","og_description":"Milorad Dodik, predsjednik Republike Srpske kojem je CIK oduzeo mandat, najavio je da \u0107e sjutra prisustvovati velikoj vojnoj paradi \"Snaga jedinstva\" u Beogradu.","og_url":"https:\/\/dmcsrb.com\/en\/region\/dodik-ide-na-paradu-u-srbiju\/","og_site_name":"dmcsrb.com","article_published_time":"2025-09-19T06:36:00+00:00","og_image":[{"width":1011,"height":625,"url":"https:\/\/dmcsrb.com\/wp-content\/uploads\/2026\/01\/Milorad-Dodik-foto-AP.webp","type":"image\/jpeg"}],"author":"dmcsrbija.com@gmail.com","twitter_card":"summary_large_image","twitter_misc":{"Written by":"dmcsrbija.com@gmail.com","Estimated reading time":"2 minutes"},"schema":{"@context":"https:\/\/schema.org","@graph":[{"@type":"Article","@id":"https:\/\/dmcsrb.com\/region\/dodik-ide-na-paradu-u-srbiju\/#article","isPartOf":{"@id":"https:\/\/dmcsrb.com\/region\/dodik-ide-na-paradu-u-srbiju\/"},"author":{"name":"dmcsrbija.com@gmail.com","@id":"https:\/\/dmcsrb.com\/#\/schema\/person\/5c39170f12db1b8b457732d0b5c854e2"},"headline":"Dodik ide na paradu u Srbiju","datePublished":"2025-09-19T06:36:00+00:00","mainEntityOfPage":{"@id":"https:\/\/dmcsrb.com\/region\/dodik-ide-na-paradu-u-srbiju\/"},"wordCount":316,"commentCount":0,"image":{"@id":"https:\/\/dmcsrb.com\/region\/dodik-ide-na-paradu-u-srbiju\/#primaryimage"},"thumbnailUrl":"https:\/\/dmcsrb.com\/wp-content\/uploads\/2026\/01\/Milorad-Dodik-foto-AP.webp","keywords":["Dodik","parada srbija"],"articleSection":["Region"],"inLanguage":"en-GB","potentialAction":[{"@type":"CommentAction","name":"Comment","target":["https:\/\/dmcsrb.com\/region\/dodik-ide-na-paradu-u-srbiju\/#respond"]}]},{"@type":"WebPage","@id":"https:\/\/dmcsrb.com\/region\/dodik-ide-na-paradu-u-srbiju\/","url":"https:\/\/dmcsrb.com\/region\/dodik-ide-na-paradu-u-srbiju\/","name":"Dodik ide na paradu u Srbiju - dmcsrb.com","isPartOf":{"@id":"https:\/\/dmcsrb.com\/#website"},"primaryImageOfPage":{"@id":"https:\/\/dmcsrb.com\/region\/dodik-ide-na-paradu-u-srbiju\/#primaryimage"},"image":{"@id":"https:\/\/dmcsrb.com\/region\/dodik-ide-na-paradu-u-srbiju\/#primaryimage"},"thumbnailUrl":"https:\/\/dmcsrb.com\/wp-content\/uploads\/2026\/01\/Milorad-Dodik-foto-AP.webp","datePublished":"2025-09-19T06:36:00+00:00","author":{"@id":"https:\/\/dmcsrb.com\/#\/schema\/person\/5c39170f12db1b8b457732d0b5c854e2"},"breadcrumb":{"@id":"https:\/\/dmcsrb.com\/region\/dodik-ide-na-paradu-u-srbiju\/#breadcrumb"},"inLanguage":"en-GB","potentialAction":[{"@type":"ReadAction","target":["https:\/\/dmcsrb.com\/region\/dodik-ide-na-paradu-u-srbiju\/"]}]},{"@type":"ImageObject","inLanguage":"en-GB","@id":"https:\/\/dmcsrb.com\/region\/dodik-ide-na-paradu-u-srbiju\/#primaryimage","url":"https:\/\/dmcsrb.com\/wp-content\/uploads\/2026\/01\/Milorad-Dodik-foto-AP.webp","contentUrl":"https:\/\/dmcsrb.com\/wp-content\/uploads\/2026\/01\/Milorad-Dodik-foto-AP.webp","width":1011,"height":625},{"@type":"BreadcrumbList","@id":"https:\/\/dmcsrb.com\/region\/dodik-ide-na-paradu-u-srbiju\/#breadcrumb","itemListElement":[{"@type":"ListItem","position":1,"name":"Home","item":"https:\/\/dmcsrb.com\/"},{"@type":"ListItem","position":2,"name":"Dodik ide na paradu u Srbiju"}]},{"@type":"WebSite","@id":"https:\/\/dmcsrb.com\/#website","url":"https:\/\/dmcsrb.com\/","name":"dmcsrb.com","description":"","potentialAction":[{"@type":"SearchAction","target":{"@type":"EntryPoint","urlTemplate":"https:\/\/dmcsrb.com\/?s={search_term_string}"},"query-input":{"@type":"PropertyValueSpecification","valueRequired":true,"valueName":"search_term_string"}}],"inLanguage":"en-GB"},{"@type":"Person","@id":"https:\/\/dmcsrb.com\/#\/schema\/person\/5c39170f12db1b8b457732d0b5c854e2","name":"dmcsrbija.com@gmail.com","image":{"@type":"ImageObject","inLanguage":"en-GB","@id":"https:\/\/secure.gravatar.com\/avatar\/68592660ad6347fad0fb587f8d5d8f1a7b44961362f56e4f2cd524feb87e9069?s=96&d=mm&r=g","url":"https:\/\/secure.gravatar.com\/avatar\/68592660ad6347fad0fb587f8d5d8f1a7b44961362f56e4f2cd524feb87e9069?s=96&d=mm&r=g","contentUrl":"https:\/\/secure.gravatar.com\/avatar\/68592660ad6347fad0fb587f8d5d8f1a7b44961362f56e4f2cd524feb87e9069?s=96&d=mm&r=g","caption":"dmcsrbija.com@gmail.com"},"sameAs":["https:\/\/dmcsrb.com"],"url":"https:\/\/dmcsrb.com\/en\/author\/dmcsrbija-comgmail-com\/"}]}},"_links":{"self":[{"href":"https:\/\/dmcsrb.com\/en\/wp-json\/wp\/v2\/posts\/952900","targetHints":{"allow":["GET"]}}],"collection":[{"href":"https:\/\/dmcsrb.com\/en\/wp-json\/wp\/v2\/posts"}],"about":[{"href":"https:\/\/dmcsrb.com\/en\/wp-json\/wp\/v2\/types\/post"}],"author":[{"embeddable":true,"href":"https:\/\/dmcsrb.com\/en\/wp-json\/wp\/v2\/users\/1"}],"replies":[{"embeddable":true,"href":"https:\/\/dmcsrb.com\/en\/wp-json\/wp\/v2\/comments?post=952900"}],"version-history":[{"count":0,"href":"https:\/\/dmcsrb.com\/en\/wp-json\/wp\/v2\/posts\/952900\/revisions"}],"wp:featuredmedia":[{"embeddable":true,"href":"https:\/\/dmcsrb.com\/en\/wp-json\/wp\/v2\/media\/944211"}],"wp:attachment":[{"href":"https:\/\/dmcsrb.com\/en\/wp-json\/wp\/v2\/media?parent=952900"}],"wp:term":[{"taxonomy":"category","embeddable":true,"href":"https:\/\/dmcsrb.com\/en\/wp-json\/wp\/v2\/categories?post=952900"},{"taxonomy":"post_tag","embeddable":true,"href":"https:\/\/dmcsrb.com\/en\/wp-json\/wp\/v2\/tags?post=952900"},{"taxonomy":"naslovna","embeddable":true,"href":"https:\/\/dmcsrb.com\/en\/wp-json\/wp\/v2\/naslovna?post=952900"}],"curies":[{"name":"wp","href":"https:\/\/api.w.org\/{rel}","templated":true}]}}