{"id":952896,"date":"2025-09-19T09:15:00","date_gmt":"2025-09-19T07:15:00","guid":{"rendered":"https:\/\/dmcsrb.com\/uncategorized\/festival-demokratije-tvojih-pet-minuta-u-cast-danijele-dosljak-pokretanje-vaznih-pitanja-rodne-ravnopravnosti-i-drustvene-inkluzije\/"},"modified":"2025-09-19T09:15:00","modified_gmt":"2025-09-19T07:15:00","slug":"festival-demokratije-tvojih-pet-minuta-u-cast-danijele-dosljak-pokretanje-vaznih-pitanja-rodne-ravnopravnosti-i-drustvene-inkluzije","status":"publish","type":"post","link":"https:\/\/dmcsrb.com\/en\/drustvo\/festival-demokratije-tvojih-pet-minuta-u-cast-danijele-dosljak-pokretanje-vaznih-pitanja-rodne-ravnopravnosti-i-drustvene-inkluzije\/","title":{"rendered":"Festival demokratije &#8220;Tvojih pet minuta u \u010dast Danijele Do\u0161ljak&#8221; &#8211; pokretanje va\u017enih pitanja rodne ravnopravnosti i dru\u0161tvene inkluzije"},"content":{"rendered":"<p><\/p>\n\n\n\n<p><\/p>\n\n\n\n<p>Festival &#8220;Tvojih pet minuta&#8221; zami\u0161ljen je kao mjesto susreta i dijaloga, a okupi\u0107e zna\u010dajan broj eminentnih intelektualki, javnih djelatnica i umjetnica koje \u0107e podijeliti svoja znanja i iskustva.<\/p>\n\n\n\n<p><strong><em>Me\u0111u u\u010desnicama su:<\/em><\/strong><\/p>\n\n\n\n<p>Sne\u017eana Vujovi\u0107 \u0161efica Grupe za suzbijanje maloljetni\u010dke delinkvencije i nasilja u porodici, Ministarstvo unutra\u0161njih poslova Crne Gore, Danijela Pavi\u0107evi\u0107 \u2013 direktorica &#8220;Slu\u017ebenog lista Crne Gore&#8221;, Jelena \u0106orluka \u2013 urednica i voditeljka &#8220;NOVA M&#8221;, Bo\u017eena Jelu\u0161i\u0107 profesorica knji\u017eevnosti i medijske pismenosti, Dr Tatjana Motrenko Simi\u0107 &#8211; oficirka za vezu i relacije ESHRE-a sa UEMS i EBCOG, &#8220;Centar za humanu reprodukciju Budva&#8221;, Milena Lubarda Marojevi\u0107\u2013 direktorica JU &#8220;Grad teatar&#8221; Budva, Marijana Bo\u017eovi\u0107 \u2013 menad\u017eerka Op\u0161tine Budva, Ivona Medigovi\u0107 \u2013 pjesnikinja, Miljana Radoman \u2013 defektolo\u0161kinja i specijalna pedago\u0161kinja.<\/p>\n\n\n\n<p>Moderatorka susreta bi\u0107e Lidija Bojovi\u0107, koja \u0107e voditi diskusije i omogu\u0107iti razmjenu mi\u0161ljenja izme\u0111u u\u010desnica i publike.<\/p>\n\n\n\n<p>U okviru festivala, bi\u0107e dodijeljena i nagrada za razvo\u0458 demokratije &#8220;Grupe gra\u0111ana Bu2&#8221; u \u010dast Danijeli Do\u0161ljak. Ova nagrada ima za cilj da oda po\u010dast svima onima koji su doprinijeli razvoju demokratije, socijalne inkluzije i pravde u Crnoj Gori kroz gra\u0111ansko anga\u017eovanje na razli\u010ditim nivoima vlasti i pobolj\u0161anjem gra\u0111anskih, socijalnih, ekonomskih i kulturnih prava razli\u010ditih dru\u0161tvenih grupa, sa posebnim naglaskom na marginalizovane grupe. Sve nominacije su pa\u017eljivo pregledane i ocijenjene od strane nezavisne komisije kojom predsjedava doc. dr Predrag Zenovi\u0107, profesor politi\u010dkih nauka na Humanisti\u010dkim studijama UDG i glavni pregovara\u010d Crne Gore sa EU.<\/p>\n\n\n\n<p>Festival \u0107e sve\u010dano otvoriti <strong>Maja Vuki\u0107evi\u0107<\/strong>, ministarka u Vladi Crne Gore, koja \u0107e pozdraviti prisutne i naglasiti va\u017enost rodne ravnopravnosti i ja\u010danje \u017eena u dru\u0161tvu i politi\u010dkom \u017eivotu na svim niovoima.<\/p>\n\n\n\n<p>Prijatelji festivala su: &#8220;JP Morsko Dobro&#8221;, &#8220;Regionalni vodovod Crnogorsko primorje&#8221;, &#8220;MegaPromet&#8221;, &#8220;Lounge bar Perla&#8221;, &#8220;Restoran Porto&#8221;, &#8220;Atelje Milena Kolinovi\u0107&#8221;, &#8220;Stela Market&#8221;, &#8220;SpiderMax&#8221;.<\/p>\n\n\n\n<p>&#8220;Pozivamo sve zainteresovane da se pridru\u017ee ovom zna\u010dajnom doga\u0111aju, u\u010destvuju u diskusijama i doprinesu unapre\u0111enju rodne ravnopravnosti u na\u0161oj zajednici. Vidimo se u Budvi&#8221;, poru\u010dili su iz Grupe gra\u0111ana Bu2.<\/p>","protected":false},"excerpt":{"rendered":"<p>Nevladina organizacija &#8220;Grupa gra\u0111ana Bu2&#8221; sa velikim zadovoljstvom najavljuje odr\u017eavanje III festivala demokratije pod nazivom &#8220;Tvojih pet minuta u \u010dast Danijeli Do\u0161ljak&#8221;, koji za cilj ima pokretanje va\u017enih pitanja rodne ravnopravnosti i dru\u0161tvene inkluzije kroz podsticanje dijaloga i priznanje onima koji se isti\u010du dru\u0161tvenim anga\u017emanom. Festival \u0107e se odr\u017eati u ponedeljak, 29. i utorak, 30. septembra, sa po\u010detkom u 12 sati, u velikoj sali Skup\u0161tine op\u0161tine Budva.<\/p>","protected":false},"author":1,"featured_media":952897,"comment_status":"open","ping_status":"open","sticky":false,"template":"","format":"standard","meta":{"_acf_changed":false,"footnotes":""},"categories":[2],"tags":[4506,1898],"naslovna":[],"class_list":["post-952896","post","type-post","status-publish","format-standard","has-post-thumbnail","hentry","category-drustvo","tag-grupa-gradjana-bu2","tag-maja-vukicevic"],"acf":[],"yoast_head":"<!-- This site is optimized with the Yoast SEO plugin v27.4 - https:\/\/yoast.com\/product\/yoast-seo-wordpress\/ -->\n<title>Festival demokratije &quot;Tvojih pet minuta u \u010dast Danijele Do\u0161ljak&quot; - pokretanje va\u017enih pitanja rodne ravnopravnosti i dru\u0161tvene inkluzije - dmcsrb.com<\/title>\n<meta name=\"robots\" content=\"index, follow, max-snippet:-1, max-image-preview:large, max-video-preview:-1\" \/>\n<link rel=\"canonical\" href=\"https:\/\/dmcsrb.com\/en\/drustvo\/festival-demokratije-tvojih-pet-minuta-u-cast-danijele-dosljak-pokretanje-vaznih-pitanja-rodne-ravnopravnosti-i-drustvene-inkluzije\/\" \/>\n<meta property=\"og:locale\" content=\"en_GB\" \/>\n<meta property=\"og:type\" content=\"article\" \/>\n<meta property=\"og:title\" content=\"Festival demokratije &quot;Tvojih pet minuta u \u010dast Danijele Do\u0161ljak&quot; - pokretanje va\u017enih pitanja rodne ravnopravnosti i dru\u0161tvene inkluzije - dmcsrb.com\" \/>\n<meta property=\"og:description\" content=\"Nevladina organizacija &quot;Grupa gra\u0111ana Bu2&quot; sa velikim zadovoljstvom najavljuje odr\u017eavanje III festivala demokratije pod nazivom &quot;Tvojih pet minuta u \u010dast Danijeli Do\u0161ljak&quot;, koji za cilj ima pokretanje va\u017enih pitanja rodne ravnopravnosti i dru\u0161tvene inkluzije kroz podsticanje dijaloga i priznanje onima koji se isti\u010du dru\u0161tvenim anga\u017emanom. Festival \u0107e se odr\u017eati u ponedeljak, 29. i utorak, 30. septembra, sa po\u010detkom u 12 sati, u velikoj sali Skup\u0161tine op\u0161tine Budva.\" \/>\n<meta property=\"og:url\" content=\"https:\/\/dmcsrb.com\/en\/drustvo\/festival-demokratije-tvojih-pet-minuta-u-cast-danijele-dosljak-pokretanje-vaznih-pitanja-rodne-ravnopravnosti-i-drustvene-inkluzije\/\" \/>\n<meta property=\"og:site_name\" content=\"dmcsrb.com\" \/>\n<meta property=\"article:published_time\" content=\"2025-09-19T07:15:00+00:00\" \/>\n<meta property=\"og:image\" content=\"https:\/\/dmcsrb.com\/wp-content\/uploads\/2026\/01\/Festival-demokratije-foto-GG-BU2.webp\" \/>\n\t<meta property=\"og:image:width\" content=\"1142\" \/>\n\t<meta property=\"og:image:height\" content=\"795\" \/>\n\t<meta property=\"og:image:type\" content=\"image\/jpeg\" \/>\n<meta name=\"author\" content=\"dmcsrbija.com@gmail.com\" \/>\n<meta name=\"twitter:card\" content=\"summary_large_image\" \/>\n<meta name=\"twitter:label1\" content=\"Written by\" \/>\n\t<meta name=\"twitter:data1\" content=\"dmcsrbija.com@gmail.com\" \/>\n\t<meta name=\"twitter:label2\" content=\"Estimated reading time\" \/>\n\t<meta name=\"twitter:data2\" content=\"2 minutes\" \/>\n<script type=\"application\/ld+json\" class=\"yoast-schema-graph\">{\"@context\":\"https:\\\/\\\/schema.org\",\"@graph\":[{\"@type\":\"Article\",\"@id\":\"https:\\\/\\\/dmcsrb.com\\\/drustvo\\\/festival-demokratije-tvojih-pet-minuta-u-cast-danijele-dosljak-pokretanje-vaznih-pitanja-rodne-ravnopravnosti-i-drustvene-inkluzije\\\/#article\",\"isPartOf\":{\"@id\":\"https:\\\/\\\/dmcsrb.com\\\/drustvo\\\/festival-demokratije-tvojih-pet-minuta-u-cast-danijele-dosljak-pokretanje-vaznih-pitanja-rodne-ravnopravnosti-i-drustvene-inkluzije\\\/\"},\"author\":{\"name\":\"dmcsrbija.com@gmail.com\",\"@id\":\"https:\\\/\\\/dmcsrb.com\\\/#\\\/schema\\\/person\\\/5c39170f12db1b8b457732d0b5c854e2\"},\"headline\":\"Festival demokratije &#8220;Tvojih pet minuta u \u010dast Danijele Do\u0161ljak&#8221; &#8211; pokretanje va\u017enih pitanja rodne ravnopravnosti i dru\u0161tvene inkluzije\",\"datePublished\":\"2025-09-19T07:15:00+00:00\",\"mainEntityOfPage\":{\"@id\":\"https:\\\/\\\/dmcsrb.com\\\/drustvo\\\/festival-demokratije-tvojih-pet-minuta-u-cast-danijele-dosljak-pokretanje-vaznih-pitanja-rodne-ravnopravnosti-i-drustvene-inkluzije\\\/\"},\"wordCount\":377,\"commentCount\":0,\"image\":{\"@id\":\"https:\\\/\\\/dmcsrb.com\\\/drustvo\\\/festival-demokratije-tvojih-pet-minuta-u-cast-danijele-dosljak-pokretanje-vaznih-pitanja-rodne-ravnopravnosti-i-drustvene-inkluzije\\\/#primaryimage\"},\"thumbnailUrl\":\"https:\\\/\\\/dmcsrb.com\\\/wp-content\\\/uploads\\\/2026\\\/01\\\/Festival-demokratije-foto-GG-BU2.webp\",\"keywords\":[\"Grupa gra\u0111ana BU2\",\"maja vuki\u0107evi\u0107\"],\"articleSection\":[\"Dru\u0161tvo\"],\"inLanguage\":\"en-GB\",\"potentialAction\":[{\"@type\":\"CommentAction\",\"name\":\"Comment\",\"target\":[\"https:\\\/\\\/dmcsrb.com\\\/drustvo\\\/festival-demokratije-tvojih-pet-minuta-u-cast-danijele-dosljak-pokretanje-vaznih-pitanja-rodne-ravnopravnosti-i-drustvene-inkluzije\\\/#respond\"]}]},{\"@type\":\"WebPage\",\"@id\":\"https:\\\/\\\/dmcsrb.com\\\/drustvo\\\/festival-demokratije-tvojih-pet-minuta-u-cast-danijele-dosljak-pokretanje-vaznih-pitanja-rodne-ravnopravnosti-i-drustvene-inkluzije\\\/\",\"url\":\"https:\\\/\\\/dmcsrb.com\\\/drustvo\\\/festival-demokratije-tvojih-pet-minuta-u-cast-danijele-dosljak-pokretanje-vaznih-pitanja-rodne-ravnopravnosti-i-drustvene-inkluzije\\\/\",\"name\":\"Festival demokratije \\\"Tvojih pet minuta u \u010dast Danijele Do\u0161ljak\\\" - pokretanje va\u017enih pitanja rodne ravnopravnosti i dru\u0161tvene inkluzije - dmcsrb.com\",\"isPartOf\":{\"@id\":\"https:\\\/\\\/dmcsrb.com\\\/#website\"},\"primaryImageOfPage\":{\"@id\":\"https:\\\/\\\/dmcsrb.com\\\/drustvo\\\/festival-demokratije-tvojih-pet-minuta-u-cast-danijele-dosljak-pokretanje-vaznih-pitanja-rodne-ravnopravnosti-i-drustvene-inkluzije\\\/#primaryimage\"},\"image\":{\"@id\":\"https:\\\/\\\/dmcsrb.com\\\/drustvo\\\/festival-demokratije-tvojih-pet-minuta-u-cast-danijele-dosljak-pokretanje-vaznih-pitanja-rodne-ravnopravnosti-i-drustvene-inkluzije\\\/#primaryimage\"},\"thumbnailUrl\":\"https:\\\/\\\/dmcsrb.com\\\/wp-content\\\/uploads\\\/2026\\\/01\\\/Festival-demokratije-foto-GG-BU2.webp\",\"datePublished\":\"2025-09-19T07:15:00+00:00\",\"author\":{\"@id\":\"https:\\\/\\\/dmcsrb.com\\\/#\\\/schema\\\/person\\\/5c39170f12db1b8b457732d0b5c854e2\"},\"breadcrumb\":{\"@id\":\"https:\\\/\\\/dmcsrb.com\\\/drustvo\\\/festival-demokratije-tvojih-pet-minuta-u-cast-danijele-dosljak-pokretanje-vaznih-pitanja-rodne-ravnopravnosti-i-drustvene-inkluzije\\\/#breadcrumb\"},\"inLanguage\":\"en-GB\",\"potentialAction\":[{\"@type\":\"ReadAction\",\"target\":[\"https:\\\/\\\/dmcsrb.com\\\/drustvo\\\/festival-demokratije-tvojih-pet-minuta-u-cast-danijele-dosljak-pokretanje-vaznih-pitanja-rodne-ravnopravnosti-i-drustvene-inkluzije\\\/\"]}]},{\"@type\":\"ImageObject\",\"inLanguage\":\"en-GB\",\"@id\":\"https:\\\/\\\/dmcsrb.com\\\/drustvo\\\/festival-demokratije-tvojih-pet-minuta-u-cast-danijele-dosljak-pokretanje-vaznih-pitanja-rodne-ravnopravnosti-i-drustvene-inkluzije\\\/#primaryimage\",\"url\":\"https:\\\/\\\/dmcsrb.com\\\/wp-content\\\/uploads\\\/2026\\\/01\\\/Festival-demokratije-foto-GG-BU2.webp\",\"contentUrl\":\"https:\\\/\\\/dmcsrb.com\\\/wp-content\\\/uploads\\\/2026\\\/01\\\/Festival-demokratije-foto-GG-BU2.webp\",\"width\":1142,\"height\":795},{\"@type\":\"BreadcrumbList\",\"@id\":\"https:\\\/\\\/dmcsrb.com\\\/drustvo\\\/festival-demokratije-tvojih-pet-minuta-u-cast-danijele-dosljak-pokretanje-vaznih-pitanja-rodne-ravnopravnosti-i-drustvene-inkluzije\\\/#breadcrumb\",\"itemListElement\":[{\"@type\":\"ListItem\",\"position\":1,\"name\":\"Home\",\"item\":\"https:\\\/\\\/dmcsrb.com\\\/\"},{\"@type\":\"ListItem\",\"position\":2,\"name\":\"Festival demokratije &#8220;Tvojih pet minuta u \u010dast Danijele Do\u0161ljak&#8221; &#8211; pokretanje va\u017enih pitanja rodne ravnopravnosti i dru\u0161tvene inkluzije\"}]},{\"@type\":\"WebSite\",\"@id\":\"https:\\\/\\\/dmcsrb.com\\\/#website\",\"url\":\"https:\\\/\\\/dmcsrb.com\\\/\",\"name\":\"dmcsrb.com\",\"description\":\"\",\"potentialAction\":[{\"@type\":\"SearchAction\",\"target\":{\"@type\":\"EntryPoint\",\"urlTemplate\":\"https:\\\/\\\/dmcsrb.com\\\/?s={search_term_string}\"},\"query-input\":{\"@type\":\"PropertyValueSpecification\",\"valueRequired\":true,\"valueName\":\"search_term_string\"}}],\"inLanguage\":\"en-GB\"},{\"@type\":\"Person\",\"@id\":\"https:\\\/\\\/dmcsrb.com\\\/#\\\/schema\\\/person\\\/5c39170f12db1b8b457732d0b5c854e2\",\"name\":\"dmcsrbija.com@gmail.com\",\"image\":{\"@type\":\"ImageObject\",\"inLanguage\":\"en-GB\",\"@id\":\"https:\\\/\\\/secure.gravatar.com\\\/avatar\\\/68592660ad6347fad0fb587f8d5d8f1a7b44961362f56e4f2cd524feb87e9069?s=96&d=mm&r=g\",\"url\":\"https:\\\/\\\/secure.gravatar.com\\\/avatar\\\/68592660ad6347fad0fb587f8d5d8f1a7b44961362f56e4f2cd524feb87e9069?s=96&d=mm&r=g\",\"contentUrl\":\"https:\\\/\\\/secure.gravatar.com\\\/avatar\\\/68592660ad6347fad0fb587f8d5d8f1a7b44961362f56e4f2cd524feb87e9069?s=96&d=mm&r=g\",\"caption\":\"dmcsrbija.com@gmail.com\"},\"sameAs\":[\"https:\\\/\\\/dmcsrb.com\"],\"url\":\"https:\\\/\\\/dmcsrb.com\\\/en\\\/author\\\/dmcsrbija-comgmail-com\\\/\"}]}<\/script>\n<!-- \/ Yoast SEO plugin. -->","yoast_head_json":{"title":"Festival demokratije \"Tvojih pet minuta u \u010dast Danijele Do\u0161ljak\" - pokretanje va\u017enih pitanja rodne ravnopravnosti i dru\u0161tvene inkluzije - dmcsrb.com","robots":{"index":"index","follow":"follow","max-snippet":"max-snippet:-1","max-image-preview":"max-image-preview:large","max-video-preview":"max-video-preview:-1"},"canonical":"https:\/\/dmcsrb.com\/en\/drustvo\/festival-demokratije-tvojih-pet-minuta-u-cast-danijele-dosljak-pokretanje-vaznih-pitanja-rodne-ravnopravnosti-i-drustvene-inkluzije\/","og_locale":"en_GB","og_type":"article","og_title":"Festival demokratije \"Tvojih pet minuta u \u010dast Danijele Do\u0161ljak\" - pokretanje va\u017enih pitanja rodne ravnopravnosti i dru\u0161tvene inkluzije - dmcsrb.com","og_description":"Nevladina organizacija \"Grupa gra\u0111ana Bu2\" sa velikim zadovoljstvom najavljuje odr\u017eavanje III festivala demokratije pod nazivom \"Tvojih pet minuta u \u010dast Danijeli Do\u0161ljak\", koji za cilj ima pokretanje va\u017enih pitanja rodne ravnopravnosti i dru\u0161tvene inkluzije kroz podsticanje dijaloga i priznanje onima koji se isti\u010du dru\u0161tvenim anga\u017emanom. Festival \u0107e se odr\u017eati u ponedeljak, 29. i utorak, 30. septembra, sa po\u010detkom u 12 sati, u velikoj sali Skup\u0161tine op\u0161tine Budva.","og_url":"https:\/\/dmcsrb.com\/en\/drustvo\/festival-demokratije-tvojih-pet-minuta-u-cast-danijele-dosljak-pokretanje-vaznih-pitanja-rodne-ravnopravnosti-i-drustvene-inkluzije\/","og_site_name":"dmcsrb.com","article_published_time":"2025-09-19T07:15:00+00:00","og_image":[{"width":1142,"height":795,"url":"https:\/\/dmcsrb.com\/wp-content\/uploads\/2026\/01\/Festival-demokratije-foto-GG-BU2.webp","type":"image\/jpeg"}],"author":"dmcsrbija.com@gmail.com","twitter_card":"summary_large_image","twitter_misc":{"Written by":"dmcsrbija.com@gmail.com","Estimated reading time":"2 minutes"},"schema":{"@context":"https:\/\/schema.org","@graph":[{"@type":"Article","@id":"https:\/\/dmcsrb.com\/drustvo\/festival-demokratije-tvojih-pet-minuta-u-cast-danijele-dosljak-pokretanje-vaznih-pitanja-rodne-ravnopravnosti-i-drustvene-inkluzije\/#article","isPartOf":{"@id":"https:\/\/dmcsrb.com\/drustvo\/festival-demokratije-tvojih-pet-minuta-u-cast-danijele-dosljak-pokretanje-vaznih-pitanja-rodne-ravnopravnosti-i-drustvene-inkluzije\/"},"author":{"name":"dmcsrbija.com@gmail.com","@id":"https:\/\/dmcsrb.com\/#\/schema\/person\/5c39170f12db1b8b457732d0b5c854e2"},"headline":"Festival demokratije &#8220;Tvojih pet minuta u \u010dast Danijele Do\u0161ljak&#8221; &#8211; pokretanje va\u017enih pitanja rodne ravnopravnosti i dru\u0161tvene inkluzije","datePublished":"2025-09-19T07:15:00+00:00","mainEntityOfPage":{"@id":"https:\/\/dmcsrb.com\/drustvo\/festival-demokratije-tvojih-pet-minuta-u-cast-danijele-dosljak-pokretanje-vaznih-pitanja-rodne-ravnopravnosti-i-drustvene-inkluzije\/"},"wordCount":377,"commentCount":0,"image":{"@id":"https:\/\/dmcsrb.com\/drustvo\/festival-demokratije-tvojih-pet-minuta-u-cast-danijele-dosljak-pokretanje-vaznih-pitanja-rodne-ravnopravnosti-i-drustvene-inkluzije\/#primaryimage"},"thumbnailUrl":"https:\/\/dmcsrb.com\/wp-content\/uploads\/2026\/01\/Festival-demokratije-foto-GG-BU2.webp","keywords":["Grupa gra\u0111ana BU2","maja vuki\u0107evi\u0107"],"articleSection":["Dru\u0161tvo"],"inLanguage":"en-GB","potentialAction":[{"@type":"CommentAction","name":"Comment","target":["https:\/\/dmcsrb.com\/drustvo\/festival-demokratije-tvojih-pet-minuta-u-cast-danijele-dosljak-pokretanje-vaznih-pitanja-rodne-ravnopravnosti-i-drustvene-inkluzije\/#respond"]}]},{"@type":"WebPage","@id":"https:\/\/dmcsrb.com\/drustvo\/festival-demokratije-tvojih-pet-minuta-u-cast-danijele-dosljak-pokretanje-vaznih-pitanja-rodne-ravnopravnosti-i-drustvene-inkluzije\/","url":"https:\/\/dmcsrb.com\/drustvo\/festival-demokratije-tvojih-pet-minuta-u-cast-danijele-dosljak-pokretanje-vaznih-pitanja-rodne-ravnopravnosti-i-drustvene-inkluzije\/","name":"Festival demokratije \"Tvojih pet minuta u \u010dast Danijele Do\u0161ljak\" - pokretanje va\u017enih pitanja rodne ravnopravnosti i dru\u0161tvene inkluzije - dmcsrb.com","isPartOf":{"@id":"https:\/\/dmcsrb.com\/#website"},"primaryImageOfPage":{"@id":"https:\/\/dmcsrb.com\/drustvo\/festival-demokratije-tvojih-pet-minuta-u-cast-danijele-dosljak-pokretanje-vaznih-pitanja-rodne-ravnopravnosti-i-drustvene-inkluzije\/#primaryimage"},"image":{"@id":"https:\/\/dmcsrb.com\/drustvo\/festival-demokratije-tvojih-pet-minuta-u-cast-danijele-dosljak-pokretanje-vaznih-pitanja-rodne-ravnopravnosti-i-drustvene-inkluzije\/#primaryimage"},"thumbnailUrl":"https:\/\/dmcsrb.com\/wp-content\/uploads\/2026\/01\/Festival-demokratije-foto-GG-BU2.webp","datePublished":"2025-09-19T07:15:00+00:00","author":{"@id":"https:\/\/dmcsrb.com\/#\/schema\/person\/5c39170f12db1b8b457732d0b5c854e2"},"breadcrumb":{"@id":"https:\/\/dmcsrb.com\/drustvo\/festival-demokratije-tvojih-pet-minuta-u-cast-danijele-dosljak-pokretanje-vaznih-pitanja-rodne-ravnopravnosti-i-drustvene-inkluzije\/#breadcrumb"},"inLanguage":"en-GB","potentialAction":[{"@type":"ReadAction","target":["https:\/\/dmcsrb.com\/drustvo\/festival-demokratije-tvojih-pet-minuta-u-cast-danijele-dosljak-pokretanje-vaznih-pitanja-rodne-ravnopravnosti-i-drustvene-inkluzije\/"]}]},{"@type":"ImageObject","inLanguage":"en-GB","@id":"https:\/\/dmcsrb.com\/drustvo\/festival-demokratije-tvojih-pet-minuta-u-cast-danijele-dosljak-pokretanje-vaznih-pitanja-rodne-ravnopravnosti-i-drustvene-inkluzije\/#primaryimage","url":"https:\/\/dmcsrb.com\/wp-content\/uploads\/2026\/01\/Festival-demokratije-foto-GG-BU2.webp","contentUrl":"https:\/\/dmcsrb.com\/wp-content\/uploads\/2026\/01\/Festival-demokratije-foto-GG-BU2.webp","width":1142,"height":795},{"@type":"BreadcrumbList","@id":"https:\/\/dmcsrb.com\/drustvo\/festival-demokratije-tvojih-pet-minuta-u-cast-danijele-dosljak-pokretanje-vaznih-pitanja-rodne-ravnopravnosti-i-drustvene-inkluzije\/#breadcrumb","itemListElement":[{"@type":"ListItem","position":1,"name":"Home","item":"https:\/\/dmcsrb.com\/"},{"@type":"ListItem","position":2,"name":"Festival demokratije &#8220;Tvojih pet minuta u \u010dast Danijele Do\u0161ljak&#8221; &#8211; pokretanje va\u017enih pitanja rodne ravnopravnosti i dru\u0161tvene inkluzije"}]},{"@type":"WebSite","@id":"https:\/\/dmcsrb.com\/#website","url":"https:\/\/dmcsrb.com\/","name":"dmcsrb.com","description":"","potentialAction":[{"@type":"SearchAction","target":{"@type":"EntryPoint","urlTemplate":"https:\/\/dmcsrb.com\/?s={search_term_string}"},"query-input":{"@type":"PropertyValueSpecification","valueRequired":true,"valueName":"search_term_string"}}],"inLanguage":"en-GB"},{"@type":"Person","@id":"https:\/\/dmcsrb.com\/#\/schema\/person\/5c39170f12db1b8b457732d0b5c854e2","name":"dmcsrbija.com@gmail.com","image":{"@type":"ImageObject","inLanguage":"en-GB","@id":"https:\/\/secure.gravatar.com\/avatar\/68592660ad6347fad0fb587f8d5d8f1a7b44961362f56e4f2cd524feb87e9069?s=96&d=mm&r=g","url":"https:\/\/secure.gravatar.com\/avatar\/68592660ad6347fad0fb587f8d5d8f1a7b44961362f56e4f2cd524feb87e9069?s=96&d=mm&r=g","contentUrl":"https:\/\/secure.gravatar.com\/avatar\/68592660ad6347fad0fb587f8d5d8f1a7b44961362f56e4f2cd524feb87e9069?s=96&d=mm&r=g","caption":"dmcsrbija.com@gmail.com"},"sameAs":["https:\/\/dmcsrb.com"],"url":"https:\/\/dmcsrb.com\/en\/author\/dmcsrbija-comgmail-com\/"}]}},"_links":{"self":[{"href":"https:\/\/dmcsrb.com\/en\/wp-json\/wp\/v2\/posts\/952896","targetHints":{"allow":["GET"]}}],"collection":[{"href":"https:\/\/dmcsrb.com\/en\/wp-json\/wp\/v2\/posts"}],"about":[{"href":"https:\/\/dmcsrb.com\/en\/wp-json\/wp\/v2\/types\/post"}],"author":[{"embeddable":true,"href":"https:\/\/dmcsrb.com\/en\/wp-json\/wp\/v2\/users\/1"}],"replies":[{"embeddable":true,"href":"https:\/\/dmcsrb.com\/en\/wp-json\/wp\/v2\/comments?post=952896"}],"version-history":[{"count":0,"href":"https:\/\/dmcsrb.com\/en\/wp-json\/wp\/v2\/posts\/952896\/revisions"}],"wp:featuredmedia":[{"embeddable":true,"href":"https:\/\/dmcsrb.com\/en\/wp-json\/wp\/v2\/media\/952897"}],"wp:attachment":[{"href":"https:\/\/dmcsrb.com\/en\/wp-json\/wp\/v2\/media?parent=952896"}],"wp:term":[{"taxonomy":"category","embeddable":true,"href":"https:\/\/dmcsrb.com\/en\/wp-json\/wp\/v2\/categories?post=952896"},{"taxonomy":"post_tag","embeddable":true,"href":"https:\/\/dmcsrb.com\/en\/wp-json\/wp\/v2\/tags?post=952896"},{"taxonomy":"naslovna","embeddable":true,"href":"https:\/\/dmcsrb.com\/en\/wp-json\/wp\/v2\/naslovna?post=952896"}],"curies":[{"name":"wp","href":"https:\/\/api.w.org\/{rel}","templated":true}]}}