{"id":952886,"date":"2025-09-19T06:32:29","date_gmt":"2025-09-19T04:32:29","guid":{"rendered":"https:\/\/dmcsrb.com\/uncategorized\/uskoro-tender-za-obilaznicu-oko-budve\/"},"modified":"2025-09-19T06:32:29","modified_gmt":"2025-09-19T04:32:29","slug":"uskoro-tender-za-obilaznicu-oko-budve","status":"publish","type":"post","link":"https:\/\/dmcsrb.com\/en\/ekonomija\/uskoro-tender-za-obilaznicu-oko-budve\/","title":{"rendered":"Uskoro tender za obilaznicu oko Budve"},"content":{"rendered":"<p><\/p>\n\n\n\n<p><\/p>\n\n\n\n<p>Raspisivanje ovog tendera, kako navode, bilo je uslovljeno i usvajanjem rebalansa Bud\u017eeta za 2025. godinu, koji je Vlada usvojila krajem jula.<\/p>\n\n\n\n<p>&#8220;Iako je u Ministarstvu saobra\u0107aja i \u201eMonteputu\u201c postojalo o\u010dekivanje da \u0107e rebalans biti usvojen ranije, sada su se stekli preduslovi da se krene u proceduru javnog nadmetanja za izbor izvo\u0111a\u010da radova. Obilaznica oko Budve predstavlja jedan od najzna\u010dajnijih infrastrukturnih projekata na crnogorskom primorju, koji \u0107e doprinijeti rastere\u0107enju postoje\u0107ih saobra\u0107ajnica, pove\u0107anju bezbjednosti, unapre\u0111enju kvaliteta \u017eivota gra\u0111ana i ja\u010danju turisti\u010dke ponude&#8221;, saop\u0161teno je iz Ministarstva saobra\u0107aja.<\/p>\n\n\n\n<p>Navode da \u0107e nastaviti da, u saradnji sa \u201eMonteputom\u201c i ostalim nadle\u017enim institucijama, prate i koordini\u0161u sve aktivnosti u cilju \u0161to br\u017ee realizacije ovog va\u017enog projekta.<\/p>","protected":false},"excerpt":{"rendered":"<p>Na predlog Ministarstva saobra\u0107aja, Vlada Crne Gore je usvojila Predlog izmjene Finansijskog plana \u201eMonteput\u201c d.o.o. za 2025. godinu, \u010dime su stvoreni uslovi za raspisivanje tendera za izbor izvo\u0111a\u010da radova za obilaznicu oko Budve, saop\u0161teno je iz ovog resora Vlade.<\/p>","protected":false},"author":1,"featured_media":944432,"comment_status":"open","ping_status":"open","sticky":false,"template":"","format":"standard","meta":{"_acf_changed":false,"footnotes":""},"categories":[27],"tags":[3639,3081,2495,8549,1319],"naslovna":[],"class_list":["post-952886","post","type-post","status-publish","format-standard","has-post-thumbnail","hentry","category-ekonomija","tag-finansijski-plan","tag-ministarstvo-saobracaja","tag-monteput","tag-obilaznica-oko-budve","tag-vlada-crne-gore"],"acf":[],"yoast_head":"<!-- This site is optimized with the Yoast SEO plugin v27.0 - https:\/\/yoast.com\/product\/yoast-seo-wordpress\/ -->\n<title>Uskoro tender za obilaznicu oko Budve - dmcsrb.com<\/title>\n<meta name=\"robots\" content=\"index, follow, max-snippet:-1, max-image-preview:large, max-video-preview:-1\" \/>\n<link rel=\"canonical\" href=\"https:\/\/dmcsrb.com\/en\/ekonomija\/uskoro-tender-za-obilaznicu-oko-budve\/\" \/>\n<meta property=\"og:locale\" content=\"en_GB\" \/>\n<meta property=\"og:type\" content=\"article\" \/>\n<meta property=\"og:title\" content=\"Uskoro tender za obilaznicu oko Budve - dmcsrb.com\" \/>\n<meta property=\"og:description\" content=\"Na predlog Ministarstva saobra\u0107aja, Vlada Crne Gore je usvojila Predlog izmjene Finansijskog plana \u201eMonteput\u201c d.o.o. za 2025. godinu, \u010dime su stvoreni uslovi za raspisivanje tendera za izbor izvo\u0111a\u010da radova za obilaznicu oko Budve, saop\u0161teno je iz ovog resora Vlade.\" \/>\n<meta property=\"og:url\" content=\"https:\/\/dmcsrb.com\/en\/ekonomija\/uskoro-tender-za-obilaznicu-oko-budve\/\" \/>\n<meta property=\"og:site_name\" content=\"dmcsrb.com\" \/>\n<meta property=\"article:published_time\" content=\"2025-09-19T04:32:29+00:00\" \/>\n<meta property=\"og:image\" content=\"https:\/\/dmcsrb.com\/wp-content\/uploads\/2026\/01\/Budva-gradnja-foto-gradski-me.webp\" \/>\n\t<meta property=\"og:image:width\" content=\"1796\" \/>\n\t<meta property=\"og:image:height\" content=\"869\" \/>\n\t<meta property=\"og:image:type\" content=\"image\/jpeg\" \/>\n<meta name=\"author\" content=\"dmcsrbija.com@gmail.com\" \/>\n<meta name=\"twitter:card\" content=\"summary_large_image\" \/>\n<meta name=\"twitter:label1\" content=\"Written by\" \/>\n\t<meta name=\"twitter:data1\" content=\"dmcsrbija.com@gmail.com\" \/>\n\t<meta name=\"twitter:label2\" content=\"Estimated reading time\" \/>\n\t<meta name=\"twitter:data2\" content=\"1 minute\" \/>\n<script type=\"application\/ld+json\" class=\"yoast-schema-graph\">{\"@context\":\"https:\/\/schema.org\",\"@graph\":[{\"@type\":\"Article\",\"@id\":\"https:\/\/dmcsrb.com\/en\/ekonomija\/uskoro-tender-za-obilaznicu-oko-budve\/#article\",\"isPartOf\":{\"@id\":\"https:\/\/dmcsrb.com\/en\/ekonomija\/uskoro-tender-za-obilaznicu-oko-budve\/\"},\"author\":{\"name\":\"dmcsrbija.com@gmail.com\",\"@id\":\"https:\/\/dmcsrb.com\/#\/schema\/person\/5c39170f12db1b8b457732d0b5c854e2\"},\"headline\":\"Uskoro tender za obilaznicu oko Budve\",\"datePublished\":\"2025-09-19T04:32:29+00:00\",\"mainEntityOfPage\":{\"@id\":\"https:\/\/dmcsrb.com\/en\/ekonomija\/uskoro-tender-za-obilaznicu-oko-budve\/\"},\"wordCount\":136,\"commentCount\":0,\"image\":{\"@id\":\"https:\/\/dmcsrb.com\/en\/ekonomija\/uskoro-tender-za-obilaznicu-oko-budve\/#primaryimage\"},\"thumbnailUrl\":\"https:\/\/dmcsrb.com\/wp-content\/uploads\/2026\/01\/Budva-gradnja-foto-gradski-me.webp\",\"keywords\":[\"Finansijski plan\",\"Ministarstvo saobra\u0107aja\",\"Monteput\",\"Obilaznica oko Budve\",\"Vlada Crne Gore\"],\"articleSection\":[\"Ekonomija\"],\"inLanguage\":\"en-GB\",\"potentialAction\":[{\"@type\":\"CommentAction\",\"name\":\"Comment\",\"target\":[\"https:\/\/dmcsrb.com\/en\/ekonomija\/uskoro-tender-za-obilaznicu-oko-budve\/#respond\"]}]},{\"@type\":\"WebPage\",\"@id\":\"https:\/\/dmcsrb.com\/en\/ekonomija\/uskoro-tender-za-obilaznicu-oko-budve\/\",\"url\":\"https:\/\/dmcsrb.com\/en\/ekonomija\/uskoro-tender-za-obilaznicu-oko-budve\/\",\"name\":\"Uskoro tender za obilaznicu oko Budve - dmcsrb.com\",\"isPartOf\":{\"@id\":\"https:\/\/dmcsrb.com\/#website\"},\"primaryImageOfPage\":{\"@id\":\"https:\/\/dmcsrb.com\/en\/ekonomija\/uskoro-tender-za-obilaznicu-oko-budve\/#primaryimage\"},\"image\":{\"@id\":\"https:\/\/dmcsrb.com\/en\/ekonomija\/uskoro-tender-za-obilaznicu-oko-budve\/#primaryimage\"},\"thumbnailUrl\":\"https:\/\/dmcsrb.com\/wp-content\/uploads\/2026\/01\/Budva-gradnja-foto-gradski-me.webp\",\"datePublished\":\"2025-09-19T04:32:29+00:00\",\"author\":{\"@id\":\"https:\/\/dmcsrb.com\/#\/schema\/person\/5c39170f12db1b8b457732d0b5c854e2\"},\"breadcrumb\":{\"@id\":\"https:\/\/dmcsrb.com\/en\/ekonomija\/uskoro-tender-za-obilaznicu-oko-budve\/#breadcrumb\"},\"inLanguage\":\"en-GB\",\"potentialAction\":[{\"@type\":\"ReadAction\",\"target\":[\"https:\/\/dmcsrb.com\/en\/ekonomija\/uskoro-tender-za-obilaznicu-oko-budve\/\"]}]},{\"@type\":\"ImageObject\",\"inLanguage\":\"en-GB\",\"@id\":\"https:\/\/dmcsrb.com\/en\/ekonomija\/uskoro-tender-za-obilaznicu-oko-budve\/#primaryimage\",\"url\":\"https:\/\/dmcsrb.com\/wp-content\/uploads\/2026\/01\/Budva-gradnja-foto-gradski-me.webp\",\"contentUrl\":\"https:\/\/dmcsrb.com\/wp-content\/uploads\/2026\/01\/Budva-gradnja-foto-gradski-me.webp\",\"width\":1796,\"height\":869},{\"@type\":\"BreadcrumbList\",\"@id\":\"https:\/\/dmcsrb.com\/en\/ekonomija\/uskoro-tender-za-obilaznicu-oko-budve\/#breadcrumb\",\"itemListElement\":[{\"@type\":\"ListItem\",\"position\":1,\"name\":\"Home\",\"item\":\"https:\/\/dmcsrb.com\/\"},{\"@type\":\"ListItem\",\"position\":2,\"name\":\"Uskoro tender za obilaznicu oko Budve\"}]},{\"@type\":\"WebSite\",\"@id\":\"https:\/\/dmcsrb.com\/#website\",\"url\":\"https:\/\/dmcsrb.com\/\",\"name\":\"dmcsrb.com\",\"description\":\"\",\"potentialAction\":[{\"@type\":\"SearchAction\",\"target\":{\"@type\":\"EntryPoint\",\"urlTemplate\":\"https:\/\/dmcsrb.com\/?s={search_term_string}\"},\"query-input\":{\"@type\":\"PropertyValueSpecification\",\"valueRequired\":true,\"valueName\":\"search_term_string\"}}],\"inLanguage\":\"en-GB\"},{\"@type\":\"Person\",\"@id\":\"https:\/\/dmcsrb.com\/#\/schema\/person\/5c39170f12db1b8b457732d0b5c854e2\",\"name\":\"dmcsrbija.com@gmail.com\",\"image\":{\"@type\":\"ImageObject\",\"inLanguage\":\"en-GB\",\"@id\":\"https:\/\/dmcsrb.com\/#\/schema\/person\/image\/\",\"url\":\"https:\/\/secure.gravatar.com\/avatar\/68592660ad6347fad0fb587f8d5d8f1a7b44961362f56e4f2cd524feb87e9069?s=96&d=mm&r=g\",\"contentUrl\":\"https:\/\/secure.gravatar.com\/avatar\/68592660ad6347fad0fb587f8d5d8f1a7b44961362f56e4f2cd524feb87e9069?s=96&d=mm&r=g\",\"caption\":\"dmcsrbija.com@gmail.com\"},\"sameAs\":[\"https:\/\/dmcsrb.com\"],\"url\":\"https:\/\/dmcsrb.com\/en\/author\/dmcsrbija-comgmail-com\/\"}]}<\/script>\n<!-- \/ Yoast SEO plugin. -->","yoast_head_json":{"title":"Uskoro tender za obilaznicu oko Budve - dmcsrb.com","robots":{"index":"index","follow":"follow","max-snippet":"max-snippet:-1","max-image-preview":"max-image-preview:large","max-video-preview":"max-video-preview:-1"},"canonical":"https:\/\/dmcsrb.com\/en\/ekonomija\/uskoro-tender-za-obilaznicu-oko-budve\/","og_locale":"en_GB","og_type":"article","og_title":"Uskoro tender za obilaznicu oko Budve - dmcsrb.com","og_description":"Na predlog Ministarstva saobra\u0107aja, Vlada Crne Gore je usvojila Predlog izmjene Finansijskog plana \u201eMonteput\u201c d.o.o. za 2025. godinu, \u010dime su stvoreni uslovi za raspisivanje tendera za izbor izvo\u0111a\u010da radova za obilaznicu oko Budve, saop\u0161teno je iz ovog resora Vlade.","og_url":"https:\/\/dmcsrb.com\/en\/ekonomija\/uskoro-tender-za-obilaznicu-oko-budve\/","og_site_name":"dmcsrb.com","article_published_time":"2025-09-19T04:32:29+00:00","og_image":[{"width":1796,"height":869,"url":"https:\/\/dmcsrb.com\/wp-content\/uploads\/2026\/01\/Budva-gradnja-foto-gradski-me.webp","type":"image\/jpeg"}],"author":"dmcsrbija.com@gmail.com","twitter_card":"summary_large_image","twitter_misc":{"Written by":"dmcsrbija.com@gmail.com","Estimated reading time":"1 minute"},"schema":{"@context":"https:\/\/schema.org","@graph":[{"@type":"Article","@id":"https:\/\/dmcsrb.com\/en\/ekonomija\/uskoro-tender-za-obilaznicu-oko-budve\/#article","isPartOf":{"@id":"https:\/\/dmcsrb.com\/en\/ekonomija\/uskoro-tender-za-obilaznicu-oko-budve\/"},"author":{"name":"dmcsrbija.com@gmail.com","@id":"https:\/\/dmcsrb.com\/#\/schema\/person\/5c39170f12db1b8b457732d0b5c854e2"},"headline":"Uskoro tender za obilaznicu oko Budve","datePublished":"2025-09-19T04:32:29+00:00","mainEntityOfPage":{"@id":"https:\/\/dmcsrb.com\/en\/ekonomija\/uskoro-tender-za-obilaznicu-oko-budve\/"},"wordCount":136,"commentCount":0,"image":{"@id":"https:\/\/dmcsrb.com\/en\/ekonomija\/uskoro-tender-za-obilaznicu-oko-budve\/#primaryimage"},"thumbnailUrl":"https:\/\/dmcsrb.com\/wp-content\/uploads\/2026\/01\/Budva-gradnja-foto-gradski-me.webp","keywords":["Finansijski plan","Ministarstvo saobra\u0107aja","Monteput","Obilaznica oko Budve","Vlada Crne Gore"],"articleSection":["Ekonomija"],"inLanguage":"en-GB","potentialAction":[{"@type":"CommentAction","name":"Comment","target":["https:\/\/dmcsrb.com\/en\/ekonomija\/uskoro-tender-za-obilaznicu-oko-budve\/#respond"]}]},{"@type":"WebPage","@id":"https:\/\/dmcsrb.com\/en\/ekonomija\/uskoro-tender-za-obilaznicu-oko-budve\/","url":"https:\/\/dmcsrb.com\/en\/ekonomija\/uskoro-tender-za-obilaznicu-oko-budve\/","name":"Uskoro tender za obilaznicu oko Budve - dmcsrb.com","isPartOf":{"@id":"https:\/\/dmcsrb.com\/#website"},"primaryImageOfPage":{"@id":"https:\/\/dmcsrb.com\/en\/ekonomija\/uskoro-tender-za-obilaznicu-oko-budve\/#primaryimage"},"image":{"@id":"https:\/\/dmcsrb.com\/en\/ekonomija\/uskoro-tender-za-obilaznicu-oko-budve\/#primaryimage"},"thumbnailUrl":"https:\/\/dmcsrb.com\/wp-content\/uploads\/2026\/01\/Budva-gradnja-foto-gradski-me.webp","datePublished":"2025-09-19T04:32:29+00:00","author":{"@id":"https:\/\/dmcsrb.com\/#\/schema\/person\/5c39170f12db1b8b457732d0b5c854e2"},"breadcrumb":{"@id":"https:\/\/dmcsrb.com\/en\/ekonomija\/uskoro-tender-za-obilaznicu-oko-budve\/#breadcrumb"},"inLanguage":"en-GB","potentialAction":[{"@type":"ReadAction","target":["https:\/\/dmcsrb.com\/en\/ekonomija\/uskoro-tender-za-obilaznicu-oko-budve\/"]}]},{"@type":"ImageObject","inLanguage":"en-GB","@id":"https:\/\/dmcsrb.com\/en\/ekonomija\/uskoro-tender-za-obilaznicu-oko-budve\/#primaryimage","url":"https:\/\/dmcsrb.com\/wp-content\/uploads\/2026\/01\/Budva-gradnja-foto-gradski-me.webp","contentUrl":"https:\/\/dmcsrb.com\/wp-content\/uploads\/2026\/01\/Budva-gradnja-foto-gradski-me.webp","width":1796,"height":869},{"@type":"BreadcrumbList","@id":"https:\/\/dmcsrb.com\/en\/ekonomija\/uskoro-tender-za-obilaznicu-oko-budve\/#breadcrumb","itemListElement":[{"@type":"ListItem","position":1,"name":"Home","item":"https:\/\/dmcsrb.com\/"},{"@type":"ListItem","position":2,"name":"Uskoro tender za obilaznicu oko Budve"}]},{"@type":"WebSite","@id":"https:\/\/dmcsrb.com\/#website","url":"https:\/\/dmcsrb.com\/","name":"dmcsrb.com","description":"","potentialAction":[{"@type":"SearchAction","target":{"@type":"EntryPoint","urlTemplate":"https:\/\/dmcsrb.com\/?s={search_term_string}"},"query-input":{"@type":"PropertyValueSpecification","valueRequired":true,"valueName":"search_term_string"}}],"inLanguage":"en-GB"},{"@type":"Person","@id":"https:\/\/dmcsrb.com\/#\/schema\/person\/5c39170f12db1b8b457732d0b5c854e2","name":"dmcsrbija.com@gmail.com","image":{"@type":"ImageObject","inLanguage":"en-GB","@id":"https:\/\/dmcsrb.com\/#\/schema\/person\/image\/","url":"https:\/\/secure.gravatar.com\/avatar\/68592660ad6347fad0fb587f8d5d8f1a7b44961362f56e4f2cd524feb87e9069?s=96&d=mm&r=g","contentUrl":"https:\/\/secure.gravatar.com\/avatar\/68592660ad6347fad0fb587f8d5d8f1a7b44961362f56e4f2cd524feb87e9069?s=96&d=mm&r=g","caption":"dmcsrbija.com@gmail.com"},"sameAs":["https:\/\/dmcsrb.com"],"url":"https:\/\/dmcsrb.com\/en\/author\/dmcsrbija-comgmail-com\/"}]}},"_links":{"self":[{"href":"https:\/\/dmcsrb.com\/en\/wp-json\/wp\/v2\/posts\/952886","targetHints":{"allow":["GET"]}}],"collection":[{"href":"https:\/\/dmcsrb.com\/en\/wp-json\/wp\/v2\/posts"}],"about":[{"href":"https:\/\/dmcsrb.com\/en\/wp-json\/wp\/v2\/types\/post"}],"author":[{"embeddable":true,"href":"https:\/\/dmcsrb.com\/en\/wp-json\/wp\/v2\/users\/1"}],"replies":[{"embeddable":true,"href":"https:\/\/dmcsrb.com\/en\/wp-json\/wp\/v2\/comments?post=952886"}],"version-history":[{"count":0,"href":"https:\/\/dmcsrb.com\/en\/wp-json\/wp\/v2\/posts\/952886\/revisions"}],"wp:featuredmedia":[{"embeddable":true,"href":"https:\/\/dmcsrb.com\/en\/wp-json\/wp\/v2\/media\/944432"}],"wp:attachment":[{"href":"https:\/\/dmcsrb.com\/en\/wp-json\/wp\/v2\/media?parent=952886"}],"wp:term":[{"taxonomy":"category","embeddable":true,"href":"https:\/\/dmcsrb.com\/en\/wp-json\/wp\/v2\/categories?post=952886"},{"taxonomy":"post_tag","embeddable":true,"href":"https:\/\/dmcsrb.com\/en\/wp-json\/wp\/v2\/tags?post=952886"},{"taxonomy":"naslovna","embeddable":true,"href":"https:\/\/dmcsrb.com\/en\/wp-json\/wp\/v2\/naslovna?post=952886"}],"curies":[{"name":"wp","href":"https:\/\/api.w.org\/{rel}","templated":true}]}}