{"id":952881,"date":"2025-09-19T08:30:00","date_gmt":"2025-09-19T06:30:00","guid":{"rendered":"https:\/\/dmcsrb.com\/uncategorized\/djukanovic-pred-sudom-ask-povrijedila-moju-cast-i-ugled\/"},"modified":"2025-09-19T08:30:00","modified_gmt":"2025-09-19T06:30:00","slug":"djukanovic-pred-sudom-ask-povrijedila-moju-cast-i-ugled","status":"publish","type":"post","link":"https:\/\/dmcsrb.com\/en\/hronika\/djukanovic-pred-sudom-ask-povrijedila-moju-cast-i-ugled\/","title":{"rendered":"\u0110ukanovi\u0107 pred sudom: ASK povrijedila moju \u010dast i ugled"},"content":{"rendered":"<p><\/p>\n\n\n\n<p>Biv\u0161i predsjednik Crne Gore, Milo \u0110ukanovi\u0107 pred Osnovnim sudom je izjavio da je Agencija za spre\u010davanje korupcije prekr\u0161ila za\u0161titu li\u010dnih podataka i da je uvjeren da to rade namjerno kako bi poku\u0161ali da ga predstave kao \u010dovjeka koji nije dostojan da obavlja funkcije koje je obavljao. Istakao je da nijedan cent nije upla\u0107en na njegov ra\u010dun.<\/p>\n\n\n\n<p><\/p>\n\n\n\n<p>&#8220;Agencija je povrijedila moju \u010dast i ugled, objavljivanjem te odluke. Mislim da je ASK mogao da provjeri da nema nikakvog duga i na taj na\u010din je agencija pokazala svoju neprofesionalnost&#8221;, rekao je \u0110ukanovi\u0107.<\/p>\n\n\n\n<p>On je istakao da je suprotno Zakonu o spre\u010davanju korupcije Agencija prekr\u0161ila za\u0161titu li\u010dnih podataka.<\/p>\n\n\n\n<p>&#8220;Uvjeren sam da agencija sve ovo radi namjerno, oni znaju propise, a ipak objavljuju podatke o tome kako sam tro\u0161io novac s kreditnih kartica. ASK poku\u0161ava mene da predstavi kao nekoga ko kr\u0161i zakon, a oni kr\u0161e zakone objavom li\u010dnih podataka. Osje\u0107am se lo\u0161e koliko se mo\u017ee osjecati lo\u0161e \u010dovjek koji dr\u017ei do \u010dasti jer mislim da Ask sluzi jednom dijelu moje poltiicke konkurencije, jednom politickom subjektu i partiji vlasti. Agencija ispunjava zelje toj partiji. Poku\u0161avaju da me predstave kao \u010dovjeka koji nije dostojan da obavlja funkcije koje je obavljao&#8221;, istakao je \u0110ukanovi\u0107.<\/p>\n\n\n\n<p>\u0110ukanovi\u0107 je rekao ako neko 30 godina gradi povjerenje dru\u0161tva obavljaju\u0107i najvi\u0161e funkcije, a zatim se pojavi osoba koja kr\u0161i zakone i koristi svoj polo\u017eaj da pomogne politi\u010dkoj partiji kako bi ostala direktor agencije, prirodno je da se osje\u0107am lo\u0161e zbog toga.<\/p>\n\n\n\n<p>&#8220;Nije prvi put da se ASK ovako ophodi prema meni. Ve\u0107 sam podnio nekoliko krivi\u010dnih prijava protiv \u010delnika ASK-a jer su postupali nezakonito protiv mene&#8221;, naglasio je \u0110ukanovi\u0107.<\/p>\n\n\n\n<p>Biv\u0161i predsjednik Crne Gore Milo \u0110ikanovi\u0107 stigao je jutros u Osnovni sud gdje je saslu\u0161an u svojstvu parni\u010dne stranke u okviru postupka koji je pokrenuo protiv Agencije za spre\u010davanje korupcije (ASK). \u0110ukanovi\u0107 je tu\u017eio ASK zbog odluke kojom je ta institucija utvrdila da je prekr\u0161io zakon u vezi sa rivolving karticom Atlas banke.<\/p>\n\n\n\n<p>Ovaj postupak pokrenut je po tu\u017ebi \u0110ukanovi\u0107a koju je podnio protiv Agencije za spre\u010davanje korupcije (ASK) zbog odluke kojom je ta institucija utvrdila da je prekr\u0161io zakon u vezi sa rivolving karticom Atlas banke.<\/p>\n\n\n\n<p>U tu\u017ebi je navedeno da je ASK u vi\u0161e navrata nezakonito postupala prema njemu.<\/p>\n\n\n\n<p>U tu\u017ebi koju je podnio \u0110ukanovi\u0107 se navodi da je on kao predsjednik i premijer Crne Gore, tokom dvije i po decenije, svoje du\u017enosti obavljao \u010dasno, savjesno i s najvi\u0161im stepenom odgovornosti prema obavezama.<\/p>\n\n\n\n<p><\/p>\n\n\n\n<p>&#8220;Agencija za spre\u010davanje korupcije je odluku, kojom je utvrdila da je prekr\u0161io Zakon o spre\u010davanju korupcije jer nije prijavio uve\u0107anje imovine od 16.741 euro, donijela je s nedvosmislenom namjerom da se njegova li\u010dnost prika\u017ee kao kriminalna, bahata i nedostojna funkcije i ugleda koji u\u017eiva u dru\u0161tvu i dr\u017eavi &#8220;, navedeno je u tu\u017ebi.<\/p>\n\n\n\n<p>Agencija za spre\u010davanje korupcije osporila je u odgovoru na tu\u017ebu biv\u0161eg predsjednika Crne Gore Mila \u0110ukanovi\u0107a, koji je dostavila podgori\u010dkom Osnovnom sudu, osnov i visinu tu\u017ebenog zahtjeva.<\/p>\n\n\n\n<p>Iz ASK tvrde da nema dokaza u vezi sa du\u0161evnim bolovima koje je \u0110ukanovi\u0107 navodno pretrpio.<\/p>\n\n\n\n<p>Biv\u0161i predsjednik Crne Gore tu\u017eio je nedavno ASK zbog odluke da je prekr\u0161io zakon u vezi sa rivolving karticom Atlas banke. \u0110ukanovi\u0107 je tu\u017ebom od ASK tra\u017eio naknadu \u0161tete zbog povrede prava li\u010dnosti u iznosu od 5.000 eura.<\/p>\n\n\n\n<p>\u2013 Tu\u017eeni osporava osnov i visinu tu\u017ebenog zahtjeva. Navodi iz tu\u017ebe su neistiniti i pravno neutemeljeni. Predmetna odluka je upravni akt \u010dija se zakonitost prema stanju stvari ispituje pred Upravnim sudom, pa shodno tome zakonitost odluke nije pitanje koje je u nadle\u017enosti redovnih sudova. Tu\u017eba je neuredna, jer dokazi koji potvr\u0111uju navode iz tu\u017ebe o povredi prava li\u010dnosti i nanesenim du\u0161evnim bolovima nijesu uop\u0161te dostavljeni, dok pisani dokazi dostavljeni uz tu\u017ebu nijesu dostavljeni u propisanoj formi iz \u010dlana 105 Zakona o parni\u010dnom postupku.<\/p>\n\n\n\n<p><\/p>","protected":false},"excerpt":{"rendered":"<p>Pred Osnovnim sudom u Podgorici za danas je planirano saslu\u0161anje biv\u0161eg predsjednika Crne Gore Mila \u00d0ukanovi\u0107a u svojstvu parni\u010dne stranke.<\/p>","protected":false},"author":1,"featured_media":952882,"comment_status":"open","ping_status":"open","sticky":false,"template":"","format":"standard","meta":{"_acf_changed":false,"footnotes":""},"categories":[17],"tags":[118,835,2977],"naslovna":[],"class_list":["post-952881","post","type-post","status-publish","format-standard","has-post-thumbnail","hentry","category-hronika","tag-ask","tag-milo-djukanovic","tag-osnovni-sud"],"acf":[],"yoast_head":"<!-- This site is optimized with the Yoast SEO plugin v27.0 - https:\/\/yoast.com\/product\/yoast-seo-wordpress\/ -->\n<title>\u0110ukanovi\u0107 pred sudom: ASK povrijedila moju \u010dast i ugled - dmcsrb.com<\/title>\n<meta name=\"robots\" content=\"index, follow, max-snippet:-1, max-image-preview:large, max-video-preview:-1\" \/>\n<link rel=\"canonical\" href=\"https:\/\/dmcsrb.com\/en\/hronika\/djukanovic-pred-sudom-ask-povrijedila-moju-cast-i-ugled\/\" \/>\n<meta property=\"og:locale\" content=\"en_GB\" \/>\n<meta property=\"og:type\" content=\"article\" \/>\n<meta property=\"og:title\" content=\"\u0110ukanovi\u0107 pred sudom: ASK povrijedila moju \u010dast i ugled - dmcsrb.com\" \/>\n<meta property=\"og:description\" content=\"Pred Osnovnim sudom u Podgorici za danas je planirano saslu\u0161anje biv\u0161eg predsjednika Crne Gore Mila \u00d0ukanovi\u0107a u svojstvu parni\u010dne stranke.\" \/>\n<meta property=\"og:url\" content=\"https:\/\/dmcsrb.com\/en\/hronika\/djukanovic-pred-sudom-ask-povrijedila-moju-cast-i-ugled\/\" \/>\n<meta property=\"og:site_name\" content=\"dmcsrb.com\" \/>\n<meta property=\"article:published_time\" content=\"2025-09-19T06:30:00+00:00\" \/>\n<meta property=\"og:image\" content=\"https:\/\/dmcsrb.com\/wp-content\/uploads\/2026\/01\/IMG-24bd715eba9326e93fc38a14a1785ab3-V.webp\" \/>\n\t<meta property=\"og:image:width\" content=\"841\" \/>\n\t<meta property=\"og:image:height\" content=\"684\" \/>\n\t<meta property=\"og:image:type\" content=\"image\/jpeg\" \/>\n<meta name=\"author\" content=\"dmcsrbija.com@gmail.com\" \/>\n<meta name=\"twitter:card\" content=\"summary_large_image\" \/>\n<meta name=\"twitter:label1\" content=\"Written by\" \/>\n\t<meta name=\"twitter:data1\" content=\"dmcsrbija.com@gmail.com\" \/>\n\t<meta name=\"twitter:label2\" content=\"Estimated reading time\" \/>\n\t<meta name=\"twitter:data2\" content=\"3 minutes\" \/>\n<script type=\"application\/ld+json\" class=\"yoast-schema-graph\">{\"@context\":\"https:\/\/schema.org\",\"@graph\":[{\"@type\":\"Article\",\"@id\":\"https:\/\/dmcsrb.com\/hronika\/djukanovic-pred-sudom-ask-povrijedila-moju-cast-i-ugled\/#article\",\"isPartOf\":{\"@id\":\"https:\/\/dmcsrb.com\/hronika\/djukanovic-pred-sudom-ask-povrijedila-moju-cast-i-ugled\/\"},\"author\":{\"name\":\"dmcsrbija.com@gmail.com\",\"@id\":\"https:\/\/dmcsrb.com\/#\/schema\/person\/5c39170f12db1b8b457732d0b5c854e2\"},\"headline\":\"\u0110ukanovi\u0107 pred sudom: ASK povrijedila moju \u010dast i ugled\",\"datePublished\":\"2025-09-19T06:30:00+00:00\",\"mainEntityOfPage\":{\"@id\":\"https:\/\/dmcsrb.com\/hronika\/djukanovic-pred-sudom-ask-povrijedila-moju-cast-i-ugled\/\"},\"wordCount\":705,\"commentCount\":0,\"image\":{\"@id\":\"https:\/\/dmcsrb.com\/hronika\/djukanovic-pred-sudom-ask-povrijedila-moju-cast-i-ugled\/#primaryimage\"},\"thumbnailUrl\":\"https:\/\/dmcsrb.com\/wp-content\/uploads\/2026\/01\/IMG-24bd715eba9326e93fc38a14a1785ab3-V.webp\",\"keywords\":[\"ASK\",\"Milo \u0110ukanovi\u0107\",\"Osnovni Sud\"],\"articleSection\":[\"Hronika\"],\"inLanguage\":\"en-GB\",\"potentialAction\":[{\"@type\":\"CommentAction\",\"name\":\"Comment\",\"target\":[\"https:\/\/dmcsrb.com\/hronika\/djukanovic-pred-sudom-ask-povrijedila-moju-cast-i-ugled\/#respond\"]}]},{\"@type\":\"WebPage\",\"@id\":\"https:\/\/dmcsrb.com\/hronika\/djukanovic-pred-sudom-ask-povrijedila-moju-cast-i-ugled\/\",\"url\":\"https:\/\/dmcsrb.com\/hronika\/djukanovic-pred-sudom-ask-povrijedila-moju-cast-i-ugled\/\",\"name\":\"\u0110ukanovi\u0107 pred sudom: ASK povrijedila moju \u010dast i ugled - dmcsrb.com\",\"isPartOf\":{\"@id\":\"https:\/\/dmcsrb.com\/#website\"},\"primaryImageOfPage\":{\"@id\":\"https:\/\/dmcsrb.com\/hronika\/djukanovic-pred-sudom-ask-povrijedila-moju-cast-i-ugled\/#primaryimage\"},\"image\":{\"@id\":\"https:\/\/dmcsrb.com\/hronika\/djukanovic-pred-sudom-ask-povrijedila-moju-cast-i-ugled\/#primaryimage\"},\"thumbnailUrl\":\"https:\/\/dmcsrb.com\/wp-content\/uploads\/2026\/01\/IMG-24bd715eba9326e93fc38a14a1785ab3-V.webp\",\"datePublished\":\"2025-09-19T06:30:00+00:00\",\"author\":{\"@id\":\"https:\/\/dmcsrb.com\/#\/schema\/person\/5c39170f12db1b8b457732d0b5c854e2\"},\"breadcrumb\":{\"@id\":\"https:\/\/dmcsrb.com\/hronika\/djukanovic-pred-sudom-ask-povrijedila-moju-cast-i-ugled\/#breadcrumb\"},\"inLanguage\":\"en-GB\",\"potentialAction\":[{\"@type\":\"ReadAction\",\"target\":[\"https:\/\/dmcsrb.com\/hronika\/djukanovic-pred-sudom-ask-povrijedila-moju-cast-i-ugled\/\"]}]},{\"@type\":\"ImageObject\",\"inLanguage\":\"en-GB\",\"@id\":\"https:\/\/dmcsrb.com\/hronika\/djukanovic-pred-sudom-ask-povrijedila-moju-cast-i-ugled\/#primaryimage\",\"url\":\"https:\/\/dmcsrb.com\/wp-content\/uploads\/2026\/01\/IMG-24bd715eba9326e93fc38a14a1785ab3-V.webp\",\"contentUrl\":\"https:\/\/dmcsrb.com\/wp-content\/uploads\/2026\/01\/IMG-24bd715eba9326e93fc38a14a1785ab3-V.webp\",\"width\":841,\"height\":684},{\"@type\":\"BreadcrumbList\",\"@id\":\"https:\/\/dmcsrb.com\/hronika\/djukanovic-pred-sudom-ask-povrijedila-moju-cast-i-ugled\/#breadcrumb\",\"itemListElement\":[{\"@type\":\"ListItem\",\"position\":1,\"name\":\"Home\",\"item\":\"https:\/\/dmcsrb.com\/\"},{\"@type\":\"ListItem\",\"position\":2,\"name\":\"\u0110ukanovi\u0107 pred sudom: ASK povrijedila moju \u010dast i ugled\"}]},{\"@type\":\"WebSite\",\"@id\":\"https:\/\/dmcsrb.com\/#website\",\"url\":\"https:\/\/dmcsrb.com\/\",\"name\":\"dmcsrb.com\",\"description\":\"\",\"potentialAction\":[{\"@type\":\"SearchAction\",\"target\":{\"@type\":\"EntryPoint\",\"urlTemplate\":\"https:\/\/dmcsrb.com\/?s={search_term_string}\"},\"query-input\":{\"@type\":\"PropertyValueSpecification\",\"valueRequired\":true,\"valueName\":\"search_term_string\"}}],\"inLanguage\":\"en-GB\"},{\"@type\":\"Person\",\"@id\":\"https:\/\/dmcsrb.com\/#\/schema\/person\/5c39170f12db1b8b457732d0b5c854e2\",\"name\":\"dmcsrbija.com@gmail.com\",\"image\":{\"@type\":\"ImageObject\",\"inLanguage\":\"en-GB\",\"@id\":\"https:\/\/dmcsrb.com\/#\/schema\/person\/image\/\",\"url\":\"https:\/\/secure.gravatar.com\/avatar\/68592660ad6347fad0fb587f8d5d8f1a7b44961362f56e4f2cd524feb87e9069?s=96&d=mm&r=g\",\"contentUrl\":\"https:\/\/secure.gravatar.com\/avatar\/68592660ad6347fad0fb587f8d5d8f1a7b44961362f56e4f2cd524feb87e9069?s=96&d=mm&r=g\",\"caption\":\"dmcsrbija.com@gmail.com\"},\"sameAs\":[\"https:\/\/dmcsrb.com\"],\"url\":\"https:\/\/dmcsrb.com\/en\/author\/dmcsrbija-comgmail-com\/\"}]}<\/script>\n<!-- \/ Yoast SEO plugin. -->","yoast_head_json":{"title":"\u0110ukanovi\u0107 pred sudom: ASK povrijedila moju \u010dast i ugled - dmcsrb.com","robots":{"index":"index","follow":"follow","max-snippet":"max-snippet:-1","max-image-preview":"max-image-preview:large","max-video-preview":"max-video-preview:-1"},"canonical":"https:\/\/dmcsrb.com\/en\/hronika\/djukanovic-pred-sudom-ask-povrijedila-moju-cast-i-ugled\/","og_locale":"en_GB","og_type":"article","og_title":"\u0110ukanovi\u0107 pred sudom: ASK povrijedila moju \u010dast i ugled - dmcsrb.com","og_description":"Pred Osnovnim sudom u Podgorici za danas je planirano saslu\u0161anje biv\u0161eg predsjednika Crne Gore Mila \u00d0ukanovi\u0107a u svojstvu parni\u010dne stranke.","og_url":"https:\/\/dmcsrb.com\/en\/hronika\/djukanovic-pred-sudom-ask-povrijedila-moju-cast-i-ugled\/","og_site_name":"dmcsrb.com","article_published_time":"2025-09-19T06:30:00+00:00","og_image":[{"width":841,"height":684,"url":"https:\/\/dmcsrb.com\/wp-content\/uploads\/2026\/01\/IMG-24bd715eba9326e93fc38a14a1785ab3-V.webp","type":"image\/jpeg"}],"author":"dmcsrbija.com@gmail.com","twitter_card":"summary_large_image","twitter_misc":{"Written by":"dmcsrbija.com@gmail.com","Estimated reading time":"3 minutes"},"schema":{"@context":"https:\/\/schema.org","@graph":[{"@type":"Article","@id":"https:\/\/dmcsrb.com\/hronika\/djukanovic-pred-sudom-ask-povrijedila-moju-cast-i-ugled\/#article","isPartOf":{"@id":"https:\/\/dmcsrb.com\/hronika\/djukanovic-pred-sudom-ask-povrijedila-moju-cast-i-ugled\/"},"author":{"name":"dmcsrbija.com@gmail.com","@id":"https:\/\/dmcsrb.com\/#\/schema\/person\/5c39170f12db1b8b457732d0b5c854e2"},"headline":"\u0110ukanovi\u0107 pred sudom: ASK povrijedila moju \u010dast i ugled","datePublished":"2025-09-19T06:30:00+00:00","mainEntityOfPage":{"@id":"https:\/\/dmcsrb.com\/hronika\/djukanovic-pred-sudom-ask-povrijedila-moju-cast-i-ugled\/"},"wordCount":705,"commentCount":0,"image":{"@id":"https:\/\/dmcsrb.com\/hronika\/djukanovic-pred-sudom-ask-povrijedila-moju-cast-i-ugled\/#primaryimage"},"thumbnailUrl":"https:\/\/dmcsrb.com\/wp-content\/uploads\/2026\/01\/IMG-24bd715eba9326e93fc38a14a1785ab3-V.webp","keywords":["ASK","Milo \u0110ukanovi\u0107","Osnovni Sud"],"articleSection":["Hronika"],"inLanguage":"en-GB","potentialAction":[{"@type":"CommentAction","name":"Comment","target":["https:\/\/dmcsrb.com\/hronika\/djukanovic-pred-sudom-ask-povrijedila-moju-cast-i-ugled\/#respond"]}]},{"@type":"WebPage","@id":"https:\/\/dmcsrb.com\/hronika\/djukanovic-pred-sudom-ask-povrijedila-moju-cast-i-ugled\/","url":"https:\/\/dmcsrb.com\/hronika\/djukanovic-pred-sudom-ask-povrijedila-moju-cast-i-ugled\/","name":"\u0110ukanovi\u0107 pred sudom: ASK povrijedila moju \u010dast i ugled - dmcsrb.com","isPartOf":{"@id":"https:\/\/dmcsrb.com\/#website"},"primaryImageOfPage":{"@id":"https:\/\/dmcsrb.com\/hronika\/djukanovic-pred-sudom-ask-povrijedila-moju-cast-i-ugled\/#primaryimage"},"image":{"@id":"https:\/\/dmcsrb.com\/hronika\/djukanovic-pred-sudom-ask-povrijedila-moju-cast-i-ugled\/#primaryimage"},"thumbnailUrl":"https:\/\/dmcsrb.com\/wp-content\/uploads\/2026\/01\/IMG-24bd715eba9326e93fc38a14a1785ab3-V.webp","datePublished":"2025-09-19T06:30:00+00:00","author":{"@id":"https:\/\/dmcsrb.com\/#\/schema\/person\/5c39170f12db1b8b457732d0b5c854e2"},"breadcrumb":{"@id":"https:\/\/dmcsrb.com\/hronika\/djukanovic-pred-sudom-ask-povrijedila-moju-cast-i-ugled\/#breadcrumb"},"inLanguage":"en-GB","potentialAction":[{"@type":"ReadAction","target":["https:\/\/dmcsrb.com\/hronika\/djukanovic-pred-sudom-ask-povrijedila-moju-cast-i-ugled\/"]}]},{"@type":"ImageObject","inLanguage":"en-GB","@id":"https:\/\/dmcsrb.com\/hronika\/djukanovic-pred-sudom-ask-povrijedila-moju-cast-i-ugled\/#primaryimage","url":"https:\/\/dmcsrb.com\/wp-content\/uploads\/2026\/01\/IMG-24bd715eba9326e93fc38a14a1785ab3-V.webp","contentUrl":"https:\/\/dmcsrb.com\/wp-content\/uploads\/2026\/01\/IMG-24bd715eba9326e93fc38a14a1785ab3-V.webp","width":841,"height":684},{"@type":"BreadcrumbList","@id":"https:\/\/dmcsrb.com\/hronika\/djukanovic-pred-sudom-ask-povrijedila-moju-cast-i-ugled\/#breadcrumb","itemListElement":[{"@type":"ListItem","position":1,"name":"Home","item":"https:\/\/dmcsrb.com\/"},{"@type":"ListItem","position":2,"name":"\u0110ukanovi\u0107 pred sudom: ASK povrijedila moju \u010dast i ugled"}]},{"@type":"WebSite","@id":"https:\/\/dmcsrb.com\/#website","url":"https:\/\/dmcsrb.com\/","name":"dmcsrb.com","description":"","potentialAction":[{"@type":"SearchAction","target":{"@type":"EntryPoint","urlTemplate":"https:\/\/dmcsrb.com\/?s={search_term_string}"},"query-input":{"@type":"PropertyValueSpecification","valueRequired":true,"valueName":"search_term_string"}}],"inLanguage":"en-GB"},{"@type":"Person","@id":"https:\/\/dmcsrb.com\/#\/schema\/person\/5c39170f12db1b8b457732d0b5c854e2","name":"dmcsrbija.com@gmail.com","image":{"@type":"ImageObject","inLanguage":"en-GB","@id":"https:\/\/dmcsrb.com\/#\/schema\/person\/image\/","url":"https:\/\/secure.gravatar.com\/avatar\/68592660ad6347fad0fb587f8d5d8f1a7b44961362f56e4f2cd524feb87e9069?s=96&d=mm&r=g","contentUrl":"https:\/\/secure.gravatar.com\/avatar\/68592660ad6347fad0fb587f8d5d8f1a7b44961362f56e4f2cd524feb87e9069?s=96&d=mm&r=g","caption":"dmcsrbija.com@gmail.com"},"sameAs":["https:\/\/dmcsrb.com"],"url":"https:\/\/dmcsrb.com\/en\/author\/dmcsrbija-comgmail-com\/"}]}},"_links":{"self":[{"href":"https:\/\/dmcsrb.com\/en\/wp-json\/wp\/v2\/posts\/952881","targetHints":{"allow":["GET"]}}],"collection":[{"href":"https:\/\/dmcsrb.com\/en\/wp-json\/wp\/v2\/posts"}],"about":[{"href":"https:\/\/dmcsrb.com\/en\/wp-json\/wp\/v2\/types\/post"}],"author":[{"embeddable":true,"href":"https:\/\/dmcsrb.com\/en\/wp-json\/wp\/v2\/users\/1"}],"replies":[{"embeddable":true,"href":"https:\/\/dmcsrb.com\/en\/wp-json\/wp\/v2\/comments?post=952881"}],"version-history":[{"count":0,"href":"https:\/\/dmcsrb.com\/en\/wp-json\/wp\/v2\/posts\/952881\/revisions"}],"wp:featuredmedia":[{"embeddable":true,"href":"https:\/\/dmcsrb.com\/en\/wp-json\/wp\/v2\/media\/952882"}],"wp:attachment":[{"href":"https:\/\/dmcsrb.com\/en\/wp-json\/wp\/v2\/media?parent=952881"}],"wp:term":[{"taxonomy":"category","embeddable":true,"href":"https:\/\/dmcsrb.com\/en\/wp-json\/wp\/v2\/categories?post=952881"},{"taxonomy":"post_tag","embeddable":true,"href":"https:\/\/dmcsrb.com\/en\/wp-json\/wp\/v2\/tags?post=952881"},{"taxonomy":"naslovna","embeddable":true,"href":"https:\/\/dmcsrb.com\/en\/wp-json\/wp\/v2\/naslovna?post=952881"}],"curies":[{"name":"wp","href":"https:\/\/api.w.org\/{rel}","templated":true}]}}