{"id":952823,"date":"2025-09-18T16:55:00","date_gmt":"2025-09-18T14:55:00","guid":{"rendered":"https:\/\/dmcsrb.com\/uncategorized\/pucnjava-u-sad-u-ubijena-tri-policajca-napadac-preminuo\/"},"modified":"2025-09-18T16:55:00","modified_gmt":"2025-09-18T14:55:00","slug":"pucnjava-u-sad-u-ubijena-tri-policajca-napadac-preminuo","status":"publish","type":"post","link":"https:\/\/dmcsrb.com\/en\/svijet\/pucnjava-u-sad-u-ubijena-tri-policajca-napadac-preminuo\/","title":{"rendered":"Pucnjava u SAD-u: Ubijena tri policajca, napada\u010d preminuo"},"content":{"rendered":"<p>Trojica policajaca su poginula, dok su dvojica ranjenih prevezena u obli\u017enju bolnicu gdje su im doktori stanje ocijenili kriti\u010dnim, ali stabilnim. Jedan lokalni medij prenosi da su policajci poku\u0161avali uru\u010diti nalog za pretres kada je do\u0161lo do pucnjave. Navode da je napada\u010da upucala policija.<strong> Osumnji\u010deni nije javno identifiikovan<\/strong>, a vlasti nisu otkrile kojim su agencijama pripadali stradali policajci. <\/p>","protected":false},"excerpt":{"rendered":"<p>Pucnjava se dogodila na jugoistoku Pensilvanije, kada su se policajci vratili na mjesto doga\u0111aja kako bi nastavili istragu zapo\u010detu dan ranije.<\/p>","protected":false},"author":1,"featured_media":952824,"comment_status":"open","ping_status":"open","sticky":false,"template":"","format":"standard","meta":{"_acf_changed":false,"footnotes":""},"categories":[144],"tags":[7895,195,1215],"naslovna":[],"class_list":["post-952823","post","type-post","status-publish","format-standard","has-post-thumbnail","hentry","category-svijet","tag-policajci","tag-sad","tag-ubistvo"],"acf":[],"yoast_head":"<!-- This site is optimized with the Yoast SEO plugin v27.0 - https:\/\/yoast.com\/product\/yoast-seo-wordpress\/ -->\n<title>Pucnjava u SAD-u: Ubijena tri policajca, napada\u010d preminuo - dmcsrb.com<\/title>\n<meta name=\"robots\" content=\"index, follow, max-snippet:-1, max-image-preview:large, max-video-preview:-1\" \/>\n<link rel=\"canonical\" href=\"https:\/\/dmcsrb.com\/en\/svijet\/pucnjava-u-sad-u-ubijena-tri-policajca-napadac-preminuo\/\" \/>\n<meta property=\"og:locale\" content=\"en_GB\" \/>\n<meta property=\"og:type\" content=\"article\" \/>\n<meta property=\"og:title\" content=\"Pucnjava u SAD-u: Ubijena tri policajca, napada\u010d preminuo - dmcsrb.com\" \/>\n<meta property=\"og:description\" content=\"Pucnjava se dogodila na jugoistoku Pensilvanije, kada su se policajci vratili na mjesto doga\u0111aja kako bi nastavili istragu zapo\u010detu dan ranije.\" \/>\n<meta property=\"og:url\" content=\"https:\/\/dmcsrb.com\/en\/svijet\/pucnjava-u-sad-u-ubijena-tri-policajca-napadac-preminuo\/\" \/>\n<meta property=\"og:site_name\" content=\"dmcsrb.com\" \/>\n<meta property=\"article:published_time\" content=\"2025-09-18T14:55:00+00:00\" \/>\n<meta property=\"og:image\" content=\"https:\/\/dmcsrb.com\/wp-content\/uploads\/2026\/01\/SAD-pucnjava.webp\" \/>\n\t<meta property=\"og:image:width\" content=\"1280\" \/>\n\t<meta property=\"og:image:height\" content=\"852\" \/>\n\t<meta property=\"og:image:type\" content=\"image\/jpeg\" \/>\n<meta name=\"author\" content=\"dmcsrbija.com@gmail.com\" \/>\n<meta name=\"twitter:card\" content=\"summary_large_image\" \/>\n<meta name=\"twitter:label1\" content=\"Written by\" \/>\n\t<meta name=\"twitter:data1\" content=\"dmcsrbija.com@gmail.com\" \/>\n<script type=\"application\/ld+json\" class=\"yoast-schema-graph\">{\"@context\":\"https:\/\/schema.org\",\"@graph\":[{\"@type\":\"Article\",\"@id\":\"https:\/\/dmcsrb.com\/svijet\/pucnjava-u-sad-u-ubijena-tri-policajca-napadac-preminuo\/#article\",\"isPartOf\":{\"@id\":\"https:\/\/dmcsrb.com\/svijet\/pucnjava-u-sad-u-ubijena-tri-policajca-napadac-preminuo\/\"},\"author\":{\"name\":\"dmcsrbija.com@gmail.com\",\"@id\":\"https:\/\/dmcsrb.com\/#\/schema\/person\/5c39170f12db1b8b457732d0b5c854e2\"},\"headline\":\"Pucnjava u SAD-u: Ubijena tri policajca, napada\u010d preminuo\",\"datePublished\":\"2025-09-18T14:55:00+00:00\",\"mainEntityOfPage\":{\"@id\":\"https:\/\/dmcsrb.com\/svijet\/pucnjava-u-sad-u-ubijena-tri-policajca-napadac-preminuo\/\"},\"wordCount\":73,\"commentCount\":0,\"image\":{\"@id\":\"https:\/\/dmcsrb.com\/svijet\/pucnjava-u-sad-u-ubijena-tri-policajca-napadac-preminuo\/#primaryimage\"},\"thumbnailUrl\":\"https:\/\/dmcsrb.com\/wp-content\/uploads\/2026\/01\/SAD-pucnjava.webp\",\"keywords\":[\"policajci\",\"SAD\",\"ubistvo\"],\"articleSection\":[\"Svijet\"],\"inLanguage\":\"en-GB\",\"potentialAction\":[{\"@type\":\"CommentAction\",\"name\":\"Comment\",\"target\":[\"https:\/\/dmcsrb.com\/svijet\/pucnjava-u-sad-u-ubijena-tri-policajca-napadac-preminuo\/#respond\"]}]},{\"@type\":\"WebPage\",\"@id\":\"https:\/\/dmcsrb.com\/svijet\/pucnjava-u-sad-u-ubijena-tri-policajca-napadac-preminuo\/\",\"url\":\"https:\/\/dmcsrb.com\/svijet\/pucnjava-u-sad-u-ubijena-tri-policajca-napadac-preminuo\/\",\"name\":\"Pucnjava u SAD-u: Ubijena tri policajca, napada\u010d preminuo - dmcsrb.com\",\"isPartOf\":{\"@id\":\"https:\/\/dmcsrb.com\/#website\"},\"primaryImageOfPage\":{\"@id\":\"https:\/\/dmcsrb.com\/svijet\/pucnjava-u-sad-u-ubijena-tri-policajca-napadac-preminuo\/#primaryimage\"},\"image\":{\"@id\":\"https:\/\/dmcsrb.com\/svijet\/pucnjava-u-sad-u-ubijena-tri-policajca-napadac-preminuo\/#primaryimage\"},\"thumbnailUrl\":\"https:\/\/dmcsrb.com\/wp-content\/uploads\/2026\/01\/SAD-pucnjava.webp\",\"datePublished\":\"2025-09-18T14:55:00+00:00\",\"author\":{\"@id\":\"https:\/\/dmcsrb.com\/#\/schema\/person\/5c39170f12db1b8b457732d0b5c854e2\"},\"breadcrumb\":{\"@id\":\"https:\/\/dmcsrb.com\/svijet\/pucnjava-u-sad-u-ubijena-tri-policajca-napadac-preminuo\/#breadcrumb\"},\"inLanguage\":\"en-GB\",\"potentialAction\":[{\"@type\":\"ReadAction\",\"target\":[\"https:\/\/dmcsrb.com\/svijet\/pucnjava-u-sad-u-ubijena-tri-policajca-napadac-preminuo\/\"]}]},{\"@type\":\"ImageObject\",\"inLanguage\":\"en-GB\",\"@id\":\"https:\/\/dmcsrb.com\/svijet\/pucnjava-u-sad-u-ubijena-tri-policajca-napadac-preminuo\/#primaryimage\",\"url\":\"https:\/\/dmcsrb.com\/wp-content\/uploads\/2026\/01\/SAD-pucnjava.webp\",\"contentUrl\":\"https:\/\/dmcsrb.com\/wp-content\/uploads\/2026\/01\/SAD-pucnjava.webp\",\"width\":1280,\"height\":852},{\"@type\":\"BreadcrumbList\",\"@id\":\"https:\/\/dmcsrb.com\/svijet\/pucnjava-u-sad-u-ubijena-tri-policajca-napadac-preminuo\/#breadcrumb\",\"itemListElement\":[{\"@type\":\"ListItem\",\"position\":1,\"name\":\"Home\",\"item\":\"https:\/\/dmcsrb.com\/\"},{\"@type\":\"ListItem\",\"position\":2,\"name\":\"Pucnjava u SAD-u: Ubijena tri policajca, napada\u010d preminuo\"}]},{\"@type\":\"WebSite\",\"@id\":\"https:\/\/dmcsrb.com\/#website\",\"url\":\"https:\/\/dmcsrb.com\/\",\"name\":\"dmcsrb.com\",\"description\":\"\",\"potentialAction\":[{\"@type\":\"SearchAction\",\"target\":{\"@type\":\"EntryPoint\",\"urlTemplate\":\"https:\/\/dmcsrb.com\/?s={search_term_string}\"},\"query-input\":{\"@type\":\"PropertyValueSpecification\",\"valueRequired\":true,\"valueName\":\"search_term_string\"}}],\"inLanguage\":\"en-GB\"},{\"@type\":\"Person\",\"@id\":\"https:\/\/dmcsrb.com\/#\/schema\/person\/5c39170f12db1b8b457732d0b5c854e2\",\"name\":\"dmcsrbija.com@gmail.com\",\"image\":{\"@type\":\"ImageObject\",\"inLanguage\":\"en-GB\",\"@id\":\"https:\/\/dmcsrb.com\/#\/schema\/person\/image\/\",\"url\":\"https:\/\/secure.gravatar.com\/avatar\/68592660ad6347fad0fb587f8d5d8f1a7b44961362f56e4f2cd524feb87e9069?s=96&d=mm&r=g\",\"contentUrl\":\"https:\/\/secure.gravatar.com\/avatar\/68592660ad6347fad0fb587f8d5d8f1a7b44961362f56e4f2cd524feb87e9069?s=96&d=mm&r=g\",\"caption\":\"dmcsrbija.com@gmail.com\"},\"sameAs\":[\"https:\/\/dmcsrb.com\"],\"url\":\"https:\/\/dmcsrb.com\/en\/author\/dmcsrbija-comgmail-com\/\"}]}<\/script>\n<!-- \/ Yoast SEO plugin. -->","yoast_head_json":{"title":"Pucnjava u SAD-u: Ubijena tri policajca, napada\u010d preminuo - dmcsrb.com","robots":{"index":"index","follow":"follow","max-snippet":"max-snippet:-1","max-image-preview":"max-image-preview:large","max-video-preview":"max-video-preview:-1"},"canonical":"https:\/\/dmcsrb.com\/en\/svijet\/pucnjava-u-sad-u-ubijena-tri-policajca-napadac-preminuo\/","og_locale":"en_GB","og_type":"article","og_title":"Pucnjava u SAD-u: Ubijena tri policajca, napada\u010d preminuo - dmcsrb.com","og_description":"Pucnjava se dogodila na jugoistoku Pensilvanije, kada su se policajci vratili na mjesto doga\u0111aja kako bi nastavili istragu zapo\u010detu dan ranije.","og_url":"https:\/\/dmcsrb.com\/en\/svijet\/pucnjava-u-sad-u-ubijena-tri-policajca-napadac-preminuo\/","og_site_name":"dmcsrb.com","article_published_time":"2025-09-18T14:55:00+00:00","og_image":[{"width":1280,"height":852,"url":"https:\/\/dmcsrb.com\/wp-content\/uploads\/2026\/01\/SAD-pucnjava.webp","type":"image\/jpeg"}],"author":"dmcsrbija.com@gmail.com","twitter_card":"summary_large_image","twitter_misc":{"Written by":"dmcsrbija.com@gmail.com"},"schema":{"@context":"https:\/\/schema.org","@graph":[{"@type":"Article","@id":"https:\/\/dmcsrb.com\/svijet\/pucnjava-u-sad-u-ubijena-tri-policajca-napadac-preminuo\/#article","isPartOf":{"@id":"https:\/\/dmcsrb.com\/svijet\/pucnjava-u-sad-u-ubijena-tri-policajca-napadac-preminuo\/"},"author":{"name":"dmcsrbija.com@gmail.com","@id":"https:\/\/dmcsrb.com\/#\/schema\/person\/5c39170f12db1b8b457732d0b5c854e2"},"headline":"Pucnjava u SAD-u: Ubijena tri policajca, napada\u010d preminuo","datePublished":"2025-09-18T14:55:00+00:00","mainEntityOfPage":{"@id":"https:\/\/dmcsrb.com\/svijet\/pucnjava-u-sad-u-ubijena-tri-policajca-napadac-preminuo\/"},"wordCount":73,"commentCount":0,"image":{"@id":"https:\/\/dmcsrb.com\/svijet\/pucnjava-u-sad-u-ubijena-tri-policajca-napadac-preminuo\/#primaryimage"},"thumbnailUrl":"https:\/\/dmcsrb.com\/wp-content\/uploads\/2026\/01\/SAD-pucnjava.webp","keywords":["policajci","SAD","ubistvo"],"articleSection":["Svijet"],"inLanguage":"en-GB","potentialAction":[{"@type":"CommentAction","name":"Comment","target":["https:\/\/dmcsrb.com\/svijet\/pucnjava-u-sad-u-ubijena-tri-policajca-napadac-preminuo\/#respond"]}]},{"@type":"WebPage","@id":"https:\/\/dmcsrb.com\/svijet\/pucnjava-u-sad-u-ubijena-tri-policajca-napadac-preminuo\/","url":"https:\/\/dmcsrb.com\/svijet\/pucnjava-u-sad-u-ubijena-tri-policajca-napadac-preminuo\/","name":"Pucnjava u SAD-u: Ubijena tri policajca, napada\u010d preminuo - dmcsrb.com","isPartOf":{"@id":"https:\/\/dmcsrb.com\/#website"},"primaryImageOfPage":{"@id":"https:\/\/dmcsrb.com\/svijet\/pucnjava-u-sad-u-ubijena-tri-policajca-napadac-preminuo\/#primaryimage"},"image":{"@id":"https:\/\/dmcsrb.com\/svijet\/pucnjava-u-sad-u-ubijena-tri-policajca-napadac-preminuo\/#primaryimage"},"thumbnailUrl":"https:\/\/dmcsrb.com\/wp-content\/uploads\/2026\/01\/SAD-pucnjava.webp","datePublished":"2025-09-18T14:55:00+00:00","author":{"@id":"https:\/\/dmcsrb.com\/#\/schema\/person\/5c39170f12db1b8b457732d0b5c854e2"},"breadcrumb":{"@id":"https:\/\/dmcsrb.com\/svijet\/pucnjava-u-sad-u-ubijena-tri-policajca-napadac-preminuo\/#breadcrumb"},"inLanguage":"en-GB","potentialAction":[{"@type":"ReadAction","target":["https:\/\/dmcsrb.com\/svijet\/pucnjava-u-sad-u-ubijena-tri-policajca-napadac-preminuo\/"]}]},{"@type":"ImageObject","inLanguage":"en-GB","@id":"https:\/\/dmcsrb.com\/svijet\/pucnjava-u-sad-u-ubijena-tri-policajca-napadac-preminuo\/#primaryimage","url":"https:\/\/dmcsrb.com\/wp-content\/uploads\/2026\/01\/SAD-pucnjava.webp","contentUrl":"https:\/\/dmcsrb.com\/wp-content\/uploads\/2026\/01\/SAD-pucnjava.webp","width":1280,"height":852},{"@type":"BreadcrumbList","@id":"https:\/\/dmcsrb.com\/svijet\/pucnjava-u-sad-u-ubijena-tri-policajca-napadac-preminuo\/#breadcrumb","itemListElement":[{"@type":"ListItem","position":1,"name":"Home","item":"https:\/\/dmcsrb.com\/"},{"@type":"ListItem","position":2,"name":"Pucnjava u SAD-u: Ubijena tri policajca, napada\u010d preminuo"}]},{"@type":"WebSite","@id":"https:\/\/dmcsrb.com\/#website","url":"https:\/\/dmcsrb.com\/","name":"dmcsrb.com","description":"","potentialAction":[{"@type":"SearchAction","target":{"@type":"EntryPoint","urlTemplate":"https:\/\/dmcsrb.com\/?s={search_term_string}"},"query-input":{"@type":"PropertyValueSpecification","valueRequired":true,"valueName":"search_term_string"}}],"inLanguage":"en-GB"},{"@type":"Person","@id":"https:\/\/dmcsrb.com\/#\/schema\/person\/5c39170f12db1b8b457732d0b5c854e2","name":"dmcsrbija.com@gmail.com","image":{"@type":"ImageObject","inLanguage":"en-GB","@id":"https:\/\/dmcsrb.com\/#\/schema\/person\/image\/","url":"https:\/\/secure.gravatar.com\/avatar\/68592660ad6347fad0fb587f8d5d8f1a7b44961362f56e4f2cd524feb87e9069?s=96&d=mm&r=g","contentUrl":"https:\/\/secure.gravatar.com\/avatar\/68592660ad6347fad0fb587f8d5d8f1a7b44961362f56e4f2cd524feb87e9069?s=96&d=mm&r=g","caption":"dmcsrbija.com@gmail.com"},"sameAs":["https:\/\/dmcsrb.com"],"url":"https:\/\/dmcsrb.com\/en\/author\/dmcsrbija-comgmail-com\/"}]}},"_links":{"self":[{"href":"https:\/\/dmcsrb.com\/en\/wp-json\/wp\/v2\/posts\/952823","targetHints":{"allow":["GET"]}}],"collection":[{"href":"https:\/\/dmcsrb.com\/en\/wp-json\/wp\/v2\/posts"}],"about":[{"href":"https:\/\/dmcsrb.com\/en\/wp-json\/wp\/v2\/types\/post"}],"author":[{"embeddable":true,"href":"https:\/\/dmcsrb.com\/en\/wp-json\/wp\/v2\/users\/1"}],"replies":[{"embeddable":true,"href":"https:\/\/dmcsrb.com\/en\/wp-json\/wp\/v2\/comments?post=952823"}],"version-history":[{"count":0,"href":"https:\/\/dmcsrb.com\/en\/wp-json\/wp\/v2\/posts\/952823\/revisions"}],"wp:featuredmedia":[{"embeddable":true,"href":"https:\/\/dmcsrb.com\/en\/wp-json\/wp\/v2\/media\/952824"}],"wp:attachment":[{"href":"https:\/\/dmcsrb.com\/en\/wp-json\/wp\/v2\/media?parent=952823"}],"wp:term":[{"taxonomy":"category","embeddable":true,"href":"https:\/\/dmcsrb.com\/en\/wp-json\/wp\/v2\/categories?post=952823"},{"taxonomy":"post_tag","embeddable":true,"href":"https:\/\/dmcsrb.com\/en\/wp-json\/wp\/v2\/tags?post=952823"},{"taxonomy":"naslovna","embeddable":true,"href":"https:\/\/dmcsrb.com\/en\/wp-json\/wp\/v2\/naslovna?post=952823"}],"curies":[{"name":"wp","href":"https:\/\/api.w.org\/{rel}","templated":true}]}}