{"id":952821,"date":"2025-09-18T17:31:00","date_gmt":"2025-09-18T15:31:00","guid":{"rendered":"https:\/\/dmcsrb.com\/uncategorized\/video-milosevic-ne-smijemo-dozvoliti-da-se-mladi-bez-obzira-kojoj-naciji-pripadaju-stigmatizuju-na-drustvenim-mrezama\/"},"modified":"2025-09-18T17:31:00","modified_gmt":"2025-09-18T15:31:00","slug":"video-milosevic-ne-smijemo-dozvoliti-da-se-mladi-bez-obzira-kojoj-naciji-pripadaju-stigmatizuju-na-drustvenim-mrezama","status":"publish","type":"post","link":"https:\/\/dmcsrb.com\/en\/drustvo\/video-milosevic-ne-smijemo-dozvoliti-da-se-mladi-bez-obzira-kojoj-naciji-pripadaju-stigmatizuju-na-drustvenim-mrezama\/","title":{"rendered":"(VIDEO) Milo\u0161evi\u0107: Ne smijemo dozvoliti da se mladi, bez obzira kojoj naciji pripadaju, stigmatizuju na dru\u0161tvenim mre\u017eama"},"content":{"rendered":"<p><\/p>\n\n\n\n<p>U naselju Konik, dok su popisivali doma\u0107instva u okviru UNICEF-ovog istra\u017eivanja o djeci i porodicama, dva mlada popisiva\u010da fotografisana su bez njihove saglasnosti. Na dru\u0161tvenim mre\u017eama, zatim su plasirane la\u017ene informacije da je rije\u010d o stranim dr\u017eavljanima koji navodno djecu popisuju iz sumnjivih razloga \u2013 a brojni zabrinuti roditelji kontaktirali su nevladinu organizaciju Sistem.<\/p>\n\n\n\n<p>&#8221;Danas smo primili veliki broj poruka od roditelja koji su prepla\u0161eni za bezbjednost svoje djece i prosto mislim da je ovo neko pitanje gdje treba da se uklju\u010di i sistem ve\u0107e instance i NVO kako bi zajedno postavili pitanje \u2013 zbog \u010dega nam se ovo de\u0161ava? \u0160ta je to da gra\u0111ane budi da se bave ovim stvarima i gdje se krije to nezadovoljstvo?&#8221;, kazala je Dijana Milo\u0161evi\u0107 iz NVO Sistem.<br><br>Oni su, kako obja\u0161njava, anga\u017eovani preko Monstata i Unicefa na odre\u0111enom istra\u017eivanju i &#8220;ne smijemo da dozvolimo da se mlada bi\u0107a bez obzira kojoj naciji pripadaju, targetiraju i obilje\u017eavaju na dru\u0161tvenim mre\u017eama&#8221;.<\/p>\n\n\n\n<p>Isti\u010de da je rije\u010d o ozbiljnom slu\u010daju stigmatizacije, koji dodatno ugro\u017eava povjerenje u dru\u0161tvo koje te\u017ei jednakosti.<br><br>&#8221;Mogu samo da pomislim kako se danas osje\u0107aju ta djeca kada su vidjeli na dru\u0161tvenim mre\u017eama svoje slike i targetiranje od strane korisnika dru\u0161tvenih mre\u017ea. Mi kao organizacija se bavimo ranjivim kategorijama i uvijek te\u017eimo da po\u0161aljemo poruku da svako treba da ima svoje mjesto u ovom dru\u0161tvu, bez obzira ko je, \u0161ta je i gdje priprada i naro\u010dito se bavimo pravima romske i egip\u0107anske populacije&#8221;, istakla je Milo\u0161evi\u0107.<\/p>\n\n\n\n<p>Poru\u010duje da ovakvi slu\u010dajevi ne smiju pro\u0107i bez hitne reakcije nadle\u017enih, kako bi se sprije\u010dilo \u0161irenje govora mr\u017enje i za\u0161titili gra\u0111ani koji \u010dasno obavljaju svoj posao.<\/p>\n\n\n\n<figure class=\"wp-block-embed is-type-video is-provider-youtube wp-block-embed-youtube wp-embed-aspect-16-9 wp-has-aspect-ratio\"><div class=\"wp-block-embed__wrapper\">\n<iframe loading=\"lazy\" title=\"Milo\u0161evi\u0107: Ne smijemo dozvoliti da se mladi stigmatizuju na dru\u0161tvenim mre\u017eama\" width=\"500\" height=\"281\" src=\"https:\/\/www.youtube.com\/embed\/tTvYw-STK8c?feature=oembed\" frameborder=\"0\" allow=\"accelerometer; autoplay; clipboard-write; encrypted-media; gyroscope; picture-in-picture; web-share\" referrerpolicy=\"strict-origin-when-cross-origin\" allowfullscreen><\/iframe>\n<\/div><\/figure>","protected":false},"excerpt":{"rendered":"<p>Dvojica mladih popisiva\u010da, anga\u017eovanih na UNICEF-ovom istra\u017eivanju o djeci i porodicama, postali su meta dezinformacija nakon \u0161to su fotografisani tokom rada u podgori\u010dkom naselju Konik. Neprovjerene objave na dru\u0161tvenim mre\u017eama izazvale su paniku me\u0111u roditeljima.<\/p>","protected":false},"author":1,"featured_media":952822,"comment_status":"open","ping_status":"open","sticky":false,"template":"","format":"standard","meta":{"_acf_changed":false,"footnotes":""},"categories":[2],"tags":[225,228],"naslovna":[],"class_list":["post-952821","post","type-post","status-publish","format-standard","has-post-thumbnail","hentry","category-drustvo","tag-dijana-milosevic","tag-nvo-sistem"],"acf":[],"yoast_head":"<!-- This site is optimized with the Yoast SEO plugin v27.0 - https:\/\/yoast.com\/product\/yoast-seo-wordpress\/ -->\n<title>(VIDEO) Milo\u0161evi\u0107: Ne smijemo dozvoliti da se mladi, bez obzira kojoj naciji pripadaju, stigmatizuju na dru\u0161tvenim mre\u017eama - dmcsrb.com<\/title>\n<meta name=\"robots\" content=\"index, follow, max-snippet:-1, max-image-preview:large, max-video-preview:-1\" \/>\n<link rel=\"canonical\" href=\"https:\/\/dmcsrb.com\/en\/drustvo\/video-milosevic-ne-smijemo-dozvoliti-da-se-mladi-bez-obzira-kojoj-naciji-pripadaju-stigmatizuju-na-drustvenim-mrezama\/\" \/>\n<meta property=\"og:locale\" content=\"en_GB\" \/>\n<meta property=\"og:type\" content=\"article\" \/>\n<meta property=\"og:title\" content=\"(VIDEO) Milo\u0161evi\u0107: Ne smijemo dozvoliti da se mladi, bez obzira kojoj naciji pripadaju, stigmatizuju na dru\u0161tvenim mre\u017eama - dmcsrb.com\" \/>\n<meta property=\"og:description\" content=\"Dvojica mladih popisiva\u010da, anga\u017eovanih na UNICEF-ovom istra\u017eivanju o djeci i porodicama, postali su meta dezinformacija nakon \u0161to su fotografisani tokom rada u podgori\u010dkom naselju Konik. Neprovjerene objave na dru\u0161tvenim mre\u017eama izazvale su paniku me\u0111u roditeljima.\" \/>\n<meta property=\"og:url\" content=\"https:\/\/dmcsrb.com\/en\/drustvo\/video-milosevic-ne-smijemo-dozvoliti-da-se-mladi-bez-obzira-kojoj-naciji-pripadaju-stigmatizuju-na-drustvenim-mrezama\/\" \/>\n<meta property=\"og:site_name\" content=\"dmcsrb.com\" \/>\n<meta property=\"article:published_time\" content=\"2025-09-18T15:31:00+00:00\" \/>\n<meta property=\"og:image\" content=\"https:\/\/dmcsrb.com\/wp-content\/uploads\/2026\/01\/telefon-ilustracija-foto-gradski.webp\" \/>\n\t<meta property=\"og:image:width\" content=\"1501\" \/>\n\t<meta property=\"og:image:height\" content=\"856\" \/>\n\t<meta property=\"og:image:type\" content=\"image\/jpeg\" \/>\n<meta name=\"author\" content=\"dmcsrbija.com@gmail.com\" \/>\n<meta name=\"twitter:card\" content=\"summary_large_image\" \/>\n<meta name=\"twitter:label1\" content=\"Written by\" \/>\n\t<meta name=\"twitter:data1\" content=\"dmcsrbija.com@gmail.com\" \/>\n\t<meta name=\"twitter:label2\" content=\"Estimated reading time\" \/>\n\t<meta name=\"twitter:data2\" content=\"2 minutes\" \/>\n<script type=\"application\/ld+json\" class=\"yoast-schema-graph\">{\"@context\":\"https:\/\/schema.org\",\"@graph\":[{\"@type\":\"Article\",\"@id\":\"https:\/\/dmcsrb.com\/drustvo\/video-milosevic-ne-smijemo-dozvoliti-da-se-mladi-bez-obzira-kojoj-naciji-pripadaju-stigmatizuju-na-drustvenim-mrezama\/#article\",\"isPartOf\":{\"@id\":\"https:\/\/dmcsrb.com\/drustvo\/video-milosevic-ne-smijemo-dozvoliti-da-se-mladi-bez-obzira-kojoj-naciji-pripadaju-stigmatizuju-na-drustvenim-mrezama\/\"},\"author\":{\"name\":\"dmcsrbija.com@gmail.com\",\"@id\":\"https:\/\/dmcsrb.com\/#\/schema\/person\/5c39170f12db1b8b457732d0b5c854e2\"},\"headline\":\"(VIDEO) Milo\u0161evi\u0107: Ne smijemo dozvoliti da se mladi, bez obzira kojoj naciji pripadaju, stigmatizuju na dru\u0161tvenim mre\u017eama\",\"datePublished\":\"2025-09-18T15:31:00+00:00\",\"mainEntityOfPage\":{\"@id\":\"https:\/\/dmcsrb.com\/drustvo\/video-milosevic-ne-smijemo-dozvoliti-da-se-mladi-bez-obzira-kojoj-naciji-pripadaju-stigmatizuju-na-drustvenim-mrezama\/\"},\"wordCount\":339,\"commentCount\":0,\"image\":{\"@id\":\"https:\/\/dmcsrb.com\/drustvo\/video-milosevic-ne-smijemo-dozvoliti-da-se-mladi-bez-obzira-kojoj-naciji-pripadaju-stigmatizuju-na-drustvenim-mrezama\/#primaryimage\"},\"thumbnailUrl\":\"https:\/\/dmcsrb.com\/wp-content\/uploads\/2026\/01\/telefon-ilustracija-foto-gradski.webp\",\"keywords\":[\"Dijana Milo\u0161evi\u0107\",\"Nvo sistem\"],\"articleSection\":[\"Dru\u0161tvo\"],\"inLanguage\":\"en-GB\",\"potentialAction\":[{\"@type\":\"CommentAction\",\"name\":\"Comment\",\"target\":[\"https:\/\/dmcsrb.com\/drustvo\/video-milosevic-ne-smijemo-dozvoliti-da-se-mladi-bez-obzira-kojoj-naciji-pripadaju-stigmatizuju-na-drustvenim-mrezama\/#respond\"]}]},{\"@type\":\"WebPage\",\"@id\":\"https:\/\/dmcsrb.com\/drustvo\/video-milosevic-ne-smijemo-dozvoliti-da-se-mladi-bez-obzira-kojoj-naciji-pripadaju-stigmatizuju-na-drustvenim-mrezama\/\",\"url\":\"https:\/\/dmcsrb.com\/drustvo\/video-milosevic-ne-smijemo-dozvoliti-da-se-mladi-bez-obzira-kojoj-naciji-pripadaju-stigmatizuju-na-drustvenim-mrezama\/\",\"name\":\"(VIDEO) Milo\u0161evi\u0107: Ne smijemo dozvoliti da se mladi, bez obzira kojoj naciji pripadaju, stigmatizuju na dru\u0161tvenim mre\u017eama - dmcsrb.com\",\"isPartOf\":{\"@id\":\"https:\/\/dmcsrb.com\/#website\"},\"primaryImageOfPage\":{\"@id\":\"https:\/\/dmcsrb.com\/drustvo\/video-milosevic-ne-smijemo-dozvoliti-da-se-mladi-bez-obzira-kojoj-naciji-pripadaju-stigmatizuju-na-drustvenim-mrezama\/#primaryimage\"},\"image\":{\"@id\":\"https:\/\/dmcsrb.com\/drustvo\/video-milosevic-ne-smijemo-dozvoliti-da-se-mladi-bez-obzira-kojoj-naciji-pripadaju-stigmatizuju-na-drustvenim-mrezama\/#primaryimage\"},\"thumbnailUrl\":\"https:\/\/dmcsrb.com\/wp-content\/uploads\/2026\/01\/telefon-ilustracija-foto-gradski.webp\",\"datePublished\":\"2025-09-18T15:31:00+00:00\",\"author\":{\"@id\":\"https:\/\/dmcsrb.com\/#\/schema\/person\/5c39170f12db1b8b457732d0b5c854e2\"},\"breadcrumb\":{\"@id\":\"https:\/\/dmcsrb.com\/drustvo\/video-milosevic-ne-smijemo-dozvoliti-da-se-mladi-bez-obzira-kojoj-naciji-pripadaju-stigmatizuju-na-drustvenim-mrezama\/#breadcrumb\"},\"inLanguage\":\"en-GB\",\"potentialAction\":[{\"@type\":\"ReadAction\",\"target\":[\"https:\/\/dmcsrb.com\/drustvo\/video-milosevic-ne-smijemo-dozvoliti-da-se-mladi-bez-obzira-kojoj-naciji-pripadaju-stigmatizuju-na-drustvenim-mrezama\/\"]}]},{\"@type\":\"ImageObject\",\"inLanguage\":\"en-GB\",\"@id\":\"https:\/\/dmcsrb.com\/drustvo\/video-milosevic-ne-smijemo-dozvoliti-da-se-mladi-bez-obzira-kojoj-naciji-pripadaju-stigmatizuju-na-drustvenim-mrezama\/#primaryimage\",\"url\":\"https:\/\/dmcsrb.com\/wp-content\/uploads\/2026\/01\/telefon-ilustracija-foto-gradski.webp\",\"contentUrl\":\"https:\/\/dmcsrb.com\/wp-content\/uploads\/2026\/01\/telefon-ilustracija-foto-gradski.webp\",\"width\":1501,\"height\":856},{\"@type\":\"BreadcrumbList\",\"@id\":\"https:\/\/dmcsrb.com\/drustvo\/video-milosevic-ne-smijemo-dozvoliti-da-se-mladi-bez-obzira-kojoj-naciji-pripadaju-stigmatizuju-na-drustvenim-mrezama\/#breadcrumb\",\"itemListElement\":[{\"@type\":\"ListItem\",\"position\":1,\"name\":\"Home\",\"item\":\"https:\/\/dmcsrb.com\/\"},{\"@type\":\"ListItem\",\"position\":2,\"name\":\"(VIDEO) Milo\u0161evi\u0107: Ne smijemo dozvoliti da se mladi, bez obzira kojoj naciji pripadaju, stigmatizuju na dru\u0161tvenim mre\u017eama\"}]},{\"@type\":\"WebSite\",\"@id\":\"https:\/\/dmcsrb.com\/#website\",\"url\":\"https:\/\/dmcsrb.com\/\",\"name\":\"dmcsrb.com\",\"description\":\"\",\"potentialAction\":[{\"@type\":\"SearchAction\",\"target\":{\"@type\":\"EntryPoint\",\"urlTemplate\":\"https:\/\/dmcsrb.com\/?s={search_term_string}\"},\"query-input\":{\"@type\":\"PropertyValueSpecification\",\"valueRequired\":true,\"valueName\":\"search_term_string\"}}],\"inLanguage\":\"en-GB\"},{\"@type\":\"Person\",\"@id\":\"https:\/\/dmcsrb.com\/#\/schema\/person\/5c39170f12db1b8b457732d0b5c854e2\",\"name\":\"dmcsrbija.com@gmail.com\",\"image\":{\"@type\":\"ImageObject\",\"inLanguage\":\"en-GB\",\"@id\":\"https:\/\/dmcsrb.com\/#\/schema\/person\/image\/\",\"url\":\"https:\/\/secure.gravatar.com\/avatar\/68592660ad6347fad0fb587f8d5d8f1a7b44961362f56e4f2cd524feb87e9069?s=96&d=mm&r=g\",\"contentUrl\":\"https:\/\/secure.gravatar.com\/avatar\/68592660ad6347fad0fb587f8d5d8f1a7b44961362f56e4f2cd524feb87e9069?s=96&d=mm&r=g\",\"caption\":\"dmcsrbija.com@gmail.com\"},\"sameAs\":[\"https:\/\/dmcsrb.com\"],\"url\":\"https:\/\/dmcsrb.com\/en\/author\/dmcsrbija-comgmail-com\/\"}]}<\/script>\n<!-- \/ Yoast SEO plugin. -->","yoast_head_json":{"title":"(VIDEO) Milo\u0161evi\u0107: Ne smijemo dozvoliti da se mladi, bez obzira kojoj naciji pripadaju, stigmatizuju na dru\u0161tvenim mre\u017eama - dmcsrb.com","robots":{"index":"index","follow":"follow","max-snippet":"max-snippet:-1","max-image-preview":"max-image-preview:large","max-video-preview":"max-video-preview:-1"},"canonical":"https:\/\/dmcsrb.com\/en\/drustvo\/video-milosevic-ne-smijemo-dozvoliti-da-se-mladi-bez-obzira-kojoj-naciji-pripadaju-stigmatizuju-na-drustvenim-mrezama\/","og_locale":"en_GB","og_type":"article","og_title":"(VIDEO) Milo\u0161evi\u0107: Ne smijemo dozvoliti da se mladi, bez obzira kojoj naciji pripadaju, stigmatizuju na dru\u0161tvenim mre\u017eama - dmcsrb.com","og_description":"Dvojica mladih popisiva\u010da, anga\u017eovanih na UNICEF-ovom istra\u017eivanju o djeci i porodicama, postali su meta dezinformacija nakon \u0161to su fotografisani tokom rada u podgori\u010dkom naselju Konik. Neprovjerene objave na dru\u0161tvenim mre\u017eama izazvale su paniku me\u0111u roditeljima.","og_url":"https:\/\/dmcsrb.com\/en\/drustvo\/video-milosevic-ne-smijemo-dozvoliti-da-se-mladi-bez-obzira-kojoj-naciji-pripadaju-stigmatizuju-na-drustvenim-mrezama\/","og_site_name":"dmcsrb.com","article_published_time":"2025-09-18T15:31:00+00:00","og_image":[{"width":1501,"height":856,"url":"https:\/\/dmcsrb.com\/wp-content\/uploads\/2026\/01\/telefon-ilustracija-foto-gradski.webp","type":"image\/jpeg"}],"author":"dmcsrbija.com@gmail.com","twitter_card":"summary_large_image","twitter_misc":{"Written by":"dmcsrbija.com@gmail.com","Estimated reading time":"2 minutes"},"schema":{"@context":"https:\/\/schema.org","@graph":[{"@type":"Article","@id":"https:\/\/dmcsrb.com\/drustvo\/video-milosevic-ne-smijemo-dozvoliti-da-se-mladi-bez-obzira-kojoj-naciji-pripadaju-stigmatizuju-na-drustvenim-mrezama\/#article","isPartOf":{"@id":"https:\/\/dmcsrb.com\/drustvo\/video-milosevic-ne-smijemo-dozvoliti-da-se-mladi-bez-obzira-kojoj-naciji-pripadaju-stigmatizuju-na-drustvenim-mrezama\/"},"author":{"name":"dmcsrbija.com@gmail.com","@id":"https:\/\/dmcsrb.com\/#\/schema\/person\/5c39170f12db1b8b457732d0b5c854e2"},"headline":"(VIDEO) Milo\u0161evi\u0107: Ne smijemo dozvoliti da se mladi, bez obzira kojoj naciji pripadaju, stigmatizuju na dru\u0161tvenim mre\u017eama","datePublished":"2025-09-18T15:31:00+00:00","mainEntityOfPage":{"@id":"https:\/\/dmcsrb.com\/drustvo\/video-milosevic-ne-smijemo-dozvoliti-da-se-mladi-bez-obzira-kojoj-naciji-pripadaju-stigmatizuju-na-drustvenim-mrezama\/"},"wordCount":339,"commentCount":0,"image":{"@id":"https:\/\/dmcsrb.com\/drustvo\/video-milosevic-ne-smijemo-dozvoliti-da-se-mladi-bez-obzira-kojoj-naciji-pripadaju-stigmatizuju-na-drustvenim-mrezama\/#primaryimage"},"thumbnailUrl":"https:\/\/dmcsrb.com\/wp-content\/uploads\/2026\/01\/telefon-ilustracija-foto-gradski.webp","keywords":["Dijana Milo\u0161evi\u0107","Nvo sistem"],"articleSection":["Dru\u0161tvo"],"inLanguage":"en-GB","potentialAction":[{"@type":"CommentAction","name":"Comment","target":["https:\/\/dmcsrb.com\/drustvo\/video-milosevic-ne-smijemo-dozvoliti-da-se-mladi-bez-obzira-kojoj-naciji-pripadaju-stigmatizuju-na-drustvenim-mrezama\/#respond"]}]},{"@type":"WebPage","@id":"https:\/\/dmcsrb.com\/drustvo\/video-milosevic-ne-smijemo-dozvoliti-da-se-mladi-bez-obzira-kojoj-naciji-pripadaju-stigmatizuju-na-drustvenim-mrezama\/","url":"https:\/\/dmcsrb.com\/drustvo\/video-milosevic-ne-smijemo-dozvoliti-da-se-mladi-bez-obzira-kojoj-naciji-pripadaju-stigmatizuju-na-drustvenim-mrezama\/","name":"(VIDEO) Milo\u0161evi\u0107: Ne smijemo dozvoliti da se mladi, bez obzira kojoj naciji pripadaju, stigmatizuju na dru\u0161tvenim mre\u017eama - dmcsrb.com","isPartOf":{"@id":"https:\/\/dmcsrb.com\/#website"},"primaryImageOfPage":{"@id":"https:\/\/dmcsrb.com\/drustvo\/video-milosevic-ne-smijemo-dozvoliti-da-se-mladi-bez-obzira-kojoj-naciji-pripadaju-stigmatizuju-na-drustvenim-mrezama\/#primaryimage"},"image":{"@id":"https:\/\/dmcsrb.com\/drustvo\/video-milosevic-ne-smijemo-dozvoliti-da-se-mladi-bez-obzira-kojoj-naciji-pripadaju-stigmatizuju-na-drustvenim-mrezama\/#primaryimage"},"thumbnailUrl":"https:\/\/dmcsrb.com\/wp-content\/uploads\/2026\/01\/telefon-ilustracija-foto-gradski.webp","datePublished":"2025-09-18T15:31:00+00:00","author":{"@id":"https:\/\/dmcsrb.com\/#\/schema\/person\/5c39170f12db1b8b457732d0b5c854e2"},"breadcrumb":{"@id":"https:\/\/dmcsrb.com\/drustvo\/video-milosevic-ne-smijemo-dozvoliti-da-se-mladi-bez-obzira-kojoj-naciji-pripadaju-stigmatizuju-na-drustvenim-mrezama\/#breadcrumb"},"inLanguage":"en-GB","potentialAction":[{"@type":"ReadAction","target":["https:\/\/dmcsrb.com\/drustvo\/video-milosevic-ne-smijemo-dozvoliti-da-se-mladi-bez-obzira-kojoj-naciji-pripadaju-stigmatizuju-na-drustvenim-mrezama\/"]}]},{"@type":"ImageObject","inLanguage":"en-GB","@id":"https:\/\/dmcsrb.com\/drustvo\/video-milosevic-ne-smijemo-dozvoliti-da-se-mladi-bez-obzira-kojoj-naciji-pripadaju-stigmatizuju-na-drustvenim-mrezama\/#primaryimage","url":"https:\/\/dmcsrb.com\/wp-content\/uploads\/2026\/01\/telefon-ilustracija-foto-gradski.webp","contentUrl":"https:\/\/dmcsrb.com\/wp-content\/uploads\/2026\/01\/telefon-ilustracija-foto-gradski.webp","width":1501,"height":856},{"@type":"BreadcrumbList","@id":"https:\/\/dmcsrb.com\/drustvo\/video-milosevic-ne-smijemo-dozvoliti-da-se-mladi-bez-obzira-kojoj-naciji-pripadaju-stigmatizuju-na-drustvenim-mrezama\/#breadcrumb","itemListElement":[{"@type":"ListItem","position":1,"name":"Home","item":"https:\/\/dmcsrb.com\/"},{"@type":"ListItem","position":2,"name":"(VIDEO) Milo\u0161evi\u0107: Ne smijemo dozvoliti da se mladi, bez obzira kojoj naciji pripadaju, stigmatizuju na dru\u0161tvenim mre\u017eama"}]},{"@type":"WebSite","@id":"https:\/\/dmcsrb.com\/#website","url":"https:\/\/dmcsrb.com\/","name":"dmcsrb.com","description":"","potentialAction":[{"@type":"SearchAction","target":{"@type":"EntryPoint","urlTemplate":"https:\/\/dmcsrb.com\/?s={search_term_string}"},"query-input":{"@type":"PropertyValueSpecification","valueRequired":true,"valueName":"search_term_string"}}],"inLanguage":"en-GB"},{"@type":"Person","@id":"https:\/\/dmcsrb.com\/#\/schema\/person\/5c39170f12db1b8b457732d0b5c854e2","name":"dmcsrbija.com@gmail.com","image":{"@type":"ImageObject","inLanguage":"en-GB","@id":"https:\/\/dmcsrb.com\/#\/schema\/person\/image\/","url":"https:\/\/secure.gravatar.com\/avatar\/68592660ad6347fad0fb587f8d5d8f1a7b44961362f56e4f2cd524feb87e9069?s=96&d=mm&r=g","contentUrl":"https:\/\/secure.gravatar.com\/avatar\/68592660ad6347fad0fb587f8d5d8f1a7b44961362f56e4f2cd524feb87e9069?s=96&d=mm&r=g","caption":"dmcsrbija.com@gmail.com"},"sameAs":["https:\/\/dmcsrb.com"],"url":"https:\/\/dmcsrb.com\/en\/author\/dmcsrbija-comgmail-com\/"}]}},"_links":{"self":[{"href":"https:\/\/dmcsrb.com\/en\/wp-json\/wp\/v2\/posts\/952821","targetHints":{"allow":["GET"]}}],"collection":[{"href":"https:\/\/dmcsrb.com\/en\/wp-json\/wp\/v2\/posts"}],"about":[{"href":"https:\/\/dmcsrb.com\/en\/wp-json\/wp\/v2\/types\/post"}],"author":[{"embeddable":true,"href":"https:\/\/dmcsrb.com\/en\/wp-json\/wp\/v2\/users\/1"}],"replies":[{"embeddable":true,"href":"https:\/\/dmcsrb.com\/en\/wp-json\/wp\/v2\/comments?post=952821"}],"version-history":[{"count":0,"href":"https:\/\/dmcsrb.com\/en\/wp-json\/wp\/v2\/posts\/952821\/revisions"}],"wp:featuredmedia":[{"embeddable":true,"href":"https:\/\/dmcsrb.com\/en\/wp-json\/wp\/v2\/media\/952822"}],"wp:attachment":[{"href":"https:\/\/dmcsrb.com\/en\/wp-json\/wp\/v2\/media?parent=952821"}],"wp:term":[{"taxonomy":"category","embeddable":true,"href":"https:\/\/dmcsrb.com\/en\/wp-json\/wp\/v2\/categories?post=952821"},{"taxonomy":"post_tag","embeddable":true,"href":"https:\/\/dmcsrb.com\/en\/wp-json\/wp\/v2\/tags?post=952821"},{"taxonomy":"naslovna","embeddable":true,"href":"https:\/\/dmcsrb.com\/en\/wp-json\/wp\/v2\/naslovna?post=952821"}],"curies":[{"name":"wp","href":"https:\/\/api.w.org\/{rel}","templated":true}]}}