{"id":952800,"date":"2025-09-18T15:06:54","date_gmt":"2025-09-18T13:06:54","guid":{"rendered":"https:\/\/dmcsrb.com\/uncategorized\/interno-odjeljenje-bolnice-meljine-dobilo-moderan-ekg-aparat\/"},"modified":"2025-09-18T15:06:54","modified_gmt":"2025-09-18T13:06:54","slug":"interno-odjeljenje-bolnice-meljine-dobilo-moderan-ekg-aparat","status":"publish","type":"post","link":"https:\/\/dmcsrb.com\/en\/drustvo\/interno-odjeljenje-bolnice-meljine-dobilo-moderan-ekg-aparat\/","title":{"rendered":"Interno odjeljenje bolnice Meljine dobilo moderan EKG aparat"},"content":{"rendered":"<p>Iz Turisti\u010dke organizacije su kazali da \u0107e i dalje pomagati opremanje te zdravstvene ustanove.<\/p>\n\n\n\n<p>-To je mala, ali zna\u010djna donacija, jer zdravlje je uvijek na prvom mjestu. Herceg Novi unapre\u0111uje zdravstveni sistem opremom zarad svojih gra\u0111ana i tuirista\u201c,kazao je u ime TO HN, Milo\u0161 Kova\u010devi\u0107. isti\u010du\u0107i da je pro\u0161le nedjelje Op\u0161tina donirala ustanovi podni rentgen.<\/p>\n\n\n\n<p>Aparat je namijenjen za intenzivnu njegu na internom odjeljenju , pa se KBC Kotor nadaju da \u0107e zna\u010dajno uticati da se pove\u0107a kvalitet usluge. <\/p>\n\n\n\n<p>-Donacija je samo nastavak uspje\u0161ne saradnje koju ustanova ima sa lokalnom upravom u Herceg Novom. Sve ove godine Op\u0161tina je podr\u017eavala Bolnicu i bila spremna da pomogne, kako ustanovi tako i njenim zaposlenim. Ve\u0107 je donirala novi rentgen aparat, a u toku je tenderska procedura za nabavku sanitetskog vozila i defribrilatora\u201c,kazala je  pomo\u0107nica direktora KBC Kotor, za Bolnicu Meljine, Ljubica Kurtovi\u0107 koja se, tako\u0111e, zahvalila svim odgovornim firmama i pojedincima iz Herceg Novog, koji \u010desto \u017eele da budu anonimni i koji su shvatili te\u0161ku situaciju u Bolnici Meljine, pa su donirali odre\u0111ena sredstva i opremu.<\/p>","protected":false},"excerpt":{"rendered":"<p>To je je vrijedna donacija Turisti\u010dke organizacije Herceg Novi, koja je aparat obezbijedila za 4000 eura<\/p>","protected":false},"author":1,"featured_media":952801,"comment_status":"open","ping_status":"open","sticky":false,"template":"","format":"standard","meta":{"_acf_changed":false,"footnotes":""},"categories":[2],"tags":[8507,3063,8508,6327],"naslovna":[],"class_list":["post-952800","post","type-post","status-publish","format-standard","has-post-thumbnail","hentry","category-drustvo","tag-bolnica-meljine","tag-donacija","tag-ekg","tag-to-herceg-novi"],"acf":[],"yoast_head":"<!-- This site is optimized with the Yoast SEO plugin v27.0 - https:\/\/yoast.com\/product\/yoast-seo-wordpress\/ -->\n<title>Interno odjeljenje bolnice Meljine dobilo moderan EKG aparat - dmcsrb.com<\/title>\n<meta name=\"robots\" content=\"index, follow, max-snippet:-1, max-image-preview:large, max-video-preview:-1\" \/>\n<link rel=\"canonical\" href=\"https:\/\/dmcsrb.com\/en\/drustvo\/interno-odjeljenje-bolnice-meljine-dobilo-moderan-ekg-aparat\/\" \/>\n<meta property=\"og:locale\" content=\"en_GB\" \/>\n<meta property=\"og:type\" content=\"article\" \/>\n<meta property=\"og:title\" content=\"Interno odjeljenje bolnice Meljine dobilo moderan EKG aparat - dmcsrb.com\" \/>\n<meta property=\"og:description\" content=\"To je je vrijedna donacija Turisti\u010dke organizacije Herceg Novi, koja je aparat obezbijedila za 4000 eura\" \/>\n<meta property=\"og:url\" content=\"https:\/\/dmcsrb.com\/en\/drustvo\/interno-odjeljenje-bolnice-meljine-dobilo-moderan-ekg-aparat\/\" \/>\n<meta property=\"og:site_name\" content=\"dmcsrb.com\" \/>\n<meta property=\"article:published_time\" content=\"2025-09-18T13:06:54+00:00\" \/>\n<meta property=\"og:image\" content=\"https:\/\/dmcsrb.com\/wp-content\/uploads\/2026\/01\/rendgen.webp\" \/>\n\t<meta property=\"og:image:width\" content=\"1600\" \/>\n\t<meta property=\"og:image:height\" content=\"1200\" \/>\n\t<meta property=\"og:image:type\" content=\"image\/jpeg\" \/>\n<meta name=\"author\" content=\"dmcsrbija.com@gmail.com\" \/>\n<meta name=\"twitter:card\" content=\"summary_large_image\" \/>\n<meta name=\"twitter:label1\" content=\"Written by\" \/>\n\t<meta name=\"twitter:data1\" content=\"dmcsrbija.com@gmail.com\" \/>\n\t<meta name=\"twitter:label2\" content=\"Estimated reading time\" \/>\n\t<meta name=\"twitter:data2\" content=\"1 minute\" \/>\n<script type=\"application\/ld+json\" class=\"yoast-schema-graph\">{\"@context\":\"https:\/\/schema.org\",\"@graph\":[{\"@type\":\"Article\",\"@id\":\"https:\/\/dmcsrb.com\/drustvo\/interno-odjeljenje-bolnice-meljine-dobilo-moderan-ekg-aparat\/#article\",\"isPartOf\":{\"@id\":\"https:\/\/dmcsrb.com\/drustvo\/interno-odjeljenje-bolnice-meljine-dobilo-moderan-ekg-aparat\/\"},\"author\":{\"name\":\"dmcsrbija.com@gmail.com\",\"@id\":\"https:\/\/dmcsrb.com\/#\/schema\/person\/5c39170f12db1b8b457732d0b5c854e2\"},\"headline\":\"Interno odjeljenje bolnice Meljine dobilo moderan EKG aparat\",\"datePublished\":\"2025-09-18T13:06:54+00:00\",\"mainEntityOfPage\":{\"@id\":\"https:\/\/dmcsrb.com\/drustvo\/interno-odjeljenje-bolnice-meljine-dobilo-moderan-ekg-aparat\/\"},\"wordCount\":201,\"commentCount\":0,\"image\":{\"@id\":\"https:\/\/dmcsrb.com\/drustvo\/interno-odjeljenje-bolnice-meljine-dobilo-moderan-ekg-aparat\/#primaryimage\"},\"thumbnailUrl\":\"https:\/\/dmcsrb.com\/wp-content\/uploads\/2026\/01\/rendgen.webp\",\"keywords\":[\"bolnica Meljine\",\"donacija\",\"EKG\",\"TO Herceg Novi\"],\"articleSection\":[\"Dru\u0161tvo\"],\"inLanguage\":\"en-GB\",\"potentialAction\":[{\"@type\":\"CommentAction\",\"name\":\"Comment\",\"target\":[\"https:\/\/dmcsrb.com\/drustvo\/interno-odjeljenje-bolnice-meljine-dobilo-moderan-ekg-aparat\/#respond\"]}]},{\"@type\":\"WebPage\",\"@id\":\"https:\/\/dmcsrb.com\/drustvo\/interno-odjeljenje-bolnice-meljine-dobilo-moderan-ekg-aparat\/\",\"url\":\"https:\/\/dmcsrb.com\/drustvo\/interno-odjeljenje-bolnice-meljine-dobilo-moderan-ekg-aparat\/\",\"name\":\"Interno odjeljenje bolnice Meljine dobilo moderan EKG aparat - dmcsrb.com\",\"isPartOf\":{\"@id\":\"https:\/\/dmcsrb.com\/#website\"},\"primaryImageOfPage\":{\"@id\":\"https:\/\/dmcsrb.com\/drustvo\/interno-odjeljenje-bolnice-meljine-dobilo-moderan-ekg-aparat\/#primaryimage\"},\"image\":{\"@id\":\"https:\/\/dmcsrb.com\/drustvo\/interno-odjeljenje-bolnice-meljine-dobilo-moderan-ekg-aparat\/#primaryimage\"},\"thumbnailUrl\":\"https:\/\/dmcsrb.com\/wp-content\/uploads\/2026\/01\/rendgen.webp\",\"datePublished\":\"2025-09-18T13:06:54+00:00\",\"author\":{\"@id\":\"https:\/\/dmcsrb.com\/#\/schema\/person\/5c39170f12db1b8b457732d0b5c854e2\"},\"breadcrumb\":{\"@id\":\"https:\/\/dmcsrb.com\/drustvo\/interno-odjeljenje-bolnice-meljine-dobilo-moderan-ekg-aparat\/#breadcrumb\"},\"inLanguage\":\"en-GB\",\"potentialAction\":[{\"@type\":\"ReadAction\",\"target\":[\"https:\/\/dmcsrb.com\/drustvo\/interno-odjeljenje-bolnice-meljine-dobilo-moderan-ekg-aparat\/\"]}]},{\"@type\":\"ImageObject\",\"inLanguage\":\"en-GB\",\"@id\":\"https:\/\/dmcsrb.com\/drustvo\/interno-odjeljenje-bolnice-meljine-dobilo-moderan-ekg-aparat\/#primaryimage\",\"url\":\"https:\/\/dmcsrb.com\/wp-content\/uploads\/2026\/01\/rendgen.webp\",\"contentUrl\":\"https:\/\/dmcsrb.com\/wp-content\/uploads\/2026\/01\/rendgen.webp\",\"width\":1600,\"height\":1200},{\"@type\":\"BreadcrumbList\",\"@id\":\"https:\/\/dmcsrb.com\/drustvo\/interno-odjeljenje-bolnice-meljine-dobilo-moderan-ekg-aparat\/#breadcrumb\",\"itemListElement\":[{\"@type\":\"ListItem\",\"position\":1,\"name\":\"Home\",\"item\":\"https:\/\/dmcsrb.com\/\"},{\"@type\":\"ListItem\",\"position\":2,\"name\":\"Interno odjeljenje bolnice Meljine dobilo moderan EKG aparat\"}]},{\"@type\":\"WebSite\",\"@id\":\"https:\/\/dmcsrb.com\/#website\",\"url\":\"https:\/\/dmcsrb.com\/\",\"name\":\"dmcsrb.com\",\"description\":\"\",\"potentialAction\":[{\"@type\":\"SearchAction\",\"target\":{\"@type\":\"EntryPoint\",\"urlTemplate\":\"https:\/\/dmcsrb.com\/?s={search_term_string}\"},\"query-input\":{\"@type\":\"PropertyValueSpecification\",\"valueRequired\":true,\"valueName\":\"search_term_string\"}}],\"inLanguage\":\"en-GB\"},{\"@type\":\"Person\",\"@id\":\"https:\/\/dmcsrb.com\/#\/schema\/person\/5c39170f12db1b8b457732d0b5c854e2\",\"name\":\"dmcsrbija.com@gmail.com\",\"image\":{\"@type\":\"ImageObject\",\"inLanguage\":\"en-GB\",\"@id\":\"https:\/\/dmcsrb.com\/#\/schema\/person\/image\/\",\"url\":\"https:\/\/secure.gravatar.com\/avatar\/68592660ad6347fad0fb587f8d5d8f1a7b44961362f56e4f2cd524feb87e9069?s=96&d=mm&r=g\",\"contentUrl\":\"https:\/\/secure.gravatar.com\/avatar\/68592660ad6347fad0fb587f8d5d8f1a7b44961362f56e4f2cd524feb87e9069?s=96&d=mm&r=g\",\"caption\":\"dmcsrbija.com@gmail.com\"},\"sameAs\":[\"https:\/\/dmcsrb.com\"],\"url\":\"https:\/\/dmcsrb.com\/en\/author\/dmcsrbija-comgmail-com\/\"}]}<\/script>\n<!-- \/ Yoast SEO plugin. -->","yoast_head_json":{"title":"Interno odjeljenje bolnice Meljine dobilo moderan EKG aparat - dmcsrb.com","robots":{"index":"index","follow":"follow","max-snippet":"max-snippet:-1","max-image-preview":"max-image-preview:large","max-video-preview":"max-video-preview:-1"},"canonical":"https:\/\/dmcsrb.com\/en\/drustvo\/interno-odjeljenje-bolnice-meljine-dobilo-moderan-ekg-aparat\/","og_locale":"en_GB","og_type":"article","og_title":"Interno odjeljenje bolnice Meljine dobilo moderan EKG aparat - dmcsrb.com","og_description":"To je je vrijedna donacija Turisti\u010dke organizacije Herceg Novi, koja je aparat obezbijedila za 4000 eura","og_url":"https:\/\/dmcsrb.com\/en\/drustvo\/interno-odjeljenje-bolnice-meljine-dobilo-moderan-ekg-aparat\/","og_site_name":"dmcsrb.com","article_published_time":"2025-09-18T13:06:54+00:00","og_image":[{"width":1600,"height":1200,"url":"https:\/\/dmcsrb.com\/wp-content\/uploads\/2026\/01\/rendgen.webp","type":"image\/jpeg"}],"author":"dmcsrbija.com@gmail.com","twitter_card":"summary_large_image","twitter_misc":{"Written by":"dmcsrbija.com@gmail.com","Estimated reading time":"1 minute"},"schema":{"@context":"https:\/\/schema.org","@graph":[{"@type":"Article","@id":"https:\/\/dmcsrb.com\/drustvo\/interno-odjeljenje-bolnice-meljine-dobilo-moderan-ekg-aparat\/#article","isPartOf":{"@id":"https:\/\/dmcsrb.com\/drustvo\/interno-odjeljenje-bolnice-meljine-dobilo-moderan-ekg-aparat\/"},"author":{"name":"dmcsrbija.com@gmail.com","@id":"https:\/\/dmcsrb.com\/#\/schema\/person\/5c39170f12db1b8b457732d0b5c854e2"},"headline":"Interno odjeljenje bolnice Meljine dobilo moderan EKG aparat","datePublished":"2025-09-18T13:06:54+00:00","mainEntityOfPage":{"@id":"https:\/\/dmcsrb.com\/drustvo\/interno-odjeljenje-bolnice-meljine-dobilo-moderan-ekg-aparat\/"},"wordCount":201,"commentCount":0,"image":{"@id":"https:\/\/dmcsrb.com\/drustvo\/interno-odjeljenje-bolnice-meljine-dobilo-moderan-ekg-aparat\/#primaryimage"},"thumbnailUrl":"https:\/\/dmcsrb.com\/wp-content\/uploads\/2026\/01\/rendgen.webp","keywords":["bolnica Meljine","donacija","EKG","TO Herceg Novi"],"articleSection":["Dru\u0161tvo"],"inLanguage":"en-GB","potentialAction":[{"@type":"CommentAction","name":"Comment","target":["https:\/\/dmcsrb.com\/drustvo\/interno-odjeljenje-bolnice-meljine-dobilo-moderan-ekg-aparat\/#respond"]}]},{"@type":"WebPage","@id":"https:\/\/dmcsrb.com\/drustvo\/interno-odjeljenje-bolnice-meljine-dobilo-moderan-ekg-aparat\/","url":"https:\/\/dmcsrb.com\/drustvo\/interno-odjeljenje-bolnice-meljine-dobilo-moderan-ekg-aparat\/","name":"Interno odjeljenje bolnice Meljine dobilo moderan EKG aparat - dmcsrb.com","isPartOf":{"@id":"https:\/\/dmcsrb.com\/#website"},"primaryImageOfPage":{"@id":"https:\/\/dmcsrb.com\/drustvo\/interno-odjeljenje-bolnice-meljine-dobilo-moderan-ekg-aparat\/#primaryimage"},"image":{"@id":"https:\/\/dmcsrb.com\/drustvo\/interno-odjeljenje-bolnice-meljine-dobilo-moderan-ekg-aparat\/#primaryimage"},"thumbnailUrl":"https:\/\/dmcsrb.com\/wp-content\/uploads\/2026\/01\/rendgen.webp","datePublished":"2025-09-18T13:06:54+00:00","author":{"@id":"https:\/\/dmcsrb.com\/#\/schema\/person\/5c39170f12db1b8b457732d0b5c854e2"},"breadcrumb":{"@id":"https:\/\/dmcsrb.com\/drustvo\/interno-odjeljenje-bolnice-meljine-dobilo-moderan-ekg-aparat\/#breadcrumb"},"inLanguage":"en-GB","potentialAction":[{"@type":"ReadAction","target":["https:\/\/dmcsrb.com\/drustvo\/interno-odjeljenje-bolnice-meljine-dobilo-moderan-ekg-aparat\/"]}]},{"@type":"ImageObject","inLanguage":"en-GB","@id":"https:\/\/dmcsrb.com\/drustvo\/interno-odjeljenje-bolnice-meljine-dobilo-moderan-ekg-aparat\/#primaryimage","url":"https:\/\/dmcsrb.com\/wp-content\/uploads\/2026\/01\/rendgen.webp","contentUrl":"https:\/\/dmcsrb.com\/wp-content\/uploads\/2026\/01\/rendgen.webp","width":1600,"height":1200},{"@type":"BreadcrumbList","@id":"https:\/\/dmcsrb.com\/drustvo\/interno-odjeljenje-bolnice-meljine-dobilo-moderan-ekg-aparat\/#breadcrumb","itemListElement":[{"@type":"ListItem","position":1,"name":"Home","item":"https:\/\/dmcsrb.com\/"},{"@type":"ListItem","position":2,"name":"Interno odjeljenje bolnice Meljine dobilo moderan EKG aparat"}]},{"@type":"WebSite","@id":"https:\/\/dmcsrb.com\/#website","url":"https:\/\/dmcsrb.com\/","name":"dmcsrb.com","description":"","potentialAction":[{"@type":"SearchAction","target":{"@type":"EntryPoint","urlTemplate":"https:\/\/dmcsrb.com\/?s={search_term_string}"},"query-input":{"@type":"PropertyValueSpecification","valueRequired":true,"valueName":"search_term_string"}}],"inLanguage":"en-GB"},{"@type":"Person","@id":"https:\/\/dmcsrb.com\/#\/schema\/person\/5c39170f12db1b8b457732d0b5c854e2","name":"dmcsrbija.com@gmail.com","image":{"@type":"ImageObject","inLanguage":"en-GB","@id":"https:\/\/dmcsrb.com\/#\/schema\/person\/image\/","url":"https:\/\/secure.gravatar.com\/avatar\/68592660ad6347fad0fb587f8d5d8f1a7b44961362f56e4f2cd524feb87e9069?s=96&d=mm&r=g","contentUrl":"https:\/\/secure.gravatar.com\/avatar\/68592660ad6347fad0fb587f8d5d8f1a7b44961362f56e4f2cd524feb87e9069?s=96&d=mm&r=g","caption":"dmcsrbija.com@gmail.com"},"sameAs":["https:\/\/dmcsrb.com"],"url":"https:\/\/dmcsrb.com\/en\/author\/dmcsrbija-comgmail-com\/"}]}},"_links":{"self":[{"href":"https:\/\/dmcsrb.com\/en\/wp-json\/wp\/v2\/posts\/952800","targetHints":{"allow":["GET"]}}],"collection":[{"href":"https:\/\/dmcsrb.com\/en\/wp-json\/wp\/v2\/posts"}],"about":[{"href":"https:\/\/dmcsrb.com\/en\/wp-json\/wp\/v2\/types\/post"}],"author":[{"embeddable":true,"href":"https:\/\/dmcsrb.com\/en\/wp-json\/wp\/v2\/users\/1"}],"replies":[{"embeddable":true,"href":"https:\/\/dmcsrb.com\/en\/wp-json\/wp\/v2\/comments?post=952800"}],"version-history":[{"count":0,"href":"https:\/\/dmcsrb.com\/en\/wp-json\/wp\/v2\/posts\/952800\/revisions"}],"wp:featuredmedia":[{"embeddable":true,"href":"https:\/\/dmcsrb.com\/en\/wp-json\/wp\/v2\/media\/952801"}],"wp:attachment":[{"href":"https:\/\/dmcsrb.com\/en\/wp-json\/wp\/v2\/media?parent=952800"}],"wp:term":[{"taxonomy":"category","embeddable":true,"href":"https:\/\/dmcsrb.com\/en\/wp-json\/wp\/v2\/categories?post=952800"},{"taxonomy":"post_tag","embeddable":true,"href":"https:\/\/dmcsrb.com\/en\/wp-json\/wp\/v2\/tags?post=952800"},{"taxonomy":"naslovna","embeddable":true,"href":"https:\/\/dmcsrb.com\/en\/wp-json\/wp\/v2\/naslovna?post=952800"}],"curies":[{"name":"wp","href":"https:\/\/api.w.org\/{rel}","templated":true}]}}