{"id":952772,"date":"2025-09-18T13:57:00","date_gmt":"2025-09-18T11:57:00","guid":{"rendered":"https:\/\/dmcsrb.com\/uncategorized\/nisic-crna-gora-ima-cilj-da-osobama-sa-invaliditetom-omoguci-jednake-sanse-na-trzistu-rada\/"},"modified":"2025-09-18T13:57:00","modified_gmt":"2025-09-18T11:57:00","slug":"nisic-crna-gora-ima-cilj-da-osobama-sa-invaliditetom-omoguci-jednake-sanse-na-trzistu-rada","status":"publish","type":"post","link":"https:\/\/dmcsrb.com\/en\/drustvo\/nisic-crna-gora-ima-cilj-da-osobama-sa-invaliditetom-omoguci-jednake-sanse-na-trzistu-rada\/","title":{"rendered":"Ni\u0161i\u0107: Crna Gora ima cilj da osobama sa invaliditetom omogu\u0107i jednake \u0161anse na tr\u017ei\u0161tu rada"},"content":{"rendered":"<p><\/p>\n\n\n\n<p>Delegacija Vlade Crne Gore, predvo\u0111ena ministarkom Ni\u0161i\u0107 i ministrom ljudskih i manjinskih prava Fatmirom \u0110ekom, boravi u zvani\u010dnoj posjeti Republici Sloveniji, na poziv potpredsjednika Vlade i ministra rada, porodice, socijalnih pitanja i jednakih mogu\u0107nosti Republike Slovenije, Luke Meseca.<\/p>\n\n\n\n<p>U delegaciji su pored ministarke Ni\u0161i\u0107 i dr\u017eavna sekretarka An\u0111ela Ba\u0161ovi\u0107 i savjetnica za odnose sa javno\u0161\u0107u u Kabinetu Sne\u017eana Ivanovi\u0107, te uz ministra \u0110eku, direktorica Direktorata za za\u0161titu i jednakost lica sa invaliditetom od diskriminacije Irena Rako\u010devi\u0107 i savjetnik u Kabinetu Martin Jun\u010daj.<\/p>\n\n\n\n<p>Na\u0161i ministri su sa ministrom Mesecem i saradnicima, razgovarali o unapre\u0111enju saradnje u oblasti zapo\u0161ljavanja, profesionalne rehabilitacije i integracije lica sa invaliditetom na tr\u017ei\u0161te rada, kao i o razvoju inkluzivnih politika.<\/p>\n\n\n\n<p>\u201eCrna Gora je posve\u0107ena unapre\u0111enju sistema profesionalne rehabilitacije i aktivne politike zapo\u0161ljavanja, sa jasnim ciljem da osobama sa invaliditetom omogu\u0107imo jednake \u0161anse na tr\u017ei\u0161tu rada. Iskustva i praksa Republike Slovenije dragocjen su primjer koji nam poma\u017ee da osna\u017eimo na\u0161e institucije i pribli\u017eimo se evropskim standardima\u201c, poru\u010dila je ministarka Ni\u0161i\u0107 i istakla&nbsp;da je Slovenija ve\u0107 godinama pouzdan partner Crne Gore u ovoj oblasti.<\/p>\n\n\n\n<p>Ministar \u0110eka naglasio je zna\u010daj daljeg ja\u010danja saradnje Crne Gore i Slovenije u oblasti za\u0161tite i promocije prava osoba sa invaliditetom.<\/p>\n\n\n\n<p>\u201eZahvalni smo Republici Sloveniji na kontinuiranoj podr\u0161ci u ja\u010danju kapaciteta Crne Gore, naro\u010dito kroz ekspertsku pomo\u0107 u oblasti smanjenja diskriminacije i unapre\u0111enja pristupa osoba sa invaliditetom zapo\u0161ljavanju, stru\u010dnom usavr\u0161avanju i napredovanju na tr\u017ei\u0161tu rada. Uvjereni smo da \u0107e zajedni\u010dki napori doprinijeti stvaranju inkluzivnijeg dru\u0161tva i pribli\u017eavanju evropskim standardima\u201c, istakao je ministar \u0110eka.<\/p>\n\n\n\n<p>Delegacija se tokom posjete upoznala i sa primjerima dobre prakse kroz obilazak preduze\u0107a &#8220;CSS&#8221; i &#8220;\u017delva&#8221;, koja uspje\u0161no zapo\u0161ljavaju i integri\u0161u lica sa invaliditetom, kao i najve\u0107i centar za profesionalnu i zdravstvenu rehabilitaciju &#8220;So\u010da&#8221;. \u010clanovi delegacije imali su priliku da se na licu mjesta upoznaju sa prakti\u010dnim rje\u0161enjima koja spajaju profesionalnu rehabilitaciju i odr\u017eivo poslovanje, a koja mogu poslu\u017eiti kao zna\u010dajan model i za Crnu Goru.<\/p>\n\n\n\n<p>Kako navode iz Vlade zvani\u010dna posjeta predstavlja potvrdu kontinuirane podr\u0161ke Republike Slovenije reformskim procesima u Crnoj Gori i jo\u0161 jedan korak ka ja\u010danju bilateralnih odnosa i evropskoj perspektivi na\u0161e zemlje.<\/p>","protected":false},"excerpt":{"rendered":"<p>Ministarka rada, zapo\u0161ljavanja i socijalnog dijaloga Naida Ni\u0161i\u0107, koja sa delegacijom Vlade Crne Gore boravi u zvani\u010dnoj posjeti Sloveniji, poru\u010dila je da su iskustva ove zemlje dragocjena za ja\u010danje na\u0161ih institucija i pribli\u017eavanje evropskim standardima.<\/p>","protected":false},"author":1,"featured_media":952773,"comment_status":"open","ping_status":"open","sticky":false,"template":"","format":"standard","meta":{"_acf_changed":false,"footnotes":""},"categories":[2],"tags":[8489,8490,652,191],"naslovna":[],"class_list":["post-952772","post","type-post","status-publish","format-standard","has-post-thumbnail","hentry","category-drustvo","tag-fatmir-djeka","tag-ministarstvo-rada","tag-naida-nisic","tag-slovenija"],"acf":[],"yoast_head":"<!-- This site is optimized with the Yoast SEO plugin v27.4 - https:\/\/yoast.com\/product\/yoast-seo-wordpress\/ -->\n<title>Ni\u0161i\u0107: Crna Gora ima cilj da osobama sa invaliditetom omogu\u0107i jednake \u0161anse na tr\u017ei\u0161tu rada - dmcsrb.com<\/title>\n<meta name=\"robots\" content=\"index, follow, max-snippet:-1, max-image-preview:large, max-video-preview:-1\" \/>\n<link rel=\"canonical\" href=\"https:\/\/dmcsrb.com\/en\/drustvo\/nisic-crna-gora-ima-cilj-da-osobama-sa-invaliditetom-omoguci-jednake-sanse-na-trzistu-rada\/\" \/>\n<meta property=\"og:locale\" content=\"en_GB\" \/>\n<meta property=\"og:type\" content=\"article\" \/>\n<meta property=\"og:title\" content=\"Ni\u0161i\u0107: Crna Gora ima cilj da osobama sa invaliditetom omogu\u0107i jednake \u0161anse na tr\u017ei\u0161tu rada - dmcsrb.com\" \/>\n<meta property=\"og:description\" content=\"Ministarka rada, zapo\u0161ljavanja i socijalnog dijaloga Naida Ni\u0161i\u0107, koja sa delegacijom Vlade Crne Gore boravi u zvani\u010dnoj posjeti Sloveniji, poru\u010dila je da su iskustva ove zemlje dragocjena za ja\u010danje na\u0161ih institucija i pribli\u017eavanje evropskim standardima.\" \/>\n<meta property=\"og:url\" content=\"https:\/\/dmcsrb.com\/en\/drustvo\/nisic-crna-gora-ima-cilj-da-osobama-sa-invaliditetom-omoguci-jednake-sanse-na-trzistu-rada\/\" \/>\n<meta property=\"og:site_name\" content=\"dmcsrb.com\" \/>\n<meta property=\"article:published_time\" content=\"2025-09-18T11:57:00+00:00\" \/>\n<meta property=\"og:image\" content=\"https:\/\/dmcsrb.com\/wp-content\/uploads\/2026\/01\/Nisic-u-Sloveniji-foto-Ministarstvo-rada.webp\" \/>\n\t<meta property=\"og:image:width\" content=\"960\" \/>\n\t<meta property=\"og:image:height\" content=\"642\" \/>\n\t<meta property=\"og:image:type\" content=\"image\/jpeg\" \/>\n<meta name=\"author\" content=\"dmcsrbija.com@gmail.com\" \/>\n<meta name=\"twitter:card\" content=\"summary_large_image\" \/>\n<meta name=\"twitter:label1\" content=\"Written by\" \/>\n\t<meta name=\"twitter:data1\" content=\"dmcsrbija.com@gmail.com\" \/>\n\t<meta name=\"twitter:label2\" content=\"Estimated reading time\" \/>\n\t<meta name=\"twitter:data2\" content=\"2 minutes\" \/>\n<script type=\"application\/ld+json\" class=\"yoast-schema-graph\">{\"@context\":\"https:\\\/\\\/schema.org\",\"@graph\":[{\"@type\":\"Article\",\"@id\":\"https:\\\/\\\/dmcsrb.com\\\/drustvo\\\/nisic-crna-gora-ima-cilj-da-osobama-sa-invaliditetom-omoguci-jednake-sanse-na-trzistu-rada\\\/#article\",\"isPartOf\":{\"@id\":\"https:\\\/\\\/dmcsrb.com\\\/drustvo\\\/nisic-crna-gora-ima-cilj-da-osobama-sa-invaliditetom-omoguci-jednake-sanse-na-trzistu-rada\\\/\"},\"author\":{\"name\":\"dmcsrbija.com@gmail.com\",\"@id\":\"https:\\\/\\\/dmcsrb.com\\\/#\\\/schema\\\/person\\\/5c39170f12db1b8b457732d0b5c854e2\"},\"headline\":\"Ni\u0161i\u0107: Crna Gora ima cilj da osobama sa invaliditetom omogu\u0107i jednake \u0161anse na tr\u017ei\u0161tu rada\",\"datePublished\":\"2025-09-18T11:57:00+00:00\",\"mainEntityOfPage\":{\"@id\":\"https:\\\/\\\/dmcsrb.com\\\/drustvo\\\/nisic-crna-gora-ima-cilj-da-osobama-sa-invaliditetom-omoguci-jednake-sanse-na-trzistu-rada\\\/\"},\"wordCount\":425,\"commentCount\":0,\"image\":{\"@id\":\"https:\\\/\\\/dmcsrb.com\\\/drustvo\\\/nisic-crna-gora-ima-cilj-da-osobama-sa-invaliditetom-omoguci-jednake-sanse-na-trzistu-rada\\\/#primaryimage\"},\"thumbnailUrl\":\"https:\\\/\\\/dmcsrb.com\\\/wp-content\\\/uploads\\\/2026\\\/01\\\/Nisic-u-Sloveniji-foto-Ministarstvo-rada.webp\",\"keywords\":[\"Fatmir \u0110eka\",\"Ministarstvo rada\",\"Naida Ni\u0161i\u0107\",\"Slovenija\"],\"articleSection\":[\"Dru\u0161tvo\"],\"inLanguage\":\"en-GB\",\"potentialAction\":[{\"@type\":\"CommentAction\",\"name\":\"Comment\",\"target\":[\"https:\\\/\\\/dmcsrb.com\\\/drustvo\\\/nisic-crna-gora-ima-cilj-da-osobama-sa-invaliditetom-omoguci-jednake-sanse-na-trzistu-rada\\\/#respond\"]}]},{\"@type\":\"WebPage\",\"@id\":\"https:\\\/\\\/dmcsrb.com\\\/drustvo\\\/nisic-crna-gora-ima-cilj-da-osobama-sa-invaliditetom-omoguci-jednake-sanse-na-trzistu-rada\\\/\",\"url\":\"https:\\\/\\\/dmcsrb.com\\\/drustvo\\\/nisic-crna-gora-ima-cilj-da-osobama-sa-invaliditetom-omoguci-jednake-sanse-na-trzistu-rada\\\/\",\"name\":\"Ni\u0161i\u0107: Crna Gora ima cilj da osobama sa invaliditetom omogu\u0107i jednake \u0161anse na tr\u017ei\u0161tu rada - dmcsrb.com\",\"isPartOf\":{\"@id\":\"https:\\\/\\\/dmcsrb.com\\\/#website\"},\"primaryImageOfPage\":{\"@id\":\"https:\\\/\\\/dmcsrb.com\\\/drustvo\\\/nisic-crna-gora-ima-cilj-da-osobama-sa-invaliditetom-omoguci-jednake-sanse-na-trzistu-rada\\\/#primaryimage\"},\"image\":{\"@id\":\"https:\\\/\\\/dmcsrb.com\\\/drustvo\\\/nisic-crna-gora-ima-cilj-da-osobama-sa-invaliditetom-omoguci-jednake-sanse-na-trzistu-rada\\\/#primaryimage\"},\"thumbnailUrl\":\"https:\\\/\\\/dmcsrb.com\\\/wp-content\\\/uploads\\\/2026\\\/01\\\/Nisic-u-Sloveniji-foto-Ministarstvo-rada.webp\",\"datePublished\":\"2025-09-18T11:57:00+00:00\",\"author\":{\"@id\":\"https:\\\/\\\/dmcsrb.com\\\/#\\\/schema\\\/person\\\/5c39170f12db1b8b457732d0b5c854e2\"},\"breadcrumb\":{\"@id\":\"https:\\\/\\\/dmcsrb.com\\\/drustvo\\\/nisic-crna-gora-ima-cilj-da-osobama-sa-invaliditetom-omoguci-jednake-sanse-na-trzistu-rada\\\/#breadcrumb\"},\"inLanguage\":\"en-GB\",\"potentialAction\":[{\"@type\":\"ReadAction\",\"target\":[\"https:\\\/\\\/dmcsrb.com\\\/drustvo\\\/nisic-crna-gora-ima-cilj-da-osobama-sa-invaliditetom-omoguci-jednake-sanse-na-trzistu-rada\\\/\"]}]},{\"@type\":\"ImageObject\",\"inLanguage\":\"en-GB\",\"@id\":\"https:\\\/\\\/dmcsrb.com\\\/drustvo\\\/nisic-crna-gora-ima-cilj-da-osobama-sa-invaliditetom-omoguci-jednake-sanse-na-trzistu-rada\\\/#primaryimage\",\"url\":\"https:\\\/\\\/dmcsrb.com\\\/wp-content\\\/uploads\\\/2026\\\/01\\\/Nisic-u-Sloveniji-foto-Ministarstvo-rada.webp\",\"contentUrl\":\"https:\\\/\\\/dmcsrb.com\\\/wp-content\\\/uploads\\\/2026\\\/01\\\/Nisic-u-Sloveniji-foto-Ministarstvo-rada.webp\",\"width\":960,\"height\":642},{\"@type\":\"BreadcrumbList\",\"@id\":\"https:\\\/\\\/dmcsrb.com\\\/drustvo\\\/nisic-crna-gora-ima-cilj-da-osobama-sa-invaliditetom-omoguci-jednake-sanse-na-trzistu-rada\\\/#breadcrumb\",\"itemListElement\":[{\"@type\":\"ListItem\",\"position\":1,\"name\":\"Home\",\"item\":\"https:\\\/\\\/dmcsrb.com\\\/\"},{\"@type\":\"ListItem\",\"position\":2,\"name\":\"Ni\u0161i\u0107: Crna Gora ima cilj da osobama sa invaliditetom omogu\u0107i jednake \u0161anse na tr\u017ei\u0161tu rada\"}]},{\"@type\":\"WebSite\",\"@id\":\"https:\\\/\\\/dmcsrb.com\\\/#website\",\"url\":\"https:\\\/\\\/dmcsrb.com\\\/\",\"name\":\"dmcsrb.com\",\"description\":\"\",\"potentialAction\":[{\"@type\":\"SearchAction\",\"target\":{\"@type\":\"EntryPoint\",\"urlTemplate\":\"https:\\\/\\\/dmcsrb.com\\\/?s={search_term_string}\"},\"query-input\":{\"@type\":\"PropertyValueSpecification\",\"valueRequired\":true,\"valueName\":\"search_term_string\"}}],\"inLanguage\":\"en-GB\"},{\"@type\":\"Person\",\"@id\":\"https:\\\/\\\/dmcsrb.com\\\/#\\\/schema\\\/person\\\/5c39170f12db1b8b457732d0b5c854e2\",\"name\":\"dmcsrbija.com@gmail.com\",\"image\":{\"@type\":\"ImageObject\",\"inLanguage\":\"en-GB\",\"@id\":\"https:\\\/\\\/secure.gravatar.com\\\/avatar\\\/68592660ad6347fad0fb587f8d5d8f1a7b44961362f56e4f2cd524feb87e9069?s=96&d=mm&r=g\",\"url\":\"https:\\\/\\\/secure.gravatar.com\\\/avatar\\\/68592660ad6347fad0fb587f8d5d8f1a7b44961362f56e4f2cd524feb87e9069?s=96&d=mm&r=g\",\"contentUrl\":\"https:\\\/\\\/secure.gravatar.com\\\/avatar\\\/68592660ad6347fad0fb587f8d5d8f1a7b44961362f56e4f2cd524feb87e9069?s=96&d=mm&r=g\",\"caption\":\"dmcsrbija.com@gmail.com\"},\"sameAs\":[\"https:\\\/\\\/dmcsrb.com\"],\"url\":\"https:\\\/\\\/dmcsrb.com\\\/en\\\/author\\\/dmcsrbija-comgmail-com\\\/\"}]}<\/script>\n<!-- \/ Yoast SEO plugin. -->","yoast_head_json":{"title":"Ni\u0161i\u0107: Crna Gora ima cilj da osobama sa invaliditetom omogu\u0107i jednake \u0161anse na tr\u017ei\u0161tu rada - dmcsrb.com","robots":{"index":"index","follow":"follow","max-snippet":"max-snippet:-1","max-image-preview":"max-image-preview:large","max-video-preview":"max-video-preview:-1"},"canonical":"https:\/\/dmcsrb.com\/en\/drustvo\/nisic-crna-gora-ima-cilj-da-osobama-sa-invaliditetom-omoguci-jednake-sanse-na-trzistu-rada\/","og_locale":"en_GB","og_type":"article","og_title":"Ni\u0161i\u0107: Crna Gora ima cilj da osobama sa invaliditetom omogu\u0107i jednake \u0161anse na tr\u017ei\u0161tu rada - dmcsrb.com","og_description":"Ministarka rada, zapo\u0161ljavanja i socijalnog dijaloga Naida Ni\u0161i\u0107, koja sa delegacijom Vlade Crne Gore boravi u zvani\u010dnoj posjeti Sloveniji, poru\u010dila je da su iskustva ove zemlje dragocjena za ja\u010danje na\u0161ih institucija i pribli\u017eavanje evropskim standardima.","og_url":"https:\/\/dmcsrb.com\/en\/drustvo\/nisic-crna-gora-ima-cilj-da-osobama-sa-invaliditetom-omoguci-jednake-sanse-na-trzistu-rada\/","og_site_name":"dmcsrb.com","article_published_time":"2025-09-18T11:57:00+00:00","og_image":[{"width":960,"height":642,"url":"https:\/\/dmcsrb.com\/wp-content\/uploads\/2026\/01\/Nisic-u-Sloveniji-foto-Ministarstvo-rada.webp","type":"image\/jpeg"}],"author":"dmcsrbija.com@gmail.com","twitter_card":"summary_large_image","twitter_misc":{"Written by":"dmcsrbija.com@gmail.com","Estimated reading time":"2 minutes"},"schema":{"@context":"https:\/\/schema.org","@graph":[{"@type":"Article","@id":"https:\/\/dmcsrb.com\/drustvo\/nisic-crna-gora-ima-cilj-da-osobama-sa-invaliditetom-omoguci-jednake-sanse-na-trzistu-rada\/#article","isPartOf":{"@id":"https:\/\/dmcsrb.com\/drustvo\/nisic-crna-gora-ima-cilj-da-osobama-sa-invaliditetom-omoguci-jednake-sanse-na-trzistu-rada\/"},"author":{"name":"dmcsrbija.com@gmail.com","@id":"https:\/\/dmcsrb.com\/#\/schema\/person\/5c39170f12db1b8b457732d0b5c854e2"},"headline":"Ni\u0161i\u0107: Crna Gora ima cilj da osobama sa invaliditetom omogu\u0107i jednake \u0161anse na tr\u017ei\u0161tu rada","datePublished":"2025-09-18T11:57:00+00:00","mainEntityOfPage":{"@id":"https:\/\/dmcsrb.com\/drustvo\/nisic-crna-gora-ima-cilj-da-osobama-sa-invaliditetom-omoguci-jednake-sanse-na-trzistu-rada\/"},"wordCount":425,"commentCount":0,"image":{"@id":"https:\/\/dmcsrb.com\/drustvo\/nisic-crna-gora-ima-cilj-da-osobama-sa-invaliditetom-omoguci-jednake-sanse-na-trzistu-rada\/#primaryimage"},"thumbnailUrl":"https:\/\/dmcsrb.com\/wp-content\/uploads\/2026\/01\/Nisic-u-Sloveniji-foto-Ministarstvo-rada.webp","keywords":["Fatmir \u0110eka","Ministarstvo rada","Naida Ni\u0161i\u0107","Slovenija"],"articleSection":["Dru\u0161tvo"],"inLanguage":"en-GB","potentialAction":[{"@type":"CommentAction","name":"Comment","target":["https:\/\/dmcsrb.com\/drustvo\/nisic-crna-gora-ima-cilj-da-osobama-sa-invaliditetom-omoguci-jednake-sanse-na-trzistu-rada\/#respond"]}]},{"@type":"WebPage","@id":"https:\/\/dmcsrb.com\/drustvo\/nisic-crna-gora-ima-cilj-da-osobama-sa-invaliditetom-omoguci-jednake-sanse-na-trzistu-rada\/","url":"https:\/\/dmcsrb.com\/drustvo\/nisic-crna-gora-ima-cilj-da-osobama-sa-invaliditetom-omoguci-jednake-sanse-na-trzistu-rada\/","name":"Ni\u0161i\u0107: Crna Gora ima cilj da osobama sa invaliditetom omogu\u0107i jednake \u0161anse na tr\u017ei\u0161tu rada - dmcsrb.com","isPartOf":{"@id":"https:\/\/dmcsrb.com\/#website"},"primaryImageOfPage":{"@id":"https:\/\/dmcsrb.com\/drustvo\/nisic-crna-gora-ima-cilj-da-osobama-sa-invaliditetom-omoguci-jednake-sanse-na-trzistu-rada\/#primaryimage"},"image":{"@id":"https:\/\/dmcsrb.com\/drustvo\/nisic-crna-gora-ima-cilj-da-osobama-sa-invaliditetom-omoguci-jednake-sanse-na-trzistu-rada\/#primaryimage"},"thumbnailUrl":"https:\/\/dmcsrb.com\/wp-content\/uploads\/2026\/01\/Nisic-u-Sloveniji-foto-Ministarstvo-rada.webp","datePublished":"2025-09-18T11:57:00+00:00","author":{"@id":"https:\/\/dmcsrb.com\/#\/schema\/person\/5c39170f12db1b8b457732d0b5c854e2"},"breadcrumb":{"@id":"https:\/\/dmcsrb.com\/drustvo\/nisic-crna-gora-ima-cilj-da-osobama-sa-invaliditetom-omoguci-jednake-sanse-na-trzistu-rada\/#breadcrumb"},"inLanguage":"en-GB","potentialAction":[{"@type":"ReadAction","target":["https:\/\/dmcsrb.com\/drustvo\/nisic-crna-gora-ima-cilj-da-osobama-sa-invaliditetom-omoguci-jednake-sanse-na-trzistu-rada\/"]}]},{"@type":"ImageObject","inLanguage":"en-GB","@id":"https:\/\/dmcsrb.com\/drustvo\/nisic-crna-gora-ima-cilj-da-osobama-sa-invaliditetom-omoguci-jednake-sanse-na-trzistu-rada\/#primaryimage","url":"https:\/\/dmcsrb.com\/wp-content\/uploads\/2026\/01\/Nisic-u-Sloveniji-foto-Ministarstvo-rada.webp","contentUrl":"https:\/\/dmcsrb.com\/wp-content\/uploads\/2026\/01\/Nisic-u-Sloveniji-foto-Ministarstvo-rada.webp","width":960,"height":642},{"@type":"BreadcrumbList","@id":"https:\/\/dmcsrb.com\/drustvo\/nisic-crna-gora-ima-cilj-da-osobama-sa-invaliditetom-omoguci-jednake-sanse-na-trzistu-rada\/#breadcrumb","itemListElement":[{"@type":"ListItem","position":1,"name":"Home","item":"https:\/\/dmcsrb.com\/"},{"@type":"ListItem","position":2,"name":"Ni\u0161i\u0107: Crna Gora ima cilj da osobama sa invaliditetom omogu\u0107i jednake \u0161anse na tr\u017ei\u0161tu rada"}]},{"@type":"WebSite","@id":"https:\/\/dmcsrb.com\/#website","url":"https:\/\/dmcsrb.com\/","name":"dmcsrb.com","description":"","potentialAction":[{"@type":"SearchAction","target":{"@type":"EntryPoint","urlTemplate":"https:\/\/dmcsrb.com\/?s={search_term_string}"},"query-input":{"@type":"PropertyValueSpecification","valueRequired":true,"valueName":"search_term_string"}}],"inLanguage":"en-GB"},{"@type":"Person","@id":"https:\/\/dmcsrb.com\/#\/schema\/person\/5c39170f12db1b8b457732d0b5c854e2","name":"dmcsrbija.com@gmail.com","image":{"@type":"ImageObject","inLanguage":"en-GB","@id":"https:\/\/secure.gravatar.com\/avatar\/68592660ad6347fad0fb587f8d5d8f1a7b44961362f56e4f2cd524feb87e9069?s=96&d=mm&r=g","url":"https:\/\/secure.gravatar.com\/avatar\/68592660ad6347fad0fb587f8d5d8f1a7b44961362f56e4f2cd524feb87e9069?s=96&d=mm&r=g","contentUrl":"https:\/\/secure.gravatar.com\/avatar\/68592660ad6347fad0fb587f8d5d8f1a7b44961362f56e4f2cd524feb87e9069?s=96&d=mm&r=g","caption":"dmcsrbija.com@gmail.com"},"sameAs":["https:\/\/dmcsrb.com"],"url":"https:\/\/dmcsrb.com\/en\/author\/dmcsrbija-comgmail-com\/"}]}},"_links":{"self":[{"href":"https:\/\/dmcsrb.com\/en\/wp-json\/wp\/v2\/posts\/952772","targetHints":{"allow":["GET"]}}],"collection":[{"href":"https:\/\/dmcsrb.com\/en\/wp-json\/wp\/v2\/posts"}],"about":[{"href":"https:\/\/dmcsrb.com\/en\/wp-json\/wp\/v2\/types\/post"}],"author":[{"embeddable":true,"href":"https:\/\/dmcsrb.com\/en\/wp-json\/wp\/v2\/users\/1"}],"replies":[{"embeddable":true,"href":"https:\/\/dmcsrb.com\/en\/wp-json\/wp\/v2\/comments?post=952772"}],"version-history":[{"count":0,"href":"https:\/\/dmcsrb.com\/en\/wp-json\/wp\/v2\/posts\/952772\/revisions"}],"wp:featuredmedia":[{"embeddable":true,"href":"https:\/\/dmcsrb.com\/en\/wp-json\/wp\/v2\/media\/952773"}],"wp:attachment":[{"href":"https:\/\/dmcsrb.com\/en\/wp-json\/wp\/v2\/media?parent=952772"}],"wp:term":[{"taxonomy":"category","embeddable":true,"href":"https:\/\/dmcsrb.com\/en\/wp-json\/wp\/v2\/categories?post=952772"},{"taxonomy":"post_tag","embeddable":true,"href":"https:\/\/dmcsrb.com\/en\/wp-json\/wp\/v2\/tags?post=952772"},{"taxonomy":"naslovna","embeddable":true,"href":"https:\/\/dmcsrb.com\/en\/wp-json\/wp\/v2\/naslovna?post=952772"}],"curies":[{"name":"wp","href":"https:\/\/api.w.org\/{rel}","templated":true}]}}