{"id":952743,"date":"2025-09-18T11:26:36","date_gmt":"2025-09-18T09:26:36","guid":{"rendered":"https:\/\/dmcsrb.com\/uncategorized\/djeljaj-ako-se-nastavi-gradnja-i-sirenje-deponije-bez-saglasnosti-opstine-tuzi-podnijecemo-krivicne-prijave\/"},"modified":"2025-09-18T11:26:36","modified_gmt":"2025-09-18T09:26:36","slug":"djeljaj-ako-se-nastavi-gradnja-i-sirenje-deponije-bez-saglasnosti-opstine-tuzi-podnijecemo-krivicne-prijave","status":"publish","type":"post","link":"https:\/\/dmcsrb.com\/en\/podgorica\/djeljaj-ako-se-nastavi-gradnja-i-sirenje-deponije-bez-saglasnosti-opstine-tuzi-podnijecemo-krivicne-prijave\/","title":{"rendered":"\u0110eljaj: Ako se nastavi gradnja i \u0161irenje Deponije bez saglasnosti Op\u0161tine Tuzi, podnije\u0107emo krivi\u010dne prijave"},"content":{"rendered":"<p><\/p>\n\n\n\n<p><\/p>\n\n\n\n<p><\/p>\n\n\n\n<p><strong>Reagovanje prenosimo integralno:<\/strong><\/p>\n\n\n\n<p>,,Povodom aktuelnih de\u0161avanja i izjava menad\u017ementa Deponije \u201eLivade\u201c, du\u017ean sam da jasno i odlu\u010dno reagujem u ime Op\u0161tine Tuzi i svih na\u0161ih gra\u0111ana. Deponija \u201eLivade\u201c se nalazi na teritoriji na\u0161e op\u0161tine i svako postupanje koje ugro\u017eava stanovnike Tuzi, njihovo zdravlje i \u017eivotnu sredinu, predstavlja direktan napad na na\u0161u zajednicu. Devastacija prostora van zidova deponije je apsolutno neprihvatljiva i zahtijeva hitnu reakciju. O tome sam imao i usmeno obe\u0107anje od direktora Deponije da \u0107e ovakva praksa biti zaustavljena, ali jasno je da obe\u0107anja nijesu sprovedena u djelo. Op\u0161tina Tuzi vi\u0161e ne\u0107e tolerisati obmane i ignorisanje interesa na\u0161ih gra\u0111ana.<\/p>\n\n\n\n<p>\u017delim nedvosmisleno da poru\u010dim da je svaka izgradnja novih sanitarnih kada bez saglasnosti Op\u0161tine Tuzi krivi\u010dno djelo. To je svjesno kr\u0161enje zakona i nadle\u017enosti lokalne samouprave i za to neko mora odgovarati. Niko ne\u0107e i ne mo\u017ee zaobi\u0107i Op\u0161tinu Tuzi u odlu\u010divanju o pitanjima koja direktno ugro\u017eavaju na\u0161u teritoriju i na\u0161e gra\u0111ane. Protest gra\u0111ana je vi\u0161e nego opravdan, jer oni ne brane samo svoja dvori\u0161ta i svoje domove, ve\u0107 se bore za zdravu \u017eivotnu sredinu, za \u010dist vazduh i sigurnost od ekolo\u0161kih katastrofa. Njihova borba je borba svih nas, a njihovo nezadovoljstvo je razumljivo i opravdano.<\/p>\n\n\n\n<p>Direktor Deponije, Aleksandar Bo\u017eovi\u0107, umjesto da bude procesuiran i odgovara pred dr\u017eavnim organima za krivi\u010dno djelo nelegalne gradnje, dozvoljava sebi da javno obmanjuje gra\u0111ane, plasiraju\u0107i neistine. On je \u010dak poku\u0161ao da dovede u zabludu gra\u0111ane koji protestuju, tvrde\u0107i da posjeduje dozvolu Op\u0161tine Tuzi, \u0161to je potpuno neta\u010dno i neprihvatljivo. Sav haos i problem nastao oko deponije proizilazi iz nezakonitih radnji upravo Bo\u017eovi\u0107a, koji je bez gra\u0111evinske dozvole raspisao tender i poku\u0161ava silom, mimo zakona, da gradi sanitarnu kadu. To \u0161to on predstavlja javnosti kao \u201edr\u017eavni projekat\u201c i \u201eekolo\u0161ku investiciju\u201c u su\u0161tini je klasi\u010dno krivi\u010dno djelo.<\/p>\n\n\n\n<p>Postavljamo otvoreno pitanje: za\u0161to dr\u017eavni organi ne reaguju? Za\u0161to dozvoljavaju da jedan direktor javnog preduze\u0107a neka\u017enjeno gradi bez dozvole? Da li to zna\u010di da za institucije zakoni ne va\u017ee kada se nelegalno postupa na teritoriji gdje \u017eive manjine? Aleksandar Bo\u017eovi\u0107 je simbol antidr\u017eavnog i antievropskog pona\u0161anja \u2013 on ne samo da ne po\u0161tuje zakon, nego i javno zloupotrebljava dr\u017eavne resurse i poku\u0161ava da gra\u0111anima predstavi kriminalnu radnju kao \u201edr\u017eavni interes\u201c.<\/p>\n\n\n\n<p>Podsje\u0107amo: urbanisti\u010dki plan za deponiju je stavljen van snage, na osnovu zakona i odluke objavljene u Slu\u017ebenom listu. Dakle, svako njegovo djelovanje je protivzakonito.<\/p>\n\n\n\n<p>Direktor Deponije i rukovodstvo ovog preduze\u0107a ne smiju \u010dekati da gra\u0111ani svojim protestima zaustavljaju bezakonje, ve\u0107 su obavezni da odmah prekinu sve nezakonite aktivnosti. Ukoliko se nastavi sa ignorisanjem zakona i poku\u0161ajem da se bez saglasnosti Op\u0161tine gradi i \u0161iri Deponija, Op\u0161tina Tuzi \u0107e pokrenuti sve zakonske procedure, uklju\u010duju\u0107i i podno\u0161enje krivi\u010dnih prijava protiv odgovornih lica. Ako se devastacija prostora hitno ne zaustavi, bi\u0107emo prinu\u0111eni da zahtijevamo uklju\u010divanje dr\u017eavnih i me\u0111unarodnih institucija, jer zdravlje na\u0161ih gra\u0111ana i za\u0161tita na\u0161e teritorije nemaju cijenu.<\/p>\n\n\n\n<p>Ako neko misli da \u0107e mimo zakona i mimo volje gra\u0111ana Tuzi pretvoriti u dvori\u0161te za tu\u0111e sme\u0107e, neka zna da \u0107e nai\u0107i na odlu\u010dan, jasan i istrajan odgovor Op\u0161tine Tuzi i njenih gra\u0111ana. Mi \u0107emo na\u0161u op\u0161tinu braniti svim demokratskim i zakonskim sredstvima, bez kompromisa. Tuzi su op\u0161tina dostojnog \u017eivota, a ne \u017ertva tu\u0111e neodgovornosti,\u201d zaklju\u010dio je \u0110eljaj.<\/p>","protected":false},"excerpt":{"rendered":"<p>Predsjednik Op\u0161tine Tuzi,\u00a0Lindon \u0110eljaj, reagovao je na izjave izvr\u0161nog direktora Deponije\u00a0Aleksandra Bo\u017eovi\u0107a, da bi cjelodnevna blokada mje\u0161tana Tuzi i Konika, koji tra\u017ee da se zaustavi gradnja sanitarnih kada, stvorila nove divlje deponije i da bi do\u0161lo do zaraze.<\/p>","protected":false},"author":1,"featured_media":944571,"comment_status":"open","ping_status":"open","sticky":false,"template":"","format":"standard","meta":{"_acf_changed":false,"footnotes":""},"categories":[56],"tags":[8472,2402,1348],"naslovna":[],"class_list":["post-952743","post","type-post","status-publish","format-standard","has-post-thumbnail","hentry","category-podgorica","tag-djeljaj","tag-deponija","tag-tuzi"],"acf":[],"yoast_head":"<!-- This site is optimized with the Yoast SEO plugin v27.4 - https:\/\/yoast.com\/product\/yoast-seo-wordpress\/ -->\n<title>\u0110eljaj: Ako se nastavi gradnja i \u0161irenje Deponije bez saglasnosti Op\u0161tine Tuzi, podnije\u0107emo krivi\u010dne prijave - dmcsrb.com<\/title>\n<meta name=\"robots\" content=\"index, follow, max-snippet:-1, max-image-preview:large, max-video-preview:-1\" \/>\n<link rel=\"canonical\" href=\"https:\/\/dmcsrb.com\/en\/podgorica\/djeljaj-ako-se-nastavi-gradnja-i-sirenje-deponije-bez-saglasnosti-opstine-tuzi-podnijecemo-krivicne-prijave\/\" \/>\n<meta property=\"og:locale\" content=\"en_GB\" \/>\n<meta property=\"og:type\" content=\"article\" \/>\n<meta property=\"og:title\" content=\"\u0110eljaj: Ako se nastavi gradnja i \u0161irenje Deponije bez saglasnosti Op\u0161tine Tuzi, podnije\u0107emo krivi\u010dne prijave - dmcsrb.com\" \/>\n<meta property=\"og:description\" content=\"Predsjednik Op\u0161tine Tuzi,\u00a0Lindon \u0110eljaj, reagovao je na izjave izvr\u0161nog direktora Deponije\u00a0Aleksandra Bo\u017eovi\u0107a, da bi cjelodnevna blokada mje\u0161tana Tuzi i Konika, koji tra\u017ee da se zaustavi gradnja sanitarnih kada, stvorila nove divlje deponije i da bi do\u0161lo do zaraze.\" \/>\n<meta property=\"og:url\" content=\"https:\/\/dmcsrb.com\/en\/podgorica\/djeljaj-ako-se-nastavi-gradnja-i-sirenje-deponije-bez-saglasnosti-opstine-tuzi-podnijecemo-krivicne-prijave\/\" \/>\n<meta property=\"og:site_name\" content=\"dmcsrb.com\" \/>\n<meta property=\"article:published_time\" content=\"2025-09-18T09:26:36+00:00\" \/>\n<meta property=\"og:image\" content=\"https:\/\/dmcsrb.com\/wp-content\/uploads\/2026\/01\/Lindon-DJeljaj-foto-opstina-tuzi.webp\" \/>\n\t<meta property=\"og:image:width\" content=\"933\" \/>\n\t<meta property=\"og:image:height\" content=\"615\" \/>\n\t<meta property=\"og:image:type\" content=\"image\/jpeg\" \/>\n<meta name=\"author\" content=\"dmcsrbija.com@gmail.com\" \/>\n<meta name=\"twitter:card\" content=\"summary_large_image\" \/>\n<meta name=\"twitter:label1\" content=\"Written by\" \/>\n\t<meta name=\"twitter:data1\" content=\"dmcsrbija.com@gmail.com\" \/>\n\t<meta name=\"twitter:label2\" content=\"Estimated reading time\" \/>\n\t<meta name=\"twitter:data2\" content=\"3 minutes\" \/>\n<script type=\"application\/ld+json\" class=\"yoast-schema-graph\">{\"@context\":\"https:\\\/\\\/schema.org\",\"@graph\":[{\"@type\":\"Article\",\"@id\":\"https:\\\/\\\/dmcsrb.com\\\/en\\\/podgorica\\\/djeljaj-ako-se-nastavi-gradnja-i-sirenje-deponije-bez-saglasnosti-opstine-tuzi-podnijecemo-krivicne-prijave\\\/#article\",\"isPartOf\":{\"@id\":\"https:\\\/\\\/dmcsrb.com\\\/en\\\/podgorica\\\/djeljaj-ako-se-nastavi-gradnja-i-sirenje-deponije-bez-saglasnosti-opstine-tuzi-podnijecemo-krivicne-prijave\\\/\"},\"author\":{\"name\":\"dmcsrbija.com@gmail.com\",\"@id\":\"https:\\\/\\\/dmcsrb.com\\\/#\\\/schema\\\/person\\\/5c39170f12db1b8b457732d0b5c854e2\"},\"headline\":\"\u0110eljaj: Ako se nastavi gradnja i \u0161irenje Deponije bez saglasnosti Op\u0161tine Tuzi, podnije\u0107emo krivi\u010dne prijave\",\"datePublished\":\"2025-09-18T09:26:36+00:00\",\"mainEntityOfPage\":{\"@id\":\"https:\\\/\\\/dmcsrb.com\\\/en\\\/podgorica\\\/djeljaj-ako-se-nastavi-gradnja-i-sirenje-deponije-bez-saglasnosti-opstine-tuzi-podnijecemo-krivicne-prijave\\\/\"},\"wordCount\":647,\"commentCount\":0,\"image\":{\"@id\":\"https:\\\/\\\/dmcsrb.com\\\/en\\\/podgorica\\\/djeljaj-ako-se-nastavi-gradnja-i-sirenje-deponije-bez-saglasnosti-opstine-tuzi-podnijecemo-krivicne-prijave\\\/#primaryimage\"},\"thumbnailUrl\":\"https:\\\/\\\/dmcsrb.com\\\/wp-content\\\/uploads\\\/2026\\\/01\\\/Lindon-DJeljaj-foto-opstina-tuzi.webp\",\"keywords\":[\"\u0110eljaj\",\"Deponija\",\"Tuzi\"],\"articleSection\":[\"Podgorica\"],\"inLanguage\":\"en-GB\",\"potentialAction\":[{\"@type\":\"CommentAction\",\"name\":\"Comment\",\"target\":[\"https:\\\/\\\/dmcsrb.com\\\/en\\\/podgorica\\\/djeljaj-ako-se-nastavi-gradnja-i-sirenje-deponije-bez-saglasnosti-opstine-tuzi-podnijecemo-krivicne-prijave\\\/#respond\"]}]},{\"@type\":\"WebPage\",\"@id\":\"https:\\\/\\\/dmcsrb.com\\\/en\\\/podgorica\\\/djeljaj-ako-se-nastavi-gradnja-i-sirenje-deponije-bez-saglasnosti-opstine-tuzi-podnijecemo-krivicne-prijave\\\/\",\"url\":\"https:\\\/\\\/dmcsrb.com\\\/en\\\/podgorica\\\/djeljaj-ako-se-nastavi-gradnja-i-sirenje-deponije-bez-saglasnosti-opstine-tuzi-podnijecemo-krivicne-prijave\\\/\",\"name\":\"\u0110eljaj: Ako se nastavi gradnja i \u0161irenje Deponije bez saglasnosti Op\u0161tine Tuzi, podnije\u0107emo krivi\u010dne prijave - dmcsrb.com\",\"isPartOf\":{\"@id\":\"https:\\\/\\\/dmcsrb.com\\\/#website\"},\"primaryImageOfPage\":{\"@id\":\"https:\\\/\\\/dmcsrb.com\\\/en\\\/podgorica\\\/djeljaj-ako-se-nastavi-gradnja-i-sirenje-deponije-bez-saglasnosti-opstine-tuzi-podnijecemo-krivicne-prijave\\\/#primaryimage\"},\"image\":{\"@id\":\"https:\\\/\\\/dmcsrb.com\\\/en\\\/podgorica\\\/djeljaj-ako-se-nastavi-gradnja-i-sirenje-deponije-bez-saglasnosti-opstine-tuzi-podnijecemo-krivicne-prijave\\\/#primaryimage\"},\"thumbnailUrl\":\"https:\\\/\\\/dmcsrb.com\\\/wp-content\\\/uploads\\\/2026\\\/01\\\/Lindon-DJeljaj-foto-opstina-tuzi.webp\",\"datePublished\":\"2025-09-18T09:26:36+00:00\",\"author\":{\"@id\":\"https:\\\/\\\/dmcsrb.com\\\/#\\\/schema\\\/person\\\/5c39170f12db1b8b457732d0b5c854e2\"},\"breadcrumb\":{\"@id\":\"https:\\\/\\\/dmcsrb.com\\\/en\\\/podgorica\\\/djeljaj-ako-se-nastavi-gradnja-i-sirenje-deponije-bez-saglasnosti-opstine-tuzi-podnijecemo-krivicne-prijave\\\/#breadcrumb\"},\"inLanguage\":\"en-GB\",\"potentialAction\":[{\"@type\":\"ReadAction\",\"target\":[\"https:\\\/\\\/dmcsrb.com\\\/en\\\/podgorica\\\/djeljaj-ako-se-nastavi-gradnja-i-sirenje-deponije-bez-saglasnosti-opstine-tuzi-podnijecemo-krivicne-prijave\\\/\"]}]},{\"@type\":\"ImageObject\",\"inLanguage\":\"en-GB\",\"@id\":\"https:\\\/\\\/dmcsrb.com\\\/en\\\/podgorica\\\/djeljaj-ako-se-nastavi-gradnja-i-sirenje-deponije-bez-saglasnosti-opstine-tuzi-podnijecemo-krivicne-prijave\\\/#primaryimage\",\"url\":\"https:\\\/\\\/dmcsrb.com\\\/wp-content\\\/uploads\\\/2026\\\/01\\\/Lindon-DJeljaj-foto-opstina-tuzi.webp\",\"contentUrl\":\"https:\\\/\\\/dmcsrb.com\\\/wp-content\\\/uploads\\\/2026\\\/01\\\/Lindon-DJeljaj-foto-opstina-tuzi.webp\",\"width\":933,\"height\":615},{\"@type\":\"BreadcrumbList\",\"@id\":\"https:\\\/\\\/dmcsrb.com\\\/en\\\/podgorica\\\/djeljaj-ako-se-nastavi-gradnja-i-sirenje-deponije-bez-saglasnosti-opstine-tuzi-podnijecemo-krivicne-prijave\\\/#breadcrumb\",\"itemListElement\":[{\"@type\":\"ListItem\",\"position\":1,\"name\":\"Home\",\"item\":\"https:\\\/\\\/dmcsrb.com\\\/\"},{\"@type\":\"ListItem\",\"position\":2,\"name\":\"\u0110eljaj: Ako se nastavi gradnja i \u0161irenje Deponije bez saglasnosti Op\u0161tine Tuzi, podnije\u0107emo krivi\u010dne prijave\"}]},{\"@type\":\"WebSite\",\"@id\":\"https:\\\/\\\/dmcsrb.com\\\/#website\",\"url\":\"https:\\\/\\\/dmcsrb.com\\\/\",\"name\":\"dmcsrb.com\",\"description\":\"\",\"potentialAction\":[{\"@type\":\"SearchAction\",\"target\":{\"@type\":\"EntryPoint\",\"urlTemplate\":\"https:\\\/\\\/dmcsrb.com\\\/?s={search_term_string}\"},\"query-input\":{\"@type\":\"PropertyValueSpecification\",\"valueRequired\":true,\"valueName\":\"search_term_string\"}}],\"inLanguage\":\"en-GB\"},{\"@type\":\"Person\",\"@id\":\"https:\\\/\\\/dmcsrb.com\\\/#\\\/schema\\\/person\\\/5c39170f12db1b8b457732d0b5c854e2\",\"name\":\"dmcsrbija.com@gmail.com\",\"image\":{\"@type\":\"ImageObject\",\"inLanguage\":\"en-GB\",\"@id\":\"https:\\\/\\\/secure.gravatar.com\\\/avatar\\\/68592660ad6347fad0fb587f8d5d8f1a7b44961362f56e4f2cd524feb87e9069?s=96&d=mm&r=g\",\"url\":\"https:\\\/\\\/secure.gravatar.com\\\/avatar\\\/68592660ad6347fad0fb587f8d5d8f1a7b44961362f56e4f2cd524feb87e9069?s=96&d=mm&r=g\",\"contentUrl\":\"https:\\\/\\\/secure.gravatar.com\\\/avatar\\\/68592660ad6347fad0fb587f8d5d8f1a7b44961362f56e4f2cd524feb87e9069?s=96&d=mm&r=g\",\"caption\":\"dmcsrbija.com@gmail.com\"},\"sameAs\":[\"https:\\\/\\\/dmcsrb.com\"],\"url\":\"https:\\\/\\\/dmcsrb.com\\\/en\\\/author\\\/dmcsrbija-comgmail-com\\\/\"}]}<\/script>\n<!-- \/ Yoast SEO plugin. -->","yoast_head_json":{"title":"\u0110eljaj: Ako se nastavi gradnja i \u0161irenje Deponije bez saglasnosti Op\u0161tine Tuzi, podnije\u0107emo krivi\u010dne prijave - dmcsrb.com","robots":{"index":"index","follow":"follow","max-snippet":"max-snippet:-1","max-image-preview":"max-image-preview:large","max-video-preview":"max-video-preview:-1"},"canonical":"https:\/\/dmcsrb.com\/en\/podgorica\/djeljaj-ako-se-nastavi-gradnja-i-sirenje-deponije-bez-saglasnosti-opstine-tuzi-podnijecemo-krivicne-prijave\/","og_locale":"en_GB","og_type":"article","og_title":"\u0110eljaj: Ako se nastavi gradnja i \u0161irenje Deponije bez saglasnosti Op\u0161tine Tuzi, podnije\u0107emo krivi\u010dne prijave - dmcsrb.com","og_description":"Predsjednik Op\u0161tine Tuzi,\u00a0Lindon \u0110eljaj, reagovao je na izjave izvr\u0161nog direktora Deponije\u00a0Aleksandra Bo\u017eovi\u0107a, da bi cjelodnevna blokada mje\u0161tana Tuzi i Konika, koji tra\u017ee da se zaustavi gradnja sanitarnih kada, stvorila nove divlje deponije i da bi do\u0161lo do zaraze.","og_url":"https:\/\/dmcsrb.com\/en\/podgorica\/djeljaj-ako-se-nastavi-gradnja-i-sirenje-deponije-bez-saglasnosti-opstine-tuzi-podnijecemo-krivicne-prijave\/","og_site_name":"dmcsrb.com","article_published_time":"2025-09-18T09:26:36+00:00","og_image":[{"width":933,"height":615,"url":"https:\/\/dmcsrb.com\/wp-content\/uploads\/2026\/01\/Lindon-DJeljaj-foto-opstina-tuzi.webp","type":"image\/jpeg"}],"author":"dmcsrbija.com@gmail.com","twitter_card":"summary_large_image","twitter_misc":{"Written by":"dmcsrbija.com@gmail.com","Estimated reading time":"3 minutes"},"schema":{"@context":"https:\/\/schema.org","@graph":[{"@type":"Article","@id":"https:\/\/dmcsrb.com\/en\/podgorica\/djeljaj-ako-se-nastavi-gradnja-i-sirenje-deponije-bez-saglasnosti-opstine-tuzi-podnijecemo-krivicne-prijave\/#article","isPartOf":{"@id":"https:\/\/dmcsrb.com\/en\/podgorica\/djeljaj-ako-se-nastavi-gradnja-i-sirenje-deponije-bez-saglasnosti-opstine-tuzi-podnijecemo-krivicne-prijave\/"},"author":{"name":"dmcsrbija.com@gmail.com","@id":"https:\/\/dmcsrb.com\/#\/schema\/person\/5c39170f12db1b8b457732d0b5c854e2"},"headline":"\u0110eljaj: Ako se nastavi gradnja i \u0161irenje Deponije bez saglasnosti Op\u0161tine Tuzi, podnije\u0107emo krivi\u010dne prijave","datePublished":"2025-09-18T09:26:36+00:00","mainEntityOfPage":{"@id":"https:\/\/dmcsrb.com\/en\/podgorica\/djeljaj-ako-se-nastavi-gradnja-i-sirenje-deponije-bez-saglasnosti-opstine-tuzi-podnijecemo-krivicne-prijave\/"},"wordCount":647,"commentCount":0,"image":{"@id":"https:\/\/dmcsrb.com\/en\/podgorica\/djeljaj-ako-se-nastavi-gradnja-i-sirenje-deponije-bez-saglasnosti-opstine-tuzi-podnijecemo-krivicne-prijave\/#primaryimage"},"thumbnailUrl":"https:\/\/dmcsrb.com\/wp-content\/uploads\/2026\/01\/Lindon-DJeljaj-foto-opstina-tuzi.webp","keywords":["\u0110eljaj","Deponija","Tuzi"],"articleSection":["Podgorica"],"inLanguage":"en-GB","potentialAction":[{"@type":"CommentAction","name":"Comment","target":["https:\/\/dmcsrb.com\/en\/podgorica\/djeljaj-ako-se-nastavi-gradnja-i-sirenje-deponije-bez-saglasnosti-opstine-tuzi-podnijecemo-krivicne-prijave\/#respond"]}]},{"@type":"WebPage","@id":"https:\/\/dmcsrb.com\/en\/podgorica\/djeljaj-ako-se-nastavi-gradnja-i-sirenje-deponije-bez-saglasnosti-opstine-tuzi-podnijecemo-krivicne-prijave\/","url":"https:\/\/dmcsrb.com\/en\/podgorica\/djeljaj-ako-se-nastavi-gradnja-i-sirenje-deponije-bez-saglasnosti-opstine-tuzi-podnijecemo-krivicne-prijave\/","name":"\u0110eljaj: Ako se nastavi gradnja i \u0161irenje Deponije bez saglasnosti Op\u0161tine Tuzi, podnije\u0107emo krivi\u010dne prijave - dmcsrb.com","isPartOf":{"@id":"https:\/\/dmcsrb.com\/#website"},"primaryImageOfPage":{"@id":"https:\/\/dmcsrb.com\/en\/podgorica\/djeljaj-ako-se-nastavi-gradnja-i-sirenje-deponije-bez-saglasnosti-opstine-tuzi-podnijecemo-krivicne-prijave\/#primaryimage"},"image":{"@id":"https:\/\/dmcsrb.com\/en\/podgorica\/djeljaj-ako-se-nastavi-gradnja-i-sirenje-deponije-bez-saglasnosti-opstine-tuzi-podnijecemo-krivicne-prijave\/#primaryimage"},"thumbnailUrl":"https:\/\/dmcsrb.com\/wp-content\/uploads\/2026\/01\/Lindon-DJeljaj-foto-opstina-tuzi.webp","datePublished":"2025-09-18T09:26:36+00:00","author":{"@id":"https:\/\/dmcsrb.com\/#\/schema\/person\/5c39170f12db1b8b457732d0b5c854e2"},"breadcrumb":{"@id":"https:\/\/dmcsrb.com\/en\/podgorica\/djeljaj-ako-se-nastavi-gradnja-i-sirenje-deponije-bez-saglasnosti-opstine-tuzi-podnijecemo-krivicne-prijave\/#breadcrumb"},"inLanguage":"en-GB","potentialAction":[{"@type":"ReadAction","target":["https:\/\/dmcsrb.com\/en\/podgorica\/djeljaj-ako-se-nastavi-gradnja-i-sirenje-deponije-bez-saglasnosti-opstine-tuzi-podnijecemo-krivicne-prijave\/"]}]},{"@type":"ImageObject","inLanguage":"en-GB","@id":"https:\/\/dmcsrb.com\/en\/podgorica\/djeljaj-ako-se-nastavi-gradnja-i-sirenje-deponije-bez-saglasnosti-opstine-tuzi-podnijecemo-krivicne-prijave\/#primaryimage","url":"https:\/\/dmcsrb.com\/wp-content\/uploads\/2026\/01\/Lindon-DJeljaj-foto-opstina-tuzi.webp","contentUrl":"https:\/\/dmcsrb.com\/wp-content\/uploads\/2026\/01\/Lindon-DJeljaj-foto-opstina-tuzi.webp","width":933,"height":615},{"@type":"BreadcrumbList","@id":"https:\/\/dmcsrb.com\/en\/podgorica\/djeljaj-ako-se-nastavi-gradnja-i-sirenje-deponije-bez-saglasnosti-opstine-tuzi-podnijecemo-krivicne-prijave\/#breadcrumb","itemListElement":[{"@type":"ListItem","position":1,"name":"Home","item":"https:\/\/dmcsrb.com\/"},{"@type":"ListItem","position":2,"name":"\u0110eljaj: Ako se nastavi gradnja i \u0161irenje Deponije bez saglasnosti Op\u0161tine Tuzi, podnije\u0107emo krivi\u010dne prijave"}]},{"@type":"WebSite","@id":"https:\/\/dmcsrb.com\/#website","url":"https:\/\/dmcsrb.com\/","name":"dmcsrb.com","description":"","potentialAction":[{"@type":"SearchAction","target":{"@type":"EntryPoint","urlTemplate":"https:\/\/dmcsrb.com\/?s={search_term_string}"},"query-input":{"@type":"PropertyValueSpecification","valueRequired":true,"valueName":"search_term_string"}}],"inLanguage":"en-GB"},{"@type":"Person","@id":"https:\/\/dmcsrb.com\/#\/schema\/person\/5c39170f12db1b8b457732d0b5c854e2","name":"dmcsrbija.com@gmail.com","image":{"@type":"ImageObject","inLanguage":"en-GB","@id":"https:\/\/secure.gravatar.com\/avatar\/68592660ad6347fad0fb587f8d5d8f1a7b44961362f56e4f2cd524feb87e9069?s=96&d=mm&r=g","url":"https:\/\/secure.gravatar.com\/avatar\/68592660ad6347fad0fb587f8d5d8f1a7b44961362f56e4f2cd524feb87e9069?s=96&d=mm&r=g","contentUrl":"https:\/\/secure.gravatar.com\/avatar\/68592660ad6347fad0fb587f8d5d8f1a7b44961362f56e4f2cd524feb87e9069?s=96&d=mm&r=g","caption":"dmcsrbija.com@gmail.com"},"sameAs":["https:\/\/dmcsrb.com"],"url":"https:\/\/dmcsrb.com\/en\/author\/dmcsrbija-comgmail-com\/"}]}},"_links":{"self":[{"href":"https:\/\/dmcsrb.com\/en\/wp-json\/wp\/v2\/posts\/952743","targetHints":{"allow":["GET"]}}],"collection":[{"href":"https:\/\/dmcsrb.com\/en\/wp-json\/wp\/v2\/posts"}],"about":[{"href":"https:\/\/dmcsrb.com\/en\/wp-json\/wp\/v2\/types\/post"}],"author":[{"embeddable":true,"href":"https:\/\/dmcsrb.com\/en\/wp-json\/wp\/v2\/users\/1"}],"replies":[{"embeddable":true,"href":"https:\/\/dmcsrb.com\/en\/wp-json\/wp\/v2\/comments?post=952743"}],"version-history":[{"count":0,"href":"https:\/\/dmcsrb.com\/en\/wp-json\/wp\/v2\/posts\/952743\/revisions"}],"wp:featuredmedia":[{"embeddable":true,"href":"https:\/\/dmcsrb.com\/en\/wp-json\/wp\/v2\/media\/944571"}],"wp:attachment":[{"href":"https:\/\/dmcsrb.com\/en\/wp-json\/wp\/v2\/media?parent=952743"}],"wp:term":[{"taxonomy":"category","embeddable":true,"href":"https:\/\/dmcsrb.com\/en\/wp-json\/wp\/v2\/categories?post=952743"},{"taxonomy":"post_tag","embeddable":true,"href":"https:\/\/dmcsrb.com\/en\/wp-json\/wp\/v2\/tags?post=952743"},{"taxonomy":"naslovna","embeddable":true,"href":"https:\/\/dmcsrb.com\/en\/wp-json\/wp\/v2\/naslovna?post=952743"}],"curies":[{"name":"wp","href":"https:\/\/api.w.org\/{rel}","templated":true}]}}