{"id":952684,"date":"2025-09-18T08:34:00","date_gmt":"2025-09-18T06:34:00","guid":{"rendered":"https:\/\/dmcsrb.com\/uncategorized\/saudijska-arabija-i-pakistan-potpisali-sporazum-o-zajednickoj-odbrani-ukljuceno-i-nuklearno-oruzje\/"},"modified":"2025-09-18T08:34:00","modified_gmt":"2025-09-18T06:34:00","slug":"saudijska-arabija-i-pakistan-potpisali-sporazum-o-zajednickoj-odbrani-ukljuceno-i-nuklearno-oruzje","status":"publish","type":"post","link":"https:\/\/dmcsrb.com\/en\/svijet\/saudijska-arabija-i-pakistan-potpisali-sporazum-o-zajednickoj-odbrani-ukljuceno-i-nuklearno-oruzje\/","title":{"rendered":"Saudijska Arabija i Pakistan potpisali sporazum o zajedni\u010dkoj odbrani, uklju\u010deno i nuklearno oru\u017eje"},"content":{"rendered":"<p><\/p>\n\n\n\n<p><\/p>\n\n\n\n<p>Poja\u010dane odbrambene veze dolaze u trenutku kada arapske dr\u017eave Persijskog zaliva postaju sve opreznije u pogledu pouzdanosti Sjedinjenih Ameri\u010dkih Dr\u017eava kao svog dugogodi\u0161njeg garanta sigurnosti. Izraelski napad na Katar pro\u0161le sedmice poja\u010dao je te zabrinutosti.<\/p>\n\n\n\n<p>\u201cOvaj sporazum je kulminacija vi\u0161egodi\u0161njih rasprava. Ovo nije odgovor na odre\u0111ene zemlje ili specifi\u010dne doga\u0111aje, ve\u0107 institucionalizacija dugogodi\u0161nje i duboke saradnje izme\u0111u na\u0161e dvije zemlje\u201d, rekao je visoki saudijski zvani\u010dnik Rojtersu upitan o vremenu njegovog potpisivanja.<\/p>\n\n\n\n<p>Izraelski poku\u0161aj da ubije politi\u010dke vo\u0111e Hamasa vazdu\u0161nim napadima na Dohu, dok su raspravljali o prijedlogu prekida vatre u kojem Katar poma\u017ee posredovati, razbjesnio je arapske zemlje.<\/p>\n\n\n\n<p>Sporazum bi mogao promijeniti strate\u0161ku ra\u010dunicu u slo\u017eenoj regiji. Saveznici Va\u0161ingtona nastojali su stabilizovati veze s Iranom i Izraelom kako bi rije\u0161ili dugogodi\u0161nje sigurnosne probleme.<\/p>\n\n\n\n<p>No rat u Gazi preokrenuo je regiju, a zalivska dr\u017eava Katar dva je puta je u godini bila izlo\u017eena direktnim udarima, jednom od strane Irana i jednom od strane Izraela.<\/p>\n\n\n\n<p>Visoki saudijski zvani\u010dnik, koji je govorio pod uslovom anonimnosti, priznao je potrebu za uravnote\u017eenjem odnosa s pakistanskim rivalom, Indijom, koja tako\u0111e posjeduje nuklearno oru\u017eje.<\/p>\n\n\n\n<p>\u201cNa\u0161 odnos s Indijom je sna\u017eniji nego ikad. Nastavi\u0107emo razvijati ovaj odnos i nastojati doprinijeti regionalnom miru na bilo koji na\u010din\u201d, kazao je.<\/p>\n\n\n\n<p>Na pitanje ho\u0107e li Pakistan biti obavezan Saudijskoj Arabiji pru\u017eiti nuklearni ki\u0161obran prema paktu, zvani\u010dnik je rekao: \u201cOvo je sveobuhvatni odbrambeni sporazum koji obuhvata sva vojna sredstva.\u201c<\/p>\n\n\n\n<p>Pakistanska dr\u017eavna televizija prikazala je pakistanskog premijera&nbsp;<strong>Shehbaza Sharifa<\/strong>&nbsp;i saudijskog prijestolonasljednika&nbsp;<strong>Mohammeda bin Salmana<\/strong>, de facto vladara kraljevstva, kako se grle nakon potpisivanja sporazuma. Prisutan je bio i zapovjednik pakistanske vojske, feldmar\u0161al&nbsp;<strong>Asim Munir<\/strong>, koji se smatra najmo\u0107nijom osobom u zemlji.<\/p>\n\n\n\n<p>\u201cOvaj sporazum, koji odra\u017eava zajedni\u010dku predanost obje nacije ja\u010danju sigurnosti te postizanju sigurnosti i mira u regiji i svijetu, ima za cilj razvoj aspekata odbrambene saradnje izme\u0111u dvije zemlje i ja\u010danje zajedni\u010dkog odvra\u0107anja od bilo kakve agresije. Sporazum navodi da \u0107e se svaka agresija na bilo koju zemlju smatrati agresijom na obje\u201c, navodi se u izjavi iz kabineta pakistanskog premijera.<\/p>","protected":false},"excerpt":{"rendered":"<p>Saudijska Arabija i Pakistan, naoru\u017ean nuklearnim oru\u017ejem, potpisali su u srijedu formalni sporazum o me\u0111usobnoj odbrani, \u0161to zna\u010dajno ja\u010da vi\u0161edecenijsko sigurnosno partnerstvo usred poja\u010danih regionalnih napetosti, prenosi Klix.<\/p>","protected":false},"author":1,"featured_media":916746,"comment_status":"open","ping_status":"open","sticky":false,"template":"","format":"standard","meta":{"_acf_changed":false,"footnotes":""},"categories":[144],"tags":[1399,5093],"naslovna":[],"class_list":["post-952684","post","type-post","status-publish","format-standard","has-post-thumbnail","hentry","category-svijet","tag-rat","tag-saudijska-arabija"],"acf":[],"yoast_head":"<!-- This site is optimized with the Yoast SEO plugin v27.0 - https:\/\/yoast.com\/product\/yoast-seo-wordpress\/ -->\n<title>Saudijska Arabija i Pakistan potpisali sporazum o zajedni\u010dkoj odbrani, uklju\u010deno i nuklearno oru\u017eje - dmcsrb.com<\/title>\n<meta name=\"robots\" content=\"index, follow, max-snippet:-1, max-image-preview:large, max-video-preview:-1\" \/>\n<link rel=\"canonical\" href=\"https:\/\/dmcsrb.com\/en\/svijet\/saudijska-arabija-i-pakistan-potpisali-sporazum-o-zajednickoj-odbrani-ukljuceno-i-nuklearno-oruzje\/\" \/>\n<meta property=\"og:locale\" content=\"en_GB\" \/>\n<meta property=\"og:type\" content=\"article\" \/>\n<meta property=\"og:title\" content=\"Saudijska Arabija i Pakistan potpisali sporazum o zajedni\u010dkoj odbrani, uklju\u010deno i nuklearno oru\u017eje - dmcsrb.com\" \/>\n<meta property=\"og:description\" content=\"Saudijska Arabija i Pakistan, naoru\u017ean nuklearnim oru\u017ejem, potpisali su u srijedu formalni sporazum o me\u0111usobnoj odbrani, \u0161to zna\u010dajno ja\u010da vi\u0161edecenijsko sigurnosno partnerstvo usred poja\u010danih regionalnih napetosti, prenosi Klix.\" \/>\n<meta property=\"og:url\" content=\"https:\/\/dmcsrb.com\/en\/svijet\/saudijska-arabija-i-pakistan-potpisali-sporazum-o-zajednickoj-odbrani-ukljuceno-i-nuklearno-oruzje\/\" \/>\n<meta property=\"og:site_name\" content=\"dmcsrb.com\" \/>\n<meta property=\"article:published_time\" content=\"2025-09-18T06:34:00+00:00\" \/>\n<meta property=\"og:image\" content=\"https:\/\/dmcsrb.com\/wp-content\/uploads\/2026\/01\/balisticke-rakete.webp\" \/>\n\t<meta property=\"og:image:width\" content=\"640\" \/>\n\t<meta property=\"og:image:height\" content=\"360\" \/>\n\t<meta property=\"og:image:type\" content=\"image\/webp\" \/>\n<meta name=\"author\" content=\"dmcsrbija.com@gmail.com\" \/>\n<meta name=\"twitter:card\" content=\"summary_large_image\" \/>\n<meta name=\"twitter:label1\" content=\"Written by\" \/>\n\t<meta name=\"twitter:data1\" content=\"dmcsrbija.com@gmail.com\" \/>\n\t<meta name=\"twitter:label2\" content=\"Estimated reading time\" \/>\n\t<meta name=\"twitter:data2\" content=\"2 minutes\" \/>\n<script type=\"application\/ld+json\" class=\"yoast-schema-graph\">{\"@context\":\"https:\/\/schema.org\",\"@graph\":[{\"@type\":\"Article\",\"@id\":\"https:\/\/dmcsrb.com\/svijet\/saudijska-arabija-i-pakistan-potpisali-sporazum-o-zajednickoj-odbrani-ukljuceno-i-nuklearno-oruzje\/#article\",\"isPartOf\":{\"@id\":\"https:\/\/dmcsrb.com\/svijet\/saudijska-arabija-i-pakistan-potpisali-sporazum-o-zajednickoj-odbrani-ukljuceno-i-nuklearno-oruzje\/\"},\"author\":{\"name\":\"dmcsrbija.com@gmail.com\",\"@id\":\"https:\/\/dmcsrb.com\/#\/schema\/person\/5c39170f12db1b8b457732d0b5c854e2\"},\"headline\":\"Saudijska Arabija i Pakistan potpisali sporazum o zajedni\u010dkoj odbrani, uklju\u010deno i nuklearno oru\u017eje\",\"datePublished\":\"2025-09-18T06:34:00+00:00\",\"mainEntityOfPage\":{\"@id\":\"https:\/\/dmcsrb.com\/svijet\/saudijska-arabija-i-pakistan-potpisali-sporazum-o-zajednickoj-odbrani-ukljuceno-i-nuklearno-oruzje\/\"},\"wordCount\":399,\"commentCount\":0,\"image\":{\"@id\":\"https:\/\/dmcsrb.com\/svijet\/saudijska-arabija-i-pakistan-potpisali-sporazum-o-zajednickoj-odbrani-ukljuceno-i-nuklearno-oruzje\/#primaryimage\"},\"thumbnailUrl\":\"https:\/\/dmcsrb.com\/wp-content\/uploads\/2026\/01\/balisticke-rakete.webp\",\"keywords\":[\"rat\",\"Saudijska Arabija\"],\"articleSection\":[\"Svijet\"],\"inLanguage\":\"en-GB\",\"potentialAction\":[{\"@type\":\"CommentAction\",\"name\":\"Comment\",\"target\":[\"https:\/\/dmcsrb.com\/svijet\/saudijska-arabija-i-pakistan-potpisali-sporazum-o-zajednickoj-odbrani-ukljuceno-i-nuklearno-oruzje\/#respond\"]}]},{\"@type\":\"WebPage\",\"@id\":\"https:\/\/dmcsrb.com\/svijet\/saudijska-arabija-i-pakistan-potpisali-sporazum-o-zajednickoj-odbrani-ukljuceno-i-nuklearno-oruzje\/\",\"url\":\"https:\/\/dmcsrb.com\/svijet\/saudijska-arabija-i-pakistan-potpisali-sporazum-o-zajednickoj-odbrani-ukljuceno-i-nuklearno-oruzje\/\",\"name\":\"Saudijska Arabija i Pakistan potpisali sporazum o zajedni\u010dkoj odbrani, uklju\u010deno i nuklearno oru\u017eje - dmcsrb.com\",\"isPartOf\":{\"@id\":\"https:\/\/dmcsrb.com\/#website\"},\"primaryImageOfPage\":{\"@id\":\"https:\/\/dmcsrb.com\/svijet\/saudijska-arabija-i-pakistan-potpisali-sporazum-o-zajednickoj-odbrani-ukljuceno-i-nuklearno-oruzje\/#primaryimage\"},\"image\":{\"@id\":\"https:\/\/dmcsrb.com\/svijet\/saudijska-arabija-i-pakistan-potpisali-sporazum-o-zajednickoj-odbrani-ukljuceno-i-nuklearno-oruzje\/#primaryimage\"},\"thumbnailUrl\":\"https:\/\/dmcsrb.com\/wp-content\/uploads\/2026\/01\/balisticke-rakete.webp\",\"datePublished\":\"2025-09-18T06:34:00+00:00\",\"author\":{\"@id\":\"https:\/\/dmcsrb.com\/#\/schema\/person\/5c39170f12db1b8b457732d0b5c854e2\"},\"breadcrumb\":{\"@id\":\"https:\/\/dmcsrb.com\/svijet\/saudijska-arabija-i-pakistan-potpisali-sporazum-o-zajednickoj-odbrani-ukljuceno-i-nuklearno-oruzje\/#breadcrumb\"},\"inLanguage\":\"en-GB\",\"potentialAction\":[{\"@type\":\"ReadAction\",\"target\":[\"https:\/\/dmcsrb.com\/svijet\/saudijska-arabija-i-pakistan-potpisali-sporazum-o-zajednickoj-odbrani-ukljuceno-i-nuklearno-oruzje\/\"]}]},{\"@type\":\"ImageObject\",\"inLanguage\":\"en-GB\",\"@id\":\"https:\/\/dmcsrb.com\/svijet\/saudijska-arabija-i-pakistan-potpisali-sporazum-o-zajednickoj-odbrani-ukljuceno-i-nuklearno-oruzje\/#primaryimage\",\"url\":\"https:\/\/dmcsrb.com\/wp-content\/uploads\/2026\/01\/balisticke-rakete.webp\",\"contentUrl\":\"https:\/\/dmcsrb.com\/wp-content\/uploads\/2026\/01\/balisticke-rakete.webp\",\"width\":640,\"height\":360},{\"@type\":\"BreadcrumbList\",\"@id\":\"https:\/\/dmcsrb.com\/svijet\/saudijska-arabija-i-pakistan-potpisali-sporazum-o-zajednickoj-odbrani-ukljuceno-i-nuklearno-oruzje\/#breadcrumb\",\"itemListElement\":[{\"@type\":\"ListItem\",\"position\":1,\"name\":\"Home\",\"item\":\"https:\/\/dmcsrb.com\/\"},{\"@type\":\"ListItem\",\"position\":2,\"name\":\"Saudijska Arabija i Pakistan potpisali sporazum o zajedni\u010dkoj odbrani, uklju\u010deno i nuklearno oru\u017eje\"}]},{\"@type\":\"WebSite\",\"@id\":\"https:\/\/dmcsrb.com\/#website\",\"url\":\"https:\/\/dmcsrb.com\/\",\"name\":\"dmcsrb.com\",\"description\":\"\",\"potentialAction\":[{\"@type\":\"SearchAction\",\"target\":{\"@type\":\"EntryPoint\",\"urlTemplate\":\"https:\/\/dmcsrb.com\/?s={search_term_string}\"},\"query-input\":{\"@type\":\"PropertyValueSpecification\",\"valueRequired\":true,\"valueName\":\"search_term_string\"}}],\"inLanguage\":\"en-GB\"},{\"@type\":\"Person\",\"@id\":\"https:\/\/dmcsrb.com\/#\/schema\/person\/5c39170f12db1b8b457732d0b5c854e2\",\"name\":\"dmcsrbija.com@gmail.com\",\"image\":{\"@type\":\"ImageObject\",\"inLanguage\":\"en-GB\",\"@id\":\"https:\/\/dmcsrb.com\/#\/schema\/person\/image\/\",\"url\":\"https:\/\/secure.gravatar.com\/avatar\/68592660ad6347fad0fb587f8d5d8f1a7b44961362f56e4f2cd524feb87e9069?s=96&d=mm&r=g\",\"contentUrl\":\"https:\/\/secure.gravatar.com\/avatar\/68592660ad6347fad0fb587f8d5d8f1a7b44961362f56e4f2cd524feb87e9069?s=96&d=mm&r=g\",\"caption\":\"dmcsrbija.com@gmail.com\"},\"sameAs\":[\"https:\/\/dmcsrb.com\"],\"url\":\"https:\/\/dmcsrb.com\/en\/author\/dmcsrbija-comgmail-com\/\"}]}<\/script>\n<!-- \/ Yoast SEO plugin. -->","yoast_head_json":{"title":"Saudijska Arabija i Pakistan potpisali sporazum o zajedni\u010dkoj odbrani, uklju\u010deno i nuklearno oru\u017eje - dmcsrb.com","robots":{"index":"index","follow":"follow","max-snippet":"max-snippet:-1","max-image-preview":"max-image-preview:large","max-video-preview":"max-video-preview:-1"},"canonical":"https:\/\/dmcsrb.com\/en\/svijet\/saudijska-arabija-i-pakistan-potpisali-sporazum-o-zajednickoj-odbrani-ukljuceno-i-nuklearno-oruzje\/","og_locale":"en_GB","og_type":"article","og_title":"Saudijska Arabija i Pakistan potpisali sporazum o zajedni\u010dkoj odbrani, uklju\u010deno i nuklearno oru\u017eje - dmcsrb.com","og_description":"Saudijska Arabija i Pakistan, naoru\u017ean nuklearnim oru\u017ejem, potpisali su u srijedu formalni sporazum o me\u0111usobnoj odbrani, \u0161to zna\u010dajno ja\u010da vi\u0161edecenijsko sigurnosno partnerstvo usred poja\u010danih regionalnih napetosti, prenosi Klix.","og_url":"https:\/\/dmcsrb.com\/en\/svijet\/saudijska-arabija-i-pakistan-potpisali-sporazum-o-zajednickoj-odbrani-ukljuceno-i-nuklearno-oruzje\/","og_site_name":"dmcsrb.com","article_published_time":"2025-09-18T06:34:00+00:00","og_image":[{"width":640,"height":360,"url":"https:\/\/dmcsrb.com\/wp-content\/uploads\/2026\/01\/balisticke-rakete.webp","type":"image\/webp"}],"author":"dmcsrbija.com@gmail.com","twitter_card":"summary_large_image","twitter_misc":{"Written by":"dmcsrbija.com@gmail.com","Estimated reading time":"2 minutes"},"schema":{"@context":"https:\/\/schema.org","@graph":[{"@type":"Article","@id":"https:\/\/dmcsrb.com\/svijet\/saudijska-arabija-i-pakistan-potpisali-sporazum-o-zajednickoj-odbrani-ukljuceno-i-nuklearno-oruzje\/#article","isPartOf":{"@id":"https:\/\/dmcsrb.com\/svijet\/saudijska-arabija-i-pakistan-potpisali-sporazum-o-zajednickoj-odbrani-ukljuceno-i-nuklearno-oruzje\/"},"author":{"name":"dmcsrbija.com@gmail.com","@id":"https:\/\/dmcsrb.com\/#\/schema\/person\/5c39170f12db1b8b457732d0b5c854e2"},"headline":"Saudijska Arabija i Pakistan potpisali sporazum o zajedni\u010dkoj odbrani, uklju\u010deno i nuklearno oru\u017eje","datePublished":"2025-09-18T06:34:00+00:00","mainEntityOfPage":{"@id":"https:\/\/dmcsrb.com\/svijet\/saudijska-arabija-i-pakistan-potpisali-sporazum-o-zajednickoj-odbrani-ukljuceno-i-nuklearno-oruzje\/"},"wordCount":399,"commentCount":0,"image":{"@id":"https:\/\/dmcsrb.com\/svijet\/saudijska-arabija-i-pakistan-potpisali-sporazum-o-zajednickoj-odbrani-ukljuceno-i-nuklearno-oruzje\/#primaryimage"},"thumbnailUrl":"https:\/\/dmcsrb.com\/wp-content\/uploads\/2026\/01\/balisticke-rakete.webp","keywords":["rat","Saudijska Arabija"],"articleSection":["Svijet"],"inLanguage":"en-GB","potentialAction":[{"@type":"CommentAction","name":"Comment","target":["https:\/\/dmcsrb.com\/svijet\/saudijska-arabija-i-pakistan-potpisali-sporazum-o-zajednickoj-odbrani-ukljuceno-i-nuklearno-oruzje\/#respond"]}]},{"@type":"WebPage","@id":"https:\/\/dmcsrb.com\/svijet\/saudijska-arabija-i-pakistan-potpisali-sporazum-o-zajednickoj-odbrani-ukljuceno-i-nuklearno-oruzje\/","url":"https:\/\/dmcsrb.com\/svijet\/saudijska-arabija-i-pakistan-potpisali-sporazum-o-zajednickoj-odbrani-ukljuceno-i-nuklearno-oruzje\/","name":"Saudijska Arabija i Pakistan potpisali sporazum o zajedni\u010dkoj odbrani, uklju\u010deno i nuklearno oru\u017eje - dmcsrb.com","isPartOf":{"@id":"https:\/\/dmcsrb.com\/#website"},"primaryImageOfPage":{"@id":"https:\/\/dmcsrb.com\/svijet\/saudijska-arabija-i-pakistan-potpisali-sporazum-o-zajednickoj-odbrani-ukljuceno-i-nuklearno-oruzje\/#primaryimage"},"image":{"@id":"https:\/\/dmcsrb.com\/svijet\/saudijska-arabija-i-pakistan-potpisali-sporazum-o-zajednickoj-odbrani-ukljuceno-i-nuklearno-oruzje\/#primaryimage"},"thumbnailUrl":"https:\/\/dmcsrb.com\/wp-content\/uploads\/2026\/01\/balisticke-rakete.webp","datePublished":"2025-09-18T06:34:00+00:00","author":{"@id":"https:\/\/dmcsrb.com\/#\/schema\/person\/5c39170f12db1b8b457732d0b5c854e2"},"breadcrumb":{"@id":"https:\/\/dmcsrb.com\/svijet\/saudijska-arabija-i-pakistan-potpisali-sporazum-o-zajednickoj-odbrani-ukljuceno-i-nuklearno-oruzje\/#breadcrumb"},"inLanguage":"en-GB","potentialAction":[{"@type":"ReadAction","target":["https:\/\/dmcsrb.com\/svijet\/saudijska-arabija-i-pakistan-potpisali-sporazum-o-zajednickoj-odbrani-ukljuceno-i-nuklearno-oruzje\/"]}]},{"@type":"ImageObject","inLanguage":"en-GB","@id":"https:\/\/dmcsrb.com\/svijet\/saudijska-arabija-i-pakistan-potpisali-sporazum-o-zajednickoj-odbrani-ukljuceno-i-nuklearno-oruzje\/#primaryimage","url":"https:\/\/dmcsrb.com\/wp-content\/uploads\/2026\/01\/balisticke-rakete.webp","contentUrl":"https:\/\/dmcsrb.com\/wp-content\/uploads\/2026\/01\/balisticke-rakete.webp","width":640,"height":360},{"@type":"BreadcrumbList","@id":"https:\/\/dmcsrb.com\/svijet\/saudijska-arabija-i-pakistan-potpisali-sporazum-o-zajednickoj-odbrani-ukljuceno-i-nuklearno-oruzje\/#breadcrumb","itemListElement":[{"@type":"ListItem","position":1,"name":"Home","item":"https:\/\/dmcsrb.com\/"},{"@type":"ListItem","position":2,"name":"Saudijska Arabija i Pakistan potpisali sporazum o zajedni\u010dkoj odbrani, uklju\u010deno i nuklearno oru\u017eje"}]},{"@type":"WebSite","@id":"https:\/\/dmcsrb.com\/#website","url":"https:\/\/dmcsrb.com\/","name":"dmcsrb.com","description":"","potentialAction":[{"@type":"SearchAction","target":{"@type":"EntryPoint","urlTemplate":"https:\/\/dmcsrb.com\/?s={search_term_string}"},"query-input":{"@type":"PropertyValueSpecification","valueRequired":true,"valueName":"search_term_string"}}],"inLanguage":"en-GB"},{"@type":"Person","@id":"https:\/\/dmcsrb.com\/#\/schema\/person\/5c39170f12db1b8b457732d0b5c854e2","name":"dmcsrbija.com@gmail.com","image":{"@type":"ImageObject","inLanguage":"en-GB","@id":"https:\/\/dmcsrb.com\/#\/schema\/person\/image\/","url":"https:\/\/secure.gravatar.com\/avatar\/68592660ad6347fad0fb587f8d5d8f1a7b44961362f56e4f2cd524feb87e9069?s=96&d=mm&r=g","contentUrl":"https:\/\/secure.gravatar.com\/avatar\/68592660ad6347fad0fb587f8d5d8f1a7b44961362f56e4f2cd524feb87e9069?s=96&d=mm&r=g","caption":"dmcsrbija.com@gmail.com"},"sameAs":["https:\/\/dmcsrb.com"],"url":"https:\/\/dmcsrb.com\/en\/author\/dmcsrbija-comgmail-com\/"}]}},"_links":{"self":[{"href":"https:\/\/dmcsrb.com\/en\/wp-json\/wp\/v2\/posts\/952684","targetHints":{"allow":["GET"]}}],"collection":[{"href":"https:\/\/dmcsrb.com\/en\/wp-json\/wp\/v2\/posts"}],"about":[{"href":"https:\/\/dmcsrb.com\/en\/wp-json\/wp\/v2\/types\/post"}],"author":[{"embeddable":true,"href":"https:\/\/dmcsrb.com\/en\/wp-json\/wp\/v2\/users\/1"}],"replies":[{"embeddable":true,"href":"https:\/\/dmcsrb.com\/en\/wp-json\/wp\/v2\/comments?post=952684"}],"version-history":[{"count":0,"href":"https:\/\/dmcsrb.com\/en\/wp-json\/wp\/v2\/posts\/952684\/revisions"}],"wp:featuredmedia":[{"embeddable":true,"href":"https:\/\/dmcsrb.com\/en\/wp-json\/wp\/v2\/media\/916746"}],"wp:attachment":[{"href":"https:\/\/dmcsrb.com\/en\/wp-json\/wp\/v2\/media?parent=952684"}],"wp:term":[{"taxonomy":"category","embeddable":true,"href":"https:\/\/dmcsrb.com\/en\/wp-json\/wp\/v2\/categories?post=952684"},{"taxonomy":"post_tag","embeddable":true,"href":"https:\/\/dmcsrb.com\/en\/wp-json\/wp\/v2\/tags?post=952684"},{"taxonomy":"naslovna","embeddable":true,"href":"https:\/\/dmcsrb.com\/en\/wp-json\/wp\/v2\/naslovna?post=952684"}],"curies":[{"name":"wp","href":"https:\/\/api.w.org\/{rel}","templated":true}]}}