{"id":952662,"date":"2025-09-18T06:57:00","date_gmt":"2025-09-18T04:57:00","guid":{"rendered":"https:\/\/dmcsrb.com\/uncategorized\/pocinje-zavrsni-obracun-filip-kuncer-spreman-za-posljednja-tri-trkacka-vikenda-sezone\/"},"modified":"2025-09-18T06:57:00","modified_gmt":"2025-09-18T04:57:00","slug":"pocinje-zavrsni-obracun-filip-kuncer-spreman-za-posljednja-tri-trkacka-vikenda-sezone","status":"publish","type":"post","link":"https:\/\/dmcsrb.com\/en\/sport\/pocinje-zavrsni-obracun-filip-kuncer-spreman-za-posljednja-tri-trkacka-vikenda-sezone\/","title":{"rendered":"Po\u010dinje zavr\u0161ni obra\u010dun, Filip Kun\u010der spreman za posljednja tri trka\u010dka vikenda sezone"},"content":{"rendered":"<p>Iako dolazi iz zemlje koja nema nijednu profesionalnu stazu za trening, Filip je zahvaljuju\u0107i ku\u0107nom simulatoru, predanom radu i upornosti pokazao izuzetan talenat, brzinu i disciplinu na legendarnim stazama \u0161irom Evrope.<\/p>\n\n\n\n<p>Trenutni plasmani<\/p>\n\n\n\n<ul class=\"wp-block-list\">\n<li><strong>Generalni plasman:<\/strong> 7. mjesto \u2013 samo dva boda zaostatka za 6. pozicijom<\/li>\n\n\n\n<li><strong>Challenger kategorija:<\/strong> 2. mjesto \u2013 tako\u0111e sa dva boda razlike<\/li>\n\n\n\n<li><strong>Mid Europe \u0161ampionat:<\/strong> 3. mjesto<\/li>\n\n\n\n<li><strong>Mid Europe Challenger:<\/strong> 1. mjesto<\/li>\n<\/ul>\n\n\n\n<p>Do sada je Filip pro\u0161ao kroz zahtjevan kalendar \u2013 od obe\u0107avaju\u0107eg starta u francuskom Nogaru, preko legendarnih staza poput Spa-Franko\u0161ampa, Imole i Mizana, do izazova na Manji-Kuru. Na tom putu suo\u010dio se i sa pehovima: incidentom izazvanim tu\u0111om gre\u0161kom u Dijonu, kao i tehni\u010dkim problemima sa amortizerom u Manji-Kuru, \u0161to ga je ko\u0161talo boljeg plasmana i novih guma koje su klju\u010dne u \u0161ampionatu sa strogim pravilima.<\/p>\n\n\n\n<p>Uprkos svemu, Filip je zajedno sa timom \u201eMilan Competition\u201c vi\u0161e puta dokazao da mo\u017ee da parira najboljima, posti\u017eu\u0107i odli\u010dne krugove na kvalifikacijama i sjajne zavr\u0161nice trka u konkurenciji gdje je na stazi istovremeno preko 50 automobila, a prostor za gre\u0161ku minimalan.<\/p>\n\n\n\n<p><strong>Zavr\u0161ni raspored trka<\/strong><\/p>\n\n\n\n<ul class=\"wp-block-list\">\n<li><strong>Valensija (\u0160panija)<\/strong> \u2013 19\u201321. septembar<\/li>\n\n\n\n<li><strong>Paul Rikar (Francuska)<\/strong> \u2013 3\u20135. oktobar<\/li>\n\n\n\n<li><strong>Monca (Italija)<\/strong> \u2013 17\u201319. oktobar \u2013 zavr\u0161ni vikend \u0161ampionata<\/li>\n<\/ul>\n\n\n\n<p>Ovaj vikend ozna\u010dava po\u010detak zav\u0161ne faze sezone, a Filip ulazi u zavr\u0161ni krug sa ciljem da potvrdi svoj kvalitet i poziciju me\u0111u najboljima.<\/p>\n\n\n\n<p>Pozivamo sve ljubitelje automobilizma da prate i podr\u017ee Filipa na njegovom putu, jer je pokazao da voza\u010d iz Crne Gore, bez staze i sistema kakav imaju druge zemlje, mo\u017ee da se bori rame uz rame sa evropskom elitom.<br>Uz njegovu strast, posve\u0107enost i nevjerovatnu \u017eelju za napretkom \u2013 najbolje tek dolazi!<\/p>","protected":false},"excerpt":{"rendered":"<p>Pred nama je uzbudljiva zavr\u0161nica Reno Klio Kupa, tri uzastopna trka\u010dka vikenda koja \u0107e odlu\u010diti \u0161ampione u svim kategorijama. Crnogorski automobilista Filip Kun\u010der ulazi u ovaj zavr\u0161ni krug me\u0111u vode\u0107ima, nakon \u0161est odvo\u017eenih vikenda i 12 trka, tokom kojih se takmi\u010dio sa vi\u0161e od 50 voza\u010da iz cijele Evrope.<\/p>","protected":false},"author":1,"featured_media":952663,"comment_status":"open","ping_status":"open","sticky":false,"template":"","format":"standard","meta":{"_acf_changed":false,"footnotes":""},"categories":[148],"tags":[8403,8404],"naslovna":[],"class_list":["post-952662","post","type-post","status-publish","format-standard","has-post-thumbnail","hentry","category-sport","tag-filip-kuncer","tag-trkacka-sezona"],"acf":[],"yoast_head":"<!-- This site is optimized with the Yoast SEO plugin v27.4 - https:\/\/yoast.com\/product\/yoast-seo-wordpress\/ -->\n<title>Po\u010dinje zavr\u0161ni obra\u010dun, Filip Kun\u010der spreman za posljednja tri trka\u010dka vikenda sezone - dmcsrb.com<\/title>\n<meta name=\"robots\" content=\"index, follow, max-snippet:-1, max-image-preview:large, max-video-preview:-1\" \/>\n<link rel=\"canonical\" href=\"https:\/\/dmcsrb.com\/en\/sport\/pocinje-zavrsni-obracun-filip-kuncer-spreman-za-posljednja-tri-trkacka-vikenda-sezone\/\" \/>\n<meta property=\"og:locale\" content=\"en_GB\" \/>\n<meta property=\"og:type\" content=\"article\" \/>\n<meta property=\"og:title\" content=\"Po\u010dinje zavr\u0161ni obra\u010dun, Filip Kun\u010der spreman za posljednja tri trka\u010dka vikenda sezone - dmcsrb.com\" \/>\n<meta property=\"og:description\" content=\"Pred nama je uzbudljiva zavr\u0161nica Reno Klio Kupa, tri uzastopna trka\u010dka vikenda koja \u0107e odlu\u010diti \u0161ampione u svim kategorijama. Crnogorski automobilista Filip Kun\u010der ulazi u ovaj zavr\u0161ni krug me\u0111u vode\u0107ima, nakon \u0161est odvo\u017eenih vikenda i 12 trka, tokom kojih se takmi\u010dio sa vi\u0161e od 50 voza\u010da iz cijele Evrope.\" \/>\n<meta property=\"og:url\" content=\"https:\/\/dmcsrb.com\/en\/sport\/pocinje-zavrsni-obracun-filip-kuncer-spreman-za-posljednja-tri-trkacka-vikenda-sezone\/\" \/>\n<meta property=\"og:site_name\" content=\"dmcsrb.com\" \/>\n<meta property=\"article:published_time\" content=\"2025-09-18T04:57:00+00:00\" \/>\n<meta property=\"og:image\" content=\"https:\/\/dmcsrb.com\/wp-content\/uploads\/2026\/01\/Trka-auta-scaled-1.webp\" \/>\n\t<meta property=\"og:image:width\" content=\"2560\" \/>\n\t<meta property=\"og:image:height\" content=\"1707\" \/>\n\t<meta property=\"og:image:type\" content=\"image\/jpeg\" \/>\n<meta name=\"author\" content=\"dmcsrbija.com@gmail.com\" \/>\n<meta name=\"twitter:card\" content=\"summary_large_image\" \/>\n<meta name=\"twitter:label1\" content=\"Written by\" \/>\n\t<meta name=\"twitter:data1\" content=\"dmcsrbija.com@gmail.com\" \/>\n\t<meta name=\"twitter:label2\" content=\"Estimated reading time\" \/>\n\t<meta name=\"twitter:data2\" content=\"1 minute\" \/>\n<script type=\"application\/ld+json\" class=\"yoast-schema-graph\">{\"@context\":\"https:\\\/\\\/schema.org\",\"@graph\":[{\"@type\":\"Article\",\"@id\":\"https:\\\/\\\/dmcsrb.com\\\/sport\\\/pocinje-zavrsni-obracun-filip-kuncer-spreman-za-posljednja-tri-trkacka-vikenda-sezone\\\/#article\",\"isPartOf\":{\"@id\":\"https:\\\/\\\/dmcsrb.com\\\/sport\\\/pocinje-zavrsni-obracun-filip-kuncer-spreman-za-posljednja-tri-trkacka-vikenda-sezone\\\/\"},\"author\":{\"name\":\"dmcsrbija.com@gmail.com\",\"@id\":\"https:\\\/\\\/dmcsrb.com\\\/#\\\/schema\\\/person\\\/5c39170f12db1b8b457732d0b5c854e2\"},\"headline\":\"Po\u010dinje zavr\u0161ni obra\u010dun, Filip Kun\u010der spreman za posljednja tri trka\u010dka vikenda sezone\",\"datePublished\":\"2025-09-18T04:57:00+00:00\",\"mainEntityOfPage\":{\"@id\":\"https:\\\/\\\/dmcsrb.com\\\/sport\\\/pocinje-zavrsni-obracun-filip-kuncer-spreman-za-posljednja-tri-trkacka-vikenda-sezone\\\/\"},\"wordCount\":299,\"commentCount\":0,\"image\":{\"@id\":\"https:\\\/\\\/dmcsrb.com\\\/sport\\\/pocinje-zavrsni-obracun-filip-kuncer-spreman-za-posljednja-tri-trkacka-vikenda-sezone\\\/#primaryimage\"},\"thumbnailUrl\":\"https:\\\/\\\/dmcsrb.com\\\/wp-content\\\/uploads\\\/2026\\\/01\\\/Trka-auta-scaled-1.webp\",\"keywords\":[\"Filip Kun\u010der\",\"Trka\u010dka sezona\"],\"articleSection\":[\"Sport\"],\"inLanguage\":\"en-GB\",\"potentialAction\":[{\"@type\":\"CommentAction\",\"name\":\"Comment\",\"target\":[\"https:\\\/\\\/dmcsrb.com\\\/sport\\\/pocinje-zavrsni-obracun-filip-kuncer-spreman-za-posljednja-tri-trkacka-vikenda-sezone\\\/#respond\"]}]},{\"@type\":\"WebPage\",\"@id\":\"https:\\\/\\\/dmcsrb.com\\\/sport\\\/pocinje-zavrsni-obracun-filip-kuncer-spreman-za-posljednja-tri-trkacka-vikenda-sezone\\\/\",\"url\":\"https:\\\/\\\/dmcsrb.com\\\/sport\\\/pocinje-zavrsni-obracun-filip-kuncer-spreman-za-posljednja-tri-trkacka-vikenda-sezone\\\/\",\"name\":\"Po\u010dinje zavr\u0161ni obra\u010dun, Filip Kun\u010der spreman za posljednja tri trka\u010dka vikenda sezone - dmcsrb.com\",\"isPartOf\":{\"@id\":\"https:\\\/\\\/dmcsrb.com\\\/#website\"},\"primaryImageOfPage\":{\"@id\":\"https:\\\/\\\/dmcsrb.com\\\/sport\\\/pocinje-zavrsni-obracun-filip-kuncer-spreman-za-posljednja-tri-trkacka-vikenda-sezone\\\/#primaryimage\"},\"image\":{\"@id\":\"https:\\\/\\\/dmcsrb.com\\\/sport\\\/pocinje-zavrsni-obracun-filip-kuncer-spreman-za-posljednja-tri-trkacka-vikenda-sezone\\\/#primaryimage\"},\"thumbnailUrl\":\"https:\\\/\\\/dmcsrb.com\\\/wp-content\\\/uploads\\\/2026\\\/01\\\/Trka-auta-scaled-1.webp\",\"datePublished\":\"2025-09-18T04:57:00+00:00\",\"author\":{\"@id\":\"https:\\\/\\\/dmcsrb.com\\\/#\\\/schema\\\/person\\\/5c39170f12db1b8b457732d0b5c854e2\"},\"breadcrumb\":{\"@id\":\"https:\\\/\\\/dmcsrb.com\\\/sport\\\/pocinje-zavrsni-obracun-filip-kuncer-spreman-za-posljednja-tri-trkacka-vikenda-sezone\\\/#breadcrumb\"},\"inLanguage\":\"en-GB\",\"potentialAction\":[{\"@type\":\"ReadAction\",\"target\":[\"https:\\\/\\\/dmcsrb.com\\\/sport\\\/pocinje-zavrsni-obracun-filip-kuncer-spreman-za-posljednja-tri-trkacka-vikenda-sezone\\\/\"]}]},{\"@type\":\"ImageObject\",\"inLanguage\":\"en-GB\",\"@id\":\"https:\\\/\\\/dmcsrb.com\\\/sport\\\/pocinje-zavrsni-obracun-filip-kuncer-spreman-za-posljednja-tri-trkacka-vikenda-sezone\\\/#primaryimage\",\"url\":\"https:\\\/\\\/dmcsrb.com\\\/wp-content\\\/uploads\\\/2026\\\/01\\\/Trka-auta-scaled-1.webp\",\"contentUrl\":\"https:\\\/\\\/dmcsrb.com\\\/wp-content\\\/uploads\\\/2026\\\/01\\\/Trka-auta-scaled-1.webp\",\"width\":2560,\"height\":1707},{\"@type\":\"BreadcrumbList\",\"@id\":\"https:\\\/\\\/dmcsrb.com\\\/sport\\\/pocinje-zavrsni-obracun-filip-kuncer-spreman-za-posljednja-tri-trkacka-vikenda-sezone\\\/#breadcrumb\",\"itemListElement\":[{\"@type\":\"ListItem\",\"position\":1,\"name\":\"Home\",\"item\":\"https:\\\/\\\/dmcsrb.com\\\/\"},{\"@type\":\"ListItem\",\"position\":2,\"name\":\"Po\u010dinje zavr\u0161ni obra\u010dun, Filip Kun\u010der spreman za posljednja tri trka\u010dka vikenda sezone\"}]},{\"@type\":\"WebSite\",\"@id\":\"https:\\\/\\\/dmcsrb.com\\\/#website\",\"url\":\"https:\\\/\\\/dmcsrb.com\\\/\",\"name\":\"dmcsrb.com\",\"description\":\"\",\"potentialAction\":[{\"@type\":\"SearchAction\",\"target\":{\"@type\":\"EntryPoint\",\"urlTemplate\":\"https:\\\/\\\/dmcsrb.com\\\/?s={search_term_string}\"},\"query-input\":{\"@type\":\"PropertyValueSpecification\",\"valueRequired\":true,\"valueName\":\"search_term_string\"}}],\"inLanguage\":\"en-GB\"},{\"@type\":\"Person\",\"@id\":\"https:\\\/\\\/dmcsrb.com\\\/#\\\/schema\\\/person\\\/5c39170f12db1b8b457732d0b5c854e2\",\"name\":\"dmcsrbija.com@gmail.com\",\"image\":{\"@type\":\"ImageObject\",\"inLanguage\":\"en-GB\",\"@id\":\"https:\\\/\\\/secure.gravatar.com\\\/avatar\\\/68592660ad6347fad0fb587f8d5d8f1a7b44961362f56e4f2cd524feb87e9069?s=96&d=mm&r=g\",\"url\":\"https:\\\/\\\/secure.gravatar.com\\\/avatar\\\/68592660ad6347fad0fb587f8d5d8f1a7b44961362f56e4f2cd524feb87e9069?s=96&d=mm&r=g\",\"contentUrl\":\"https:\\\/\\\/secure.gravatar.com\\\/avatar\\\/68592660ad6347fad0fb587f8d5d8f1a7b44961362f56e4f2cd524feb87e9069?s=96&d=mm&r=g\",\"caption\":\"dmcsrbija.com@gmail.com\"},\"sameAs\":[\"https:\\\/\\\/dmcsrb.com\"],\"url\":\"https:\\\/\\\/dmcsrb.com\\\/en\\\/author\\\/dmcsrbija-comgmail-com\\\/\"}]}<\/script>\n<!-- \/ Yoast SEO plugin. -->","yoast_head_json":{"title":"Po\u010dinje zavr\u0161ni obra\u010dun, Filip Kun\u010der spreman za posljednja tri trka\u010dka vikenda sezone - dmcsrb.com","robots":{"index":"index","follow":"follow","max-snippet":"max-snippet:-1","max-image-preview":"max-image-preview:large","max-video-preview":"max-video-preview:-1"},"canonical":"https:\/\/dmcsrb.com\/en\/sport\/pocinje-zavrsni-obracun-filip-kuncer-spreman-za-posljednja-tri-trkacka-vikenda-sezone\/","og_locale":"en_GB","og_type":"article","og_title":"Po\u010dinje zavr\u0161ni obra\u010dun, Filip Kun\u010der spreman za posljednja tri trka\u010dka vikenda sezone - dmcsrb.com","og_description":"Pred nama je uzbudljiva zavr\u0161nica Reno Klio Kupa, tri uzastopna trka\u010dka vikenda koja \u0107e odlu\u010diti \u0161ampione u svim kategorijama. Crnogorski automobilista Filip Kun\u010der ulazi u ovaj zavr\u0161ni krug me\u0111u vode\u0107ima, nakon \u0161est odvo\u017eenih vikenda i 12 trka, tokom kojih se takmi\u010dio sa vi\u0161e od 50 voza\u010da iz cijele Evrope.","og_url":"https:\/\/dmcsrb.com\/en\/sport\/pocinje-zavrsni-obracun-filip-kuncer-spreman-za-posljednja-tri-trkacka-vikenda-sezone\/","og_site_name":"dmcsrb.com","article_published_time":"2025-09-18T04:57:00+00:00","og_image":[{"width":2560,"height":1707,"url":"https:\/\/dmcsrb.com\/wp-content\/uploads\/2026\/01\/Trka-auta-scaled-1.webp","type":"image\/jpeg"}],"author":"dmcsrbija.com@gmail.com","twitter_card":"summary_large_image","twitter_misc":{"Written by":"dmcsrbija.com@gmail.com","Estimated reading time":"1 minute"},"schema":{"@context":"https:\/\/schema.org","@graph":[{"@type":"Article","@id":"https:\/\/dmcsrb.com\/sport\/pocinje-zavrsni-obracun-filip-kuncer-spreman-za-posljednja-tri-trkacka-vikenda-sezone\/#article","isPartOf":{"@id":"https:\/\/dmcsrb.com\/sport\/pocinje-zavrsni-obracun-filip-kuncer-spreman-za-posljednja-tri-trkacka-vikenda-sezone\/"},"author":{"name":"dmcsrbija.com@gmail.com","@id":"https:\/\/dmcsrb.com\/#\/schema\/person\/5c39170f12db1b8b457732d0b5c854e2"},"headline":"Po\u010dinje zavr\u0161ni obra\u010dun, Filip Kun\u010der spreman za posljednja tri trka\u010dka vikenda sezone","datePublished":"2025-09-18T04:57:00+00:00","mainEntityOfPage":{"@id":"https:\/\/dmcsrb.com\/sport\/pocinje-zavrsni-obracun-filip-kuncer-spreman-za-posljednja-tri-trkacka-vikenda-sezone\/"},"wordCount":299,"commentCount":0,"image":{"@id":"https:\/\/dmcsrb.com\/sport\/pocinje-zavrsni-obracun-filip-kuncer-spreman-za-posljednja-tri-trkacka-vikenda-sezone\/#primaryimage"},"thumbnailUrl":"https:\/\/dmcsrb.com\/wp-content\/uploads\/2026\/01\/Trka-auta-scaled-1.webp","keywords":["Filip Kun\u010der","Trka\u010dka sezona"],"articleSection":["Sport"],"inLanguage":"en-GB","potentialAction":[{"@type":"CommentAction","name":"Comment","target":["https:\/\/dmcsrb.com\/sport\/pocinje-zavrsni-obracun-filip-kuncer-spreman-za-posljednja-tri-trkacka-vikenda-sezone\/#respond"]}]},{"@type":"WebPage","@id":"https:\/\/dmcsrb.com\/sport\/pocinje-zavrsni-obracun-filip-kuncer-spreman-za-posljednja-tri-trkacka-vikenda-sezone\/","url":"https:\/\/dmcsrb.com\/sport\/pocinje-zavrsni-obracun-filip-kuncer-spreman-za-posljednja-tri-trkacka-vikenda-sezone\/","name":"Po\u010dinje zavr\u0161ni obra\u010dun, Filip Kun\u010der spreman za posljednja tri trka\u010dka vikenda sezone - dmcsrb.com","isPartOf":{"@id":"https:\/\/dmcsrb.com\/#website"},"primaryImageOfPage":{"@id":"https:\/\/dmcsrb.com\/sport\/pocinje-zavrsni-obracun-filip-kuncer-spreman-za-posljednja-tri-trkacka-vikenda-sezone\/#primaryimage"},"image":{"@id":"https:\/\/dmcsrb.com\/sport\/pocinje-zavrsni-obracun-filip-kuncer-spreman-za-posljednja-tri-trkacka-vikenda-sezone\/#primaryimage"},"thumbnailUrl":"https:\/\/dmcsrb.com\/wp-content\/uploads\/2026\/01\/Trka-auta-scaled-1.webp","datePublished":"2025-09-18T04:57:00+00:00","author":{"@id":"https:\/\/dmcsrb.com\/#\/schema\/person\/5c39170f12db1b8b457732d0b5c854e2"},"breadcrumb":{"@id":"https:\/\/dmcsrb.com\/sport\/pocinje-zavrsni-obracun-filip-kuncer-spreman-za-posljednja-tri-trkacka-vikenda-sezone\/#breadcrumb"},"inLanguage":"en-GB","potentialAction":[{"@type":"ReadAction","target":["https:\/\/dmcsrb.com\/sport\/pocinje-zavrsni-obracun-filip-kuncer-spreman-za-posljednja-tri-trkacka-vikenda-sezone\/"]}]},{"@type":"ImageObject","inLanguage":"en-GB","@id":"https:\/\/dmcsrb.com\/sport\/pocinje-zavrsni-obracun-filip-kuncer-spreman-za-posljednja-tri-trkacka-vikenda-sezone\/#primaryimage","url":"https:\/\/dmcsrb.com\/wp-content\/uploads\/2026\/01\/Trka-auta-scaled-1.webp","contentUrl":"https:\/\/dmcsrb.com\/wp-content\/uploads\/2026\/01\/Trka-auta-scaled-1.webp","width":2560,"height":1707},{"@type":"BreadcrumbList","@id":"https:\/\/dmcsrb.com\/sport\/pocinje-zavrsni-obracun-filip-kuncer-spreman-za-posljednja-tri-trkacka-vikenda-sezone\/#breadcrumb","itemListElement":[{"@type":"ListItem","position":1,"name":"Home","item":"https:\/\/dmcsrb.com\/"},{"@type":"ListItem","position":2,"name":"Po\u010dinje zavr\u0161ni obra\u010dun, Filip Kun\u010der spreman za posljednja tri trka\u010dka vikenda sezone"}]},{"@type":"WebSite","@id":"https:\/\/dmcsrb.com\/#website","url":"https:\/\/dmcsrb.com\/","name":"dmcsrb.com","description":"","potentialAction":[{"@type":"SearchAction","target":{"@type":"EntryPoint","urlTemplate":"https:\/\/dmcsrb.com\/?s={search_term_string}"},"query-input":{"@type":"PropertyValueSpecification","valueRequired":true,"valueName":"search_term_string"}}],"inLanguage":"en-GB"},{"@type":"Person","@id":"https:\/\/dmcsrb.com\/#\/schema\/person\/5c39170f12db1b8b457732d0b5c854e2","name":"dmcsrbija.com@gmail.com","image":{"@type":"ImageObject","inLanguage":"en-GB","@id":"https:\/\/secure.gravatar.com\/avatar\/68592660ad6347fad0fb587f8d5d8f1a7b44961362f56e4f2cd524feb87e9069?s=96&d=mm&r=g","url":"https:\/\/secure.gravatar.com\/avatar\/68592660ad6347fad0fb587f8d5d8f1a7b44961362f56e4f2cd524feb87e9069?s=96&d=mm&r=g","contentUrl":"https:\/\/secure.gravatar.com\/avatar\/68592660ad6347fad0fb587f8d5d8f1a7b44961362f56e4f2cd524feb87e9069?s=96&d=mm&r=g","caption":"dmcsrbija.com@gmail.com"},"sameAs":["https:\/\/dmcsrb.com"],"url":"https:\/\/dmcsrb.com\/en\/author\/dmcsrbija-comgmail-com\/"}]}},"_links":{"self":[{"href":"https:\/\/dmcsrb.com\/en\/wp-json\/wp\/v2\/posts\/952662","targetHints":{"allow":["GET"]}}],"collection":[{"href":"https:\/\/dmcsrb.com\/en\/wp-json\/wp\/v2\/posts"}],"about":[{"href":"https:\/\/dmcsrb.com\/en\/wp-json\/wp\/v2\/types\/post"}],"author":[{"embeddable":true,"href":"https:\/\/dmcsrb.com\/en\/wp-json\/wp\/v2\/users\/1"}],"replies":[{"embeddable":true,"href":"https:\/\/dmcsrb.com\/en\/wp-json\/wp\/v2\/comments?post=952662"}],"version-history":[{"count":0,"href":"https:\/\/dmcsrb.com\/en\/wp-json\/wp\/v2\/posts\/952662\/revisions"}],"wp:featuredmedia":[{"embeddable":true,"href":"https:\/\/dmcsrb.com\/en\/wp-json\/wp\/v2\/media\/952663"}],"wp:attachment":[{"href":"https:\/\/dmcsrb.com\/en\/wp-json\/wp\/v2\/media?parent=952662"}],"wp:term":[{"taxonomy":"category","embeddable":true,"href":"https:\/\/dmcsrb.com\/en\/wp-json\/wp\/v2\/categories?post=952662"},{"taxonomy":"post_tag","embeddable":true,"href":"https:\/\/dmcsrb.com\/en\/wp-json\/wp\/v2\/tags?post=952662"},{"taxonomy":"naslovna","embeddable":true,"href":"https:\/\/dmcsrb.com\/en\/wp-json\/wp\/v2\/naslovna?post=952662"}],"curies":[{"name":"wp","href":"https:\/\/api.w.org\/{rel}","templated":true}]}}