{"id":952661,"date":"2025-09-18T05:45:25","date_gmt":"2025-09-18T03:45:25","guid":{"rendered":"https:\/\/dmcsrb.com\/uncategorized\/veting-i-specijalni-sud-popravljaju-pravosudje\/"},"modified":"2025-09-18T05:45:25","modified_gmt":"2025-09-18T03:45:25","slug":"veting-i-specijalni-sud-popravljaju-pravosudje","status":"publish","type":"post","link":"https:\/\/dmcsrb.com\/en\/hronika\/veting-i-specijalni-sud-popravljaju-pravosudje\/","title":{"rendered":"Veting i specijalni sud &#8220;popravljaju&#8221; pravosu\u0111e"},"content":{"rendered":"<p>Sagovornici Radija Crne Gore ukazuju da je glavni problem u nea\u017eurnosti Tu\u017eila\u0161tva i suda, ali i da je odgovornost na svim strankama u postupku. Iako advokati svojim postupanjem mogu doprinijeti prolongiranju sudskih procesa, nepravedno je, kako podvla\u010di advokat Branislav Lutovac, ignorisati klju\u010dnu ulogu Tu\u017eila\u0161tva i suda.<\/p>\n\n\n\n<p>&#8220;Ako se de\u0161ava da ni nakon proteka tri godine od podizanja optu\u017enice sud nije u mogu\u0107nosti da donese prvostepenu odluku, to jasno ukazuje na manjkavosti kako u samom sadr\u017eaju optu\u017enice, tako i u prilo\u017eenim dokazima&#8221;, rekao je Lutovac.<\/p>\n\n\n\n<p>Osim Tu\u017eila\u0161tva, odgovornost, kako isti\u010de Lutovac, snosi i sud, koji potvr\u0111uje optu\u017enice koje nisu dovoljno dokazno potkrijepljene, zbog \u010dega se postupci razvla\u010de, a su\u0111enja produ\u017eavaju.<\/p>\n\n\n\n<p>Me\u0111utim, Lutovac rje\u0161enje ne vidi ni u maksimalnom produ\u017eenju roka trajanja pritvora sa tri na pet godina, \u0161to bi, kako dodaje, bilo grubo kr\u0161enje prava na slobodu.<\/p>\n\n\n\n<p>&#8220;Umjesto toga, rje\u0161enje se mora tra\u017eiti u kvalitetno pripremljenim i dokazno potkrijepljenim optu\u017enicama, efikasnom radu sudova i obezbje\u0111ivanju adekvatnih uslova za njihov rad, kako kadrovskih, tako i tehni\u010dkih&#8221;, istakao je Lutovac.<\/p>\n\n\n\n<p>Da je upravo nepostojanje elementarnih uslova, kao \u0161to su prostorni i kadrovski kapaciteti, razlog sporosti postupaka u prvom redu, ali i opstrukcija od strane odbrane, isti\u010de advokat Savo \u0160ofranac.<\/p>\n\n\n\n<p>&#8220;Mislim da je to u ovom slu\u010daju sporedna stvar jer svaki okrivljeni ima pravo da se brani na na\u010din koji mu najvi\u0161e odgovara, a na Sudskom vije\u0107u je i na sudijama je da takvu oprstrukciju sprije\u010de i da organizuju su\u0111enje na na\u010din kojim \u0107e se obezbijediti efikasnost postupka&#8221;, rekao je \u0160ofranac.<\/p>\n\n\n\n<p>\u0160ofranac smatra i da formiranje specijalnog odjeljenja Vi\u0161eg suda nije bilo adekvatno rje\u0161enje zbog toga \u0161to raspola\u017eemo ograni\u010denim brojem sudija.<\/p>\n\n\n\n<p>&#8220;Tako da bi po meni neka urgentna mjera bila reorganizacija, dakle, izmjena zakonskog rje\u0161enja po kojem bi sve sudije Vi\u0161eg suda mogli biti u nekom trenutku raspore\u0111eni da rade na tim predmetima&#8221;, rekao je \u0160ofranac.<\/p>\n\n\n\n<p>Direktor istra\u017eiva\u010dkog centra MANS-a Dejan Milovac konstatuje da prakti\u010dno nema kazni za sudije i tu\u017eioce koji su neadekvatno vodili postupak i dozvolili zastaru predmeta.<\/p>\n\n\n\n<p>&#8220;Sudije i tu\u017eioci nisu odgovarali za svoj nerad ili za korupciju ili za mogu\u0107e neznanje. Imali smo Tu\u017eila\u010dki sudski savjet koji je jako malo radio da se to stanje popravi&#8221;, rekao je Milovac.<\/p>\n\n\n\n<p>A kako bi se stanje popravilo, neophodan je veting u pravosu\u0111u. Me\u0111utim, kako napominje Milovac, taj proces se sve \u010de\u0161\u0107e politizuje a pomo\u0107 bi bilo osnivanje specijalnog suda sastavljenog od sudija i tu\u017eilaca koji su pro\u0161li prvu fazu vetinga.<\/p>\n\n\n\n<p>&#8220;Op\u0161ti veting u pravosu\u0111u u Crnoj Gori trenutno vjerovatno nije izvodljiv iz mnogo razloga. Prvo, kada je u pitanju prije svega, politi\u010dka volja sa strane zakonodavne i izvr\u0161ne vlasti, sa druge strane raspolo\u017eivost broja sudija i tu\u017eioca. Zbog toga smatarmo da je potrebna koordinacija tog posebnog odjeljenja, odnosno specijalni sud&#8221;, smatra Milovac.<\/p>\n\n\n\n<p>Na\u0161i sagovornici saglasni su da jedino kroz odgovornost svih aktera mo\u017eemo govoriti o efikasnosti i pravi\u010dnosti pravosu\u0111a.<\/p>\n\n\n\n<p><\/p>","protected":false},"excerpt":{"rendered":"<p>Za nedono\u0161enje sudskih presuda u trogodi\u0161njem zakonskom roku prebacuje se odgovornost sa jednih na druge, a dr\u017eava obe\u0107ava pomo\u0107 sudskoj grani vlasti. Sve \u010de\u0161\u0107e nastaju zastare predmeta.<\/p>","protected":false},"author":1,"featured_media":913172,"comment_status":"open","ping_status":"open","sticky":false,"template":"","format":"standard","meta":{"_acf_changed":false,"footnotes":""},"categories":[17],"tags":[8402,2281],"naslovna":[],"class_list":["post-952661","post","type-post","status-publish","format-standard","has-post-thumbnail","hentry","category-hronika","tag-pravosue","tag-veting"],"acf":[],"yoast_head":"<!-- This site is optimized with the Yoast SEO plugin v27.0 - https:\/\/yoast.com\/product\/yoast-seo-wordpress\/ -->\n<title>Veting i specijalni sud &quot;popravljaju&quot; pravosu\u0111e - dmcsrb.com<\/title>\n<meta name=\"robots\" content=\"index, follow, max-snippet:-1, max-image-preview:large, max-video-preview:-1\" \/>\n<link rel=\"canonical\" href=\"https:\/\/dmcsrb.com\/en\/hronika\/veting-i-specijalni-sud-popravljaju-pravosudje\/\" \/>\n<meta property=\"og:locale\" content=\"en_GB\" \/>\n<meta property=\"og:type\" content=\"article\" \/>\n<meta property=\"og:title\" content=\"Veting i specijalni sud &quot;popravljaju&quot; pravosu\u0111e - dmcsrb.com\" \/>\n<meta property=\"og:description\" content=\"Za nedono\u0161enje sudskih presuda u trogodi\u0161njem zakonskom roku prebacuje se odgovornost sa jednih na druge, a dr\u017eava obe\u0107ava pomo\u0107 sudskoj grani vlasti. Sve \u010de\u0161\u0107e nastaju zastare predmeta.\" \/>\n<meta property=\"og:url\" content=\"https:\/\/dmcsrb.com\/en\/hronika\/veting-i-specijalni-sud-popravljaju-pravosudje\/\" \/>\n<meta property=\"og:site_name\" content=\"dmcsrb.com\" \/>\n<meta property=\"article:published_time\" content=\"2025-09-18T03:45:25+00:00\" \/>\n<meta property=\"og:image\" content=\"https:\/\/dmcsrb.com\/wp-content\/uploads\/2026\/01\/sudstvo-ilustracija-foto-pixabay.jpg\" \/>\n\t<meta property=\"og:image:width\" content=\"927\" \/>\n\t<meta property=\"og:image:height\" content=\"595\" \/>\n\t<meta property=\"og:image:type\" content=\"image\/jpeg\" \/>\n<meta name=\"author\" content=\"dmcsrbija.com@gmail.com\" \/>\n<meta name=\"twitter:card\" content=\"summary_large_image\" \/>\n<meta name=\"twitter:label1\" content=\"Written by\" \/>\n\t<meta name=\"twitter:data1\" content=\"dmcsrbija.com@gmail.com\" \/>\n\t<meta name=\"twitter:label2\" content=\"Estimated reading time\" \/>\n\t<meta name=\"twitter:data2\" content=\"3 minutes\" \/>\n<script type=\"application\/ld+json\" class=\"yoast-schema-graph\">{\"@context\":\"https:\/\/schema.org\",\"@graph\":[{\"@type\":\"Article\",\"@id\":\"https:\/\/dmcsrb.com\/hronika\/veting-i-specijalni-sud-popravljaju-pravosudje\/#article\",\"isPartOf\":{\"@id\":\"https:\/\/dmcsrb.com\/hronika\/veting-i-specijalni-sud-popravljaju-pravosudje\/\"},\"author\":{\"name\":\"dmcsrbija.com@gmail.com\",\"@id\":\"https:\/\/dmcsrb.com\/#\/schema\/person\/5c39170f12db1b8b457732d0b5c854e2\"},\"headline\":\"Veting i specijalni sud &#8220;popravljaju&#8221; pravosu\u0111e\",\"datePublished\":\"2025-09-18T03:45:25+00:00\",\"mainEntityOfPage\":{\"@id\":\"https:\/\/dmcsrb.com\/hronika\/veting-i-specijalni-sud-popravljaju-pravosudje\/\"},\"wordCount\":542,\"commentCount\":0,\"image\":{\"@id\":\"https:\/\/dmcsrb.com\/hronika\/veting-i-specijalni-sud-popravljaju-pravosudje\/#primaryimage\"},\"thumbnailUrl\":\"https:\/\/dmcsrb.com\/wp-content\/uploads\/2026\/01\/sudstvo-ilustracija-foto-pixabay.jpg\",\"keywords\":[\"Pravosu]e\",\"veting\"],\"articleSection\":[\"Hronika\"],\"inLanguage\":\"en-GB\",\"potentialAction\":[{\"@type\":\"CommentAction\",\"name\":\"Comment\",\"target\":[\"https:\/\/dmcsrb.com\/hronika\/veting-i-specijalni-sud-popravljaju-pravosudje\/#respond\"]}]},{\"@type\":\"WebPage\",\"@id\":\"https:\/\/dmcsrb.com\/hronika\/veting-i-specijalni-sud-popravljaju-pravosudje\/\",\"url\":\"https:\/\/dmcsrb.com\/hronika\/veting-i-specijalni-sud-popravljaju-pravosudje\/\",\"name\":\"Veting i specijalni sud \\\"popravljaju\\\" pravosu\u0111e - dmcsrb.com\",\"isPartOf\":{\"@id\":\"https:\/\/dmcsrb.com\/#website\"},\"primaryImageOfPage\":{\"@id\":\"https:\/\/dmcsrb.com\/hronika\/veting-i-specijalni-sud-popravljaju-pravosudje\/#primaryimage\"},\"image\":{\"@id\":\"https:\/\/dmcsrb.com\/hronika\/veting-i-specijalni-sud-popravljaju-pravosudje\/#primaryimage\"},\"thumbnailUrl\":\"https:\/\/dmcsrb.com\/wp-content\/uploads\/2026\/01\/sudstvo-ilustracija-foto-pixabay.jpg\",\"datePublished\":\"2025-09-18T03:45:25+00:00\",\"author\":{\"@id\":\"https:\/\/dmcsrb.com\/#\/schema\/person\/5c39170f12db1b8b457732d0b5c854e2\"},\"breadcrumb\":{\"@id\":\"https:\/\/dmcsrb.com\/hronika\/veting-i-specijalni-sud-popravljaju-pravosudje\/#breadcrumb\"},\"inLanguage\":\"en-GB\",\"potentialAction\":[{\"@type\":\"ReadAction\",\"target\":[\"https:\/\/dmcsrb.com\/hronika\/veting-i-specijalni-sud-popravljaju-pravosudje\/\"]}]},{\"@type\":\"ImageObject\",\"inLanguage\":\"en-GB\",\"@id\":\"https:\/\/dmcsrb.com\/hronika\/veting-i-specijalni-sud-popravljaju-pravosudje\/#primaryimage\",\"url\":\"https:\/\/dmcsrb.com\/wp-content\/uploads\/2026\/01\/sudstvo-ilustracija-foto-pixabay.jpg\",\"contentUrl\":\"https:\/\/dmcsrb.com\/wp-content\/uploads\/2026\/01\/sudstvo-ilustracija-foto-pixabay.jpg\",\"width\":927,\"height\":595},{\"@type\":\"BreadcrumbList\",\"@id\":\"https:\/\/dmcsrb.com\/hronika\/veting-i-specijalni-sud-popravljaju-pravosudje\/#breadcrumb\",\"itemListElement\":[{\"@type\":\"ListItem\",\"position\":1,\"name\":\"Home\",\"item\":\"https:\/\/dmcsrb.com\/\"},{\"@type\":\"ListItem\",\"position\":2,\"name\":\"Veting i specijalni sud &#8220;popravljaju&#8221; pravosu\u0111e\"}]},{\"@type\":\"WebSite\",\"@id\":\"https:\/\/dmcsrb.com\/#website\",\"url\":\"https:\/\/dmcsrb.com\/\",\"name\":\"dmcsrb.com\",\"description\":\"\",\"potentialAction\":[{\"@type\":\"SearchAction\",\"target\":{\"@type\":\"EntryPoint\",\"urlTemplate\":\"https:\/\/dmcsrb.com\/?s={search_term_string}\"},\"query-input\":{\"@type\":\"PropertyValueSpecification\",\"valueRequired\":true,\"valueName\":\"search_term_string\"}}],\"inLanguage\":\"en-GB\"},{\"@type\":\"Person\",\"@id\":\"https:\/\/dmcsrb.com\/#\/schema\/person\/5c39170f12db1b8b457732d0b5c854e2\",\"name\":\"dmcsrbija.com@gmail.com\",\"image\":{\"@type\":\"ImageObject\",\"inLanguage\":\"en-GB\",\"@id\":\"https:\/\/dmcsrb.com\/#\/schema\/person\/image\/\",\"url\":\"https:\/\/secure.gravatar.com\/avatar\/68592660ad6347fad0fb587f8d5d8f1a7b44961362f56e4f2cd524feb87e9069?s=96&d=mm&r=g\",\"contentUrl\":\"https:\/\/secure.gravatar.com\/avatar\/68592660ad6347fad0fb587f8d5d8f1a7b44961362f56e4f2cd524feb87e9069?s=96&d=mm&r=g\",\"caption\":\"dmcsrbija.com@gmail.com\"},\"sameAs\":[\"https:\/\/dmcsrb.com\"],\"url\":\"https:\/\/dmcsrb.com\/en\/author\/dmcsrbija-comgmail-com\/\"}]}<\/script>\n<!-- \/ Yoast SEO plugin. -->","yoast_head_json":{"title":"Veting i specijalni sud \"popravljaju\" pravosu\u0111e - dmcsrb.com","robots":{"index":"index","follow":"follow","max-snippet":"max-snippet:-1","max-image-preview":"max-image-preview:large","max-video-preview":"max-video-preview:-1"},"canonical":"https:\/\/dmcsrb.com\/en\/hronika\/veting-i-specijalni-sud-popravljaju-pravosudje\/","og_locale":"en_GB","og_type":"article","og_title":"Veting i specijalni sud \"popravljaju\" pravosu\u0111e - dmcsrb.com","og_description":"Za nedono\u0161enje sudskih presuda u trogodi\u0161njem zakonskom roku prebacuje se odgovornost sa jednih na druge, a dr\u017eava obe\u0107ava pomo\u0107 sudskoj grani vlasti. Sve \u010de\u0161\u0107e nastaju zastare predmeta.","og_url":"https:\/\/dmcsrb.com\/en\/hronika\/veting-i-specijalni-sud-popravljaju-pravosudje\/","og_site_name":"dmcsrb.com","article_published_time":"2025-09-18T03:45:25+00:00","og_image":[{"width":927,"height":595,"url":"https:\/\/dmcsrb.com\/wp-content\/uploads\/2026\/01\/sudstvo-ilustracija-foto-pixabay.jpg","type":"image\/jpeg"}],"author":"dmcsrbija.com@gmail.com","twitter_card":"summary_large_image","twitter_misc":{"Written by":"dmcsrbija.com@gmail.com","Estimated reading time":"3 minutes"},"schema":{"@context":"https:\/\/schema.org","@graph":[{"@type":"Article","@id":"https:\/\/dmcsrb.com\/hronika\/veting-i-specijalni-sud-popravljaju-pravosudje\/#article","isPartOf":{"@id":"https:\/\/dmcsrb.com\/hronika\/veting-i-specijalni-sud-popravljaju-pravosudje\/"},"author":{"name":"dmcsrbija.com@gmail.com","@id":"https:\/\/dmcsrb.com\/#\/schema\/person\/5c39170f12db1b8b457732d0b5c854e2"},"headline":"Veting i specijalni sud &#8220;popravljaju&#8221; pravosu\u0111e","datePublished":"2025-09-18T03:45:25+00:00","mainEntityOfPage":{"@id":"https:\/\/dmcsrb.com\/hronika\/veting-i-specijalni-sud-popravljaju-pravosudje\/"},"wordCount":542,"commentCount":0,"image":{"@id":"https:\/\/dmcsrb.com\/hronika\/veting-i-specijalni-sud-popravljaju-pravosudje\/#primaryimage"},"thumbnailUrl":"https:\/\/dmcsrb.com\/wp-content\/uploads\/2026\/01\/sudstvo-ilustracija-foto-pixabay.jpg","keywords":["Pravosu]e","veting"],"articleSection":["Hronika"],"inLanguage":"en-GB","potentialAction":[{"@type":"CommentAction","name":"Comment","target":["https:\/\/dmcsrb.com\/hronika\/veting-i-specijalni-sud-popravljaju-pravosudje\/#respond"]}]},{"@type":"WebPage","@id":"https:\/\/dmcsrb.com\/hronika\/veting-i-specijalni-sud-popravljaju-pravosudje\/","url":"https:\/\/dmcsrb.com\/hronika\/veting-i-specijalni-sud-popravljaju-pravosudje\/","name":"Veting i specijalni sud \"popravljaju\" pravosu\u0111e - dmcsrb.com","isPartOf":{"@id":"https:\/\/dmcsrb.com\/#website"},"primaryImageOfPage":{"@id":"https:\/\/dmcsrb.com\/hronika\/veting-i-specijalni-sud-popravljaju-pravosudje\/#primaryimage"},"image":{"@id":"https:\/\/dmcsrb.com\/hronika\/veting-i-specijalni-sud-popravljaju-pravosudje\/#primaryimage"},"thumbnailUrl":"https:\/\/dmcsrb.com\/wp-content\/uploads\/2026\/01\/sudstvo-ilustracija-foto-pixabay.jpg","datePublished":"2025-09-18T03:45:25+00:00","author":{"@id":"https:\/\/dmcsrb.com\/#\/schema\/person\/5c39170f12db1b8b457732d0b5c854e2"},"breadcrumb":{"@id":"https:\/\/dmcsrb.com\/hronika\/veting-i-specijalni-sud-popravljaju-pravosudje\/#breadcrumb"},"inLanguage":"en-GB","potentialAction":[{"@type":"ReadAction","target":["https:\/\/dmcsrb.com\/hronika\/veting-i-specijalni-sud-popravljaju-pravosudje\/"]}]},{"@type":"ImageObject","inLanguage":"en-GB","@id":"https:\/\/dmcsrb.com\/hronika\/veting-i-specijalni-sud-popravljaju-pravosudje\/#primaryimage","url":"https:\/\/dmcsrb.com\/wp-content\/uploads\/2026\/01\/sudstvo-ilustracija-foto-pixabay.jpg","contentUrl":"https:\/\/dmcsrb.com\/wp-content\/uploads\/2026\/01\/sudstvo-ilustracija-foto-pixabay.jpg","width":927,"height":595},{"@type":"BreadcrumbList","@id":"https:\/\/dmcsrb.com\/hronika\/veting-i-specijalni-sud-popravljaju-pravosudje\/#breadcrumb","itemListElement":[{"@type":"ListItem","position":1,"name":"Home","item":"https:\/\/dmcsrb.com\/"},{"@type":"ListItem","position":2,"name":"Veting i specijalni sud &#8220;popravljaju&#8221; pravosu\u0111e"}]},{"@type":"WebSite","@id":"https:\/\/dmcsrb.com\/#website","url":"https:\/\/dmcsrb.com\/","name":"dmcsrb.com","description":"","potentialAction":[{"@type":"SearchAction","target":{"@type":"EntryPoint","urlTemplate":"https:\/\/dmcsrb.com\/?s={search_term_string}"},"query-input":{"@type":"PropertyValueSpecification","valueRequired":true,"valueName":"search_term_string"}}],"inLanguage":"en-GB"},{"@type":"Person","@id":"https:\/\/dmcsrb.com\/#\/schema\/person\/5c39170f12db1b8b457732d0b5c854e2","name":"dmcsrbija.com@gmail.com","image":{"@type":"ImageObject","inLanguage":"en-GB","@id":"https:\/\/dmcsrb.com\/#\/schema\/person\/image\/","url":"https:\/\/secure.gravatar.com\/avatar\/68592660ad6347fad0fb587f8d5d8f1a7b44961362f56e4f2cd524feb87e9069?s=96&d=mm&r=g","contentUrl":"https:\/\/secure.gravatar.com\/avatar\/68592660ad6347fad0fb587f8d5d8f1a7b44961362f56e4f2cd524feb87e9069?s=96&d=mm&r=g","caption":"dmcsrbija.com@gmail.com"},"sameAs":["https:\/\/dmcsrb.com"],"url":"https:\/\/dmcsrb.com\/en\/author\/dmcsrbija-comgmail-com\/"}]}},"_links":{"self":[{"href":"https:\/\/dmcsrb.com\/en\/wp-json\/wp\/v2\/posts\/952661","targetHints":{"allow":["GET"]}}],"collection":[{"href":"https:\/\/dmcsrb.com\/en\/wp-json\/wp\/v2\/posts"}],"about":[{"href":"https:\/\/dmcsrb.com\/en\/wp-json\/wp\/v2\/types\/post"}],"author":[{"embeddable":true,"href":"https:\/\/dmcsrb.com\/en\/wp-json\/wp\/v2\/users\/1"}],"replies":[{"embeddable":true,"href":"https:\/\/dmcsrb.com\/en\/wp-json\/wp\/v2\/comments?post=952661"}],"version-history":[{"count":0,"href":"https:\/\/dmcsrb.com\/en\/wp-json\/wp\/v2\/posts\/952661\/revisions"}],"wp:featuredmedia":[{"embeddable":true,"href":"https:\/\/dmcsrb.com\/en\/wp-json\/wp\/v2\/media\/913172"}],"wp:attachment":[{"href":"https:\/\/dmcsrb.com\/en\/wp-json\/wp\/v2\/media?parent=952661"}],"wp:term":[{"taxonomy":"category","embeddable":true,"href":"https:\/\/dmcsrb.com\/en\/wp-json\/wp\/v2\/categories?post=952661"},{"taxonomy":"post_tag","embeddable":true,"href":"https:\/\/dmcsrb.com\/en\/wp-json\/wp\/v2\/tags?post=952661"},{"taxonomy":"naslovna","embeddable":true,"href":"https:\/\/dmcsrb.com\/en\/wp-json\/wp\/v2\/naslovna?post=952661"}],"curies":[{"name":"wp","href":"https:\/\/api.w.org\/{rel}","templated":true}]}}