{"id":952643,"date":"2025-09-17T18:14:00","date_gmt":"2025-09-17T16:14:00","guid":{"rendered":"https:\/\/dmcsrb.com\/uncategorized\/direktori-anb-crne-gore-i-sjeverne-makedonije-potvrdili-jacanje-regionalne-saradnje\/"},"modified":"2025-09-17T18:14:00","modified_gmt":"2025-09-17T16:14:00","slug":"direktori-anb-crne-gore-i-sjeverne-makedonije-potvrdili-jacanje-regionalne-saradnje","status":"publish","type":"post","link":"https:\/\/dmcsrb.com\/en\/hronika\/direktori-anb-crne-gore-i-sjeverne-makedonije-potvrdili-jacanje-regionalne-saradnje\/","title":{"rendered":"Direktori ANB Crne Gore i Sjeverne Makedonije potvrdili ja\u010danje regionalne saradnje"},"content":{"rendered":"<p>Direktori Agencija za nacionalnu bezbjednost Crne Gore i Sjeverne Makedonije odr\u017eali su sastanak na kojem su razmatrani aktuelni bezbjednosni izazovi, te projekti za modernizaciju i unapre\u0111enje rada, uz potvrdu opredijeljenosti za ja\u010danje regionalne saradnje.<\/p>\n\n\n\n<p>Kako se navodi na sajtu ANB-a Makedonije njihov direktor Bojan Hristovski razgovarao je sa direktorom ANB- a Crne Gore, Ivicom Janovi\u0107em.<\/p>\n\n\n\n<p>&#8220;Na sastanku su razmatrane brojne teme od zajedni\u010dkog interesa, uklju\u010duju\u0107i aktuelne bezbjednosne izazove sa kojima se suo\u010davaju obje institucije, kao i teku\u0107e projekte koji se sprovode u cilju modernizacije i pobolj\u0161anja uslova rada. Obije strane su istakle spremnost za produbljivanje ve\u0107 uspostavljene saradnje, zasnovane na povjerenju i me\u0111usobnom po\u0161tovanju, kao i za razmjenu iskustava i dobrih praksi koje \u0107e doprinijeti efikasnijem rje\u0161avanju zajedni\u010dkih izazova&#8221;, pi\u0161e u saop\u0161tenju.&nbsp;<\/p>\n\n\n\n<p>Ovim sastankom potvr\u0111ena je opredijeljenost Agencije za nacionalnu bezbjednost na kontinuirano unapre\u0111enje partnerstava sa srodnim institucijama u regionu i ja\u010danje regionalne bezbjednosne saradnje.<\/p>","protected":false},"excerpt":{"rendered":"<p>Direktori Agencija za nacionalnu bezbjednost Crne Gore i Sjeverne Makedonije odr\u017eali su sastanak na kojem su razmatrani aktuelni bezbjednosni izazovi, te projekti za modernizaciju i unapre\u0111enje rada, uz potvrdu opredijeljenosti za ja\u010danje regionalne saradnje. Kako se navodi na sajtu ANB-a Makedonije njihov direktor Bojan Hristovski razgovarao je sa direktorom ANB- a Crne Gore, Ivicom Janovi\u0107em. [&hellip;]<\/p>\n","protected":false},"author":1,"featured_media":952644,"comment_status":"open","ping_status":"open","sticky":false,"template":"","format":"standard","meta":{"_acf_changed":false,"footnotes":""},"categories":[17],"tags":[5014,8393,5266],"naslovna":[],"class_list":["post-952643","post","type-post","status-publish","format-standard","has-post-thumbnail","hentry","category-hronika","tag-anb","tag-bojan-hristovski","tag-ivica-janovic"],"acf":[],"yoast_head":"<!-- This site is optimized with the Yoast SEO plugin v27.4 - https:\/\/yoast.com\/product\/yoast-seo-wordpress\/ -->\n<title>Direktori ANB Crne Gore i Sjeverne Makedonije potvrdili ja\u010danje regionalne saradnje - dmcsrb.com<\/title>\n<meta name=\"robots\" content=\"index, follow, max-snippet:-1, max-image-preview:large, max-video-preview:-1\" \/>\n<link rel=\"canonical\" href=\"https:\/\/dmcsrb.com\/en\/hronika\/direktori-anb-crne-gore-i-sjeverne-makedonije-potvrdili-jacanje-regionalne-saradnje\/\" \/>\n<meta property=\"og:locale\" content=\"en_GB\" \/>\n<meta property=\"og:type\" content=\"article\" \/>\n<meta property=\"og:title\" content=\"Direktori ANB Crne Gore i Sjeverne Makedonije potvrdili ja\u010danje regionalne saradnje - dmcsrb.com\" \/>\n<meta property=\"og:description\" content=\"Direktori Agencija za nacionalnu bezbjednost Crne Gore i Sjeverne Makedonije odr\u017eali su sastanak na kojem su razmatrani aktuelni bezbjednosni izazovi, te projekti za modernizaciju i unapre\u0111enje rada, uz potvrdu opredijeljenosti za ja\u010danje regionalne saradnje. Kako se navodi na sajtu ANB-a Makedonije njihov direktor Bojan Hristovski razgovarao je sa direktorom ANB- a Crne Gore, Ivicom Janovi\u0107em. [&hellip;]\" \/>\n<meta property=\"og:url\" content=\"https:\/\/dmcsrb.com\/en\/hronika\/direktori-anb-crne-gore-i-sjeverne-makedonije-potvrdili-jacanje-regionalne-saradnje\/\" \/>\n<meta property=\"og:site_name\" content=\"dmcsrb.com\" \/>\n<meta property=\"article:published_time\" content=\"2025-09-17T16:14:00+00:00\" \/>\n<meta property=\"og:image\" content=\"https:\/\/dmcsrb.com\/wp-content\/uploads\/2026\/01\/dddddddd_599x900.webp\" \/>\n\t<meta property=\"og:image:width\" content=\"899\" \/>\n\t<meta property=\"og:image:height\" content=\"599\" \/>\n\t<meta property=\"og:image:type\" content=\"image\/jpeg\" \/>\n<meta name=\"author\" content=\"dmcsrbija.com@gmail.com\" \/>\n<meta name=\"twitter:card\" content=\"summary_large_image\" \/>\n<meta name=\"twitter:label1\" content=\"Written by\" \/>\n\t<meta name=\"twitter:data1\" content=\"dmcsrbija.com@gmail.com\" \/>\n\t<meta name=\"twitter:label2\" content=\"Estimated reading time\" \/>\n\t<meta name=\"twitter:data2\" content=\"1 minute\" \/>\n<script type=\"application\/ld+json\" class=\"yoast-schema-graph\">{\"@context\":\"https:\\\/\\\/schema.org\",\"@graph\":[{\"@type\":\"Article\",\"@id\":\"https:\\\/\\\/dmcsrb.com\\\/hronika\\\/direktori-anb-crne-gore-i-sjeverne-makedonije-potvrdili-jacanje-regionalne-saradnje\\\/#article\",\"isPartOf\":{\"@id\":\"https:\\\/\\\/dmcsrb.com\\\/hronika\\\/direktori-anb-crne-gore-i-sjeverne-makedonije-potvrdili-jacanje-regionalne-saradnje\\\/\"},\"author\":{\"name\":\"dmcsrbija.com@gmail.com\",\"@id\":\"https:\\\/\\\/dmcsrb.com\\\/#\\\/schema\\\/person\\\/5c39170f12db1b8b457732d0b5c854e2\"},\"headline\":\"Direktori ANB Crne Gore i Sjeverne Makedonije potvrdili ja\u010danje regionalne saradnje\",\"datePublished\":\"2025-09-17T16:14:00+00:00\",\"mainEntityOfPage\":{\"@id\":\"https:\\\/\\\/dmcsrb.com\\\/hronika\\\/direktori-anb-crne-gore-i-sjeverne-makedonije-potvrdili-jacanje-regionalne-saradnje\\\/\"},\"wordCount\":177,\"commentCount\":0,\"image\":{\"@id\":\"https:\\\/\\\/dmcsrb.com\\\/hronika\\\/direktori-anb-crne-gore-i-sjeverne-makedonije-potvrdili-jacanje-regionalne-saradnje\\\/#primaryimage\"},\"thumbnailUrl\":\"https:\\\/\\\/dmcsrb.com\\\/wp-content\\\/uploads\\\/2026\\\/01\\\/dddddddd_599x900.webp\",\"keywords\":[\"ANB\",\"Bojan Hristovski\",\"Ivica Janovi\u0107\"],\"articleSection\":[\"Hronika\"],\"inLanguage\":\"en-GB\",\"potentialAction\":[{\"@type\":\"CommentAction\",\"name\":\"Comment\",\"target\":[\"https:\\\/\\\/dmcsrb.com\\\/hronika\\\/direktori-anb-crne-gore-i-sjeverne-makedonije-potvrdili-jacanje-regionalne-saradnje\\\/#respond\"]}]},{\"@type\":\"WebPage\",\"@id\":\"https:\\\/\\\/dmcsrb.com\\\/hronika\\\/direktori-anb-crne-gore-i-sjeverne-makedonije-potvrdili-jacanje-regionalne-saradnje\\\/\",\"url\":\"https:\\\/\\\/dmcsrb.com\\\/hronika\\\/direktori-anb-crne-gore-i-sjeverne-makedonije-potvrdili-jacanje-regionalne-saradnje\\\/\",\"name\":\"Direktori ANB Crne Gore i Sjeverne Makedonije potvrdili ja\u010danje regionalne saradnje - dmcsrb.com\",\"isPartOf\":{\"@id\":\"https:\\\/\\\/dmcsrb.com\\\/#website\"},\"primaryImageOfPage\":{\"@id\":\"https:\\\/\\\/dmcsrb.com\\\/hronika\\\/direktori-anb-crne-gore-i-sjeverne-makedonije-potvrdili-jacanje-regionalne-saradnje\\\/#primaryimage\"},\"image\":{\"@id\":\"https:\\\/\\\/dmcsrb.com\\\/hronika\\\/direktori-anb-crne-gore-i-sjeverne-makedonije-potvrdili-jacanje-regionalne-saradnje\\\/#primaryimage\"},\"thumbnailUrl\":\"https:\\\/\\\/dmcsrb.com\\\/wp-content\\\/uploads\\\/2026\\\/01\\\/dddddddd_599x900.webp\",\"datePublished\":\"2025-09-17T16:14:00+00:00\",\"author\":{\"@id\":\"https:\\\/\\\/dmcsrb.com\\\/#\\\/schema\\\/person\\\/5c39170f12db1b8b457732d0b5c854e2\"},\"breadcrumb\":{\"@id\":\"https:\\\/\\\/dmcsrb.com\\\/hronika\\\/direktori-anb-crne-gore-i-sjeverne-makedonije-potvrdili-jacanje-regionalne-saradnje\\\/#breadcrumb\"},\"inLanguage\":\"en-GB\",\"potentialAction\":[{\"@type\":\"ReadAction\",\"target\":[\"https:\\\/\\\/dmcsrb.com\\\/hronika\\\/direktori-anb-crne-gore-i-sjeverne-makedonije-potvrdili-jacanje-regionalne-saradnje\\\/\"]}]},{\"@type\":\"ImageObject\",\"inLanguage\":\"en-GB\",\"@id\":\"https:\\\/\\\/dmcsrb.com\\\/hronika\\\/direktori-anb-crne-gore-i-sjeverne-makedonije-potvrdili-jacanje-regionalne-saradnje\\\/#primaryimage\",\"url\":\"https:\\\/\\\/dmcsrb.com\\\/wp-content\\\/uploads\\\/2026\\\/01\\\/dddddddd_599x900.webp\",\"contentUrl\":\"https:\\\/\\\/dmcsrb.com\\\/wp-content\\\/uploads\\\/2026\\\/01\\\/dddddddd_599x900.webp\",\"width\":899,\"height\":599},{\"@type\":\"BreadcrumbList\",\"@id\":\"https:\\\/\\\/dmcsrb.com\\\/hronika\\\/direktori-anb-crne-gore-i-sjeverne-makedonije-potvrdili-jacanje-regionalne-saradnje\\\/#breadcrumb\",\"itemListElement\":[{\"@type\":\"ListItem\",\"position\":1,\"name\":\"Home\",\"item\":\"https:\\\/\\\/dmcsrb.com\\\/\"},{\"@type\":\"ListItem\",\"position\":2,\"name\":\"Direktori ANB Crne Gore i Sjeverne Makedonije potvrdili ja\u010danje regionalne saradnje\"}]},{\"@type\":\"WebSite\",\"@id\":\"https:\\\/\\\/dmcsrb.com\\\/#website\",\"url\":\"https:\\\/\\\/dmcsrb.com\\\/\",\"name\":\"dmcsrb.com\",\"description\":\"\",\"potentialAction\":[{\"@type\":\"SearchAction\",\"target\":{\"@type\":\"EntryPoint\",\"urlTemplate\":\"https:\\\/\\\/dmcsrb.com\\\/?s={search_term_string}\"},\"query-input\":{\"@type\":\"PropertyValueSpecification\",\"valueRequired\":true,\"valueName\":\"search_term_string\"}}],\"inLanguage\":\"en-GB\"},{\"@type\":\"Person\",\"@id\":\"https:\\\/\\\/dmcsrb.com\\\/#\\\/schema\\\/person\\\/5c39170f12db1b8b457732d0b5c854e2\",\"name\":\"dmcsrbija.com@gmail.com\",\"image\":{\"@type\":\"ImageObject\",\"inLanguage\":\"en-GB\",\"@id\":\"https:\\\/\\\/secure.gravatar.com\\\/avatar\\\/68592660ad6347fad0fb587f8d5d8f1a7b44961362f56e4f2cd524feb87e9069?s=96&d=mm&r=g\",\"url\":\"https:\\\/\\\/secure.gravatar.com\\\/avatar\\\/68592660ad6347fad0fb587f8d5d8f1a7b44961362f56e4f2cd524feb87e9069?s=96&d=mm&r=g\",\"contentUrl\":\"https:\\\/\\\/secure.gravatar.com\\\/avatar\\\/68592660ad6347fad0fb587f8d5d8f1a7b44961362f56e4f2cd524feb87e9069?s=96&d=mm&r=g\",\"caption\":\"dmcsrbija.com@gmail.com\"},\"sameAs\":[\"https:\\\/\\\/dmcsrb.com\"],\"url\":\"https:\\\/\\\/dmcsrb.com\\\/en\\\/author\\\/dmcsrbija-comgmail-com\\\/\"}]}<\/script>\n<!-- \/ Yoast SEO plugin. -->","yoast_head_json":{"title":"Direktori ANB Crne Gore i Sjeverne Makedonije potvrdili ja\u010danje regionalne saradnje - dmcsrb.com","robots":{"index":"index","follow":"follow","max-snippet":"max-snippet:-1","max-image-preview":"max-image-preview:large","max-video-preview":"max-video-preview:-1"},"canonical":"https:\/\/dmcsrb.com\/en\/hronika\/direktori-anb-crne-gore-i-sjeverne-makedonije-potvrdili-jacanje-regionalne-saradnje\/","og_locale":"en_GB","og_type":"article","og_title":"Direktori ANB Crne Gore i Sjeverne Makedonije potvrdili ja\u010danje regionalne saradnje - dmcsrb.com","og_description":"Direktori Agencija za nacionalnu bezbjednost Crne Gore i Sjeverne Makedonije odr\u017eali su sastanak na kojem su razmatrani aktuelni bezbjednosni izazovi, te projekti za modernizaciju i unapre\u0111enje rada, uz potvrdu opredijeljenosti za ja\u010danje regionalne saradnje. Kako se navodi na sajtu ANB-a Makedonije njihov direktor Bojan Hristovski razgovarao je sa direktorom ANB- a Crne Gore, Ivicom Janovi\u0107em. [&hellip;]","og_url":"https:\/\/dmcsrb.com\/en\/hronika\/direktori-anb-crne-gore-i-sjeverne-makedonije-potvrdili-jacanje-regionalne-saradnje\/","og_site_name":"dmcsrb.com","article_published_time":"2025-09-17T16:14:00+00:00","og_image":[{"width":899,"height":599,"url":"https:\/\/dmcsrb.com\/wp-content\/uploads\/2026\/01\/dddddddd_599x900.webp","type":"image\/jpeg"}],"author":"dmcsrbija.com@gmail.com","twitter_card":"summary_large_image","twitter_misc":{"Written by":"dmcsrbija.com@gmail.com","Estimated reading time":"1 minute"},"schema":{"@context":"https:\/\/schema.org","@graph":[{"@type":"Article","@id":"https:\/\/dmcsrb.com\/hronika\/direktori-anb-crne-gore-i-sjeverne-makedonije-potvrdili-jacanje-regionalne-saradnje\/#article","isPartOf":{"@id":"https:\/\/dmcsrb.com\/hronika\/direktori-anb-crne-gore-i-sjeverne-makedonije-potvrdili-jacanje-regionalne-saradnje\/"},"author":{"name":"dmcsrbija.com@gmail.com","@id":"https:\/\/dmcsrb.com\/#\/schema\/person\/5c39170f12db1b8b457732d0b5c854e2"},"headline":"Direktori ANB Crne Gore i Sjeverne Makedonije potvrdili ja\u010danje regionalne saradnje","datePublished":"2025-09-17T16:14:00+00:00","mainEntityOfPage":{"@id":"https:\/\/dmcsrb.com\/hronika\/direktori-anb-crne-gore-i-sjeverne-makedonije-potvrdili-jacanje-regionalne-saradnje\/"},"wordCount":177,"commentCount":0,"image":{"@id":"https:\/\/dmcsrb.com\/hronika\/direktori-anb-crne-gore-i-sjeverne-makedonije-potvrdili-jacanje-regionalne-saradnje\/#primaryimage"},"thumbnailUrl":"https:\/\/dmcsrb.com\/wp-content\/uploads\/2026\/01\/dddddddd_599x900.webp","keywords":["ANB","Bojan Hristovski","Ivica Janovi\u0107"],"articleSection":["Hronika"],"inLanguage":"en-GB","potentialAction":[{"@type":"CommentAction","name":"Comment","target":["https:\/\/dmcsrb.com\/hronika\/direktori-anb-crne-gore-i-sjeverne-makedonije-potvrdili-jacanje-regionalne-saradnje\/#respond"]}]},{"@type":"WebPage","@id":"https:\/\/dmcsrb.com\/hronika\/direktori-anb-crne-gore-i-sjeverne-makedonije-potvrdili-jacanje-regionalne-saradnje\/","url":"https:\/\/dmcsrb.com\/hronika\/direktori-anb-crne-gore-i-sjeverne-makedonije-potvrdili-jacanje-regionalne-saradnje\/","name":"Direktori ANB Crne Gore i Sjeverne Makedonije potvrdili ja\u010danje regionalne saradnje - dmcsrb.com","isPartOf":{"@id":"https:\/\/dmcsrb.com\/#website"},"primaryImageOfPage":{"@id":"https:\/\/dmcsrb.com\/hronika\/direktori-anb-crne-gore-i-sjeverne-makedonije-potvrdili-jacanje-regionalne-saradnje\/#primaryimage"},"image":{"@id":"https:\/\/dmcsrb.com\/hronika\/direktori-anb-crne-gore-i-sjeverne-makedonije-potvrdili-jacanje-regionalne-saradnje\/#primaryimage"},"thumbnailUrl":"https:\/\/dmcsrb.com\/wp-content\/uploads\/2026\/01\/dddddddd_599x900.webp","datePublished":"2025-09-17T16:14:00+00:00","author":{"@id":"https:\/\/dmcsrb.com\/#\/schema\/person\/5c39170f12db1b8b457732d0b5c854e2"},"breadcrumb":{"@id":"https:\/\/dmcsrb.com\/hronika\/direktori-anb-crne-gore-i-sjeverne-makedonije-potvrdili-jacanje-regionalne-saradnje\/#breadcrumb"},"inLanguage":"en-GB","potentialAction":[{"@type":"ReadAction","target":["https:\/\/dmcsrb.com\/hronika\/direktori-anb-crne-gore-i-sjeverne-makedonije-potvrdili-jacanje-regionalne-saradnje\/"]}]},{"@type":"ImageObject","inLanguage":"en-GB","@id":"https:\/\/dmcsrb.com\/hronika\/direktori-anb-crne-gore-i-sjeverne-makedonije-potvrdili-jacanje-regionalne-saradnje\/#primaryimage","url":"https:\/\/dmcsrb.com\/wp-content\/uploads\/2026\/01\/dddddddd_599x900.webp","contentUrl":"https:\/\/dmcsrb.com\/wp-content\/uploads\/2026\/01\/dddddddd_599x900.webp","width":899,"height":599},{"@type":"BreadcrumbList","@id":"https:\/\/dmcsrb.com\/hronika\/direktori-anb-crne-gore-i-sjeverne-makedonije-potvrdili-jacanje-regionalne-saradnje\/#breadcrumb","itemListElement":[{"@type":"ListItem","position":1,"name":"Home","item":"https:\/\/dmcsrb.com\/"},{"@type":"ListItem","position":2,"name":"Direktori ANB Crne Gore i Sjeverne Makedonije potvrdili ja\u010danje regionalne saradnje"}]},{"@type":"WebSite","@id":"https:\/\/dmcsrb.com\/#website","url":"https:\/\/dmcsrb.com\/","name":"dmcsrb.com","description":"","potentialAction":[{"@type":"SearchAction","target":{"@type":"EntryPoint","urlTemplate":"https:\/\/dmcsrb.com\/?s={search_term_string}"},"query-input":{"@type":"PropertyValueSpecification","valueRequired":true,"valueName":"search_term_string"}}],"inLanguage":"en-GB"},{"@type":"Person","@id":"https:\/\/dmcsrb.com\/#\/schema\/person\/5c39170f12db1b8b457732d0b5c854e2","name":"dmcsrbija.com@gmail.com","image":{"@type":"ImageObject","inLanguage":"en-GB","@id":"https:\/\/secure.gravatar.com\/avatar\/68592660ad6347fad0fb587f8d5d8f1a7b44961362f56e4f2cd524feb87e9069?s=96&d=mm&r=g","url":"https:\/\/secure.gravatar.com\/avatar\/68592660ad6347fad0fb587f8d5d8f1a7b44961362f56e4f2cd524feb87e9069?s=96&d=mm&r=g","contentUrl":"https:\/\/secure.gravatar.com\/avatar\/68592660ad6347fad0fb587f8d5d8f1a7b44961362f56e4f2cd524feb87e9069?s=96&d=mm&r=g","caption":"dmcsrbija.com@gmail.com"},"sameAs":["https:\/\/dmcsrb.com"],"url":"https:\/\/dmcsrb.com\/en\/author\/dmcsrbija-comgmail-com\/"}]}},"_links":{"self":[{"href":"https:\/\/dmcsrb.com\/en\/wp-json\/wp\/v2\/posts\/952643","targetHints":{"allow":["GET"]}}],"collection":[{"href":"https:\/\/dmcsrb.com\/en\/wp-json\/wp\/v2\/posts"}],"about":[{"href":"https:\/\/dmcsrb.com\/en\/wp-json\/wp\/v2\/types\/post"}],"author":[{"embeddable":true,"href":"https:\/\/dmcsrb.com\/en\/wp-json\/wp\/v2\/users\/1"}],"replies":[{"embeddable":true,"href":"https:\/\/dmcsrb.com\/en\/wp-json\/wp\/v2\/comments?post=952643"}],"version-history":[{"count":0,"href":"https:\/\/dmcsrb.com\/en\/wp-json\/wp\/v2\/posts\/952643\/revisions"}],"wp:featuredmedia":[{"embeddable":true,"href":"https:\/\/dmcsrb.com\/en\/wp-json\/wp\/v2\/media\/952644"}],"wp:attachment":[{"href":"https:\/\/dmcsrb.com\/en\/wp-json\/wp\/v2\/media?parent=952643"}],"wp:term":[{"taxonomy":"category","embeddable":true,"href":"https:\/\/dmcsrb.com\/en\/wp-json\/wp\/v2\/categories?post=952643"},{"taxonomy":"post_tag","embeddable":true,"href":"https:\/\/dmcsrb.com\/en\/wp-json\/wp\/v2\/tags?post=952643"},{"taxonomy":"naslovna","embeddable":true,"href":"https:\/\/dmcsrb.com\/en\/wp-json\/wp\/v2\/naslovna?post=952643"}],"curies":[{"name":"wp","href":"https:\/\/api.w.org\/{rel}","templated":true}]}}