{"id":952543,"date":"2025-09-17T10:09:00","date_gmt":"2025-09-17T08:09:00","guid":{"rendered":"https:\/\/dmcsrb.com\/uncategorized\/mers-nizom-aktivnosti-obiljezava-dan-ekoloske-drzave\/"},"modified":"2025-09-17T10:09:00","modified_gmt":"2025-09-17T08:09:00","slug":"mers-nizom-aktivnosti-obiljezava-dan-ekoloske-drzave","status":"publish","type":"post","link":"https:\/\/dmcsrb.com\/en\/drustvo\/mers-nizom-aktivnosti-obiljezava-dan-ekoloske-drzave\/","title":{"rendered":"MERS nizom aktivnosti obilje\u017eava Dan ekolo\u0161ke dr\u017eave"},"content":{"rendered":"<p><\/p>\n\n\n\n<p>Aktivnosti \u0107e trajati od 18. septembra do 1. oktobra 2025. godine, a podrazumijeva\u0107e akcije \u010di\u0161\u0107enja, edukativne radionice, info dane i konferencije.<\/p>\n\n\n\n<p>Prva u nizu aktivnosti po\u010de\u0107e u \u010detvrtak, 18. Septembra, kada je planirana akcija \u010di\u0161\u0107enja lokacije Presjeka, na podru\u010dju Nacionalnog parka Lov\u0107en.<\/p>\n\n\n\n<p>Druga aktivnost planirana je za ponedjeljak, 22. septembar, kada \u0107e biti organizovana akcija \u010di\u0161\u0107enja putnog pravca Podgorica &#8211; Nik\u0161i\u0107. S obzirom na frekventnost i prometnost na ovom putnom pravcu, te odlaganje otpada na vi\u0161e lokacija pored puta, cilj je da se zajedni\u010dkim naporima institucija, nevladinih organizacija i gra\u0111ana taj prostor uredi, a otpad preveze na podgori\u010dku Deponiju.<\/p>\n\n\n\n<p>Tre\u0107a aktivnost \u0107e biti organizovana u srijedu, 24. septembra, kada \u0107e se sanirati lokaliteti Bjelo\u0161i i \u0160tirovnik u Nacionalnom parku Lov\u0107en.<\/p>\n\n\n\n<p>Pomenute aktivnosti bi\u0107e sprovedene uz u\u010de\u0161\u0107e Vojske Crne Gore i Uprave policije, te komunalnih slu\u017ebi Nik\u0161i\u0107a i Danilovgrada. Bi\u0107e pozvane i nevladine organizacije koje se bave za\u0161titom \u017eivotne sredine, kao i zainteresovani gra\u0111ani putem dru\u0161tvenih mre\u017ea. Na navedenim lokacijama bi\u0107e postavljene table sa natpisom \u201cO\u010di\u0161\u0107eno \u2013 neka tako ostane\u201d.<\/p>\n\n\n\n<p>Partneri MERS-a su Agencija za za\u0161titu \u017eivotne sredine, Eko-fond, Nacionalni parkovi Crne Gore, Zavod za hidrometeorologiju i seizmologiju, Ministarstvo odbrane, Ministarstvo unutra\u0161njih poslova, Vojska Crne Gore, Uprava policije, Skup\u0161tina Crne Gore, Deponija Podgorica, komunalna preduze\u0107a Danilovgrada i Nik\u0161i\u0107a.<\/p>\n\n\n\n<p>Tako\u0111e, Ministarstvo \u0107e u saradnji sa dnevnim novinama &#8220;Vijesti&#8221;, u petak, 19. septembra, podijeliti primjerke &#8220;Malog rje\u010dnika ekologije i za\u0161tite \u017eivotne sredine&#8221;, kao nastavak uspje\u0161no sprovedene kampanje edukacije u ovoj oblasti.<\/p>\n\n\n\n<p>Zavod za hidrometeorologiju i seizmologiju \u0107e 23. septembra u Osnovnoj \u0161koli &#8220;Oktoih&#8221; uprili\u010diti edukativni \u010das o klimi i vodama, i uru\u010diti bro\u0161ure pod nazivom \u201eBrinemo za na\u0161u klimu\u201c Odjeljenju III razreda te \u0161kole, sa ciljem \u0161irenja svijesti kod najmla\u0111ih o va\u017enosti o\u010duvanja okoline.<\/p>\n\n\n\n<p>&nbsp;U okviru obilje\u017eavanja Dana ekolo\u0161ke dr\u017eave, Direktorat za za\u0161titu prirode u Ministarstvu ekologije, odr\u017eivog razvoja i razvoja sjevera, 26. septembra organizova\u0107e u Parku Petrovi\u0107a \u2013 amfiteatar ispred dvorca Petrovi\u0107a, Info dan povodom nominacije Sliva Skadarskog jezera za rezervat biosfere, \u0161to \u0107e biti prilika za sve zainteresovane da se upoznaju sa tim konceptom.<\/p>\n\n\n\n<p>Nakon sprovedenih aktivnosti, 1. oktobra bi\u0107e organizovana konferencija na tvr\u0111avi Besac iznad Virpazara, kako bi jo\u0161 jedan put istakli va\u017enost za\u0161tite prirode.<\/p>\n\n\n\n<p>Dan Ekolo\u0161ke dr\u017eave Crne Gore obilje\u017eava se 20. septembra. Na taj dan 1991. godine, Crna Gora je progla\u0161ena ekolo\u0161kom dr\u017eavom usvajanjem Deklaracije na \u017dabljaku.<\/p>","protected":false},"excerpt":{"rendered":"<p>Ministarstvo ekologije, odr\u017eivog razvoja i razvoja sjevera (MERS), povodom Dana ekolo\u0161ke dr\u017eave, 20. septembra, organizova\u0107e niz aktivnosti sa ciljem podizanja svijesti o za\u0161titi \u017eivotne sredine, a u okviru obilje\u017eavanja 34. godi\u0161njice progla\u0161enja Crne Gore ekolo\u0161kom dr\u017eavom.<\/p>","protected":false},"author":1,"featured_media":952544,"comment_status":"open","ping_status":"open","sticky":false,"template":"","format":"standard","meta":{"_acf_changed":false,"footnotes":""},"categories":[2],"tags":[8340,7336,1946],"naslovna":[],"class_list":["post-952543","post","type-post","status-publish","format-standard","has-post-thumbnail","hentry","category-drustvo","tag-aktivnosti","tag-dan-ekoloske-drzave","tag-mers"],"acf":[],"yoast_head":"<!-- This site is optimized with the Yoast SEO plugin v27.4 - https:\/\/yoast.com\/product\/yoast-seo-wordpress\/ -->\n<title>MERS nizom aktivnosti obilje\u017eava Dan ekolo\u0161ke dr\u017eave - dmcsrb.com<\/title>\n<meta name=\"robots\" content=\"index, follow, max-snippet:-1, max-image-preview:large, max-video-preview:-1\" \/>\n<link rel=\"canonical\" href=\"https:\/\/dmcsrb.com\/en\/drustvo\/mers-nizom-aktivnosti-obiljezava-dan-ekoloske-drzave\/\" \/>\n<meta property=\"og:locale\" content=\"en_GB\" \/>\n<meta property=\"og:type\" content=\"article\" \/>\n<meta property=\"og:title\" content=\"MERS nizom aktivnosti obilje\u017eava Dan ekolo\u0161ke dr\u017eave - dmcsrb.com\" \/>\n<meta property=\"og:description\" content=\"Ministarstvo ekologije, odr\u017eivog razvoja i razvoja sjevera (MERS), povodom Dana ekolo\u0161ke dr\u017eave, 20. septembra, organizova\u0107e niz aktivnosti sa ciljem podizanja svijesti o za\u0161titi \u017eivotne sredine, a u okviru obilje\u017eavanja 34. godi\u0161njice progla\u0161enja Crne Gore ekolo\u0161kom dr\u017eavom.\" \/>\n<meta property=\"og:url\" content=\"https:\/\/dmcsrb.com\/en\/drustvo\/mers-nizom-aktivnosti-obiljezava-dan-ekoloske-drzave\/\" \/>\n<meta property=\"og:site_name\" content=\"dmcsrb.com\" \/>\n<meta property=\"article:published_time\" content=\"2025-09-17T08:09:00+00:00\" \/>\n<meta property=\"og:image\" content=\"https:\/\/dmcsrb.com\/wp-content\/uploads\/2026\/01\/MERS-logo-scaled-2.webp\" \/>\n\t<meta property=\"og:image:width\" content=\"2560\" \/>\n\t<meta property=\"og:image:height\" content=\"1440\" \/>\n\t<meta property=\"og:image:type\" content=\"image\/jpeg\" \/>\n<meta name=\"author\" content=\"dmcsrbija.com@gmail.com\" \/>\n<meta name=\"twitter:card\" content=\"summary_large_image\" \/>\n<meta name=\"twitter:label1\" content=\"Written by\" \/>\n\t<meta name=\"twitter:data1\" content=\"dmcsrbija.com@gmail.com\" \/>\n\t<meta name=\"twitter:label2\" content=\"Estimated reading time\" \/>\n\t<meta name=\"twitter:data2\" content=\"2 minutes\" \/>\n<script type=\"application\/ld+json\" class=\"yoast-schema-graph\">{\"@context\":\"https:\\\/\\\/schema.org\",\"@graph\":[{\"@type\":\"Article\",\"@id\":\"https:\\\/\\\/dmcsrb.com\\\/drustvo\\\/mers-nizom-aktivnosti-obiljezava-dan-ekoloske-drzave\\\/#article\",\"isPartOf\":{\"@id\":\"https:\\\/\\\/dmcsrb.com\\\/drustvo\\\/mers-nizom-aktivnosti-obiljezava-dan-ekoloske-drzave\\\/\"},\"author\":{\"name\":\"dmcsrbija.com@gmail.com\",\"@id\":\"https:\\\/\\\/dmcsrb.com\\\/#\\\/schema\\\/person\\\/5c39170f12db1b8b457732d0b5c854e2\"},\"headline\":\"MERS nizom aktivnosti obilje\u017eava Dan ekolo\u0161ke dr\u017eave\",\"datePublished\":\"2025-09-17T08:09:00+00:00\",\"mainEntityOfPage\":{\"@id\":\"https:\\\/\\\/dmcsrb.com\\\/drustvo\\\/mers-nizom-aktivnosti-obiljezava-dan-ekoloske-drzave\\\/\"},\"wordCount\":441,\"commentCount\":0,\"image\":{\"@id\":\"https:\\\/\\\/dmcsrb.com\\\/drustvo\\\/mers-nizom-aktivnosti-obiljezava-dan-ekoloske-drzave\\\/#primaryimage\"},\"thumbnailUrl\":\"https:\\\/\\\/dmcsrb.com\\\/wp-content\\\/uploads\\\/2026\\\/01\\\/MERS-logo-scaled-2.webp\",\"keywords\":[\"aktivnosti\",\"Dan ekolo\u0161ke dr\u017eave\",\"MERS\"],\"articleSection\":[\"Dru\u0161tvo\"],\"inLanguage\":\"en-GB\",\"potentialAction\":[{\"@type\":\"CommentAction\",\"name\":\"Comment\",\"target\":[\"https:\\\/\\\/dmcsrb.com\\\/drustvo\\\/mers-nizom-aktivnosti-obiljezava-dan-ekoloske-drzave\\\/#respond\"]}]},{\"@type\":\"WebPage\",\"@id\":\"https:\\\/\\\/dmcsrb.com\\\/drustvo\\\/mers-nizom-aktivnosti-obiljezava-dan-ekoloske-drzave\\\/\",\"url\":\"https:\\\/\\\/dmcsrb.com\\\/drustvo\\\/mers-nizom-aktivnosti-obiljezava-dan-ekoloske-drzave\\\/\",\"name\":\"MERS nizom aktivnosti obilje\u017eava Dan ekolo\u0161ke dr\u017eave - dmcsrb.com\",\"isPartOf\":{\"@id\":\"https:\\\/\\\/dmcsrb.com\\\/#website\"},\"primaryImageOfPage\":{\"@id\":\"https:\\\/\\\/dmcsrb.com\\\/drustvo\\\/mers-nizom-aktivnosti-obiljezava-dan-ekoloske-drzave\\\/#primaryimage\"},\"image\":{\"@id\":\"https:\\\/\\\/dmcsrb.com\\\/drustvo\\\/mers-nizom-aktivnosti-obiljezava-dan-ekoloske-drzave\\\/#primaryimage\"},\"thumbnailUrl\":\"https:\\\/\\\/dmcsrb.com\\\/wp-content\\\/uploads\\\/2026\\\/01\\\/MERS-logo-scaled-2.webp\",\"datePublished\":\"2025-09-17T08:09:00+00:00\",\"author\":{\"@id\":\"https:\\\/\\\/dmcsrb.com\\\/#\\\/schema\\\/person\\\/5c39170f12db1b8b457732d0b5c854e2\"},\"breadcrumb\":{\"@id\":\"https:\\\/\\\/dmcsrb.com\\\/drustvo\\\/mers-nizom-aktivnosti-obiljezava-dan-ekoloske-drzave\\\/#breadcrumb\"},\"inLanguage\":\"en-GB\",\"potentialAction\":[{\"@type\":\"ReadAction\",\"target\":[\"https:\\\/\\\/dmcsrb.com\\\/drustvo\\\/mers-nizom-aktivnosti-obiljezava-dan-ekoloske-drzave\\\/\"]}]},{\"@type\":\"ImageObject\",\"inLanguage\":\"en-GB\",\"@id\":\"https:\\\/\\\/dmcsrb.com\\\/drustvo\\\/mers-nizom-aktivnosti-obiljezava-dan-ekoloske-drzave\\\/#primaryimage\",\"url\":\"https:\\\/\\\/dmcsrb.com\\\/wp-content\\\/uploads\\\/2026\\\/01\\\/MERS-logo-scaled-2.webp\",\"contentUrl\":\"https:\\\/\\\/dmcsrb.com\\\/wp-content\\\/uploads\\\/2026\\\/01\\\/MERS-logo-scaled-2.webp\",\"width\":2560,\"height\":1440},{\"@type\":\"BreadcrumbList\",\"@id\":\"https:\\\/\\\/dmcsrb.com\\\/drustvo\\\/mers-nizom-aktivnosti-obiljezava-dan-ekoloske-drzave\\\/#breadcrumb\",\"itemListElement\":[{\"@type\":\"ListItem\",\"position\":1,\"name\":\"Home\",\"item\":\"https:\\\/\\\/dmcsrb.com\\\/\"},{\"@type\":\"ListItem\",\"position\":2,\"name\":\"MERS nizom aktivnosti obilje\u017eava Dan ekolo\u0161ke dr\u017eave\"}]},{\"@type\":\"WebSite\",\"@id\":\"https:\\\/\\\/dmcsrb.com\\\/#website\",\"url\":\"https:\\\/\\\/dmcsrb.com\\\/\",\"name\":\"dmcsrb.com\",\"description\":\"\",\"potentialAction\":[{\"@type\":\"SearchAction\",\"target\":{\"@type\":\"EntryPoint\",\"urlTemplate\":\"https:\\\/\\\/dmcsrb.com\\\/?s={search_term_string}\"},\"query-input\":{\"@type\":\"PropertyValueSpecification\",\"valueRequired\":true,\"valueName\":\"search_term_string\"}}],\"inLanguage\":\"en-GB\"},{\"@type\":\"Person\",\"@id\":\"https:\\\/\\\/dmcsrb.com\\\/#\\\/schema\\\/person\\\/5c39170f12db1b8b457732d0b5c854e2\",\"name\":\"dmcsrbija.com@gmail.com\",\"image\":{\"@type\":\"ImageObject\",\"inLanguage\":\"en-GB\",\"@id\":\"https:\\\/\\\/secure.gravatar.com\\\/avatar\\\/68592660ad6347fad0fb587f8d5d8f1a7b44961362f56e4f2cd524feb87e9069?s=96&d=mm&r=g\",\"url\":\"https:\\\/\\\/secure.gravatar.com\\\/avatar\\\/68592660ad6347fad0fb587f8d5d8f1a7b44961362f56e4f2cd524feb87e9069?s=96&d=mm&r=g\",\"contentUrl\":\"https:\\\/\\\/secure.gravatar.com\\\/avatar\\\/68592660ad6347fad0fb587f8d5d8f1a7b44961362f56e4f2cd524feb87e9069?s=96&d=mm&r=g\",\"caption\":\"dmcsrbija.com@gmail.com\"},\"sameAs\":[\"https:\\\/\\\/dmcsrb.com\"],\"url\":\"https:\\\/\\\/dmcsrb.com\\\/en\\\/author\\\/dmcsrbija-comgmail-com\\\/\"}]}<\/script>\n<!-- \/ Yoast SEO plugin. -->","yoast_head_json":{"title":"MERS nizom aktivnosti obilje\u017eava Dan ekolo\u0161ke dr\u017eave - dmcsrb.com","robots":{"index":"index","follow":"follow","max-snippet":"max-snippet:-1","max-image-preview":"max-image-preview:large","max-video-preview":"max-video-preview:-1"},"canonical":"https:\/\/dmcsrb.com\/en\/drustvo\/mers-nizom-aktivnosti-obiljezava-dan-ekoloske-drzave\/","og_locale":"en_GB","og_type":"article","og_title":"MERS nizom aktivnosti obilje\u017eava Dan ekolo\u0161ke dr\u017eave - dmcsrb.com","og_description":"Ministarstvo ekologije, odr\u017eivog razvoja i razvoja sjevera (MERS), povodom Dana ekolo\u0161ke dr\u017eave, 20. septembra, organizova\u0107e niz aktivnosti sa ciljem podizanja svijesti o za\u0161titi \u017eivotne sredine, a u okviru obilje\u017eavanja 34. godi\u0161njice progla\u0161enja Crne Gore ekolo\u0161kom dr\u017eavom.","og_url":"https:\/\/dmcsrb.com\/en\/drustvo\/mers-nizom-aktivnosti-obiljezava-dan-ekoloske-drzave\/","og_site_name":"dmcsrb.com","article_published_time":"2025-09-17T08:09:00+00:00","og_image":[{"width":2560,"height":1440,"url":"https:\/\/dmcsrb.com\/wp-content\/uploads\/2026\/01\/MERS-logo-scaled-2.webp","type":"image\/jpeg"}],"author":"dmcsrbija.com@gmail.com","twitter_card":"summary_large_image","twitter_misc":{"Written by":"dmcsrbija.com@gmail.com","Estimated reading time":"2 minutes"},"schema":{"@context":"https:\/\/schema.org","@graph":[{"@type":"Article","@id":"https:\/\/dmcsrb.com\/drustvo\/mers-nizom-aktivnosti-obiljezava-dan-ekoloske-drzave\/#article","isPartOf":{"@id":"https:\/\/dmcsrb.com\/drustvo\/mers-nizom-aktivnosti-obiljezava-dan-ekoloske-drzave\/"},"author":{"name":"dmcsrbija.com@gmail.com","@id":"https:\/\/dmcsrb.com\/#\/schema\/person\/5c39170f12db1b8b457732d0b5c854e2"},"headline":"MERS nizom aktivnosti obilje\u017eava Dan ekolo\u0161ke dr\u017eave","datePublished":"2025-09-17T08:09:00+00:00","mainEntityOfPage":{"@id":"https:\/\/dmcsrb.com\/drustvo\/mers-nizom-aktivnosti-obiljezava-dan-ekoloske-drzave\/"},"wordCount":441,"commentCount":0,"image":{"@id":"https:\/\/dmcsrb.com\/drustvo\/mers-nizom-aktivnosti-obiljezava-dan-ekoloske-drzave\/#primaryimage"},"thumbnailUrl":"https:\/\/dmcsrb.com\/wp-content\/uploads\/2026\/01\/MERS-logo-scaled-2.webp","keywords":["aktivnosti","Dan ekolo\u0161ke dr\u017eave","MERS"],"articleSection":["Dru\u0161tvo"],"inLanguage":"en-GB","potentialAction":[{"@type":"CommentAction","name":"Comment","target":["https:\/\/dmcsrb.com\/drustvo\/mers-nizom-aktivnosti-obiljezava-dan-ekoloske-drzave\/#respond"]}]},{"@type":"WebPage","@id":"https:\/\/dmcsrb.com\/drustvo\/mers-nizom-aktivnosti-obiljezava-dan-ekoloske-drzave\/","url":"https:\/\/dmcsrb.com\/drustvo\/mers-nizom-aktivnosti-obiljezava-dan-ekoloske-drzave\/","name":"MERS nizom aktivnosti obilje\u017eava Dan ekolo\u0161ke dr\u017eave - dmcsrb.com","isPartOf":{"@id":"https:\/\/dmcsrb.com\/#website"},"primaryImageOfPage":{"@id":"https:\/\/dmcsrb.com\/drustvo\/mers-nizom-aktivnosti-obiljezava-dan-ekoloske-drzave\/#primaryimage"},"image":{"@id":"https:\/\/dmcsrb.com\/drustvo\/mers-nizom-aktivnosti-obiljezava-dan-ekoloske-drzave\/#primaryimage"},"thumbnailUrl":"https:\/\/dmcsrb.com\/wp-content\/uploads\/2026\/01\/MERS-logo-scaled-2.webp","datePublished":"2025-09-17T08:09:00+00:00","author":{"@id":"https:\/\/dmcsrb.com\/#\/schema\/person\/5c39170f12db1b8b457732d0b5c854e2"},"breadcrumb":{"@id":"https:\/\/dmcsrb.com\/drustvo\/mers-nizom-aktivnosti-obiljezava-dan-ekoloske-drzave\/#breadcrumb"},"inLanguage":"en-GB","potentialAction":[{"@type":"ReadAction","target":["https:\/\/dmcsrb.com\/drustvo\/mers-nizom-aktivnosti-obiljezava-dan-ekoloske-drzave\/"]}]},{"@type":"ImageObject","inLanguage":"en-GB","@id":"https:\/\/dmcsrb.com\/drustvo\/mers-nizom-aktivnosti-obiljezava-dan-ekoloske-drzave\/#primaryimage","url":"https:\/\/dmcsrb.com\/wp-content\/uploads\/2026\/01\/MERS-logo-scaled-2.webp","contentUrl":"https:\/\/dmcsrb.com\/wp-content\/uploads\/2026\/01\/MERS-logo-scaled-2.webp","width":2560,"height":1440},{"@type":"BreadcrumbList","@id":"https:\/\/dmcsrb.com\/drustvo\/mers-nizom-aktivnosti-obiljezava-dan-ekoloske-drzave\/#breadcrumb","itemListElement":[{"@type":"ListItem","position":1,"name":"Home","item":"https:\/\/dmcsrb.com\/"},{"@type":"ListItem","position":2,"name":"MERS nizom aktivnosti obilje\u017eava Dan ekolo\u0161ke dr\u017eave"}]},{"@type":"WebSite","@id":"https:\/\/dmcsrb.com\/#website","url":"https:\/\/dmcsrb.com\/","name":"dmcsrb.com","description":"","potentialAction":[{"@type":"SearchAction","target":{"@type":"EntryPoint","urlTemplate":"https:\/\/dmcsrb.com\/?s={search_term_string}"},"query-input":{"@type":"PropertyValueSpecification","valueRequired":true,"valueName":"search_term_string"}}],"inLanguage":"en-GB"},{"@type":"Person","@id":"https:\/\/dmcsrb.com\/#\/schema\/person\/5c39170f12db1b8b457732d0b5c854e2","name":"dmcsrbija.com@gmail.com","image":{"@type":"ImageObject","inLanguage":"en-GB","@id":"https:\/\/secure.gravatar.com\/avatar\/68592660ad6347fad0fb587f8d5d8f1a7b44961362f56e4f2cd524feb87e9069?s=96&d=mm&r=g","url":"https:\/\/secure.gravatar.com\/avatar\/68592660ad6347fad0fb587f8d5d8f1a7b44961362f56e4f2cd524feb87e9069?s=96&d=mm&r=g","contentUrl":"https:\/\/secure.gravatar.com\/avatar\/68592660ad6347fad0fb587f8d5d8f1a7b44961362f56e4f2cd524feb87e9069?s=96&d=mm&r=g","caption":"dmcsrbija.com@gmail.com"},"sameAs":["https:\/\/dmcsrb.com"],"url":"https:\/\/dmcsrb.com\/en\/author\/dmcsrbija-comgmail-com\/"}]}},"_links":{"self":[{"href":"https:\/\/dmcsrb.com\/en\/wp-json\/wp\/v2\/posts\/952543","targetHints":{"allow":["GET"]}}],"collection":[{"href":"https:\/\/dmcsrb.com\/en\/wp-json\/wp\/v2\/posts"}],"about":[{"href":"https:\/\/dmcsrb.com\/en\/wp-json\/wp\/v2\/types\/post"}],"author":[{"embeddable":true,"href":"https:\/\/dmcsrb.com\/en\/wp-json\/wp\/v2\/users\/1"}],"replies":[{"embeddable":true,"href":"https:\/\/dmcsrb.com\/en\/wp-json\/wp\/v2\/comments?post=952543"}],"version-history":[{"count":0,"href":"https:\/\/dmcsrb.com\/en\/wp-json\/wp\/v2\/posts\/952543\/revisions"}],"wp:featuredmedia":[{"embeddable":true,"href":"https:\/\/dmcsrb.com\/en\/wp-json\/wp\/v2\/media\/952544"}],"wp:attachment":[{"href":"https:\/\/dmcsrb.com\/en\/wp-json\/wp\/v2\/media?parent=952543"}],"wp:term":[{"taxonomy":"category","embeddable":true,"href":"https:\/\/dmcsrb.com\/en\/wp-json\/wp\/v2\/categories?post=952543"},{"taxonomy":"post_tag","embeddable":true,"href":"https:\/\/dmcsrb.com\/en\/wp-json\/wp\/v2\/tags?post=952543"},{"taxonomy":"naslovna","embeddable":true,"href":"https:\/\/dmcsrb.com\/en\/wp-json\/wp\/v2\/naslovna?post=952543"}],"curies":[{"name":"wp","href":"https:\/\/api.w.org\/{rel}","templated":true}]}}