{"id":952539,"date":"2025-09-17T11:12:00","date_gmt":"2025-09-17T09:12:00","guid":{"rendered":"https:\/\/dmcsrb.com\/uncategorized\/zajednica-opstina-crne-gore-jacanje-kapaciteta-lokalnih-samouprava-kroz-obuku-o-primjeni-zup-a-i-evropskih-standarda\/"},"modified":"2025-09-17T11:12:00","modified_gmt":"2025-09-17T09:12:00","slug":"zajednica-opstina-crne-gore-jacanje-kapaciteta-lokalnih-samouprava-kroz-obuku-o-primjeni-zup-a-i-evropskih-standarda","status":"publish","type":"post","link":"https:\/\/dmcsrb.com\/en\/drustvo\/zajednica-opstina-crne-gore-jacanje-kapaciteta-lokalnih-samouprava-kroz-obuku-o-primjeni-zup-a-i-evropskih-standarda\/","title":{"rendered":"Zajednica op\u0161tina Crne Gore: Ja\u010danje kapaciteta lokalnih samouprava kroz obuku o primjeni ZUP-a i evropskih standarda"},"content":{"rendered":"<p><\/p>\n\n\n\n<p><\/p>\n\n\n\n<p>\u201cCilj obuke bio je upoznavanje u\u010desnika sa praksom Upravnog i Evropskog suda za ljudska prava kroz analizu naj\u010de\u0161\u0107ih slu\u010dajeva iz njihove sudske prakse, kako bi polaznici stekli uvid u klju\u010dne oblasti upravnog postupanja i njihove specifi\u010dnosti, te unaprijedili kvalitet i zakonitost rada lokalnih uprava,\u201d precizirali su u saop\u0161tenju.<\/p>\n\n\n\n<p>Kako su objasnili, tokom obuke razmatrana je primjena pravila i instituta upravnog postupanja u posebnim zakonima, naro\u010dito u oblastima poreza na promet nepokretnosti, slobodnog pristupa informacijama, planiranja prostora i izgradnje objekata, kao i u drugim zakonima u kojima je obavezna primjena Zakona o upravnom postupku.<\/p>\n\n\n\n<p>\u201cPredava\u010di su bili sudije Upravnog suda&nbsp;<strong>Davor Stojkovi\u0107<\/strong>&nbsp;i&nbsp;<strong>Lidija Novovi\u0107<\/strong>, koji su u\u010desnicima prenijeli svoja prakti\u010dna iskustva i znanja, sa posebnim fokusom na primjenu evropskih standarda ljudskih prava u svakodnevnom radu lokalnih organa uprave. Posebno je istaknut interaktivni karakter predavanja i aktivno u\u010de\u0161\u0107e svih prisutnih,\u201d navode iz ZOCG.<\/p>\n\n\n\n<p>Tvrde i da je obuka okupila predstavnike jedinica lokalne samouprave \u2013 glavne administratore, starje\u0161ine organa i slu\u017ebi, slu\u017ebenike koji odlu\u010duju u prvostepenom upravnom postupku, kao i druge zainteresovane lokalne slu\u017ebenike koji primjenjuju Zakon o upravnom postupku.<\/p>\n\n\n\n<p>Podsje\u0107aju da je Zajednica op\u0161tina Crne Gore je i ranije realizovala stru\u010dnu obuku na temu \u201ePrakti\u010dna primjena Zakona o upravnom postupku (ZUP) kroz praksu Upravnog suda sa osvrtom na standarde Evropskog suda za ljudska prava\u201c.<\/p>\n\n\n\n<p>Dodaju da su isti predava\u010di tada, kroz konkretne slu\u010dajeve i presude, prenijeli u\u010desnicima svoja iskustva i stru\u010dne uvide, pru\u017eaju\u0107i vrijedne smjernice za unapre\u0111enje rada lokalne uprave u skladu sa zakonima i evropskim standardima, a u cilju smanjenja tro\u0161kova kojima su op\u0161tine izlo\u017eene u ovim postupcima.<\/p>\n\n\n\n<p>\u201cU\u010desnici su imali priliku da se kroz interaktivan rad upoznaju sa naj\u010de\u0161\u0107im primjerima iz prakse Upravnog suda Crne Gore, kao i sa presudama i standardima Evropskog suda za ljudska prava, koji se odnose na upravno postupanje i za\u0161titu prava stranaka u postupku. Poseban akcenat stavljen je na primjenu instituta upravnog postupka u okviru posebnih zakona, kao \u0161to su Zakon o porezu na promet nepokretnosti, Zakon o slobodnom pristupu informacijama i Zakon o planiranju prostora i izgradnji objekata, uz razmatranje i drugih zakona u kojima je primjena ZUP-a obavezna,\u201d navode dalje u saop\u0161tenju.<\/p>\n\n\n\n<p>Zajednica op\u0161tina Crne Gore nastavlja da kroz ovakve edukacije pru\u017ea podr\u0161ku lokalnim samoupravama u ja\u010danju kapaciteta za zakonito, efikasno i odgovorno upravno postupanje, zaklju\u010dili su.<\/p>","protected":false},"excerpt":{"rendered":"<p>Zajednica op\u0161tina Crne Gore organizovala je u Podgorici obuku pod nazivom \u201ePrakti\u010dna primjena ZUP-a kroz praksu Upravnog suda sa osvrtom na standard Evropskog suda za ljudska prava\u201c za predstavnike jedinica lokalne samouprave, saop\u0161tili su iz ove institucije.<\/p>","protected":false},"author":1,"featured_media":952540,"comment_status":"open","ping_status":"open","sticky":false,"template":"","format":"standard","meta":{"_acf_changed":false,"footnotes":""},"categories":[2],"tags":[1400,6755],"naslovna":[],"class_list":["post-952539","post","type-post","status-publish","format-standard","has-post-thumbnail","hentry","category-drustvo","tag-obuka","tag-zajednica-opstina"],"acf":[],"yoast_head":"<!-- This site is optimized with the Yoast SEO plugin v27.4 - https:\/\/yoast.com\/product\/yoast-seo-wordpress\/ -->\n<title>Zajednica op\u0161tina Crne Gore: Ja\u010danje kapaciteta lokalnih samouprava kroz obuku o primjeni ZUP-a i evropskih standarda - dmcsrb.com<\/title>\n<meta name=\"robots\" content=\"index, follow, max-snippet:-1, max-image-preview:large, max-video-preview:-1\" \/>\n<link rel=\"canonical\" href=\"https:\/\/dmcsrb.com\/en\/drustvo\/zajednica-opstina-crne-gore-jacanje-kapaciteta-lokalnih-samouprava-kroz-obuku-o-primjeni-zup-a-i-evropskih-standarda\/\" \/>\n<meta property=\"og:locale\" content=\"en_GB\" \/>\n<meta property=\"og:type\" content=\"article\" \/>\n<meta property=\"og:title\" content=\"Zajednica op\u0161tina Crne Gore: Ja\u010danje kapaciteta lokalnih samouprava kroz obuku o primjeni ZUP-a i evropskih standarda - dmcsrb.com\" \/>\n<meta property=\"og:description\" content=\"Zajednica op\u0161tina Crne Gore organizovala je u Podgorici obuku pod nazivom \u201ePrakti\u010dna primjena ZUP-a kroz praksu Upravnog suda sa osvrtom na standard Evropskog suda za ljudska prava\u201c za predstavnike jedinica lokalne samouprave, saop\u0161tili su iz ove institucije.\" \/>\n<meta property=\"og:url\" content=\"https:\/\/dmcsrb.com\/en\/drustvo\/zajednica-opstina-crne-gore-jacanje-kapaciteta-lokalnih-samouprava-kroz-obuku-o-primjeni-zup-a-i-evropskih-standarda\/\" \/>\n<meta property=\"og:site_name\" content=\"dmcsrb.com\" \/>\n<meta property=\"article:published_time\" content=\"2025-09-17T09:12:00+00:00\" \/>\n<meta property=\"og:image\" content=\"https:\/\/dmcsrb.com\/wp-content\/uploads\/2026\/01\/IMG_8020-1000x555-1.webp\" \/>\n\t<meta property=\"og:image:width\" content=\"1000\" \/>\n\t<meta property=\"og:image:height\" content=\"555\" \/>\n\t<meta property=\"og:image:type\" content=\"image\/jpeg\" \/>\n<meta name=\"author\" content=\"dmcsrbija.com@gmail.com\" \/>\n<meta name=\"twitter:card\" content=\"summary_large_image\" \/>\n<meta name=\"twitter:label1\" content=\"Written by\" \/>\n\t<meta name=\"twitter:data1\" content=\"dmcsrbija.com@gmail.com\" \/>\n\t<meta name=\"twitter:label2\" content=\"Estimated reading time\" \/>\n\t<meta name=\"twitter:data2\" content=\"2 minutes\" \/>\n<script type=\"application\/ld+json\" class=\"yoast-schema-graph\">{\"@context\":\"https:\\\/\\\/schema.org\",\"@graph\":[{\"@type\":\"Article\",\"@id\":\"https:\\\/\\\/dmcsrb.com\\\/drustvo\\\/zajednica-opstina-crne-gore-jacanje-kapaciteta-lokalnih-samouprava-kroz-obuku-o-primjeni-zup-a-i-evropskih-standarda\\\/#article\",\"isPartOf\":{\"@id\":\"https:\\\/\\\/dmcsrb.com\\\/drustvo\\\/zajednica-opstina-crne-gore-jacanje-kapaciteta-lokalnih-samouprava-kroz-obuku-o-primjeni-zup-a-i-evropskih-standarda\\\/\"},\"author\":{\"name\":\"dmcsrbija.com@gmail.com\",\"@id\":\"https:\\\/\\\/dmcsrb.com\\\/#\\\/schema\\\/person\\\/5c39170f12db1b8b457732d0b5c854e2\"},\"headline\":\"Zajednica op\u0161tina Crne Gore: Ja\u010danje kapaciteta lokalnih samouprava kroz obuku o primjeni ZUP-a i evropskih standarda\",\"datePublished\":\"2025-09-17T09:12:00+00:00\",\"mainEntityOfPage\":{\"@id\":\"https:\\\/\\\/dmcsrb.com\\\/drustvo\\\/zajednica-opstina-crne-gore-jacanje-kapaciteta-lokalnih-samouprava-kroz-obuku-o-primjeni-zup-a-i-evropskih-standarda\\\/\"},\"wordCount\":437,\"commentCount\":0,\"image\":{\"@id\":\"https:\\\/\\\/dmcsrb.com\\\/drustvo\\\/zajednica-opstina-crne-gore-jacanje-kapaciteta-lokalnih-samouprava-kroz-obuku-o-primjeni-zup-a-i-evropskih-standarda\\\/#primaryimage\"},\"thumbnailUrl\":\"https:\\\/\\\/dmcsrb.com\\\/wp-content\\\/uploads\\\/2026\\\/01\\\/IMG_8020-1000x555-1.webp\",\"keywords\":[\"obuka\",\"Zajednica op\u0161tina\"],\"articleSection\":[\"Dru\u0161tvo\"],\"inLanguage\":\"en-GB\",\"potentialAction\":[{\"@type\":\"CommentAction\",\"name\":\"Comment\",\"target\":[\"https:\\\/\\\/dmcsrb.com\\\/drustvo\\\/zajednica-opstina-crne-gore-jacanje-kapaciteta-lokalnih-samouprava-kroz-obuku-o-primjeni-zup-a-i-evropskih-standarda\\\/#respond\"]}]},{\"@type\":\"WebPage\",\"@id\":\"https:\\\/\\\/dmcsrb.com\\\/drustvo\\\/zajednica-opstina-crne-gore-jacanje-kapaciteta-lokalnih-samouprava-kroz-obuku-o-primjeni-zup-a-i-evropskih-standarda\\\/\",\"url\":\"https:\\\/\\\/dmcsrb.com\\\/drustvo\\\/zajednica-opstina-crne-gore-jacanje-kapaciteta-lokalnih-samouprava-kroz-obuku-o-primjeni-zup-a-i-evropskih-standarda\\\/\",\"name\":\"Zajednica op\u0161tina Crne Gore: Ja\u010danje kapaciteta lokalnih samouprava kroz obuku o primjeni ZUP-a i evropskih standarda - dmcsrb.com\",\"isPartOf\":{\"@id\":\"https:\\\/\\\/dmcsrb.com\\\/#website\"},\"primaryImageOfPage\":{\"@id\":\"https:\\\/\\\/dmcsrb.com\\\/drustvo\\\/zajednica-opstina-crne-gore-jacanje-kapaciteta-lokalnih-samouprava-kroz-obuku-o-primjeni-zup-a-i-evropskih-standarda\\\/#primaryimage\"},\"image\":{\"@id\":\"https:\\\/\\\/dmcsrb.com\\\/drustvo\\\/zajednica-opstina-crne-gore-jacanje-kapaciteta-lokalnih-samouprava-kroz-obuku-o-primjeni-zup-a-i-evropskih-standarda\\\/#primaryimage\"},\"thumbnailUrl\":\"https:\\\/\\\/dmcsrb.com\\\/wp-content\\\/uploads\\\/2026\\\/01\\\/IMG_8020-1000x555-1.webp\",\"datePublished\":\"2025-09-17T09:12:00+00:00\",\"author\":{\"@id\":\"https:\\\/\\\/dmcsrb.com\\\/#\\\/schema\\\/person\\\/5c39170f12db1b8b457732d0b5c854e2\"},\"breadcrumb\":{\"@id\":\"https:\\\/\\\/dmcsrb.com\\\/drustvo\\\/zajednica-opstina-crne-gore-jacanje-kapaciteta-lokalnih-samouprava-kroz-obuku-o-primjeni-zup-a-i-evropskih-standarda\\\/#breadcrumb\"},\"inLanguage\":\"en-GB\",\"potentialAction\":[{\"@type\":\"ReadAction\",\"target\":[\"https:\\\/\\\/dmcsrb.com\\\/drustvo\\\/zajednica-opstina-crne-gore-jacanje-kapaciteta-lokalnih-samouprava-kroz-obuku-o-primjeni-zup-a-i-evropskih-standarda\\\/\"]}]},{\"@type\":\"ImageObject\",\"inLanguage\":\"en-GB\",\"@id\":\"https:\\\/\\\/dmcsrb.com\\\/drustvo\\\/zajednica-opstina-crne-gore-jacanje-kapaciteta-lokalnih-samouprava-kroz-obuku-o-primjeni-zup-a-i-evropskih-standarda\\\/#primaryimage\",\"url\":\"https:\\\/\\\/dmcsrb.com\\\/wp-content\\\/uploads\\\/2026\\\/01\\\/IMG_8020-1000x555-1.webp\",\"contentUrl\":\"https:\\\/\\\/dmcsrb.com\\\/wp-content\\\/uploads\\\/2026\\\/01\\\/IMG_8020-1000x555-1.webp\",\"width\":1000,\"height\":555},{\"@type\":\"BreadcrumbList\",\"@id\":\"https:\\\/\\\/dmcsrb.com\\\/drustvo\\\/zajednica-opstina-crne-gore-jacanje-kapaciteta-lokalnih-samouprava-kroz-obuku-o-primjeni-zup-a-i-evropskih-standarda\\\/#breadcrumb\",\"itemListElement\":[{\"@type\":\"ListItem\",\"position\":1,\"name\":\"Home\",\"item\":\"https:\\\/\\\/dmcsrb.com\\\/\"},{\"@type\":\"ListItem\",\"position\":2,\"name\":\"Zajednica op\u0161tina Crne Gore: Ja\u010danje kapaciteta lokalnih samouprava kroz obuku o primjeni ZUP-a i evropskih standarda\"}]},{\"@type\":\"WebSite\",\"@id\":\"https:\\\/\\\/dmcsrb.com\\\/#website\",\"url\":\"https:\\\/\\\/dmcsrb.com\\\/\",\"name\":\"dmcsrb.com\",\"description\":\"\",\"potentialAction\":[{\"@type\":\"SearchAction\",\"target\":{\"@type\":\"EntryPoint\",\"urlTemplate\":\"https:\\\/\\\/dmcsrb.com\\\/?s={search_term_string}\"},\"query-input\":{\"@type\":\"PropertyValueSpecification\",\"valueRequired\":true,\"valueName\":\"search_term_string\"}}],\"inLanguage\":\"en-GB\"},{\"@type\":\"Person\",\"@id\":\"https:\\\/\\\/dmcsrb.com\\\/#\\\/schema\\\/person\\\/5c39170f12db1b8b457732d0b5c854e2\",\"name\":\"dmcsrbija.com@gmail.com\",\"image\":{\"@type\":\"ImageObject\",\"inLanguage\":\"en-GB\",\"@id\":\"https:\\\/\\\/secure.gravatar.com\\\/avatar\\\/68592660ad6347fad0fb587f8d5d8f1a7b44961362f56e4f2cd524feb87e9069?s=96&d=mm&r=g\",\"url\":\"https:\\\/\\\/secure.gravatar.com\\\/avatar\\\/68592660ad6347fad0fb587f8d5d8f1a7b44961362f56e4f2cd524feb87e9069?s=96&d=mm&r=g\",\"contentUrl\":\"https:\\\/\\\/secure.gravatar.com\\\/avatar\\\/68592660ad6347fad0fb587f8d5d8f1a7b44961362f56e4f2cd524feb87e9069?s=96&d=mm&r=g\",\"caption\":\"dmcsrbija.com@gmail.com\"},\"sameAs\":[\"https:\\\/\\\/dmcsrb.com\"],\"url\":\"https:\\\/\\\/dmcsrb.com\\\/en\\\/author\\\/dmcsrbija-comgmail-com\\\/\"}]}<\/script>\n<!-- \/ Yoast SEO plugin. -->","yoast_head_json":{"title":"Zajednica op\u0161tina Crne Gore: Ja\u010danje kapaciteta lokalnih samouprava kroz obuku o primjeni ZUP-a i evropskih standarda - dmcsrb.com","robots":{"index":"index","follow":"follow","max-snippet":"max-snippet:-1","max-image-preview":"max-image-preview:large","max-video-preview":"max-video-preview:-1"},"canonical":"https:\/\/dmcsrb.com\/en\/drustvo\/zajednica-opstina-crne-gore-jacanje-kapaciteta-lokalnih-samouprava-kroz-obuku-o-primjeni-zup-a-i-evropskih-standarda\/","og_locale":"en_GB","og_type":"article","og_title":"Zajednica op\u0161tina Crne Gore: Ja\u010danje kapaciteta lokalnih samouprava kroz obuku o primjeni ZUP-a i evropskih standarda - dmcsrb.com","og_description":"Zajednica op\u0161tina Crne Gore organizovala je u Podgorici obuku pod nazivom \u201ePrakti\u010dna primjena ZUP-a kroz praksu Upravnog suda sa osvrtom na standard Evropskog suda za ljudska prava\u201c za predstavnike jedinica lokalne samouprave, saop\u0161tili su iz ove institucije.","og_url":"https:\/\/dmcsrb.com\/en\/drustvo\/zajednica-opstina-crne-gore-jacanje-kapaciteta-lokalnih-samouprava-kroz-obuku-o-primjeni-zup-a-i-evropskih-standarda\/","og_site_name":"dmcsrb.com","article_published_time":"2025-09-17T09:12:00+00:00","og_image":[{"width":1000,"height":555,"url":"https:\/\/dmcsrb.com\/wp-content\/uploads\/2026\/01\/IMG_8020-1000x555-1.webp","type":"image\/jpeg"}],"author":"dmcsrbija.com@gmail.com","twitter_card":"summary_large_image","twitter_misc":{"Written by":"dmcsrbija.com@gmail.com","Estimated reading time":"2 minutes"},"schema":{"@context":"https:\/\/schema.org","@graph":[{"@type":"Article","@id":"https:\/\/dmcsrb.com\/drustvo\/zajednica-opstina-crne-gore-jacanje-kapaciteta-lokalnih-samouprava-kroz-obuku-o-primjeni-zup-a-i-evropskih-standarda\/#article","isPartOf":{"@id":"https:\/\/dmcsrb.com\/drustvo\/zajednica-opstina-crne-gore-jacanje-kapaciteta-lokalnih-samouprava-kroz-obuku-o-primjeni-zup-a-i-evropskih-standarda\/"},"author":{"name":"dmcsrbija.com@gmail.com","@id":"https:\/\/dmcsrb.com\/#\/schema\/person\/5c39170f12db1b8b457732d0b5c854e2"},"headline":"Zajednica op\u0161tina Crne Gore: Ja\u010danje kapaciteta lokalnih samouprava kroz obuku o primjeni ZUP-a i evropskih standarda","datePublished":"2025-09-17T09:12:00+00:00","mainEntityOfPage":{"@id":"https:\/\/dmcsrb.com\/drustvo\/zajednica-opstina-crne-gore-jacanje-kapaciteta-lokalnih-samouprava-kroz-obuku-o-primjeni-zup-a-i-evropskih-standarda\/"},"wordCount":437,"commentCount":0,"image":{"@id":"https:\/\/dmcsrb.com\/drustvo\/zajednica-opstina-crne-gore-jacanje-kapaciteta-lokalnih-samouprava-kroz-obuku-o-primjeni-zup-a-i-evropskih-standarda\/#primaryimage"},"thumbnailUrl":"https:\/\/dmcsrb.com\/wp-content\/uploads\/2026\/01\/IMG_8020-1000x555-1.webp","keywords":["obuka","Zajednica op\u0161tina"],"articleSection":["Dru\u0161tvo"],"inLanguage":"en-GB","potentialAction":[{"@type":"CommentAction","name":"Comment","target":["https:\/\/dmcsrb.com\/drustvo\/zajednica-opstina-crne-gore-jacanje-kapaciteta-lokalnih-samouprava-kroz-obuku-o-primjeni-zup-a-i-evropskih-standarda\/#respond"]}]},{"@type":"WebPage","@id":"https:\/\/dmcsrb.com\/drustvo\/zajednica-opstina-crne-gore-jacanje-kapaciteta-lokalnih-samouprava-kroz-obuku-o-primjeni-zup-a-i-evropskih-standarda\/","url":"https:\/\/dmcsrb.com\/drustvo\/zajednica-opstina-crne-gore-jacanje-kapaciteta-lokalnih-samouprava-kroz-obuku-o-primjeni-zup-a-i-evropskih-standarda\/","name":"Zajednica op\u0161tina Crne Gore: Ja\u010danje kapaciteta lokalnih samouprava kroz obuku o primjeni ZUP-a i evropskih standarda - dmcsrb.com","isPartOf":{"@id":"https:\/\/dmcsrb.com\/#website"},"primaryImageOfPage":{"@id":"https:\/\/dmcsrb.com\/drustvo\/zajednica-opstina-crne-gore-jacanje-kapaciteta-lokalnih-samouprava-kroz-obuku-o-primjeni-zup-a-i-evropskih-standarda\/#primaryimage"},"image":{"@id":"https:\/\/dmcsrb.com\/drustvo\/zajednica-opstina-crne-gore-jacanje-kapaciteta-lokalnih-samouprava-kroz-obuku-o-primjeni-zup-a-i-evropskih-standarda\/#primaryimage"},"thumbnailUrl":"https:\/\/dmcsrb.com\/wp-content\/uploads\/2026\/01\/IMG_8020-1000x555-1.webp","datePublished":"2025-09-17T09:12:00+00:00","author":{"@id":"https:\/\/dmcsrb.com\/#\/schema\/person\/5c39170f12db1b8b457732d0b5c854e2"},"breadcrumb":{"@id":"https:\/\/dmcsrb.com\/drustvo\/zajednica-opstina-crne-gore-jacanje-kapaciteta-lokalnih-samouprava-kroz-obuku-o-primjeni-zup-a-i-evropskih-standarda\/#breadcrumb"},"inLanguage":"en-GB","potentialAction":[{"@type":"ReadAction","target":["https:\/\/dmcsrb.com\/drustvo\/zajednica-opstina-crne-gore-jacanje-kapaciteta-lokalnih-samouprava-kroz-obuku-o-primjeni-zup-a-i-evropskih-standarda\/"]}]},{"@type":"ImageObject","inLanguage":"en-GB","@id":"https:\/\/dmcsrb.com\/drustvo\/zajednica-opstina-crne-gore-jacanje-kapaciteta-lokalnih-samouprava-kroz-obuku-o-primjeni-zup-a-i-evropskih-standarda\/#primaryimage","url":"https:\/\/dmcsrb.com\/wp-content\/uploads\/2026\/01\/IMG_8020-1000x555-1.webp","contentUrl":"https:\/\/dmcsrb.com\/wp-content\/uploads\/2026\/01\/IMG_8020-1000x555-1.webp","width":1000,"height":555},{"@type":"BreadcrumbList","@id":"https:\/\/dmcsrb.com\/drustvo\/zajednica-opstina-crne-gore-jacanje-kapaciteta-lokalnih-samouprava-kroz-obuku-o-primjeni-zup-a-i-evropskih-standarda\/#breadcrumb","itemListElement":[{"@type":"ListItem","position":1,"name":"Home","item":"https:\/\/dmcsrb.com\/"},{"@type":"ListItem","position":2,"name":"Zajednica op\u0161tina Crne Gore: Ja\u010danje kapaciteta lokalnih samouprava kroz obuku o primjeni ZUP-a i evropskih standarda"}]},{"@type":"WebSite","@id":"https:\/\/dmcsrb.com\/#website","url":"https:\/\/dmcsrb.com\/","name":"dmcsrb.com","description":"","potentialAction":[{"@type":"SearchAction","target":{"@type":"EntryPoint","urlTemplate":"https:\/\/dmcsrb.com\/?s={search_term_string}"},"query-input":{"@type":"PropertyValueSpecification","valueRequired":true,"valueName":"search_term_string"}}],"inLanguage":"en-GB"},{"@type":"Person","@id":"https:\/\/dmcsrb.com\/#\/schema\/person\/5c39170f12db1b8b457732d0b5c854e2","name":"dmcsrbija.com@gmail.com","image":{"@type":"ImageObject","inLanguage":"en-GB","@id":"https:\/\/secure.gravatar.com\/avatar\/68592660ad6347fad0fb587f8d5d8f1a7b44961362f56e4f2cd524feb87e9069?s=96&d=mm&r=g","url":"https:\/\/secure.gravatar.com\/avatar\/68592660ad6347fad0fb587f8d5d8f1a7b44961362f56e4f2cd524feb87e9069?s=96&d=mm&r=g","contentUrl":"https:\/\/secure.gravatar.com\/avatar\/68592660ad6347fad0fb587f8d5d8f1a7b44961362f56e4f2cd524feb87e9069?s=96&d=mm&r=g","caption":"dmcsrbija.com@gmail.com"},"sameAs":["https:\/\/dmcsrb.com"],"url":"https:\/\/dmcsrb.com\/en\/author\/dmcsrbija-comgmail-com\/"}]}},"_links":{"self":[{"href":"https:\/\/dmcsrb.com\/en\/wp-json\/wp\/v2\/posts\/952539","targetHints":{"allow":["GET"]}}],"collection":[{"href":"https:\/\/dmcsrb.com\/en\/wp-json\/wp\/v2\/posts"}],"about":[{"href":"https:\/\/dmcsrb.com\/en\/wp-json\/wp\/v2\/types\/post"}],"author":[{"embeddable":true,"href":"https:\/\/dmcsrb.com\/en\/wp-json\/wp\/v2\/users\/1"}],"replies":[{"embeddable":true,"href":"https:\/\/dmcsrb.com\/en\/wp-json\/wp\/v2\/comments?post=952539"}],"version-history":[{"count":0,"href":"https:\/\/dmcsrb.com\/en\/wp-json\/wp\/v2\/posts\/952539\/revisions"}],"wp:featuredmedia":[{"embeddable":true,"href":"https:\/\/dmcsrb.com\/en\/wp-json\/wp\/v2\/media\/952540"}],"wp:attachment":[{"href":"https:\/\/dmcsrb.com\/en\/wp-json\/wp\/v2\/media?parent=952539"}],"wp:term":[{"taxonomy":"category","embeddable":true,"href":"https:\/\/dmcsrb.com\/en\/wp-json\/wp\/v2\/categories?post=952539"},{"taxonomy":"post_tag","embeddable":true,"href":"https:\/\/dmcsrb.com\/en\/wp-json\/wp\/v2\/tags?post=952539"},{"taxonomy":"naslovna","embeddable":true,"href":"https:\/\/dmcsrb.com\/en\/wp-json\/wp\/v2\/naslovna?post=952539"}],"curies":[{"name":"wp","href":"https:\/\/api.w.org\/{rel}","templated":true}]}}