{"id":952534,"date":"2025-09-17T09:38:57","date_gmt":"2025-09-17T07:38:57","guid":{"rendered":"https:\/\/dmcsrb.com\/uncategorized\/pes-portal-dan-obmanuo-javnost-pripisujuci-poslaniku-urosevicu-nepostojecu-izjavu\/"},"modified":"2025-09-17T09:38:57","modified_gmt":"2025-09-17T07:38:57","slug":"pes-portal-dan-obmanuo-javnost-pripisujuci-poslaniku-urosevicu-nepostojecu-izjavu","status":"publish","type":"post","link":"https:\/\/dmcsrb.com\/en\/drustvo\/pes-portal-dan-obmanuo-javnost-pripisujuci-poslaniku-urosevicu-nepostojecu-izjavu\/","title":{"rendered":"PES: Portal Dan obmanuo javnost pripisuju\u0107i poslaniku Uro\u0161evi\u0107u nepostoje\u0107u izjavu"},"content":{"rendered":"<p><\/p>\n\n\n\n<p><\/p>\n\n\n\n<p>Njihovo saoptenje prenosimo integralno:<\/p>\n\n\n\n<p>Razlika izme\u0111u \u201edobrih\u201c i \u201epodobnih\u201c nije semanti\u010dka, ve\u0107 su\u0161tinska: \u201edobri\u201c kandidati su oni koji imaju znanje, integritet i stru\u010dnost, dok \u201epodobni\u201c asociraju na partijsku podobnost i lojalnost. Time je portal Dan poku\u0161ao da gospodina Uro\u0161evi\u0107a predstavi kao simbol politi\u010dke trgovine i kadrovske kombinatorike \u2013 upravo onoga \u0161to Pokret Evropa sad najodlu\u010dnije odbacuje. U prilog tezi da se radi o namjernom kr\u0161enju pravila profesionalnog izvje\u0161tavanja, govori i \u010dinjenica da je Uro\u0161evi\u0107 odmah demantovao navode koji proisti\u010du iz spornog naslova, ve\u0107 tokom trajanje same emisije iz koje je prene\u0161ena prvobitna izjava.<\/p>\n\n\n\n<p>Na\u017ealost, ovo nije izolovan incident, ve\u0107 nastavak kontinuiteta la\u017enih i tendencioznih objava usmjerenih protiv Pokreta Evropa sad!. Podsje\u0107amo javnost da je isti portal ranije: objavljivao izmi\u0161ljena \u201eistra\u017eivanja javnog mnjenja\u201c kako bi manipulisao percepcijom gra\u0111ana; kreirao la\u017ena saop\u0161tenja navodnih udru\u017eenja penzionera sa ciljem da kritikuju rad Vlade; i plasirao \u201etabloidne fotografije\u201c poslanika PES-a u poku\u0161aju da diskredituje na\u0161e predstavnike.<\/p>\n\n\n\n<p>Sve ovo ukazuje na jasno ure\u0111iva\u010dko opredjeljenje portala Dan da dezinformacijama, fabrikovanjem vijesti i zloupotrebom javnog prostora nanosi \u0161tetu Pokretu Evropa sad! i obmanjuje gra\u0111ane.<\/p>\n\n\n\n<p>Zbog toga zahtijevamo da portal Dan hitno ispravi neistinite navode, javno se izvini gospodinu Uro\u0161evi\u0107u i gra\u0111anima, te ubudu\u0107e poka\u017ee minimum profesionalne odgovornosti.<\/p>\n\n\n\n<p>Pokret Evropa sad! ostaje dosljedan u borbi za istinu, transparentnost i modernu Crnu Goru oslobo\u0111enu partijskih i medijskih manipulacija. Na\u0161 dug je prema gra\u0111anima, a ne prema la\u017enim spinovima i fabrikovanim aferama.<\/p>\n\n\n\n<figure class=\"wp-block-table\"><table class=\"has-fixed-layout\"><tbody><tr><td><em>U prilogu je video isje\u010dak izjave poslanika Uro\u0161evi\u0107a<\/em>:<br><br><br><\/td><\/tr><\/tbody><\/table><\/figure>\n\n\n\n<figure class=\"wp-block-video\"><video controls src=\"https:\/\/gradski.me\/wp-content\/uploads\/2025\/09\/WhatsApp-Video-2025-09-17-at-10.54.24.mp4\"><\/video><\/figure>","protected":false},"excerpt":{"rendered":"<p>Jo\u0161 jednom svjedo\u010dimo flagrantnom primjeru manipulacije i obmane javnosti od strane portala Dan. Najnoviji slu\u010daj, u kojem je poslaniku PES-a Uglje\u0161i Uro\u0161evi\u0107u pripisano da namjerava da tra\u017ei \u201epodobne\u201c kandidate za Ustavni sud, iako je jasno rekao \u201edobre\u00a0kandidate\u201c, predstavlja ne samo neprofesionalnost, ve\u0107 i svjesni poku\u0161aj podmetanja i diskreditacije, saop\u0161teno je iz pokreta Evropa sad.<\/p>","protected":false},"author":1,"featured_media":909819,"comment_status":"open","ping_status":"open","sticky":false,"template":"","format":"standard","meta":{"_acf_changed":false,"footnotes":""},"categories":[2],"tags":[125,984,3980],"naslovna":[],"class_list":["post-952534","post","type-post","status-publish","format-standard","has-post-thumbnail","hentry","category-drustvo","tag-dan","tag-pes","tag-reagovanje"],"acf":[],"yoast_head":"<!-- This site is optimized with the Yoast SEO plugin v27.4 - https:\/\/yoast.com\/product\/yoast-seo-wordpress\/ -->\n<title>PES: Portal Dan obmanuo javnost pripisuju\u0107i poslaniku Uro\u0161evi\u0107u nepostoje\u0107u izjavu - dmcsrb.com<\/title>\n<meta name=\"robots\" content=\"index, follow, max-snippet:-1, max-image-preview:large, max-video-preview:-1\" \/>\n<link rel=\"canonical\" href=\"https:\/\/dmcsrb.com\/en\/drustvo\/pes-portal-dan-obmanuo-javnost-pripisujuci-poslaniku-urosevicu-nepostojecu-izjavu\/\" \/>\n<meta property=\"og:locale\" content=\"en_GB\" \/>\n<meta property=\"og:type\" content=\"article\" \/>\n<meta property=\"og:title\" content=\"PES: Portal Dan obmanuo javnost pripisuju\u0107i poslaniku Uro\u0161evi\u0107u nepostoje\u0107u izjavu - dmcsrb.com\" \/>\n<meta property=\"og:description\" content=\"Jo\u0161 jednom svjedo\u010dimo flagrantnom primjeru manipulacije i obmane javnosti od strane portala Dan. Najnoviji slu\u010daj, u kojem je poslaniku PES-a Uglje\u0161i Uro\u0161evi\u0107u pripisano da namjerava da tra\u017ei \u201epodobne\u201c kandidate za Ustavni sud, iako je jasno rekao \u201edobre\u00a0kandidate\u201c, predstavlja ne samo neprofesionalnost, ve\u0107 i svjesni poku\u0161aj podmetanja i diskreditacije, saop\u0161teno je iz pokreta Evropa sad.\" \/>\n<meta property=\"og:url\" content=\"https:\/\/dmcsrb.com\/en\/drustvo\/pes-portal-dan-obmanuo-javnost-pripisujuci-poslaniku-urosevicu-nepostojecu-izjavu\/\" \/>\n<meta property=\"og:site_name\" content=\"dmcsrb.com\" \/>\n<meta property=\"article:published_time\" content=\"2025-09-17T07:38:57+00:00\" \/>\n<meta property=\"og:image\" content=\"https:\/\/dmcsrb.com\/wp-content\/uploads\/2026\/01\/pes1.jpg\" \/>\n\t<meta property=\"og:image:width\" content=\"900\" \/>\n\t<meta property=\"og:image:height\" content=\"507\" \/>\n\t<meta property=\"og:image:type\" content=\"image\/jpeg\" \/>\n<meta name=\"author\" content=\"dmcsrbija.com@gmail.com\" \/>\n<meta name=\"twitter:card\" content=\"summary_large_image\" \/>\n<meta name=\"twitter:label1\" content=\"Written by\" \/>\n\t<meta name=\"twitter:data1\" content=\"dmcsrbija.com@gmail.com\" \/>\n\t<meta name=\"twitter:label2\" content=\"Estimated reading time\" \/>\n\t<meta name=\"twitter:data2\" content=\"1 minute\" \/>\n<script type=\"application\/ld+json\" class=\"yoast-schema-graph\">{\"@context\":\"https:\\\/\\\/schema.org\",\"@graph\":[{\"@type\":\"Article\",\"@id\":\"https:\\\/\\\/dmcsrb.com\\\/en\\\/drustvo\\\/pes-portal-dan-obmanuo-javnost-pripisujuci-poslaniku-urosevicu-nepostojecu-izjavu\\\/#article\",\"isPartOf\":{\"@id\":\"https:\\\/\\\/dmcsrb.com\\\/en\\\/drustvo\\\/pes-portal-dan-obmanuo-javnost-pripisujuci-poslaniku-urosevicu-nepostojecu-izjavu\\\/\"},\"author\":{\"name\":\"dmcsrbija.com@gmail.com\",\"@id\":\"https:\\\/\\\/dmcsrb.com\\\/#\\\/schema\\\/person\\\/5c39170f12db1b8b457732d0b5c854e2\"},\"headline\":\"PES: Portal Dan obmanuo javnost pripisuju\u0107i poslaniku Uro\u0161evi\u0107u nepostoje\u0107u izjavu\",\"datePublished\":\"2025-09-17T07:38:57+00:00\",\"mainEntityOfPage\":{\"@id\":\"https:\\\/\\\/dmcsrb.com\\\/en\\\/drustvo\\\/pes-portal-dan-obmanuo-javnost-pripisujuci-poslaniku-urosevicu-nepostojecu-izjavu\\\/\"},\"wordCount\":291,\"commentCount\":0,\"image\":{\"@id\":\"https:\\\/\\\/dmcsrb.com\\\/en\\\/drustvo\\\/pes-portal-dan-obmanuo-javnost-pripisujuci-poslaniku-urosevicu-nepostojecu-izjavu\\\/#primaryimage\"},\"thumbnailUrl\":\"https:\\\/\\\/dmcsrb.com\\\/wp-content\\\/uploads\\\/2026\\\/01\\\/pes1.jpg\",\"keywords\":[\"DAN\",\"PES\",\"reagovanje\"],\"articleSection\":[\"Dru\u0161tvo\"],\"inLanguage\":\"en-GB\",\"potentialAction\":[{\"@type\":\"CommentAction\",\"name\":\"Comment\",\"target\":[\"https:\\\/\\\/dmcsrb.com\\\/en\\\/drustvo\\\/pes-portal-dan-obmanuo-javnost-pripisujuci-poslaniku-urosevicu-nepostojecu-izjavu\\\/#respond\"]}]},{\"@type\":\"WebPage\",\"@id\":\"https:\\\/\\\/dmcsrb.com\\\/en\\\/drustvo\\\/pes-portal-dan-obmanuo-javnost-pripisujuci-poslaniku-urosevicu-nepostojecu-izjavu\\\/\",\"url\":\"https:\\\/\\\/dmcsrb.com\\\/en\\\/drustvo\\\/pes-portal-dan-obmanuo-javnost-pripisujuci-poslaniku-urosevicu-nepostojecu-izjavu\\\/\",\"name\":\"PES: Portal Dan obmanuo javnost pripisuju\u0107i poslaniku Uro\u0161evi\u0107u nepostoje\u0107u izjavu - dmcsrb.com\",\"isPartOf\":{\"@id\":\"https:\\\/\\\/dmcsrb.com\\\/#website\"},\"primaryImageOfPage\":{\"@id\":\"https:\\\/\\\/dmcsrb.com\\\/en\\\/drustvo\\\/pes-portal-dan-obmanuo-javnost-pripisujuci-poslaniku-urosevicu-nepostojecu-izjavu\\\/#primaryimage\"},\"image\":{\"@id\":\"https:\\\/\\\/dmcsrb.com\\\/en\\\/drustvo\\\/pes-portal-dan-obmanuo-javnost-pripisujuci-poslaniku-urosevicu-nepostojecu-izjavu\\\/#primaryimage\"},\"thumbnailUrl\":\"https:\\\/\\\/dmcsrb.com\\\/wp-content\\\/uploads\\\/2026\\\/01\\\/pes1.jpg\",\"datePublished\":\"2025-09-17T07:38:57+00:00\",\"author\":{\"@id\":\"https:\\\/\\\/dmcsrb.com\\\/#\\\/schema\\\/person\\\/5c39170f12db1b8b457732d0b5c854e2\"},\"breadcrumb\":{\"@id\":\"https:\\\/\\\/dmcsrb.com\\\/en\\\/drustvo\\\/pes-portal-dan-obmanuo-javnost-pripisujuci-poslaniku-urosevicu-nepostojecu-izjavu\\\/#breadcrumb\"},\"inLanguage\":\"en-GB\",\"potentialAction\":[{\"@type\":\"ReadAction\",\"target\":[\"https:\\\/\\\/dmcsrb.com\\\/en\\\/drustvo\\\/pes-portal-dan-obmanuo-javnost-pripisujuci-poslaniku-urosevicu-nepostojecu-izjavu\\\/\"]}]},{\"@type\":\"ImageObject\",\"inLanguage\":\"en-GB\",\"@id\":\"https:\\\/\\\/dmcsrb.com\\\/en\\\/drustvo\\\/pes-portal-dan-obmanuo-javnost-pripisujuci-poslaniku-urosevicu-nepostojecu-izjavu\\\/#primaryimage\",\"url\":\"https:\\\/\\\/dmcsrb.com\\\/wp-content\\\/uploads\\\/2026\\\/01\\\/pes1.jpg\",\"contentUrl\":\"https:\\\/\\\/dmcsrb.com\\\/wp-content\\\/uploads\\\/2026\\\/01\\\/pes1.jpg\",\"width\":900,\"height\":507},{\"@type\":\"BreadcrumbList\",\"@id\":\"https:\\\/\\\/dmcsrb.com\\\/en\\\/drustvo\\\/pes-portal-dan-obmanuo-javnost-pripisujuci-poslaniku-urosevicu-nepostojecu-izjavu\\\/#breadcrumb\",\"itemListElement\":[{\"@type\":\"ListItem\",\"position\":1,\"name\":\"Home\",\"item\":\"https:\\\/\\\/dmcsrb.com\\\/\"},{\"@type\":\"ListItem\",\"position\":2,\"name\":\"PES: Portal Dan obmanuo javnost pripisuju\u0107i poslaniku Uro\u0161evi\u0107u nepostoje\u0107u izjavu\"}]},{\"@type\":\"WebSite\",\"@id\":\"https:\\\/\\\/dmcsrb.com\\\/#website\",\"url\":\"https:\\\/\\\/dmcsrb.com\\\/\",\"name\":\"dmcsrb.com\",\"description\":\"\",\"potentialAction\":[{\"@type\":\"SearchAction\",\"target\":{\"@type\":\"EntryPoint\",\"urlTemplate\":\"https:\\\/\\\/dmcsrb.com\\\/?s={search_term_string}\"},\"query-input\":{\"@type\":\"PropertyValueSpecification\",\"valueRequired\":true,\"valueName\":\"search_term_string\"}}],\"inLanguage\":\"en-GB\"},{\"@type\":\"Person\",\"@id\":\"https:\\\/\\\/dmcsrb.com\\\/#\\\/schema\\\/person\\\/5c39170f12db1b8b457732d0b5c854e2\",\"name\":\"dmcsrbija.com@gmail.com\",\"image\":{\"@type\":\"ImageObject\",\"inLanguage\":\"en-GB\",\"@id\":\"https:\\\/\\\/secure.gravatar.com\\\/avatar\\\/68592660ad6347fad0fb587f8d5d8f1a7b44961362f56e4f2cd524feb87e9069?s=96&d=mm&r=g\",\"url\":\"https:\\\/\\\/secure.gravatar.com\\\/avatar\\\/68592660ad6347fad0fb587f8d5d8f1a7b44961362f56e4f2cd524feb87e9069?s=96&d=mm&r=g\",\"contentUrl\":\"https:\\\/\\\/secure.gravatar.com\\\/avatar\\\/68592660ad6347fad0fb587f8d5d8f1a7b44961362f56e4f2cd524feb87e9069?s=96&d=mm&r=g\",\"caption\":\"dmcsrbija.com@gmail.com\"},\"sameAs\":[\"https:\\\/\\\/dmcsrb.com\"],\"url\":\"https:\\\/\\\/dmcsrb.com\\\/en\\\/author\\\/dmcsrbija-comgmail-com\\\/\"}]}<\/script>\n<!-- \/ Yoast SEO plugin. -->","yoast_head_json":{"title":"PES: Portal Dan obmanuo javnost pripisuju\u0107i poslaniku Uro\u0161evi\u0107u nepostoje\u0107u izjavu - dmcsrb.com","robots":{"index":"index","follow":"follow","max-snippet":"max-snippet:-1","max-image-preview":"max-image-preview:large","max-video-preview":"max-video-preview:-1"},"canonical":"https:\/\/dmcsrb.com\/en\/drustvo\/pes-portal-dan-obmanuo-javnost-pripisujuci-poslaniku-urosevicu-nepostojecu-izjavu\/","og_locale":"en_GB","og_type":"article","og_title":"PES: Portal Dan obmanuo javnost pripisuju\u0107i poslaniku Uro\u0161evi\u0107u nepostoje\u0107u izjavu - dmcsrb.com","og_description":"Jo\u0161 jednom svjedo\u010dimo flagrantnom primjeru manipulacije i obmane javnosti od strane portala Dan. Najnoviji slu\u010daj, u kojem je poslaniku PES-a Uglje\u0161i Uro\u0161evi\u0107u pripisano da namjerava da tra\u017ei \u201epodobne\u201c kandidate za Ustavni sud, iako je jasno rekao \u201edobre\u00a0kandidate\u201c, predstavlja ne samo neprofesionalnost, ve\u0107 i svjesni poku\u0161aj podmetanja i diskreditacije, saop\u0161teno je iz pokreta Evropa sad.","og_url":"https:\/\/dmcsrb.com\/en\/drustvo\/pes-portal-dan-obmanuo-javnost-pripisujuci-poslaniku-urosevicu-nepostojecu-izjavu\/","og_site_name":"dmcsrb.com","article_published_time":"2025-09-17T07:38:57+00:00","og_image":[{"width":900,"height":507,"url":"https:\/\/dmcsrb.com\/wp-content\/uploads\/2026\/01\/pes1.jpg","type":"image\/jpeg"}],"author":"dmcsrbija.com@gmail.com","twitter_card":"summary_large_image","twitter_misc":{"Written by":"dmcsrbija.com@gmail.com","Estimated reading time":"1 minute"},"schema":{"@context":"https:\/\/schema.org","@graph":[{"@type":"Article","@id":"https:\/\/dmcsrb.com\/en\/drustvo\/pes-portal-dan-obmanuo-javnost-pripisujuci-poslaniku-urosevicu-nepostojecu-izjavu\/#article","isPartOf":{"@id":"https:\/\/dmcsrb.com\/en\/drustvo\/pes-portal-dan-obmanuo-javnost-pripisujuci-poslaniku-urosevicu-nepostojecu-izjavu\/"},"author":{"name":"dmcsrbija.com@gmail.com","@id":"https:\/\/dmcsrb.com\/#\/schema\/person\/5c39170f12db1b8b457732d0b5c854e2"},"headline":"PES: Portal Dan obmanuo javnost pripisuju\u0107i poslaniku Uro\u0161evi\u0107u nepostoje\u0107u izjavu","datePublished":"2025-09-17T07:38:57+00:00","mainEntityOfPage":{"@id":"https:\/\/dmcsrb.com\/en\/drustvo\/pes-portal-dan-obmanuo-javnost-pripisujuci-poslaniku-urosevicu-nepostojecu-izjavu\/"},"wordCount":291,"commentCount":0,"image":{"@id":"https:\/\/dmcsrb.com\/en\/drustvo\/pes-portal-dan-obmanuo-javnost-pripisujuci-poslaniku-urosevicu-nepostojecu-izjavu\/#primaryimage"},"thumbnailUrl":"https:\/\/dmcsrb.com\/wp-content\/uploads\/2026\/01\/pes1.jpg","keywords":["DAN","PES","reagovanje"],"articleSection":["Dru\u0161tvo"],"inLanguage":"en-GB","potentialAction":[{"@type":"CommentAction","name":"Comment","target":["https:\/\/dmcsrb.com\/en\/drustvo\/pes-portal-dan-obmanuo-javnost-pripisujuci-poslaniku-urosevicu-nepostojecu-izjavu\/#respond"]}]},{"@type":"WebPage","@id":"https:\/\/dmcsrb.com\/en\/drustvo\/pes-portal-dan-obmanuo-javnost-pripisujuci-poslaniku-urosevicu-nepostojecu-izjavu\/","url":"https:\/\/dmcsrb.com\/en\/drustvo\/pes-portal-dan-obmanuo-javnost-pripisujuci-poslaniku-urosevicu-nepostojecu-izjavu\/","name":"PES: Portal Dan obmanuo javnost pripisuju\u0107i poslaniku Uro\u0161evi\u0107u nepostoje\u0107u izjavu - dmcsrb.com","isPartOf":{"@id":"https:\/\/dmcsrb.com\/#website"},"primaryImageOfPage":{"@id":"https:\/\/dmcsrb.com\/en\/drustvo\/pes-portal-dan-obmanuo-javnost-pripisujuci-poslaniku-urosevicu-nepostojecu-izjavu\/#primaryimage"},"image":{"@id":"https:\/\/dmcsrb.com\/en\/drustvo\/pes-portal-dan-obmanuo-javnost-pripisujuci-poslaniku-urosevicu-nepostojecu-izjavu\/#primaryimage"},"thumbnailUrl":"https:\/\/dmcsrb.com\/wp-content\/uploads\/2026\/01\/pes1.jpg","datePublished":"2025-09-17T07:38:57+00:00","author":{"@id":"https:\/\/dmcsrb.com\/#\/schema\/person\/5c39170f12db1b8b457732d0b5c854e2"},"breadcrumb":{"@id":"https:\/\/dmcsrb.com\/en\/drustvo\/pes-portal-dan-obmanuo-javnost-pripisujuci-poslaniku-urosevicu-nepostojecu-izjavu\/#breadcrumb"},"inLanguage":"en-GB","potentialAction":[{"@type":"ReadAction","target":["https:\/\/dmcsrb.com\/en\/drustvo\/pes-portal-dan-obmanuo-javnost-pripisujuci-poslaniku-urosevicu-nepostojecu-izjavu\/"]}]},{"@type":"ImageObject","inLanguage":"en-GB","@id":"https:\/\/dmcsrb.com\/en\/drustvo\/pes-portal-dan-obmanuo-javnost-pripisujuci-poslaniku-urosevicu-nepostojecu-izjavu\/#primaryimage","url":"https:\/\/dmcsrb.com\/wp-content\/uploads\/2026\/01\/pes1.jpg","contentUrl":"https:\/\/dmcsrb.com\/wp-content\/uploads\/2026\/01\/pes1.jpg","width":900,"height":507},{"@type":"BreadcrumbList","@id":"https:\/\/dmcsrb.com\/en\/drustvo\/pes-portal-dan-obmanuo-javnost-pripisujuci-poslaniku-urosevicu-nepostojecu-izjavu\/#breadcrumb","itemListElement":[{"@type":"ListItem","position":1,"name":"Home","item":"https:\/\/dmcsrb.com\/"},{"@type":"ListItem","position":2,"name":"PES: Portal Dan obmanuo javnost pripisuju\u0107i poslaniku Uro\u0161evi\u0107u nepostoje\u0107u izjavu"}]},{"@type":"WebSite","@id":"https:\/\/dmcsrb.com\/#website","url":"https:\/\/dmcsrb.com\/","name":"dmcsrb.com","description":"","potentialAction":[{"@type":"SearchAction","target":{"@type":"EntryPoint","urlTemplate":"https:\/\/dmcsrb.com\/?s={search_term_string}"},"query-input":{"@type":"PropertyValueSpecification","valueRequired":true,"valueName":"search_term_string"}}],"inLanguage":"en-GB"},{"@type":"Person","@id":"https:\/\/dmcsrb.com\/#\/schema\/person\/5c39170f12db1b8b457732d0b5c854e2","name":"dmcsrbija.com@gmail.com","image":{"@type":"ImageObject","inLanguage":"en-GB","@id":"https:\/\/secure.gravatar.com\/avatar\/68592660ad6347fad0fb587f8d5d8f1a7b44961362f56e4f2cd524feb87e9069?s=96&d=mm&r=g","url":"https:\/\/secure.gravatar.com\/avatar\/68592660ad6347fad0fb587f8d5d8f1a7b44961362f56e4f2cd524feb87e9069?s=96&d=mm&r=g","contentUrl":"https:\/\/secure.gravatar.com\/avatar\/68592660ad6347fad0fb587f8d5d8f1a7b44961362f56e4f2cd524feb87e9069?s=96&d=mm&r=g","caption":"dmcsrbija.com@gmail.com"},"sameAs":["https:\/\/dmcsrb.com"],"url":"https:\/\/dmcsrb.com\/en\/author\/dmcsrbija-comgmail-com\/"}]}},"_links":{"self":[{"href":"https:\/\/dmcsrb.com\/en\/wp-json\/wp\/v2\/posts\/952534","targetHints":{"allow":["GET"]}}],"collection":[{"href":"https:\/\/dmcsrb.com\/en\/wp-json\/wp\/v2\/posts"}],"about":[{"href":"https:\/\/dmcsrb.com\/en\/wp-json\/wp\/v2\/types\/post"}],"author":[{"embeddable":true,"href":"https:\/\/dmcsrb.com\/en\/wp-json\/wp\/v2\/users\/1"}],"replies":[{"embeddable":true,"href":"https:\/\/dmcsrb.com\/en\/wp-json\/wp\/v2\/comments?post=952534"}],"version-history":[{"count":0,"href":"https:\/\/dmcsrb.com\/en\/wp-json\/wp\/v2\/posts\/952534\/revisions"}],"wp:featuredmedia":[{"embeddable":true,"href":"https:\/\/dmcsrb.com\/en\/wp-json\/wp\/v2\/media\/909819"}],"wp:attachment":[{"href":"https:\/\/dmcsrb.com\/en\/wp-json\/wp\/v2\/media?parent=952534"}],"wp:term":[{"taxonomy":"category","embeddable":true,"href":"https:\/\/dmcsrb.com\/en\/wp-json\/wp\/v2\/categories?post=952534"},{"taxonomy":"post_tag","embeddable":true,"href":"https:\/\/dmcsrb.com\/en\/wp-json\/wp\/v2\/tags?post=952534"},{"taxonomy":"naslovna","embeddable":true,"href":"https:\/\/dmcsrb.com\/en\/wp-json\/wp\/v2\/naslovna?post=952534"}],"curies":[{"name":"wp","href":"https:\/\/api.w.org\/{rel}","templated":true}]}}