{"id":952530,"date":"2025-09-17T09:30:00","date_gmt":"2025-09-17T07:30:00","guid":{"rendered":"https:\/\/dmcsrb.com\/uncategorized\/potvrdjena-presuda-kojom-je-nikic-osudjen-na-kaznu-zatvora-od-15-godina-i-sest-mjeseci\/"},"modified":"2025-09-17T09:30:00","modified_gmt":"2025-09-17T07:30:00","slug":"potvrdjena-presuda-kojom-je-nikic-osudjen-na-kaznu-zatvora-od-15-godina-i-sest-mjeseci","status":"publish","type":"post","link":"https:\/\/dmcsrb.com\/en\/hronika\/potvrdjena-presuda-kojom-je-nikic-osudjen-na-kaznu-zatvora-od-15-godina-i-sest-mjeseci\/","title":{"rendered":"Potvr\u0111ena presuda kojom je Niki\u0107 osu\u0111en na kaznu zatvora od 15 godina i \u0161est mjeseci"},"content":{"rendered":"<p><\/p>\n\n\n\n<p>Presudom Vi\u0161eg suda u Podgorici optu\u017eeni Igor Niki\u0107 ogla\u0161en je krivim zbog krivi\u010dnog djela ubistvo u sticaju sa krivi\u010dnim djelom nedozvoljeno dr\u017eanje oru\u017eja i eksplozivnih materija i osu\u0111en je na jedinstvenu kaznu zatvora u trajanju od 15 godina i 6 mjeseca u koju mu je ura\u010dunato vrijeme provedeno u pritvoru.<\/p>\n\n\n\n<p>\u017dalbu protiv prvostepene presude izjavio je branilac optu\u017eenog zbog bitne povrede odredaba krivi\u010dnog postupka, pogre\u0161no i nepotpuno utvr\u0111enog \u010dinjeni\u010dnog stanja i odluke o kazni.<\/p>\n\n\n\n<p>&#8220;Odlu\u010duju\u0107i o \u017ealbi, Apelacioni sud je ocijenio da je prvostepeni sud je dao jasne i potpune razloge, koje je prihvatio i ovaj sud, o tome za\u0161to nije prihvatio stav odbrane da je optu\u017eeni izvr\u0161io ubistvo na mah, pa je na pravilno i potpuno utvr\u0111eno \u010dinjeni\u010dno stanje pravilno primijenio Krivi\u010dni zakonik kada je radnje optu\u017eenog Igora Niki\u0107a pravno ocijenio kao krivi\u010dno djelo ubistvo u sticaju sa krivi\u010dnim djelom nedozvoljeno dr\u017eanje oru\u017eja i eksplozivnih materija&#8221;, isti\u010du iz Apelacionog suda.&nbsp;<\/p>\n\n\n\n<p>Apelacioni sud je, kako ka\u017eu, ispitao pobijanu presudu i u dijelu odluke o kazni koja se osporava \u017ealbom branioca, pa je ocijenio da je prvostepeni sud pravilno utvrdio i u dovoljnoj mjeri vrednovao sve okolnosti koje su od uticaja na izbor krivi\u010dne sankcije i koje su od zna\u010daja da kazna bude ve\u0107a ili manja.<\/p>\n\n\n\n<p>&#8220;Po mi\u0161ljenju Apelacionog suda izre\u010dena kazna zatvora u trajanju od 15 godina i 6 mjeseca predstavlja adekvatnu kaznu te\u017eini krivi\u010dnog djela i stepenu krivice optu\u017eenog, pa je za o\u010dekivati da \u0107e se istom posti\u0107i svrha ka\u017enjavanja u okviru op\u0161te svrhe izricanja krivi\u010dnih sankcija. Presuda Apelacionog suda Crne Gore K\u017e.br. 98\/25 od 02.09.2025.godine, bi\u0107e objavljena na internet stranici Apelacionog suda Crne Gore&#8221;, zaklju\u010duju u saop\u0161tenju.<\/p>\n\n\n\n<p><\/p>","protected":false},"excerpt":{"rendered":"<p>Apelacioni sud Crne Gore je nakon sjednice vije\u0107a od 2. septembra donio presudu kojom je odbio kao neosnovanu \u017ealbu branioca optu\u017eenog Igora Niki\u0107a izjavljenu protiv presude Vi\u0161eg suda u Podgorici, saop\u0161teno je iz Apelacionog suda.<\/p>","protected":false},"author":1,"featured_media":951278,"comment_status":"open","ping_status":"open","sticky":false,"template":"","format":"standard","meta":{"_acf_changed":false,"footnotes":""},"categories":[17],"tags":[8329,8330,8331,8332],"naslovna":[],"class_list":["post-952530","post","type-post","status-publish","format-standard","has-post-thumbnail","hentry","category-hronika","tag-15-godina-i-ses-mjeseci","tag-igor-nikic","tag-kazna-zatvora","tag-potvrdjena-presuda"],"acf":[],"yoast_head":"<!-- This site is optimized with the Yoast SEO plugin v27.4 - https:\/\/yoast.com\/product\/yoast-seo-wordpress\/ -->\n<title>Potvr\u0111ena presuda kojom je Niki\u0107 osu\u0111en na kaznu zatvora od 15 godina i \u0161est mjeseci - dmcsrb.com<\/title>\n<meta name=\"robots\" content=\"index, follow, max-snippet:-1, max-image-preview:large, max-video-preview:-1\" \/>\n<link rel=\"canonical\" href=\"https:\/\/dmcsrb.com\/en\/hronika\/potvrdjena-presuda-kojom-je-nikic-osudjen-na-kaznu-zatvora-od-15-godina-i-sest-mjeseci\/\" \/>\n<meta property=\"og:locale\" content=\"en_GB\" \/>\n<meta property=\"og:type\" content=\"article\" \/>\n<meta property=\"og:title\" content=\"Potvr\u0111ena presuda kojom je Niki\u0107 osu\u0111en na kaznu zatvora od 15 godina i \u0161est mjeseci - dmcsrb.com\" \/>\n<meta property=\"og:description\" content=\"Apelacioni sud Crne Gore je nakon sjednice vije\u0107a od 2. septembra donio presudu kojom je odbio kao neosnovanu \u017ealbu branioca optu\u017eenog Igora Niki\u0107a izjavljenu protiv presude Vi\u0161eg suda u Podgorici, saop\u0161teno je iz Apelacionog suda.\" \/>\n<meta property=\"og:url\" content=\"https:\/\/dmcsrb.com\/en\/hronika\/potvrdjena-presuda-kojom-je-nikic-osudjen-na-kaznu-zatvora-od-15-godina-i-sest-mjeseci\/\" \/>\n<meta property=\"og:site_name\" content=\"dmcsrb.com\" \/>\n<meta property=\"article:published_time\" content=\"2025-09-17T07:30:00+00:00\" \/>\n<meta property=\"og:image\" content=\"https:\/\/dmcsrb.com\/wp-content\/uploads\/2026\/01\/apelacioni-sud-crne-gore.webp\" \/>\n\t<meta property=\"og:image:width\" content=\"900\" \/>\n\t<meta property=\"og:image:height\" content=\"534\" \/>\n\t<meta property=\"og:image:type\" content=\"image\/jpeg\" \/>\n<meta name=\"author\" content=\"dmcsrbija.com@gmail.com\" \/>\n<meta name=\"twitter:card\" content=\"summary_large_image\" \/>\n<meta name=\"twitter:label1\" content=\"Written by\" \/>\n\t<meta name=\"twitter:data1\" content=\"dmcsrbija.com@gmail.com\" \/>\n\t<meta name=\"twitter:label2\" content=\"Estimated reading time\" \/>\n\t<meta name=\"twitter:data2\" content=\"2 minutes\" \/>\n<script type=\"application\/ld+json\" class=\"yoast-schema-graph\">{\"@context\":\"https:\\\/\\\/schema.org\",\"@graph\":[{\"@type\":\"Article\",\"@id\":\"https:\\\/\\\/dmcsrb.com\\\/hronika\\\/potvrdjena-presuda-kojom-je-nikic-osudjen-na-kaznu-zatvora-od-15-godina-i-sest-mjeseci\\\/#article\",\"isPartOf\":{\"@id\":\"https:\\\/\\\/dmcsrb.com\\\/hronika\\\/potvrdjena-presuda-kojom-je-nikic-osudjen-na-kaznu-zatvora-od-15-godina-i-sest-mjeseci\\\/\"},\"author\":{\"name\":\"dmcsrbija.com@gmail.com\",\"@id\":\"https:\\\/\\\/dmcsrb.com\\\/#\\\/schema\\\/person\\\/5c39170f12db1b8b457732d0b5c854e2\"},\"headline\":\"Potvr\u0111ena presuda kojom je Niki\u0107 osu\u0111en na kaznu zatvora od 15 godina i \u0161est mjeseci\",\"datePublished\":\"2025-09-17T07:30:00+00:00\",\"mainEntityOfPage\":{\"@id\":\"https:\\\/\\\/dmcsrb.com\\\/hronika\\\/potvrdjena-presuda-kojom-je-nikic-osudjen-na-kaznu-zatvora-od-15-godina-i-sest-mjeseci\\\/\"},\"wordCount\":328,\"commentCount\":0,\"image\":{\"@id\":\"https:\\\/\\\/dmcsrb.com\\\/hronika\\\/potvrdjena-presuda-kojom-je-nikic-osudjen-na-kaznu-zatvora-od-15-godina-i-sest-mjeseci\\\/#primaryimage\"},\"thumbnailUrl\":\"https:\\\/\\\/dmcsrb.com\\\/wp-content\\\/uploads\\\/2026\\\/01\\\/apelacioni-sud-crne-gore.webp\",\"keywords\":[\"15 godina i \u0161es mjeseci\",\"Igor Niki\u0107\",\"kazna zatvora\",\"Potvr\u0111ena presuda\"],\"articleSection\":[\"Hronika\"],\"inLanguage\":\"en-GB\",\"potentialAction\":[{\"@type\":\"CommentAction\",\"name\":\"Comment\",\"target\":[\"https:\\\/\\\/dmcsrb.com\\\/hronika\\\/potvrdjena-presuda-kojom-je-nikic-osudjen-na-kaznu-zatvora-od-15-godina-i-sest-mjeseci\\\/#respond\"]}]},{\"@type\":\"WebPage\",\"@id\":\"https:\\\/\\\/dmcsrb.com\\\/hronika\\\/potvrdjena-presuda-kojom-je-nikic-osudjen-na-kaznu-zatvora-od-15-godina-i-sest-mjeseci\\\/\",\"url\":\"https:\\\/\\\/dmcsrb.com\\\/hronika\\\/potvrdjena-presuda-kojom-je-nikic-osudjen-na-kaznu-zatvora-od-15-godina-i-sest-mjeseci\\\/\",\"name\":\"Potvr\u0111ena presuda kojom je Niki\u0107 osu\u0111en na kaznu zatvora od 15 godina i \u0161est mjeseci - dmcsrb.com\",\"isPartOf\":{\"@id\":\"https:\\\/\\\/dmcsrb.com\\\/#website\"},\"primaryImageOfPage\":{\"@id\":\"https:\\\/\\\/dmcsrb.com\\\/hronika\\\/potvrdjena-presuda-kojom-je-nikic-osudjen-na-kaznu-zatvora-od-15-godina-i-sest-mjeseci\\\/#primaryimage\"},\"image\":{\"@id\":\"https:\\\/\\\/dmcsrb.com\\\/hronika\\\/potvrdjena-presuda-kojom-je-nikic-osudjen-na-kaznu-zatvora-od-15-godina-i-sest-mjeseci\\\/#primaryimage\"},\"thumbnailUrl\":\"https:\\\/\\\/dmcsrb.com\\\/wp-content\\\/uploads\\\/2026\\\/01\\\/apelacioni-sud-crne-gore.webp\",\"datePublished\":\"2025-09-17T07:30:00+00:00\",\"author\":{\"@id\":\"https:\\\/\\\/dmcsrb.com\\\/#\\\/schema\\\/person\\\/5c39170f12db1b8b457732d0b5c854e2\"},\"breadcrumb\":{\"@id\":\"https:\\\/\\\/dmcsrb.com\\\/hronika\\\/potvrdjena-presuda-kojom-je-nikic-osudjen-na-kaznu-zatvora-od-15-godina-i-sest-mjeseci\\\/#breadcrumb\"},\"inLanguage\":\"en-GB\",\"potentialAction\":[{\"@type\":\"ReadAction\",\"target\":[\"https:\\\/\\\/dmcsrb.com\\\/hronika\\\/potvrdjena-presuda-kojom-je-nikic-osudjen-na-kaznu-zatvora-od-15-godina-i-sest-mjeseci\\\/\"]}]},{\"@type\":\"ImageObject\",\"inLanguage\":\"en-GB\",\"@id\":\"https:\\\/\\\/dmcsrb.com\\\/hronika\\\/potvrdjena-presuda-kojom-je-nikic-osudjen-na-kaznu-zatvora-od-15-godina-i-sest-mjeseci\\\/#primaryimage\",\"url\":\"https:\\\/\\\/dmcsrb.com\\\/wp-content\\\/uploads\\\/2026\\\/01\\\/apelacioni-sud-crne-gore.webp\",\"contentUrl\":\"https:\\\/\\\/dmcsrb.com\\\/wp-content\\\/uploads\\\/2026\\\/01\\\/apelacioni-sud-crne-gore.webp\",\"width\":900,\"height\":534},{\"@type\":\"BreadcrumbList\",\"@id\":\"https:\\\/\\\/dmcsrb.com\\\/hronika\\\/potvrdjena-presuda-kojom-je-nikic-osudjen-na-kaznu-zatvora-od-15-godina-i-sest-mjeseci\\\/#breadcrumb\",\"itemListElement\":[{\"@type\":\"ListItem\",\"position\":1,\"name\":\"Home\",\"item\":\"https:\\\/\\\/dmcsrb.com\\\/\"},{\"@type\":\"ListItem\",\"position\":2,\"name\":\"Potvr\u0111ena presuda kojom je Niki\u0107 osu\u0111en na kaznu zatvora od 15 godina i \u0161est mjeseci\"}]},{\"@type\":\"WebSite\",\"@id\":\"https:\\\/\\\/dmcsrb.com\\\/#website\",\"url\":\"https:\\\/\\\/dmcsrb.com\\\/\",\"name\":\"dmcsrb.com\",\"description\":\"\",\"potentialAction\":[{\"@type\":\"SearchAction\",\"target\":{\"@type\":\"EntryPoint\",\"urlTemplate\":\"https:\\\/\\\/dmcsrb.com\\\/?s={search_term_string}\"},\"query-input\":{\"@type\":\"PropertyValueSpecification\",\"valueRequired\":true,\"valueName\":\"search_term_string\"}}],\"inLanguage\":\"en-GB\"},{\"@type\":\"Person\",\"@id\":\"https:\\\/\\\/dmcsrb.com\\\/#\\\/schema\\\/person\\\/5c39170f12db1b8b457732d0b5c854e2\",\"name\":\"dmcsrbija.com@gmail.com\",\"image\":{\"@type\":\"ImageObject\",\"inLanguage\":\"en-GB\",\"@id\":\"https:\\\/\\\/secure.gravatar.com\\\/avatar\\\/68592660ad6347fad0fb587f8d5d8f1a7b44961362f56e4f2cd524feb87e9069?s=96&d=mm&r=g\",\"url\":\"https:\\\/\\\/secure.gravatar.com\\\/avatar\\\/68592660ad6347fad0fb587f8d5d8f1a7b44961362f56e4f2cd524feb87e9069?s=96&d=mm&r=g\",\"contentUrl\":\"https:\\\/\\\/secure.gravatar.com\\\/avatar\\\/68592660ad6347fad0fb587f8d5d8f1a7b44961362f56e4f2cd524feb87e9069?s=96&d=mm&r=g\",\"caption\":\"dmcsrbija.com@gmail.com\"},\"sameAs\":[\"https:\\\/\\\/dmcsrb.com\"],\"url\":\"https:\\\/\\\/dmcsrb.com\\\/en\\\/author\\\/dmcsrbija-comgmail-com\\\/\"}]}<\/script>\n<!-- \/ Yoast SEO plugin. -->","yoast_head_json":{"title":"Potvr\u0111ena presuda kojom je Niki\u0107 osu\u0111en na kaznu zatvora od 15 godina i \u0161est mjeseci - dmcsrb.com","robots":{"index":"index","follow":"follow","max-snippet":"max-snippet:-1","max-image-preview":"max-image-preview:large","max-video-preview":"max-video-preview:-1"},"canonical":"https:\/\/dmcsrb.com\/en\/hronika\/potvrdjena-presuda-kojom-je-nikic-osudjen-na-kaznu-zatvora-od-15-godina-i-sest-mjeseci\/","og_locale":"en_GB","og_type":"article","og_title":"Potvr\u0111ena presuda kojom je Niki\u0107 osu\u0111en na kaznu zatvora od 15 godina i \u0161est mjeseci - dmcsrb.com","og_description":"Apelacioni sud Crne Gore je nakon sjednice vije\u0107a od 2. septembra donio presudu kojom je odbio kao neosnovanu \u017ealbu branioca optu\u017eenog Igora Niki\u0107a izjavljenu protiv presude Vi\u0161eg suda u Podgorici, saop\u0161teno je iz Apelacionog suda.","og_url":"https:\/\/dmcsrb.com\/en\/hronika\/potvrdjena-presuda-kojom-je-nikic-osudjen-na-kaznu-zatvora-od-15-godina-i-sest-mjeseci\/","og_site_name":"dmcsrb.com","article_published_time":"2025-09-17T07:30:00+00:00","og_image":[{"width":900,"height":534,"url":"https:\/\/dmcsrb.com\/wp-content\/uploads\/2026\/01\/apelacioni-sud-crne-gore.webp","type":"image\/jpeg"}],"author":"dmcsrbija.com@gmail.com","twitter_card":"summary_large_image","twitter_misc":{"Written by":"dmcsrbija.com@gmail.com","Estimated reading time":"2 minutes"},"schema":{"@context":"https:\/\/schema.org","@graph":[{"@type":"Article","@id":"https:\/\/dmcsrb.com\/hronika\/potvrdjena-presuda-kojom-je-nikic-osudjen-na-kaznu-zatvora-od-15-godina-i-sest-mjeseci\/#article","isPartOf":{"@id":"https:\/\/dmcsrb.com\/hronika\/potvrdjena-presuda-kojom-je-nikic-osudjen-na-kaznu-zatvora-od-15-godina-i-sest-mjeseci\/"},"author":{"name":"dmcsrbija.com@gmail.com","@id":"https:\/\/dmcsrb.com\/#\/schema\/person\/5c39170f12db1b8b457732d0b5c854e2"},"headline":"Potvr\u0111ena presuda kojom je Niki\u0107 osu\u0111en na kaznu zatvora od 15 godina i \u0161est mjeseci","datePublished":"2025-09-17T07:30:00+00:00","mainEntityOfPage":{"@id":"https:\/\/dmcsrb.com\/hronika\/potvrdjena-presuda-kojom-je-nikic-osudjen-na-kaznu-zatvora-od-15-godina-i-sest-mjeseci\/"},"wordCount":328,"commentCount":0,"image":{"@id":"https:\/\/dmcsrb.com\/hronika\/potvrdjena-presuda-kojom-je-nikic-osudjen-na-kaznu-zatvora-od-15-godina-i-sest-mjeseci\/#primaryimage"},"thumbnailUrl":"https:\/\/dmcsrb.com\/wp-content\/uploads\/2026\/01\/apelacioni-sud-crne-gore.webp","keywords":["15 godina i \u0161es mjeseci","Igor Niki\u0107","kazna zatvora","Potvr\u0111ena presuda"],"articleSection":["Hronika"],"inLanguage":"en-GB","potentialAction":[{"@type":"CommentAction","name":"Comment","target":["https:\/\/dmcsrb.com\/hronika\/potvrdjena-presuda-kojom-je-nikic-osudjen-na-kaznu-zatvora-od-15-godina-i-sest-mjeseci\/#respond"]}]},{"@type":"WebPage","@id":"https:\/\/dmcsrb.com\/hronika\/potvrdjena-presuda-kojom-je-nikic-osudjen-na-kaznu-zatvora-od-15-godina-i-sest-mjeseci\/","url":"https:\/\/dmcsrb.com\/hronika\/potvrdjena-presuda-kojom-je-nikic-osudjen-na-kaznu-zatvora-od-15-godina-i-sest-mjeseci\/","name":"Potvr\u0111ena presuda kojom je Niki\u0107 osu\u0111en na kaznu zatvora od 15 godina i \u0161est mjeseci - dmcsrb.com","isPartOf":{"@id":"https:\/\/dmcsrb.com\/#website"},"primaryImageOfPage":{"@id":"https:\/\/dmcsrb.com\/hronika\/potvrdjena-presuda-kojom-je-nikic-osudjen-na-kaznu-zatvora-od-15-godina-i-sest-mjeseci\/#primaryimage"},"image":{"@id":"https:\/\/dmcsrb.com\/hronika\/potvrdjena-presuda-kojom-je-nikic-osudjen-na-kaznu-zatvora-od-15-godina-i-sest-mjeseci\/#primaryimage"},"thumbnailUrl":"https:\/\/dmcsrb.com\/wp-content\/uploads\/2026\/01\/apelacioni-sud-crne-gore.webp","datePublished":"2025-09-17T07:30:00+00:00","author":{"@id":"https:\/\/dmcsrb.com\/#\/schema\/person\/5c39170f12db1b8b457732d0b5c854e2"},"breadcrumb":{"@id":"https:\/\/dmcsrb.com\/hronika\/potvrdjena-presuda-kojom-je-nikic-osudjen-na-kaznu-zatvora-od-15-godina-i-sest-mjeseci\/#breadcrumb"},"inLanguage":"en-GB","potentialAction":[{"@type":"ReadAction","target":["https:\/\/dmcsrb.com\/hronika\/potvrdjena-presuda-kojom-je-nikic-osudjen-na-kaznu-zatvora-od-15-godina-i-sest-mjeseci\/"]}]},{"@type":"ImageObject","inLanguage":"en-GB","@id":"https:\/\/dmcsrb.com\/hronika\/potvrdjena-presuda-kojom-je-nikic-osudjen-na-kaznu-zatvora-od-15-godina-i-sest-mjeseci\/#primaryimage","url":"https:\/\/dmcsrb.com\/wp-content\/uploads\/2026\/01\/apelacioni-sud-crne-gore.webp","contentUrl":"https:\/\/dmcsrb.com\/wp-content\/uploads\/2026\/01\/apelacioni-sud-crne-gore.webp","width":900,"height":534},{"@type":"BreadcrumbList","@id":"https:\/\/dmcsrb.com\/hronika\/potvrdjena-presuda-kojom-je-nikic-osudjen-na-kaznu-zatvora-od-15-godina-i-sest-mjeseci\/#breadcrumb","itemListElement":[{"@type":"ListItem","position":1,"name":"Home","item":"https:\/\/dmcsrb.com\/"},{"@type":"ListItem","position":2,"name":"Potvr\u0111ena presuda kojom je Niki\u0107 osu\u0111en na kaznu zatvora od 15 godina i \u0161est mjeseci"}]},{"@type":"WebSite","@id":"https:\/\/dmcsrb.com\/#website","url":"https:\/\/dmcsrb.com\/","name":"dmcsrb.com","description":"","potentialAction":[{"@type":"SearchAction","target":{"@type":"EntryPoint","urlTemplate":"https:\/\/dmcsrb.com\/?s={search_term_string}"},"query-input":{"@type":"PropertyValueSpecification","valueRequired":true,"valueName":"search_term_string"}}],"inLanguage":"en-GB"},{"@type":"Person","@id":"https:\/\/dmcsrb.com\/#\/schema\/person\/5c39170f12db1b8b457732d0b5c854e2","name":"dmcsrbija.com@gmail.com","image":{"@type":"ImageObject","inLanguage":"en-GB","@id":"https:\/\/secure.gravatar.com\/avatar\/68592660ad6347fad0fb587f8d5d8f1a7b44961362f56e4f2cd524feb87e9069?s=96&d=mm&r=g","url":"https:\/\/secure.gravatar.com\/avatar\/68592660ad6347fad0fb587f8d5d8f1a7b44961362f56e4f2cd524feb87e9069?s=96&d=mm&r=g","contentUrl":"https:\/\/secure.gravatar.com\/avatar\/68592660ad6347fad0fb587f8d5d8f1a7b44961362f56e4f2cd524feb87e9069?s=96&d=mm&r=g","caption":"dmcsrbija.com@gmail.com"},"sameAs":["https:\/\/dmcsrb.com"],"url":"https:\/\/dmcsrb.com\/en\/author\/dmcsrbija-comgmail-com\/"}]}},"_links":{"self":[{"href":"https:\/\/dmcsrb.com\/en\/wp-json\/wp\/v2\/posts\/952530","targetHints":{"allow":["GET"]}}],"collection":[{"href":"https:\/\/dmcsrb.com\/en\/wp-json\/wp\/v2\/posts"}],"about":[{"href":"https:\/\/dmcsrb.com\/en\/wp-json\/wp\/v2\/types\/post"}],"author":[{"embeddable":true,"href":"https:\/\/dmcsrb.com\/en\/wp-json\/wp\/v2\/users\/1"}],"replies":[{"embeddable":true,"href":"https:\/\/dmcsrb.com\/en\/wp-json\/wp\/v2\/comments?post=952530"}],"version-history":[{"count":0,"href":"https:\/\/dmcsrb.com\/en\/wp-json\/wp\/v2\/posts\/952530\/revisions"}],"wp:featuredmedia":[{"embeddable":true,"href":"https:\/\/dmcsrb.com\/en\/wp-json\/wp\/v2\/media\/951278"}],"wp:attachment":[{"href":"https:\/\/dmcsrb.com\/en\/wp-json\/wp\/v2\/media?parent=952530"}],"wp:term":[{"taxonomy":"category","embeddable":true,"href":"https:\/\/dmcsrb.com\/en\/wp-json\/wp\/v2\/categories?post=952530"},{"taxonomy":"post_tag","embeddable":true,"href":"https:\/\/dmcsrb.com\/en\/wp-json\/wp\/v2\/tags?post=952530"},{"taxonomy":"naslovna","embeddable":true,"href":"https:\/\/dmcsrb.com\/en\/wp-json\/wp\/v2\/naslovna?post=952530"}],"curies":[{"name":"wp","href":"https:\/\/api.w.org\/{rel}","templated":true}]}}