{"id":952528,"date":"2025-09-17T10:22:00","date_gmt":"2025-09-17T08:22:00","guid":{"rendered":"https:\/\/dmcsrb.com\/uncategorized\/postavljen-prvi-most-na-putu-vrulja-mijakovici-zavrsetak-radova-se-ocekuje-do-kraja-oktobra\/"},"modified":"2025-09-17T10:22:00","modified_gmt":"2025-09-17T08:22:00","slug":"postavljen-prvi-most-na-putu-vrulja-mijakovici-zavrsetak-radova-se-ocekuje-do-kraja-oktobra","status":"publish","type":"post","link":"https:\/\/dmcsrb.com\/en\/ekonomija\/postavljen-prvi-most-na-putu-vrulja-mijakovici-zavrsetak-radova-se-ocekuje-do-kraja-oktobra\/","title":{"rendered":"Postavljen prvi most na putu Vrulja \u2013 Mijakovi\u0107i, zavr\u0161etak radova se o\u010dekuje do kraja oktobra"},"content":{"rendered":"<p><\/p>\n\n\n\n<p><\/p>\n\n\n\n<p>&#8220;Rije\u010d je o izgradnji puta od velikog zna\u010daja za lokalno stanovni\u0161tvo i razvoj ovog kraja. Projekat je u prethodnom periodu bio u zastoju, a ponovo je pokrenut u septembru 2024. godine, nakon \u0161to su Ministarstvo saobra\u0107aja i Uprava za saobra\u0107aj preduzeli mjere kako bi se otklonile prepreke i obezbijedila nesmetana dinamika radova.<\/p>\n\n\n\n<p>Ministarstvo saobra\u0107aja i Uprava za saobra\u0107aj su nedavno zavr\u0161ili adaptiranje devet kilometara na magistralnom putu R-11, koji je asfaltiran nakon punih 35 godina. Zapo\u010deti su i radovi na rekonstrukciji mosta na \u0110ur\u0111evi\u0107a Tari, a do kraja godine o\u010dekuje se i sanacija klizi\u0161ta Sokolovina na magistralnom putu Mojkovac &#8211; \u0110ur\u0111evica Tara.<\/p>\n\n\n\n<p>Ipak izgradnja novog puta Vrulja &#8211; Mijakovi\u0107i je zasigurno najva\u017eniji projekat za gra\u0111ane Op\u0161tine Pljevlja, jer \u0107e ih na mnogo bolji na\u010din povezati sa ostatkom Crne Gore&#8221;, kazala je Vuki\u0107evi\u0107.<\/p>\n\n\n\n<figure class=\"wp-block-video\"><video controls src=\"https:\/\/gradski.me\/wp-content\/uploads\/2025\/09\/inbound5845213367133249397.mp4\"><\/video><\/figure>","protected":false},"excerpt":{"rendered":"<p>Ministarka saobra\u0107aja Maja Vuki\u0107evi\u0107 objavila je da je postavljen prvi most na novom putnom pravcu Vrulja \u2013 Mijakovi\u0107i, \u010dime je ozna\u010den va\u017ean korak u realizaciji ovog infrastrukturnog projekta.<\/p>","protected":false},"author":1,"featured_media":952529,"comment_status":"open","ping_status":"open","sticky":false,"template":"","format":"standard","meta":{"_acf_changed":false,"footnotes":""},"categories":[27],"tags":[4377,3426],"naslovna":[],"class_list":["post-952528","post","type-post","status-publish","format-standard","has-post-thumbnail","hentry","category-ekonomija","tag-mostovi","tag-vukicevic"],"acf":[],"yoast_head":"<!-- This site is optimized with the Yoast SEO plugin v27.4 - https:\/\/yoast.com\/product\/yoast-seo-wordpress\/ -->\n<title>Postavljen prvi most na putu Vrulja \u2013 Mijakovi\u0107i, zavr\u0161etak radova se o\u010dekuje do kraja oktobra - dmcsrb.com<\/title>\n<meta name=\"robots\" content=\"index, follow, max-snippet:-1, max-image-preview:large, max-video-preview:-1\" \/>\n<link rel=\"canonical\" href=\"https:\/\/dmcsrb.com\/en\/ekonomija\/postavljen-prvi-most-na-putu-vrulja-mijakovici-zavrsetak-radova-se-ocekuje-do-kraja-oktobra\/\" \/>\n<meta property=\"og:locale\" content=\"en_GB\" \/>\n<meta property=\"og:type\" content=\"article\" \/>\n<meta property=\"og:title\" content=\"Postavljen prvi most na putu Vrulja \u2013 Mijakovi\u0107i, zavr\u0161etak radova se o\u010dekuje do kraja oktobra - dmcsrb.com\" \/>\n<meta property=\"og:description\" content=\"Ministarka saobra\u0107aja Maja Vuki\u0107evi\u0107 objavila je da je postavljen prvi most na novom putnom pravcu Vrulja \u2013 Mijakovi\u0107i, \u010dime je ozna\u010den va\u017ean korak u realizaciji ovog infrastrukturnog projekta.\" \/>\n<meta property=\"og:url\" content=\"https:\/\/dmcsrb.com\/en\/ekonomija\/postavljen-prvi-most-na-putu-vrulja-mijakovici-zavrsetak-radova-se-ocekuje-do-kraja-oktobra\/\" \/>\n<meta property=\"og:site_name\" content=\"dmcsrb.com\" \/>\n<meta property=\"article:published_time\" content=\"2025-09-17T08:22:00+00:00\" \/>\n<meta property=\"og:image\" content=\"https:\/\/dmcsrb.com\/wp-content\/uploads\/2026\/01\/most.webp\" \/>\n\t<meta property=\"og:image:width\" content=\"744\" \/>\n\t<meta property=\"og:image:height\" content=\"396\" \/>\n\t<meta property=\"og:image:type\" content=\"image\/jpeg\" \/>\n<meta name=\"author\" content=\"dmcsrbija.com@gmail.com\" \/>\n<meta name=\"twitter:card\" content=\"summary_large_image\" \/>\n<meta name=\"twitter:label1\" content=\"Written by\" \/>\n\t<meta name=\"twitter:data1\" content=\"dmcsrbija.com@gmail.com\" \/>\n\t<meta name=\"twitter:label2\" content=\"Estimated reading time\" \/>\n\t<meta name=\"twitter:data2\" content=\"1 minute\" \/>\n<script type=\"application\/ld+json\" class=\"yoast-schema-graph\">{\"@context\":\"https:\\\/\\\/schema.org\",\"@graph\":[{\"@type\":\"Article\",\"@id\":\"https:\\\/\\\/dmcsrb.com\\\/ekonomija\\\/postavljen-prvi-most-na-putu-vrulja-mijakovici-zavrsetak-radova-se-ocekuje-do-kraja-oktobra\\\/#article\",\"isPartOf\":{\"@id\":\"https:\\\/\\\/dmcsrb.com\\\/ekonomija\\\/postavljen-prvi-most-na-putu-vrulja-mijakovici-zavrsetak-radova-se-ocekuje-do-kraja-oktobra\\\/\"},\"author\":{\"name\":\"dmcsrbija.com@gmail.com\",\"@id\":\"https:\\\/\\\/dmcsrb.com\\\/#\\\/schema\\\/person\\\/5c39170f12db1b8b457732d0b5c854e2\"},\"headline\":\"Postavljen prvi most na putu Vrulja \u2013 Mijakovi\u0107i, zavr\u0161etak radova se o\u010dekuje do kraja oktobra\",\"datePublished\":\"2025-09-17T08:22:00+00:00\",\"mainEntityOfPage\":{\"@id\":\"https:\\\/\\\/dmcsrb.com\\\/ekonomija\\\/postavljen-prvi-most-na-putu-vrulja-mijakovici-zavrsetak-radova-se-ocekuje-do-kraja-oktobra\\\/\"},\"wordCount\":166,\"commentCount\":0,\"image\":{\"@id\":\"https:\\\/\\\/dmcsrb.com\\\/ekonomija\\\/postavljen-prvi-most-na-putu-vrulja-mijakovici-zavrsetak-radova-se-ocekuje-do-kraja-oktobra\\\/#primaryimage\"},\"thumbnailUrl\":\"https:\\\/\\\/dmcsrb.com\\\/wp-content\\\/uploads\\\/2026\\\/01\\\/most.webp\",\"keywords\":[\"mostovi\",\"vuki\u0107evi\u0107\"],\"articleSection\":[\"Ekonomija\"],\"inLanguage\":\"en-GB\",\"potentialAction\":[{\"@type\":\"CommentAction\",\"name\":\"Comment\",\"target\":[\"https:\\\/\\\/dmcsrb.com\\\/ekonomija\\\/postavljen-prvi-most-na-putu-vrulja-mijakovici-zavrsetak-radova-se-ocekuje-do-kraja-oktobra\\\/#respond\"]}]},{\"@type\":\"WebPage\",\"@id\":\"https:\\\/\\\/dmcsrb.com\\\/ekonomija\\\/postavljen-prvi-most-na-putu-vrulja-mijakovici-zavrsetak-radova-se-ocekuje-do-kraja-oktobra\\\/\",\"url\":\"https:\\\/\\\/dmcsrb.com\\\/ekonomija\\\/postavljen-prvi-most-na-putu-vrulja-mijakovici-zavrsetak-radova-se-ocekuje-do-kraja-oktobra\\\/\",\"name\":\"Postavljen prvi most na putu Vrulja \u2013 Mijakovi\u0107i, zavr\u0161etak radova se o\u010dekuje do kraja oktobra - dmcsrb.com\",\"isPartOf\":{\"@id\":\"https:\\\/\\\/dmcsrb.com\\\/#website\"},\"primaryImageOfPage\":{\"@id\":\"https:\\\/\\\/dmcsrb.com\\\/ekonomija\\\/postavljen-prvi-most-na-putu-vrulja-mijakovici-zavrsetak-radova-se-ocekuje-do-kraja-oktobra\\\/#primaryimage\"},\"image\":{\"@id\":\"https:\\\/\\\/dmcsrb.com\\\/ekonomija\\\/postavljen-prvi-most-na-putu-vrulja-mijakovici-zavrsetak-radova-se-ocekuje-do-kraja-oktobra\\\/#primaryimage\"},\"thumbnailUrl\":\"https:\\\/\\\/dmcsrb.com\\\/wp-content\\\/uploads\\\/2026\\\/01\\\/most.webp\",\"datePublished\":\"2025-09-17T08:22:00+00:00\",\"author\":{\"@id\":\"https:\\\/\\\/dmcsrb.com\\\/#\\\/schema\\\/person\\\/5c39170f12db1b8b457732d0b5c854e2\"},\"breadcrumb\":{\"@id\":\"https:\\\/\\\/dmcsrb.com\\\/ekonomija\\\/postavljen-prvi-most-na-putu-vrulja-mijakovici-zavrsetak-radova-se-ocekuje-do-kraja-oktobra\\\/#breadcrumb\"},\"inLanguage\":\"en-GB\",\"potentialAction\":[{\"@type\":\"ReadAction\",\"target\":[\"https:\\\/\\\/dmcsrb.com\\\/ekonomija\\\/postavljen-prvi-most-na-putu-vrulja-mijakovici-zavrsetak-radova-se-ocekuje-do-kraja-oktobra\\\/\"]}]},{\"@type\":\"ImageObject\",\"inLanguage\":\"en-GB\",\"@id\":\"https:\\\/\\\/dmcsrb.com\\\/ekonomija\\\/postavljen-prvi-most-na-putu-vrulja-mijakovici-zavrsetak-radova-se-ocekuje-do-kraja-oktobra\\\/#primaryimage\",\"url\":\"https:\\\/\\\/dmcsrb.com\\\/wp-content\\\/uploads\\\/2026\\\/01\\\/most.webp\",\"contentUrl\":\"https:\\\/\\\/dmcsrb.com\\\/wp-content\\\/uploads\\\/2026\\\/01\\\/most.webp\",\"width\":744,\"height\":396},{\"@type\":\"BreadcrumbList\",\"@id\":\"https:\\\/\\\/dmcsrb.com\\\/ekonomija\\\/postavljen-prvi-most-na-putu-vrulja-mijakovici-zavrsetak-radova-se-ocekuje-do-kraja-oktobra\\\/#breadcrumb\",\"itemListElement\":[{\"@type\":\"ListItem\",\"position\":1,\"name\":\"Home\",\"item\":\"https:\\\/\\\/dmcsrb.com\\\/\"},{\"@type\":\"ListItem\",\"position\":2,\"name\":\"Postavljen prvi most na putu Vrulja \u2013 Mijakovi\u0107i, zavr\u0161etak radova se o\u010dekuje do kraja oktobra\"}]},{\"@type\":\"WebSite\",\"@id\":\"https:\\\/\\\/dmcsrb.com\\\/#website\",\"url\":\"https:\\\/\\\/dmcsrb.com\\\/\",\"name\":\"dmcsrb.com\",\"description\":\"\",\"potentialAction\":[{\"@type\":\"SearchAction\",\"target\":{\"@type\":\"EntryPoint\",\"urlTemplate\":\"https:\\\/\\\/dmcsrb.com\\\/?s={search_term_string}\"},\"query-input\":{\"@type\":\"PropertyValueSpecification\",\"valueRequired\":true,\"valueName\":\"search_term_string\"}}],\"inLanguage\":\"en-GB\"},{\"@type\":\"Person\",\"@id\":\"https:\\\/\\\/dmcsrb.com\\\/#\\\/schema\\\/person\\\/5c39170f12db1b8b457732d0b5c854e2\",\"name\":\"dmcsrbija.com@gmail.com\",\"image\":{\"@type\":\"ImageObject\",\"inLanguage\":\"en-GB\",\"@id\":\"https:\\\/\\\/secure.gravatar.com\\\/avatar\\\/68592660ad6347fad0fb587f8d5d8f1a7b44961362f56e4f2cd524feb87e9069?s=96&d=mm&r=g\",\"url\":\"https:\\\/\\\/secure.gravatar.com\\\/avatar\\\/68592660ad6347fad0fb587f8d5d8f1a7b44961362f56e4f2cd524feb87e9069?s=96&d=mm&r=g\",\"contentUrl\":\"https:\\\/\\\/secure.gravatar.com\\\/avatar\\\/68592660ad6347fad0fb587f8d5d8f1a7b44961362f56e4f2cd524feb87e9069?s=96&d=mm&r=g\",\"caption\":\"dmcsrbija.com@gmail.com\"},\"sameAs\":[\"https:\\\/\\\/dmcsrb.com\"],\"url\":\"https:\\\/\\\/dmcsrb.com\\\/en\\\/author\\\/dmcsrbija-comgmail-com\\\/\"}]}<\/script>\n<!-- \/ Yoast SEO plugin. -->","yoast_head_json":{"title":"Postavljen prvi most na putu Vrulja \u2013 Mijakovi\u0107i, zavr\u0161etak radova se o\u010dekuje do kraja oktobra - dmcsrb.com","robots":{"index":"index","follow":"follow","max-snippet":"max-snippet:-1","max-image-preview":"max-image-preview:large","max-video-preview":"max-video-preview:-1"},"canonical":"https:\/\/dmcsrb.com\/en\/ekonomija\/postavljen-prvi-most-na-putu-vrulja-mijakovici-zavrsetak-radova-se-ocekuje-do-kraja-oktobra\/","og_locale":"en_GB","og_type":"article","og_title":"Postavljen prvi most na putu Vrulja \u2013 Mijakovi\u0107i, zavr\u0161etak radova se o\u010dekuje do kraja oktobra - dmcsrb.com","og_description":"Ministarka saobra\u0107aja Maja Vuki\u0107evi\u0107 objavila je da je postavljen prvi most na novom putnom pravcu Vrulja \u2013 Mijakovi\u0107i, \u010dime je ozna\u010den va\u017ean korak u realizaciji ovog infrastrukturnog projekta.","og_url":"https:\/\/dmcsrb.com\/en\/ekonomija\/postavljen-prvi-most-na-putu-vrulja-mijakovici-zavrsetak-radova-se-ocekuje-do-kraja-oktobra\/","og_site_name":"dmcsrb.com","article_published_time":"2025-09-17T08:22:00+00:00","og_image":[{"width":744,"height":396,"url":"https:\/\/dmcsrb.com\/wp-content\/uploads\/2026\/01\/most.webp","type":"image\/jpeg"}],"author":"dmcsrbija.com@gmail.com","twitter_card":"summary_large_image","twitter_misc":{"Written by":"dmcsrbija.com@gmail.com","Estimated reading time":"1 minute"},"schema":{"@context":"https:\/\/schema.org","@graph":[{"@type":"Article","@id":"https:\/\/dmcsrb.com\/ekonomija\/postavljen-prvi-most-na-putu-vrulja-mijakovici-zavrsetak-radova-se-ocekuje-do-kraja-oktobra\/#article","isPartOf":{"@id":"https:\/\/dmcsrb.com\/ekonomija\/postavljen-prvi-most-na-putu-vrulja-mijakovici-zavrsetak-radova-se-ocekuje-do-kraja-oktobra\/"},"author":{"name":"dmcsrbija.com@gmail.com","@id":"https:\/\/dmcsrb.com\/#\/schema\/person\/5c39170f12db1b8b457732d0b5c854e2"},"headline":"Postavljen prvi most na putu Vrulja \u2013 Mijakovi\u0107i, zavr\u0161etak radova se o\u010dekuje do kraja oktobra","datePublished":"2025-09-17T08:22:00+00:00","mainEntityOfPage":{"@id":"https:\/\/dmcsrb.com\/ekonomija\/postavljen-prvi-most-na-putu-vrulja-mijakovici-zavrsetak-radova-se-ocekuje-do-kraja-oktobra\/"},"wordCount":166,"commentCount":0,"image":{"@id":"https:\/\/dmcsrb.com\/ekonomija\/postavljen-prvi-most-na-putu-vrulja-mijakovici-zavrsetak-radova-se-ocekuje-do-kraja-oktobra\/#primaryimage"},"thumbnailUrl":"https:\/\/dmcsrb.com\/wp-content\/uploads\/2026\/01\/most.webp","keywords":["mostovi","vuki\u0107evi\u0107"],"articleSection":["Ekonomija"],"inLanguage":"en-GB","potentialAction":[{"@type":"CommentAction","name":"Comment","target":["https:\/\/dmcsrb.com\/ekonomija\/postavljen-prvi-most-na-putu-vrulja-mijakovici-zavrsetak-radova-se-ocekuje-do-kraja-oktobra\/#respond"]}]},{"@type":"WebPage","@id":"https:\/\/dmcsrb.com\/ekonomija\/postavljen-prvi-most-na-putu-vrulja-mijakovici-zavrsetak-radova-se-ocekuje-do-kraja-oktobra\/","url":"https:\/\/dmcsrb.com\/ekonomija\/postavljen-prvi-most-na-putu-vrulja-mijakovici-zavrsetak-radova-se-ocekuje-do-kraja-oktobra\/","name":"Postavljen prvi most na putu Vrulja \u2013 Mijakovi\u0107i, zavr\u0161etak radova se o\u010dekuje do kraja oktobra - dmcsrb.com","isPartOf":{"@id":"https:\/\/dmcsrb.com\/#website"},"primaryImageOfPage":{"@id":"https:\/\/dmcsrb.com\/ekonomija\/postavljen-prvi-most-na-putu-vrulja-mijakovici-zavrsetak-radova-se-ocekuje-do-kraja-oktobra\/#primaryimage"},"image":{"@id":"https:\/\/dmcsrb.com\/ekonomija\/postavljen-prvi-most-na-putu-vrulja-mijakovici-zavrsetak-radova-se-ocekuje-do-kraja-oktobra\/#primaryimage"},"thumbnailUrl":"https:\/\/dmcsrb.com\/wp-content\/uploads\/2026\/01\/most.webp","datePublished":"2025-09-17T08:22:00+00:00","author":{"@id":"https:\/\/dmcsrb.com\/#\/schema\/person\/5c39170f12db1b8b457732d0b5c854e2"},"breadcrumb":{"@id":"https:\/\/dmcsrb.com\/ekonomija\/postavljen-prvi-most-na-putu-vrulja-mijakovici-zavrsetak-radova-se-ocekuje-do-kraja-oktobra\/#breadcrumb"},"inLanguage":"en-GB","potentialAction":[{"@type":"ReadAction","target":["https:\/\/dmcsrb.com\/ekonomija\/postavljen-prvi-most-na-putu-vrulja-mijakovici-zavrsetak-radova-se-ocekuje-do-kraja-oktobra\/"]}]},{"@type":"ImageObject","inLanguage":"en-GB","@id":"https:\/\/dmcsrb.com\/ekonomija\/postavljen-prvi-most-na-putu-vrulja-mijakovici-zavrsetak-radova-se-ocekuje-do-kraja-oktobra\/#primaryimage","url":"https:\/\/dmcsrb.com\/wp-content\/uploads\/2026\/01\/most.webp","contentUrl":"https:\/\/dmcsrb.com\/wp-content\/uploads\/2026\/01\/most.webp","width":744,"height":396},{"@type":"BreadcrumbList","@id":"https:\/\/dmcsrb.com\/ekonomija\/postavljen-prvi-most-na-putu-vrulja-mijakovici-zavrsetak-radova-se-ocekuje-do-kraja-oktobra\/#breadcrumb","itemListElement":[{"@type":"ListItem","position":1,"name":"Home","item":"https:\/\/dmcsrb.com\/"},{"@type":"ListItem","position":2,"name":"Postavljen prvi most na putu Vrulja \u2013 Mijakovi\u0107i, zavr\u0161etak radova se o\u010dekuje do kraja oktobra"}]},{"@type":"WebSite","@id":"https:\/\/dmcsrb.com\/#website","url":"https:\/\/dmcsrb.com\/","name":"dmcsrb.com","description":"","potentialAction":[{"@type":"SearchAction","target":{"@type":"EntryPoint","urlTemplate":"https:\/\/dmcsrb.com\/?s={search_term_string}"},"query-input":{"@type":"PropertyValueSpecification","valueRequired":true,"valueName":"search_term_string"}}],"inLanguage":"en-GB"},{"@type":"Person","@id":"https:\/\/dmcsrb.com\/#\/schema\/person\/5c39170f12db1b8b457732d0b5c854e2","name":"dmcsrbija.com@gmail.com","image":{"@type":"ImageObject","inLanguage":"en-GB","@id":"https:\/\/secure.gravatar.com\/avatar\/68592660ad6347fad0fb587f8d5d8f1a7b44961362f56e4f2cd524feb87e9069?s=96&d=mm&r=g","url":"https:\/\/secure.gravatar.com\/avatar\/68592660ad6347fad0fb587f8d5d8f1a7b44961362f56e4f2cd524feb87e9069?s=96&d=mm&r=g","contentUrl":"https:\/\/secure.gravatar.com\/avatar\/68592660ad6347fad0fb587f8d5d8f1a7b44961362f56e4f2cd524feb87e9069?s=96&d=mm&r=g","caption":"dmcsrbija.com@gmail.com"},"sameAs":["https:\/\/dmcsrb.com"],"url":"https:\/\/dmcsrb.com\/en\/author\/dmcsrbija-comgmail-com\/"}]}},"_links":{"self":[{"href":"https:\/\/dmcsrb.com\/en\/wp-json\/wp\/v2\/posts\/952528","targetHints":{"allow":["GET"]}}],"collection":[{"href":"https:\/\/dmcsrb.com\/en\/wp-json\/wp\/v2\/posts"}],"about":[{"href":"https:\/\/dmcsrb.com\/en\/wp-json\/wp\/v2\/types\/post"}],"author":[{"embeddable":true,"href":"https:\/\/dmcsrb.com\/en\/wp-json\/wp\/v2\/users\/1"}],"replies":[{"embeddable":true,"href":"https:\/\/dmcsrb.com\/en\/wp-json\/wp\/v2\/comments?post=952528"}],"version-history":[{"count":0,"href":"https:\/\/dmcsrb.com\/en\/wp-json\/wp\/v2\/posts\/952528\/revisions"}],"wp:featuredmedia":[{"embeddable":true,"href":"https:\/\/dmcsrb.com\/en\/wp-json\/wp\/v2\/media\/952529"}],"wp:attachment":[{"href":"https:\/\/dmcsrb.com\/en\/wp-json\/wp\/v2\/media?parent=952528"}],"wp:term":[{"taxonomy":"category","embeddable":true,"href":"https:\/\/dmcsrb.com\/en\/wp-json\/wp\/v2\/categories?post=952528"},{"taxonomy":"post_tag","embeddable":true,"href":"https:\/\/dmcsrb.com\/en\/wp-json\/wp\/v2\/tags?post=952528"},{"taxonomy":"naslovna","embeddable":true,"href":"https:\/\/dmcsrb.com\/en\/wp-json\/wp\/v2\/naslovna?post=952528"}],"curies":[{"name":"wp","href":"https:\/\/api.w.org\/{rel}","templated":true}]}}