{"id":952506,"date":"2025-09-17T09:26:00","date_gmt":"2025-09-17T07:26:00","guid":{"rendered":"https:\/\/dmcsrb.com\/uncategorized\/sest-mjeseci-od-tragedije-u-kocanima-62-stradalih-optuznice-nema\/"},"modified":"2025-09-17T09:26:00","modified_gmt":"2025-09-17T07:26:00","slug":"sest-mjeseci-od-tragedije-u-kocanima-62-stradalih-optuznice-nema","status":"publish","type":"post","link":"https:\/\/dmcsrb.com\/en\/region\/sest-mjeseci-od-tragedije-u-kocanima-62-stradalih-optuznice-nema\/","title":{"rendered":"\u0160est mjeseci od tragedije u Ko\u010danima: 62 stradalih, optu\u017enice nema"},"content":{"rendered":"<p><\/p>\n\n\n\n<p><\/p>\n\n\n\n<p>Procjena optu\u017enice protiv optu\u017eenih za po\u017ear u ko\u010danskoj diskoteci &#8220;Puls&#8221;, koji se dogodio prije \u0161est mjeseci i u kojem je poginulo 62 mladih ljudi, a vi\u0161e od 200 je povrije\u0111eno, nalazi se u zavr\u0161noj fazi, ka\u017eu za Radio Slobodna Evropa iz Krivi\u010dnog suda. Do sada je sudu pristiglo 40 prigovora koji se razmatraju, dodaju iz suda.<\/p>\n\n\n\n<p>Tragedija u kojoj je poginulo 62 mladih ljudi dogodila se u no\u0107i izme\u0111u 16. i 17. marta 2025. godine, kada je oko 2.30 ujutro izbio po\u017ear u no\u0107nom klubu. Prema Tu\u017eila\u0161tvu, uzrok po\u017eara bila su pirotehni\u010dka sredstva koja su zapalila zapaljivi materijal na plafonu. Za samo nekoliko minuta cijeli klub je bio zahva\u0107en vatrom, a mladi ljudi nisu imali dovoljno vremena da pobjegnu kroz jedina ulazna vrata.<\/p>\n\n\n\n<p><img decoding=\"async\" width=\"100%\" alt=\"\" src=\"https:\/\/rtcg.me\/upload\/\/media\/2025\/8\/16\/21\/57\/441\/2261399\/resize\/2261402\/25077655566501_600x900\"><em>&nbsp;(Foto: Guliver\/(AP Photo\/Visar Kryeziu))<\/em><\/p>\n\n\n\n<p>Po\u017ear je otkrio ozbiljne sistemske propuste \u2013 klub nije imao dovoljno izlaza, radio je bez va\u017ee\u0107e dozvole i nije bio adekvatno kontrolisan od strane inspektora. Ti propusti izazvali su lavinu reakcija, protesta i mar\u0161eva \u0161irom zemlje. Tu\u017eila\u0161tvo je otvorilo dvije istrage \u2013 jednu za sistemske propuste, a drugu za postupanje (ili nepostupanje) policijskih slu\u017ebenika.<\/p>\n\n\n\n<p><strong>Novooptu\u017een vlasnik firme za obezbje\u0111enje Rubikon<\/strong><\/p>\n\n\n\n<p>Dana 5. septembra ove godine, Tu\u017eila\u0161tvo je Sudu dostavilo jo\u0161 jednu optu\u017enicu protiv novooptu\u017eenog za &#8220;te\u0161ka djela protiv op\u0161te bezbjednosti&#8221;, kao dio istrage o sistemskim propustima i uzrocima po\u017eara koji je odnio 62 ljudska \u017eivota.<\/p>\n\n\n\n<p>U dopuni optu\u017enice rije\u010d je o propustima u radu vlasnika firme za obezbje\u0111enje &#8220;Rubikon&#8221;, koji nije postupao u skladu s propisima i tehni\u010dkim pravilima o mjerama za\u0161tite, \u010dime je izazvao opasnost po \u017eivote i tijela ljudi, kao i imovinu velikih razmjera.<\/p>\n\n\n\n<p>Prema dopuni optu\u017enice, obezbje\u0111enje diskoteke je vr\u0161eno bez pisanog ugovora sa klubom &#8220;Puls&#8221;, i bez kontrole i nadzora nad ispunjavanjem obaveza zaposlenih koji su obavljali poslove obezbje\u0111enja imovine.<\/p>\n\n\n\n<p>&#8220;Na kriti\u010dni dan, troje zaposlenih u agenciji bilo je zadu\u017eeno da obezbje\u0111uje objekat u Ko\u010danima, bez prethodne bezbjednosne procjene, bez provjere bezbjednosnih uslova objekta, opasnosti i mogu\u0107nosti za evakuaciju u slu\u010daju opasnosti, bez provjere ulaza i izlaza i njihove ispravnosti, u uslovima kada je kapacitet posjetilaca bio prema\u0161en&#8221;, navodi se u posljednjem saop\u0161tenju Tu\u017eila\u0161tva.<\/p>\n\n\n\n<p>Zaposleni iz agencije za obezbje\u0111enje &#8220;Rubikon&#8221; nisu provjeravali identitet i starost posjetilaca diskoteke, niti su sprije\u010dili uno\u0161enje pirotehni\u010dkih sredstava kojima je izazvan po\u017ear.<\/p>\n\n\n\n<p>Dokazi iz istrage pokazali su da je novooptu\u017eeni, kao stvarni vlasnik firme za obezbje\u0111enje, davao instrukcije dijelu optu\u017eenih koji su te ve\u010deri bili anga\u017eovani kao obezbje\u0111enje.<\/p>\n\n\n\n<p>&#8220;Tako\u0111e, pribavljeni su dokazi da je nakon po\u017eara u Ko\u010danima preduzeo aktivnosti u pravcu osnivanja novog pravnog lica sa sjedi\u0161tem u Strumici, \u010dija je osnovna djelatnost tako\u0111e fizi\u010dko obezbje\u0111enje imovine i lica, s ciljem da nastavi djelatnost, formalno-pravno se skrivaju\u0107i iza drugog odgovornog lica&#8221;, navodi se u saop\u0161tenju Tu\u017eila\u0161tva.<\/p>\n\n\n\n<p><strong>Na optu\u017eeni\u010dkoj klupi u Krivi\u010dnom sudu sjedi\u0107e vi\u0161e od 30 osoba<\/strong><\/p>\n\n\n\n<p>Tu\u017eila\u0161tvo je optu\u017enicu podnijelo 13. juna. U njoj su optu\u017eene 34 osobe i tri firme. Me\u0111u optu\u017eenima su posljednji gradona\u010delnik Ko\u010dana Ljup\u010do Papazov, kao i dvojica biv\u0161ih gradona\u010delnika Ratko Dimitrijevski i Nikol\u010do Ilijev.<\/p>\n\n\n\n<p>Na spisku optu\u017eenih su i biv\u0161i ministar ekonomije Kre\u0161nik Bekte\u0161i, biv\u0161i dr\u017eavni sekretar, jedan rukovodilac, slu\u017ebeno lice i mla\u0111i saradnik u Ministarstvu.<\/p>\n\n\n\n<p>Me\u0111u optu\u017eenima su i biv\u0161i direktor Tr\u017ei\u0161nog inspektorata i inspektori, vlasnica firme koja je izradila elaborat za kori\u0161\u0107enje objekta kao diskoteke, kao i sin vlasnika diskoteke &#8220;Puls&#8221;.<\/p>\n\n\n\n<p>Svi su optu\u017eeni za ozbiljna kr\u0161enja, od falsifikovanih dozvola do propusta u slu\u017ebenoj du\u017enosti. Ukoliko im se doka\u017ee krivica, kazne mogu dosti\u0107i do 20 godina zatvora.<\/p>\n\n\n\n<p>Nadle\u017enost nad predmetom preuzeo je Krivi\u010dni sud, nakon \u0161to je utvr\u0111eno da osnovni sud u Ko\u010danima nema dovoljno sudija i resursa da vodi ovako veliki proces.<br>U optu\u017enici pi\u0161e da su optu\u017eeni tokom 13 godina svojim djelovanjem \u2013 ili time \u0161to nisu ni\u0161ta preduzeli \u2013 doprinijeli da se dogodi tragedija. Ovo se posebno odnosi na slu\u017ebena lica i funkcionere.<\/p>\n\n\n\n<p>&#8220;Sva lica su optu\u017eena u skladu sa radnjama koje su preduzela ili nisu preduzela, i time su doprinijela katastrofalnoj \u0161tetnoj posljedici. Na osnovu dokaza, svako od njih je ispunio su\u0161tinu navedenog krivi\u010dnog djela&#8221;, navode iz Tu\u017eila\u0161tva.<\/p>\n\n\n\n<p>Nevladina organizacija koja prati sudske postupke ka\u017ee da je prerano govoriti o o\u010dekivanjima od optu\u017enice i predstoje\u0107eg su\u0111enja, uprkos tome \u0161to je pa\u017enja javnosti usmjerena ka cijelom procesu.<\/p>\n\n\n\n<p>&#8220;Mo\u017eemo o\u010dekivati sudski proces koji \u0107e trajati, jer prije svega ima veliki broj optu\u017eenih, veliki broj o\u0161te\u0107enih lica, a najavljen je i obiman broj dokaza koji treba da se izvedu na glavnoj raspravi&#8221;, izjavila je nedavno za RSE Ivana Petkovska iz Koalicije svi za pravi\u010dno su\u0111enje.<\/p>\n\n\n\n<p><strong>Javni skupovi u \u010dast stradalih u po\u017earu<\/strong><\/p>\n\n\n\n<p>Pro\u0161lo je \u0161est mjeseci od 16. marta, kada je u po\u017earu u diskoteci &#8220;Puls&#8221; poginulo 62 uglavnom mladih ljudi, a vi\u0161e od 200 je povrije\u0111eno, \u0161to je jedna od najve\u0107ih tragedija u nezavisnoj Makedoniji. Oporavak najte\u017ee povrije\u0111enih jo\u0161 uvijek traje. Stalno se tra\u017ei inicijativa da se pomogne porodicama, gra\u0111anima i gradu, kako bi oporavak povrije\u0111enih bio lak\u0161i.<br>Uprkos velikom broju optu\u017eenih koji \u010dekaju da se pojave pred sudom, javnost ima utisak da se pravda sporo sprovodi, posebno zbog \u010dinjenice da ni tri mjeseca nakon podno\u0161enja optu\u017enice, Krivi\u010dni sud jo\u0161 nije izvr\u0161io procjenu niti zakazao sudsko ro\u010di\u0161te.<\/p>\n\n\n\n<p>U me\u0111uvremenu, protesti, mar\u0161evi podr\u0161ke, zahtjevi za pravdu, skupovi solidarnosti i humanitarne akcije ne prestaju.<\/p>\n\n\n\n<p>Poruke u proteklih \u0161est mjeseci ostaju iste: &#8220;Pravda mora da postoji, a Ko\u010dani ne smiju ostati upam\u0107eni samo kao grad tuge.&#8221;<\/p>\n\n\n\n<p>Roditelji poginulih i povrije\u0111enih svakog vikenda organizuju &#8220;Mar\u0161 an\u0111ela&#8221;, mirno podsje\u0107aju\u0107i institucije na svoj zahtjev za pravdu. Tu\u017eila\u0161tvo je sprovelo istragu, ali optu\u017eeni jo\u0161 nisu sjeli na optu\u017eeni\u010dku klupu u Krivi\u010dnom sudu.<\/p>\n\n\n\n<p>Danas je ponovo objavljen poziv za novi mar\u0161, sa istom rutom: od Park \u0161ume revolucije, preko Tr\u017enog centra i zgrade Op\u0161tine Ko\u010dani, do Uprave za javne prihode, zgrade policije, pa sve do Osnovnog suda.<\/p>\n\n\n\n<p>&#8220;Ovaj mar\u0161 je simbol na\u0161e zajedni\u010dke boli, ali i sna\u017ena poruka: Nikada vi\u0161e ovakva tragedija! Dosta je bilo manipulacija i korupcije koje odnose nevine \u017eivote! Hajde da se okupimo svi zajedno, da odamo po\u010dast an\u0111elima i poka\u017eemo da se njihova svjetlost i borba za pravdu ne\u0107e ugasnuti&#8221;, stoji u pozivu za dana\u0161nji mar\u0161 roditelja poginulih u diskoteci u Ko\u010danima.<\/p>\n\n\n\n<p>Sli\u010dan poziv pojavio se na dru\u0161tvenim mre\u017eama za tihi skup na skopskom trgu, sa simboli\u010dnim po\u010detkom u 20 \u010dasova i 16 minuta. Cilj je da se oda po\u010dast prerano uga\u0161enim \u017eivotima.<\/p>\n\n\n\n<p>&#8220;Nije bila nesre\u0107a, nije bila tragedija \u2013 bio je masakr. Svirepo ubistvo od strane nefunkcionalnih institucija i partijskog kartela. Ovako vi\u0161e ne mo\u017ee. Ne smijemo da otupimo&#8221;, navodi se u pozivu grupe &#8220;Ko je sljede\u0107i&#8221;.<\/p>\n\n\n\n<p>Porodice poginulih i dalje tra\u017ee odgovornost od institucija za tragediju i isti\u010du da se ne\u0107e povu\u0107i iz borbe za pravdu.<\/p>","protected":false},"excerpt":{"rendered":"<p>Nije zakazano sudsko ro\u010di\u0161te u Krivi\u010dnom sudu za po\u017ear u diskoteci u Ko\u010danima u kojem je poginulo 62 mladih ljudi. Jo\u0161 se \u010deka procjena optu\u017enice u sudu. Porodice poginulih i povrije\u0111enih obilje\u017eavaju \u0161est mjeseci od tragedije i tra\u017ee pravdu, dok se na dru\u0161tvenim mre\u017eama upu\u0107uju pozivi za miran skup i na skopskom trgu.<\/p>","protected":false},"author":1,"featured_media":952507,"comment_status":"open","ping_status":"open","sticky":false,"template":"","format":"standard","meta":{"_acf_changed":false,"footnotes":""},"categories":[103],"tags":[8308,729],"naslovna":[],"class_list":["post-952506","post","type-post","status-publish","format-standard","has-post-thumbnail","hentry","category-region","tag-kocani","tag-optuznica"],"acf":[],"yoast_head":"<!-- This site is optimized with the Yoast SEO plugin v27.0 - https:\/\/yoast.com\/product\/yoast-seo-wordpress\/ -->\n<title>\u0160est mjeseci od tragedije u Ko\u010danima: 62 stradalih, optu\u017enice nema - dmcsrb.com<\/title>\n<meta name=\"robots\" content=\"index, follow, max-snippet:-1, max-image-preview:large, max-video-preview:-1\" \/>\n<link rel=\"canonical\" href=\"https:\/\/dmcsrb.com\/en\/region\/sest-mjeseci-od-tragedije-u-kocanima-62-stradalih-optuznice-nema\/\" \/>\n<meta property=\"og:locale\" content=\"en_GB\" \/>\n<meta property=\"og:type\" content=\"article\" \/>\n<meta property=\"og:title\" content=\"\u0160est mjeseci od tragedije u Ko\u010danima: 62 stradalih, optu\u017enice nema - dmcsrb.com\" \/>\n<meta property=\"og:description\" content=\"Nije zakazano sudsko ro\u010di\u0161te u Krivi\u010dnom sudu za po\u017ear u diskoteci u Ko\u010danima u kojem je poginulo 62 mladih ljudi. Jo\u0161 se \u010deka procjena optu\u017enice u sudu. Porodice poginulih i povrije\u0111enih obilje\u017eavaju \u0161est mjeseci od tragedije i tra\u017ee pravdu, dok se na dru\u0161tvenim mre\u017eama upu\u0107uju pozivi za miran skup i na skopskom trgu.\" \/>\n<meta property=\"og:url\" content=\"https:\/\/dmcsrb.com\/en\/region\/sest-mjeseci-od-tragedije-u-kocanima-62-stradalih-optuznice-nema\/\" \/>\n<meta property=\"og:site_name\" content=\"dmcsrb.com\" \/>\n<meta property=\"article:published_time\" content=\"2025-09-17T07:26:00+00:00\" \/>\n<meta property=\"og:image\" content=\"https:\/\/dmcsrb.com\/wp-content\/uploads\/2026\/01\/AP25079301341223-scaled-1.webp\" \/>\n\t<meta property=\"og:image:width\" content=\"2560\" \/>\n\t<meta property=\"og:image:height\" content=\"1707\" \/>\n\t<meta property=\"og:image:type\" content=\"image\/jpeg\" \/>\n<meta name=\"author\" content=\"dmcsrbija.com@gmail.com\" \/>\n<meta name=\"twitter:card\" content=\"summary_large_image\" \/>\n<meta name=\"twitter:label1\" content=\"Written by\" \/>\n\t<meta name=\"twitter:data1\" content=\"dmcsrbija.com@gmail.com\" \/>\n\t<meta name=\"twitter:label2\" content=\"Estimated reading time\" \/>\n\t<meta name=\"twitter:data2\" content=\"6 minutes\" \/>\n<script type=\"application\/ld+json\" class=\"yoast-schema-graph\">{\"@context\":\"https:\/\/schema.org\",\"@graph\":[{\"@type\":\"Article\",\"@id\":\"https:\/\/dmcsrb.com\/en\/region\/sest-mjeseci-od-tragedije-u-kocanima-62-stradalih-optuznice-nema\/#article\",\"isPartOf\":{\"@id\":\"https:\/\/dmcsrb.com\/en\/region\/sest-mjeseci-od-tragedije-u-kocanima-62-stradalih-optuznice-nema\/\"},\"author\":{\"name\":\"dmcsrbija.com@gmail.com\",\"@id\":\"https:\/\/dmcsrb.com\/#\/schema\/person\/5c39170f12db1b8b457732d0b5c854e2\"},\"headline\":\"\u0160est mjeseci od tragedije u Ko\u010danima: 62 stradalih, optu\u017enice nema\",\"datePublished\":\"2025-09-17T07:26:00+00:00\",\"mainEntityOfPage\":{\"@id\":\"https:\/\/dmcsrb.com\/en\/region\/sest-mjeseci-od-tragedije-u-kocanima-62-stradalih-optuznice-nema\/\"},\"wordCount\":1270,\"commentCount\":0,\"image\":{\"@id\":\"https:\/\/dmcsrb.com\/en\/region\/sest-mjeseci-od-tragedije-u-kocanima-62-stradalih-optuznice-nema\/#primaryimage\"},\"thumbnailUrl\":\"https:\/\/dmcsrb.com\/wp-content\/uploads\/2026\/01\/AP25079301341223-scaled-1.webp\",\"keywords\":[\"Ko\u0107ani\",\"Optu\u017enica\"],\"articleSection\":[\"Region\"],\"inLanguage\":\"en-GB\",\"potentialAction\":[{\"@type\":\"CommentAction\",\"name\":\"Comment\",\"target\":[\"https:\/\/dmcsrb.com\/en\/region\/sest-mjeseci-od-tragedije-u-kocanima-62-stradalih-optuznice-nema\/#respond\"]}]},{\"@type\":\"WebPage\",\"@id\":\"https:\/\/dmcsrb.com\/en\/region\/sest-mjeseci-od-tragedije-u-kocanima-62-stradalih-optuznice-nema\/\",\"url\":\"https:\/\/dmcsrb.com\/en\/region\/sest-mjeseci-od-tragedije-u-kocanima-62-stradalih-optuznice-nema\/\",\"name\":\"\u0160est mjeseci od tragedije u Ko\u010danima: 62 stradalih, optu\u017enice nema - dmcsrb.com\",\"isPartOf\":{\"@id\":\"https:\/\/dmcsrb.com\/#website\"},\"primaryImageOfPage\":{\"@id\":\"https:\/\/dmcsrb.com\/en\/region\/sest-mjeseci-od-tragedije-u-kocanima-62-stradalih-optuznice-nema\/#primaryimage\"},\"image\":{\"@id\":\"https:\/\/dmcsrb.com\/en\/region\/sest-mjeseci-od-tragedije-u-kocanima-62-stradalih-optuznice-nema\/#primaryimage\"},\"thumbnailUrl\":\"https:\/\/dmcsrb.com\/wp-content\/uploads\/2026\/01\/AP25079301341223-scaled-1.webp\",\"datePublished\":\"2025-09-17T07:26:00+00:00\",\"author\":{\"@id\":\"https:\/\/dmcsrb.com\/#\/schema\/person\/5c39170f12db1b8b457732d0b5c854e2\"},\"breadcrumb\":{\"@id\":\"https:\/\/dmcsrb.com\/en\/region\/sest-mjeseci-od-tragedije-u-kocanima-62-stradalih-optuznice-nema\/#breadcrumb\"},\"inLanguage\":\"en-GB\",\"potentialAction\":[{\"@type\":\"ReadAction\",\"target\":[\"https:\/\/dmcsrb.com\/en\/region\/sest-mjeseci-od-tragedije-u-kocanima-62-stradalih-optuznice-nema\/\"]}]},{\"@type\":\"ImageObject\",\"inLanguage\":\"en-GB\",\"@id\":\"https:\/\/dmcsrb.com\/en\/region\/sest-mjeseci-od-tragedije-u-kocanima-62-stradalih-optuznice-nema\/#primaryimage\",\"url\":\"https:\/\/dmcsrb.com\/wp-content\/uploads\/2026\/01\/AP25079301341223-scaled-1.webp\",\"contentUrl\":\"https:\/\/dmcsrb.com\/wp-content\/uploads\/2026\/01\/AP25079301341223-scaled-1.webp\",\"width\":2560,\"height\":1707},{\"@type\":\"BreadcrumbList\",\"@id\":\"https:\/\/dmcsrb.com\/en\/region\/sest-mjeseci-od-tragedije-u-kocanima-62-stradalih-optuznice-nema\/#breadcrumb\",\"itemListElement\":[{\"@type\":\"ListItem\",\"position\":1,\"name\":\"Home\",\"item\":\"https:\/\/dmcsrb.com\/\"},{\"@type\":\"ListItem\",\"position\":2,\"name\":\"\u0160est mjeseci od tragedije u Ko\u010danima: 62 stradalih, optu\u017enice nema\"}]},{\"@type\":\"WebSite\",\"@id\":\"https:\/\/dmcsrb.com\/#website\",\"url\":\"https:\/\/dmcsrb.com\/\",\"name\":\"dmcsrb.com\",\"description\":\"\",\"potentialAction\":[{\"@type\":\"SearchAction\",\"target\":{\"@type\":\"EntryPoint\",\"urlTemplate\":\"https:\/\/dmcsrb.com\/?s={search_term_string}\"},\"query-input\":{\"@type\":\"PropertyValueSpecification\",\"valueRequired\":true,\"valueName\":\"search_term_string\"}}],\"inLanguage\":\"en-GB\"},{\"@type\":\"Person\",\"@id\":\"https:\/\/dmcsrb.com\/#\/schema\/person\/5c39170f12db1b8b457732d0b5c854e2\",\"name\":\"dmcsrbija.com@gmail.com\",\"image\":{\"@type\":\"ImageObject\",\"inLanguage\":\"en-GB\",\"@id\":\"https:\/\/dmcsrb.com\/#\/schema\/person\/image\/\",\"url\":\"https:\/\/secure.gravatar.com\/avatar\/68592660ad6347fad0fb587f8d5d8f1a7b44961362f56e4f2cd524feb87e9069?s=96&d=mm&r=g\",\"contentUrl\":\"https:\/\/secure.gravatar.com\/avatar\/68592660ad6347fad0fb587f8d5d8f1a7b44961362f56e4f2cd524feb87e9069?s=96&d=mm&r=g\",\"caption\":\"dmcsrbija.com@gmail.com\"},\"sameAs\":[\"https:\/\/dmcsrb.com\"],\"url\":\"https:\/\/dmcsrb.com\/en\/author\/dmcsrbija-comgmail-com\/\"}]}<\/script>\n<!-- \/ Yoast SEO plugin. -->","yoast_head_json":{"title":"\u0160est mjeseci od tragedije u Ko\u010danima: 62 stradalih, optu\u017enice nema - dmcsrb.com","robots":{"index":"index","follow":"follow","max-snippet":"max-snippet:-1","max-image-preview":"max-image-preview:large","max-video-preview":"max-video-preview:-1"},"canonical":"https:\/\/dmcsrb.com\/en\/region\/sest-mjeseci-od-tragedije-u-kocanima-62-stradalih-optuznice-nema\/","og_locale":"en_GB","og_type":"article","og_title":"\u0160est mjeseci od tragedije u Ko\u010danima: 62 stradalih, optu\u017enice nema - dmcsrb.com","og_description":"Nije zakazano sudsko ro\u010di\u0161te u Krivi\u010dnom sudu za po\u017ear u diskoteci u Ko\u010danima u kojem je poginulo 62 mladih ljudi. Jo\u0161 se \u010deka procjena optu\u017enice u sudu. Porodice poginulih i povrije\u0111enih obilje\u017eavaju \u0161est mjeseci od tragedije i tra\u017ee pravdu, dok se na dru\u0161tvenim mre\u017eama upu\u0107uju pozivi za miran skup i na skopskom trgu.","og_url":"https:\/\/dmcsrb.com\/en\/region\/sest-mjeseci-od-tragedije-u-kocanima-62-stradalih-optuznice-nema\/","og_site_name":"dmcsrb.com","article_published_time":"2025-09-17T07:26:00+00:00","og_image":[{"width":2560,"height":1707,"url":"https:\/\/dmcsrb.com\/wp-content\/uploads\/2026\/01\/AP25079301341223-scaled-1.webp","type":"image\/jpeg"}],"author":"dmcsrbija.com@gmail.com","twitter_card":"summary_large_image","twitter_misc":{"Written by":"dmcsrbija.com@gmail.com","Estimated reading time":"6 minutes"},"schema":{"@context":"https:\/\/schema.org","@graph":[{"@type":"Article","@id":"https:\/\/dmcsrb.com\/en\/region\/sest-mjeseci-od-tragedije-u-kocanima-62-stradalih-optuznice-nema\/#article","isPartOf":{"@id":"https:\/\/dmcsrb.com\/en\/region\/sest-mjeseci-od-tragedije-u-kocanima-62-stradalih-optuznice-nema\/"},"author":{"name":"dmcsrbija.com@gmail.com","@id":"https:\/\/dmcsrb.com\/#\/schema\/person\/5c39170f12db1b8b457732d0b5c854e2"},"headline":"\u0160est mjeseci od tragedije u Ko\u010danima: 62 stradalih, optu\u017enice nema","datePublished":"2025-09-17T07:26:00+00:00","mainEntityOfPage":{"@id":"https:\/\/dmcsrb.com\/en\/region\/sest-mjeseci-od-tragedije-u-kocanima-62-stradalih-optuznice-nema\/"},"wordCount":1270,"commentCount":0,"image":{"@id":"https:\/\/dmcsrb.com\/en\/region\/sest-mjeseci-od-tragedije-u-kocanima-62-stradalih-optuznice-nema\/#primaryimage"},"thumbnailUrl":"https:\/\/dmcsrb.com\/wp-content\/uploads\/2026\/01\/AP25079301341223-scaled-1.webp","keywords":["Ko\u0107ani","Optu\u017enica"],"articleSection":["Region"],"inLanguage":"en-GB","potentialAction":[{"@type":"CommentAction","name":"Comment","target":["https:\/\/dmcsrb.com\/en\/region\/sest-mjeseci-od-tragedije-u-kocanima-62-stradalih-optuznice-nema\/#respond"]}]},{"@type":"WebPage","@id":"https:\/\/dmcsrb.com\/en\/region\/sest-mjeseci-od-tragedije-u-kocanima-62-stradalih-optuznice-nema\/","url":"https:\/\/dmcsrb.com\/en\/region\/sest-mjeseci-od-tragedije-u-kocanima-62-stradalih-optuznice-nema\/","name":"\u0160est mjeseci od tragedije u Ko\u010danima: 62 stradalih, optu\u017enice nema - dmcsrb.com","isPartOf":{"@id":"https:\/\/dmcsrb.com\/#website"},"primaryImageOfPage":{"@id":"https:\/\/dmcsrb.com\/en\/region\/sest-mjeseci-od-tragedije-u-kocanima-62-stradalih-optuznice-nema\/#primaryimage"},"image":{"@id":"https:\/\/dmcsrb.com\/en\/region\/sest-mjeseci-od-tragedije-u-kocanima-62-stradalih-optuznice-nema\/#primaryimage"},"thumbnailUrl":"https:\/\/dmcsrb.com\/wp-content\/uploads\/2026\/01\/AP25079301341223-scaled-1.webp","datePublished":"2025-09-17T07:26:00+00:00","author":{"@id":"https:\/\/dmcsrb.com\/#\/schema\/person\/5c39170f12db1b8b457732d0b5c854e2"},"breadcrumb":{"@id":"https:\/\/dmcsrb.com\/en\/region\/sest-mjeseci-od-tragedije-u-kocanima-62-stradalih-optuznice-nema\/#breadcrumb"},"inLanguage":"en-GB","potentialAction":[{"@type":"ReadAction","target":["https:\/\/dmcsrb.com\/en\/region\/sest-mjeseci-od-tragedije-u-kocanima-62-stradalih-optuznice-nema\/"]}]},{"@type":"ImageObject","inLanguage":"en-GB","@id":"https:\/\/dmcsrb.com\/en\/region\/sest-mjeseci-od-tragedije-u-kocanima-62-stradalih-optuznice-nema\/#primaryimage","url":"https:\/\/dmcsrb.com\/wp-content\/uploads\/2026\/01\/AP25079301341223-scaled-1.webp","contentUrl":"https:\/\/dmcsrb.com\/wp-content\/uploads\/2026\/01\/AP25079301341223-scaled-1.webp","width":2560,"height":1707},{"@type":"BreadcrumbList","@id":"https:\/\/dmcsrb.com\/en\/region\/sest-mjeseci-od-tragedije-u-kocanima-62-stradalih-optuznice-nema\/#breadcrumb","itemListElement":[{"@type":"ListItem","position":1,"name":"Home","item":"https:\/\/dmcsrb.com\/"},{"@type":"ListItem","position":2,"name":"\u0160est mjeseci od tragedije u Ko\u010danima: 62 stradalih, optu\u017enice nema"}]},{"@type":"WebSite","@id":"https:\/\/dmcsrb.com\/#website","url":"https:\/\/dmcsrb.com\/","name":"dmcsrb.com","description":"","potentialAction":[{"@type":"SearchAction","target":{"@type":"EntryPoint","urlTemplate":"https:\/\/dmcsrb.com\/?s={search_term_string}"},"query-input":{"@type":"PropertyValueSpecification","valueRequired":true,"valueName":"search_term_string"}}],"inLanguage":"en-GB"},{"@type":"Person","@id":"https:\/\/dmcsrb.com\/#\/schema\/person\/5c39170f12db1b8b457732d0b5c854e2","name":"dmcsrbija.com@gmail.com","image":{"@type":"ImageObject","inLanguage":"en-GB","@id":"https:\/\/dmcsrb.com\/#\/schema\/person\/image\/","url":"https:\/\/secure.gravatar.com\/avatar\/68592660ad6347fad0fb587f8d5d8f1a7b44961362f56e4f2cd524feb87e9069?s=96&d=mm&r=g","contentUrl":"https:\/\/secure.gravatar.com\/avatar\/68592660ad6347fad0fb587f8d5d8f1a7b44961362f56e4f2cd524feb87e9069?s=96&d=mm&r=g","caption":"dmcsrbija.com@gmail.com"},"sameAs":["https:\/\/dmcsrb.com"],"url":"https:\/\/dmcsrb.com\/en\/author\/dmcsrbija-comgmail-com\/"}]}},"_links":{"self":[{"href":"https:\/\/dmcsrb.com\/en\/wp-json\/wp\/v2\/posts\/952506","targetHints":{"allow":["GET"]}}],"collection":[{"href":"https:\/\/dmcsrb.com\/en\/wp-json\/wp\/v2\/posts"}],"about":[{"href":"https:\/\/dmcsrb.com\/en\/wp-json\/wp\/v2\/types\/post"}],"author":[{"embeddable":true,"href":"https:\/\/dmcsrb.com\/en\/wp-json\/wp\/v2\/users\/1"}],"replies":[{"embeddable":true,"href":"https:\/\/dmcsrb.com\/en\/wp-json\/wp\/v2\/comments?post=952506"}],"version-history":[{"count":0,"href":"https:\/\/dmcsrb.com\/en\/wp-json\/wp\/v2\/posts\/952506\/revisions"}],"wp:featuredmedia":[{"embeddable":true,"href":"https:\/\/dmcsrb.com\/en\/wp-json\/wp\/v2\/media\/952507"}],"wp:attachment":[{"href":"https:\/\/dmcsrb.com\/en\/wp-json\/wp\/v2\/media?parent=952506"}],"wp:term":[{"taxonomy":"category","embeddable":true,"href":"https:\/\/dmcsrb.com\/en\/wp-json\/wp\/v2\/categories?post=952506"},{"taxonomy":"post_tag","embeddable":true,"href":"https:\/\/dmcsrb.com\/en\/wp-json\/wp\/v2\/tags?post=952506"},{"taxonomy":"naslovna","embeddable":true,"href":"https:\/\/dmcsrb.com\/en\/wp-json\/wp\/v2\/naslovna?post=952506"}],"curies":[{"name":"wp","href":"https:\/\/api.w.org\/{rel}","templated":true}]}}