{"id":952476,"date":"2025-09-17T05:38:00","date_gmt":"2025-09-17T03:38:00","guid":{"rendered":"https:\/\/dmcsrb.com\/uncategorized\/nema-porasta-vrsnjackog-nasilja-ali-raste-broj-kradja\/"},"modified":"2025-09-17T05:38:00","modified_gmt":"2025-09-17T03:38:00","slug":"nema-porasta-vrsnjackog-nasilja-ali-raste-broj-kradja","status":"publish","type":"post","link":"https:\/\/dmcsrb.com\/en\/drustvo\/nema-porasta-vrsnjackog-nasilja-ali-raste-broj-kradja\/","title":{"rendered":"Nema porasta vr\u0161nja\u010dkog nasilja, ali raste broj kra\u0111a"},"content":{"rendered":"<p><br><\/p>\n\n\n\n<p><br>Nakon nekoliko slu\u010dajeva vr\u0161nja\u010dkog nasilja po\u010detkom mjeseca, objavljen je jo\u0161 jedan koji se desio 30. augusta u Nik\u0161i\u0107u.<\/p>\n\n\n\n<p>Grupa maloljetnika na igrali\u0161tu u naselju u Ozrini\u0107i napala je 14-godi\u0161njaka i nanijela mu vi\u0161e povreda.<\/p>\n\n\n\n<p>\u017dana Nikoli\u0107 iz Odjeljenja bezbjednosti Nik\u0161i\u0107 ka\u017ee da je policija preduzela sve mjere i radnje iz svoje nadle\u017enosti.<\/p>\n\n\n\n<p>&#8220;Identifikovani su po\u010dinioci a tako\u0111e je obavljen i razgovor sa vi\u0161e maloljetnih lica koja su bila prisutna kada se dogodio navedeni doga\u0111aj. Svi prikupljeni dokazi dostavljeni su tu\u017eiocu na ocjenu i mi\u0161ljenje&#8221;, rekla je Nikoli\u0107&#8221;, rekla je Nikoli\u0107.<\/p>\n\n\n\n<p>A Tu\u017eila\u0161tvo \u0107e ocijeniti pravnu kvalifikaciju dijela. Nikoli\u0107 napominje da su maloljetnici koji imaju ispod 14 godina po zakonu krivi\u010dno neodgovorni.<\/p>\n\n\n\n<p>&#8220;Obzirom da su u pitanju takva lica, postoji odgovornost roditelja, bi\u0107e procesuirani i protiv njih \u0107e biti podnijeta odgovaraju\u0107a prijava ukoliko se u postupku doka\u017ee da je do\u0161lo do zanemarivanja djece&#8221;, ka\u017ee Nikoli\u0107.<\/p>\n\n\n\n<p>Nik\u0161i\u0107ka policija ka\u017ee, Nikoli\u0107, ne bilje\u017ei porast prijavljenih slu\u010dajeva vr\u0161nja\u010dkog nasilja, ali u porastu su ostali oblici maloljetni\u010dke delikvencije u ovoj i pro\u0161loj godini u odnosu na 2023. godinu.<\/p>\n\n\n\n<p>&#8220;U periodu od 1. januara pa sve do 15. septembra 2025. godine, u Odjeljenju bezbjednosti Nik\u0161i\u0107 je zabilje\u017eeno da je po\u010dinjeno 57 krivi\u010dnih djela od strane 49 maloljetnih lica. U 2023. godini to je bilo 24 krivi\u010dna djela koja su po\u010dinjena od strane 27 maloljetnih lica, dok u 2024. godini imamo 104 krivi\u010dna djela koja su po\u010dinjena od strane 44 maloljetna lica&#8221;, rekla je Nikoli\u0107.<\/p>\n\n\n\n<p>Naj\u010de\u0161\u0107i slu\u010dajevi maloljetni\u010dke delikvencije u Nik\u0161i\u0107u su kra\u0111e, kao i te\u0161ke i razbojni\u010dke kra\u0111e.<\/p>\n\n\n\n<p>&#8220;Poslije krivi\u010dnih dijela iz oblasti novinskog kriminaliteta, maloljetnici najvi\u0161e vr\u0161e krivi\u010dna dijela iz oblasti krvnih delikata. To su nano\u0161enje te\u0161kih tjelesnih povreda, nano\u0161enje lakih tjelesnih povreda. U ovoj godini smo imali zabilje\u017eeno jedno te\u0161ko krivi\u010dno dijelo, ubistvo u poku\u0161aju. To je po\u010dinilo jedno starije maloljetno lice.<\/p>\n\n\n\n<p>Saradnja, prije svega sa roditeljima, kao i ostalim institucijama, klju\u010dna je u slu\u010dajevima maloljetni\u010dke delikvencije.<\/p>\n\n\n\n<p>Nikoli\u0107 zaklju\u010duje i da ve\u0107ina roditelja postane svjesna problema tek kada se prijavi policiji, te da maloljetni\u010dki delikventi ne poti\u010du ve\u0107inom iz nesre\u0111enih porodica, \u0161to potvr\u0111uje da dobrim dijelom dru\u0161tvene prilike i okru\u017eenje oblikuju mlade nara\u0161taje i uti\u010du na njihovo pona\u0161anje.<\/p>","protected":false},"excerpt":{"rendered":"<p>Zabilje\u017een je jo\u0161 jedan slu\u010daj vr\u0161nja\u010dkog nasilja, ovog puta u gradu pod Trebjesom. Iz nik\u0161i\u0107ke policije ka\u017eu da su identifikovali po\u010dinioce nasilja, obavili saslu\u0161anja, te da je sada na potezu Tu\u017eila\u0161tvo. Iz Odjeljenja bezbjednosti isti\u010du i da ne bilje\u017ee porast prijavljenih slu\u010dajeva vr\u0161nja\u010dkog nasilja u Nik\u0161i\u0107u, ali da su u porastu ostali vidovi delinkvencije, me\u0111u kojima prednja\u010de kra\u0111e.<\/p>","protected":false},"author":1,"featured_media":952477,"comment_status":"open","ping_status":"open","sticky":false,"template":"","format":"standard","meta":{"_acf_changed":false,"footnotes":""},"categories":[2],"tags":[237,8292],"naslovna":[],"class_list":["post-952476","post","type-post","status-publish","format-standard","has-post-thumbnail","hentry","category-drustvo","tag-kradje","tag-vrsnjackio-ansilje"],"acf":[],"yoast_head":"<!-- This site is optimized with the Yoast SEO plugin v27.0 - https:\/\/yoast.com\/product\/yoast-seo-wordpress\/ -->\n<title>Nema porasta vr\u0161nja\u010dkog nasilja, ali raste broj kra\u0111a - dmcsrb.com<\/title>\n<meta name=\"robots\" content=\"index, follow, max-snippet:-1, max-image-preview:large, max-video-preview:-1\" \/>\n<link rel=\"canonical\" href=\"https:\/\/dmcsrb.com\/en\/drustvo\/nema-porasta-vrsnjackog-nasilja-ali-raste-broj-kradja\/\" \/>\n<meta property=\"og:locale\" content=\"en_GB\" \/>\n<meta property=\"og:type\" content=\"article\" \/>\n<meta property=\"og:title\" content=\"Nema porasta vr\u0161nja\u010dkog nasilja, ali raste broj kra\u0111a - dmcsrb.com\" \/>\n<meta property=\"og:description\" content=\"Zabilje\u017een je jo\u0161 jedan slu\u010daj vr\u0161nja\u010dkog nasilja, ovog puta u gradu pod Trebjesom. Iz nik\u0161i\u0107ke policije ka\u017eu da su identifikovali po\u010dinioce nasilja, obavili saslu\u0161anja, te da je sada na potezu Tu\u017eila\u0161tvo. Iz Odjeljenja bezbjednosti isti\u010du i da ne bilje\u017ee porast prijavljenih slu\u010dajeva vr\u0161nja\u010dkog nasilja u Nik\u0161i\u0107u, ali da su u porastu ostali vidovi delinkvencije, me\u0111u kojima prednja\u010de kra\u0111e.\" \/>\n<meta property=\"og:url\" content=\"https:\/\/dmcsrb.com\/en\/drustvo\/nema-porasta-vrsnjackog-nasilja-ali-raste-broj-kradja\/\" \/>\n<meta property=\"og:site_name\" content=\"dmcsrb.com\" \/>\n<meta property=\"article:published_time\" content=\"2025-09-17T03:38:00+00:00\" \/>\n<meta property=\"og:image\" content=\"https:\/\/dmcsrb.com\/wp-content\/uploads\/2026\/01\/skola-1-2.webp\" \/>\n\t<meta property=\"og:image:width\" content=\"900\" \/>\n\t<meta property=\"og:image:height\" content=\"506\" \/>\n\t<meta property=\"og:image:type\" content=\"image\/jpeg\" \/>\n<meta name=\"author\" content=\"dmcsrbija.com@gmail.com\" \/>\n<meta name=\"twitter:card\" content=\"summary_large_image\" \/>\n<meta name=\"twitter:label1\" content=\"Written by\" \/>\n\t<meta name=\"twitter:data1\" content=\"dmcsrbija.com@gmail.com\" \/>\n\t<meta name=\"twitter:label2\" content=\"Estimated reading time\" \/>\n\t<meta name=\"twitter:data2\" content=\"2 minutes\" \/>\n<script type=\"application\/ld+json\" class=\"yoast-schema-graph\">{\"@context\":\"https:\/\/schema.org\",\"@graph\":[{\"@type\":\"Article\",\"@id\":\"https:\/\/dmcsrb.com\/drustvo\/nema-porasta-vrsnjackog-nasilja-ali-raste-broj-kradja\/#article\",\"isPartOf\":{\"@id\":\"https:\/\/dmcsrb.com\/drustvo\/nema-porasta-vrsnjackog-nasilja-ali-raste-broj-kradja\/\"},\"author\":{\"name\":\"dmcsrbija.com@gmail.com\",\"@id\":\"https:\/\/dmcsrb.com\/#\/schema\/person\/5c39170f12db1b8b457732d0b5c854e2\"},\"headline\":\"Nema porasta vr\u0161nja\u010dkog nasilja, ali raste broj kra\u0111a\",\"datePublished\":\"2025-09-17T03:38:00+00:00\",\"mainEntityOfPage\":{\"@id\":\"https:\/\/dmcsrb.com\/drustvo\/nema-porasta-vrsnjackog-nasilja-ali-raste-broj-kradja\/\"},\"wordCount\":432,\"commentCount\":0,\"image\":{\"@id\":\"https:\/\/dmcsrb.com\/drustvo\/nema-porasta-vrsnjackog-nasilja-ali-raste-broj-kradja\/#primaryimage\"},\"thumbnailUrl\":\"https:\/\/dmcsrb.com\/wp-content\/uploads\/2026\/01\/skola-1-2.webp\",\"keywords\":[\"kra\u0111e\",\"vr\u0161nja\u010dkio ansilje\"],\"articleSection\":[\"Dru\u0161tvo\"],\"inLanguage\":\"en-GB\",\"potentialAction\":[{\"@type\":\"CommentAction\",\"name\":\"Comment\",\"target\":[\"https:\/\/dmcsrb.com\/drustvo\/nema-porasta-vrsnjackog-nasilja-ali-raste-broj-kradja\/#respond\"]}]},{\"@type\":\"WebPage\",\"@id\":\"https:\/\/dmcsrb.com\/drustvo\/nema-porasta-vrsnjackog-nasilja-ali-raste-broj-kradja\/\",\"url\":\"https:\/\/dmcsrb.com\/drustvo\/nema-porasta-vrsnjackog-nasilja-ali-raste-broj-kradja\/\",\"name\":\"Nema porasta vr\u0161nja\u010dkog nasilja, ali raste broj kra\u0111a - dmcsrb.com\",\"isPartOf\":{\"@id\":\"https:\/\/dmcsrb.com\/#website\"},\"primaryImageOfPage\":{\"@id\":\"https:\/\/dmcsrb.com\/drustvo\/nema-porasta-vrsnjackog-nasilja-ali-raste-broj-kradja\/#primaryimage\"},\"image\":{\"@id\":\"https:\/\/dmcsrb.com\/drustvo\/nema-porasta-vrsnjackog-nasilja-ali-raste-broj-kradja\/#primaryimage\"},\"thumbnailUrl\":\"https:\/\/dmcsrb.com\/wp-content\/uploads\/2026\/01\/skola-1-2.webp\",\"datePublished\":\"2025-09-17T03:38:00+00:00\",\"author\":{\"@id\":\"https:\/\/dmcsrb.com\/#\/schema\/person\/5c39170f12db1b8b457732d0b5c854e2\"},\"breadcrumb\":{\"@id\":\"https:\/\/dmcsrb.com\/drustvo\/nema-porasta-vrsnjackog-nasilja-ali-raste-broj-kradja\/#breadcrumb\"},\"inLanguage\":\"en-GB\",\"potentialAction\":[{\"@type\":\"ReadAction\",\"target\":[\"https:\/\/dmcsrb.com\/drustvo\/nema-porasta-vrsnjackog-nasilja-ali-raste-broj-kradja\/\"]}]},{\"@type\":\"ImageObject\",\"inLanguage\":\"en-GB\",\"@id\":\"https:\/\/dmcsrb.com\/drustvo\/nema-porasta-vrsnjackog-nasilja-ali-raste-broj-kradja\/#primaryimage\",\"url\":\"https:\/\/dmcsrb.com\/wp-content\/uploads\/2026\/01\/skola-1-2.webp\",\"contentUrl\":\"https:\/\/dmcsrb.com\/wp-content\/uploads\/2026\/01\/skola-1-2.webp\",\"width\":900,\"height\":506},{\"@type\":\"BreadcrumbList\",\"@id\":\"https:\/\/dmcsrb.com\/drustvo\/nema-porasta-vrsnjackog-nasilja-ali-raste-broj-kradja\/#breadcrumb\",\"itemListElement\":[{\"@type\":\"ListItem\",\"position\":1,\"name\":\"Home\",\"item\":\"https:\/\/dmcsrb.com\/\"},{\"@type\":\"ListItem\",\"position\":2,\"name\":\"Nema porasta vr\u0161nja\u010dkog nasilja, ali raste broj kra\u0111a\"}]},{\"@type\":\"WebSite\",\"@id\":\"https:\/\/dmcsrb.com\/#website\",\"url\":\"https:\/\/dmcsrb.com\/\",\"name\":\"dmcsrb.com\",\"description\":\"\",\"potentialAction\":[{\"@type\":\"SearchAction\",\"target\":{\"@type\":\"EntryPoint\",\"urlTemplate\":\"https:\/\/dmcsrb.com\/?s={search_term_string}\"},\"query-input\":{\"@type\":\"PropertyValueSpecification\",\"valueRequired\":true,\"valueName\":\"search_term_string\"}}],\"inLanguage\":\"en-GB\"},{\"@type\":\"Person\",\"@id\":\"https:\/\/dmcsrb.com\/#\/schema\/person\/5c39170f12db1b8b457732d0b5c854e2\",\"name\":\"dmcsrbija.com@gmail.com\",\"image\":{\"@type\":\"ImageObject\",\"inLanguage\":\"en-GB\",\"@id\":\"https:\/\/dmcsrb.com\/#\/schema\/person\/image\/\",\"url\":\"https:\/\/secure.gravatar.com\/avatar\/68592660ad6347fad0fb587f8d5d8f1a7b44961362f56e4f2cd524feb87e9069?s=96&d=mm&r=g\",\"contentUrl\":\"https:\/\/secure.gravatar.com\/avatar\/68592660ad6347fad0fb587f8d5d8f1a7b44961362f56e4f2cd524feb87e9069?s=96&d=mm&r=g\",\"caption\":\"dmcsrbija.com@gmail.com\"},\"sameAs\":[\"https:\/\/dmcsrb.com\"],\"url\":\"https:\/\/dmcsrb.com\/en\/author\/dmcsrbija-comgmail-com\/\"}]}<\/script>\n<!-- \/ Yoast SEO plugin. -->","yoast_head_json":{"title":"Nema porasta vr\u0161nja\u010dkog nasilja, ali raste broj kra\u0111a - dmcsrb.com","robots":{"index":"index","follow":"follow","max-snippet":"max-snippet:-1","max-image-preview":"max-image-preview:large","max-video-preview":"max-video-preview:-1"},"canonical":"https:\/\/dmcsrb.com\/en\/drustvo\/nema-porasta-vrsnjackog-nasilja-ali-raste-broj-kradja\/","og_locale":"en_GB","og_type":"article","og_title":"Nema porasta vr\u0161nja\u010dkog nasilja, ali raste broj kra\u0111a - dmcsrb.com","og_description":"Zabilje\u017een je jo\u0161 jedan slu\u010daj vr\u0161nja\u010dkog nasilja, ovog puta u gradu pod Trebjesom. Iz nik\u0161i\u0107ke policije ka\u017eu da su identifikovali po\u010dinioce nasilja, obavili saslu\u0161anja, te da je sada na potezu Tu\u017eila\u0161tvo. Iz Odjeljenja bezbjednosti isti\u010du i da ne bilje\u017ee porast prijavljenih slu\u010dajeva vr\u0161nja\u010dkog nasilja u Nik\u0161i\u0107u, ali da su u porastu ostali vidovi delinkvencije, me\u0111u kojima prednja\u010de kra\u0111e.","og_url":"https:\/\/dmcsrb.com\/en\/drustvo\/nema-porasta-vrsnjackog-nasilja-ali-raste-broj-kradja\/","og_site_name":"dmcsrb.com","article_published_time":"2025-09-17T03:38:00+00:00","og_image":[{"width":900,"height":506,"url":"https:\/\/dmcsrb.com\/wp-content\/uploads\/2026\/01\/skola-1-2.webp","type":"image\/jpeg"}],"author":"dmcsrbija.com@gmail.com","twitter_card":"summary_large_image","twitter_misc":{"Written by":"dmcsrbija.com@gmail.com","Estimated reading time":"2 minutes"},"schema":{"@context":"https:\/\/schema.org","@graph":[{"@type":"Article","@id":"https:\/\/dmcsrb.com\/drustvo\/nema-porasta-vrsnjackog-nasilja-ali-raste-broj-kradja\/#article","isPartOf":{"@id":"https:\/\/dmcsrb.com\/drustvo\/nema-porasta-vrsnjackog-nasilja-ali-raste-broj-kradja\/"},"author":{"name":"dmcsrbija.com@gmail.com","@id":"https:\/\/dmcsrb.com\/#\/schema\/person\/5c39170f12db1b8b457732d0b5c854e2"},"headline":"Nema porasta vr\u0161nja\u010dkog nasilja, ali raste broj kra\u0111a","datePublished":"2025-09-17T03:38:00+00:00","mainEntityOfPage":{"@id":"https:\/\/dmcsrb.com\/drustvo\/nema-porasta-vrsnjackog-nasilja-ali-raste-broj-kradja\/"},"wordCount":432,"commentCount":0,"image":{"@id":"https:\/\/dmcsrb.com\/drustvo\/nema-porasta-vrsnjackog-nasilja-ali-raste-broj-kradja\/#primaryimage"},"thumbnailUrl":"https:\/\/dmcsrb.com\/wp-content\/uploads\/2026\/01\/skola-1-2.webp","keywords":["kra\u0111e","vr\u0161nja\u010dkio ansilje"],"articleSection":["Dru\u0161tvo"],"inLanguage":"en-GB","potentialAction":[{"@type":"CommentAction","name":"Comment","target":["https:\/\/dmcsrb.com\/drustvo\/nema-porasta-vrsnjackog-nasilja-ali-raste-broj-kradja\/#respond"]}]},{"@type":"WebPage","@id":"https:\/\/dmcsrb.com\/drustvo\/nema-porasta-vrsnjackog-nasilja-ali-raste-broj-kradja\/","url":"https:\/\/dmcsrb.com\/drustvo\/nema-porasta-vrsnjackog-nasilja-ali-raste-broj-kradja\/","name":"Nema porasta vr\u0161nja\u010dkog nasilja, ali raste broj kra\u0111a - dmcsrb.com","isPartOf":{"@id":"https:\/\/dmcsrb.com\/#website"},"primaryImageOfPage":{"@id":"https:\/\/dmcsrb.com\/drustvo\/nema-porasta-vrsnjackog-nasilja-ali-raste-broj-kradja\/#primaryimage"},"image":{"@id":"https:\/\/dmcsrb.com\/drustvo\/nema-porasta-vrsnjackog-nasilja-ali-raste-broj-kradja\/#primaryimage"},"thumbnailUrl":"https:\/\/dmcsrb.com\/wp-content\/uploads\/2026\/01\/skola-1-2.webp","datePublished":"2025-09-17T03:38:00+00:00","author":{"@id":"https:\/\/dmcsrb.com\/#\/schema\/person\/5c39170f12db1b8b457732d0b5c854e2"},"breadcrumb":{"@id":"https:\/\/dmcsrb.com\/drustvo\/nema-porasta-vrsnjackog-nasilja-ali-raste-broj-kradja\/#breadcrumb"},"inLanguage":"en-GB","potentialAction":[{"@type":"ReadAction","target":["https:\/\/dmcsrb.com\/drustvo\/nema-porasta-vrsnjackog-nasilja-ali-raste-broj-kradja\/"]}]},{"@type":"ImageObject","inLanguage":"en-GB","@id":"https:\/\/dmcsrb.com\/drustvo\/nema-porasta-vrsnjackog-nasilja-ali-raste-broj-kradja\/#primaryimage","url":"https:\/\/dmcsrb.com\/wp-content\/uploads\/2026\/01\/skola-1-2.webp","contentUrl":"https:\/\/dmcsrb.com\/wp-content\/uploads\/2026\/01\/skola-1-2.webp","width":900,"height":506},{"@type":"BreadcrumbList","@id":"https:\/\/dmcsrb.com\/drustvo\/nema-porasta-vrsnjackog-nasilja-ali-raste-broj-kradja\/#breadcrumb","itemListElement":[{"@type":"ListItem","position":1,"name":"Home","item":"https:\/\/dmcsrb.com\/"},{"@type":"ListItem","position":2,"name":"Nema porasta vr\u0161nja\u010dkog nasilja, ali raste broj kra\u0111a"}]},{"@type":"WebSite","@id":"https:\/\/dmcsrb.com\/#website","url":"https:\/\/dmcsrb.com\/","name":"dmcsrb.com","description":"","potentialAction":[{"@type":"SearchAction","target":{"@type":"EntryPoint","urlTemplate":"https:\/\/dmcsrb.com\/?s={search_term_string}"},"query-input":{"@type":"PropertyValueSpecification","valueRequired":true,"valueName":"search_term_string"}}],"inLanguage":"en-GB"},{"@type":"Person","@id":"https:\/\/dmcsrb.com\/#\/schema\/person\/5c39170f12db1b8b457732d0b5c854e2","name":"dmcsrbija.com@gmail.com","image":{"@type":"ImageObject","inLanguage":"en-GB","@id":"https:\/\/dmcsrb.com\/#\/schema\/person\/image\/","url":"https:\/\/secure.gravatar.com\/avatar\/68592660ad6347fad0fb587f8d5d8f1a7b44961362f56e4f2cd524feb87e9069?s=96&d=mm&r=g","contentUrl":"https:\/\/secure.gravatar.com\/avatar\/68592660ad6347fad0fb587f8d5d8f1a7b44961362f56e4f2cd524feb87e9069?s=96&d=mm&r=g","caption":"dmcsrbija.com@gmail.com"},"sameAs":["https:\/\/dmcsrb.com"],"url":"https:\/\/dmcsrb.com\/en\/author\/dmcsrbija-comgmail-com\/"}]}},"_links":{"self":[{"href":"https:\/\/dmcsrb.com\/en\/wp-json\/wp\/v2\/posts\/952476","targetHints":{"allow":["GET"]}}],"collection":[{"href":"https:\/\/dmcsrb.com\/en\/wp-json\/wp\/v2\/posts"}],"about":[{"href":"https:\/\/dmcsrb.com\/en\/wp-json\/wp\/v2\/types\/post"}],"author":[{"embeddable":true,"href":"https:\/\/dmcsrb.com\/en\/wp-json\/wp\/v2\/users\/1"}],"replies":[{"embeddable":true,"href":"https:\/\/dmcsrb.com\/en\/wp-json\/wp\/v2\/comments?post=952476"}],"version-history":[{"count":0,"href":"https:\/\/dmcsrb.com\/en\/wp-json\/wp\/v2\/posts\/952476\/revisions"}],"wp:featuredmedia":[{"embeddable":true,"href":"https:\/\/dmcsrb.com\/en\/wp-json\/wp\/v2\/media\/952477"}],"wp:attachment":[{"href":"https:\/\/dmcsrb.com\/en\/wp-json\/wp\/v2\/media?parent=952476"}],"wp:term":[{"taxonomy":"category","embeddable":true,"href":"https:\/\/dmcsrb.com\/en\/wp-json\/wp\/v2\/categories?post=952476"},{"taxonomy":"post_tag","embeddable":true,"href":"https:\/\/dmcsrb.com\/en\/wp-json\/wp\/v2\/tags?post=952476"},{"taxonomy":"naslovna","embeddable":true,"href":"https:\/\/dmcsrb.com\/en\/wp-json\/wp\/v2\/naslovna?post=952476"}],"curies":[{"name":"wp","href":"https:\/\/api.w.org\/{rel}","templated":true}]}}