{"id":952439,"date":"2025-09-16T17:15:00","date_gmt":"2025-09-16T15:15:00","guid":{"rendered":"https:\/\/dmcsrb.com\/uncategorized\/gorcevic-vladavina-prava-je-kljucni-stub-evropskog-puta-crne-gore\/"},"modified":"2025-09-16T17:15:00","modified_gmt":"2025-09-16T15:15:00","slug":"gorcevic-vladavina-prava-je-kljucni-stub-evropskog-puta-crne-gore","status":"publish","type":"post","link":"https:\/\/dmcsrb.com\/en\/politika\/gorcevic-vladavina-prava-je-kljucni-stub-evropskog-puta-crne-gore\/","title":{"rendered":"Gor\u010devi\u0107: Vladavina prava je klju\u010dni stub evropskog puta Crne Gore"},"content":{"rendered":"<p><\/p>\n\n\n\n<p>Govore\u0107i pred \u010dlanicama i \u010dlanovima Savjeta, Gor\u010devi\u0107 je naglasila da Crna Gora sa odlu\u010dno\u0161\u0107u nastavlja da sprovodi reforme u oblasti pravosu\u0111a, borbe protiv korupcije i organizovanog kriminala, kao i za\u0161tite osnovnih prava gra\u0111ana. Podsjetila je da su ostvareni mjerljivi rezultati u istragama i optu\u017enicama protiv visokih funkcionera, \u0161to, kako je navela, jasno pokazuje da pravda va\u017ei jednako za sve, ali i da je porastao broj presuda u oblasti organizovanog kriminala, \u0161to je notirano i kroz poslednji Non paper za poglavlja 23 i 24.<\/p>\n\n\n\n<p>Ministarka je ukazala na napredak u oblasti oduzimanja nezakonite imovine, istakav\u0161i da broj slu\u010dajeva privremenog i trajnog oduzimanja nezakonite dobiti raste, te najavila dono\u0161enje novog Zakona o oduzimanju imovine ste\u010dene kriminalom. Posebno je pomenula i uspje\u0161ne me\u0111unarodne operacije u saradnji sa EUROPOL-om, FBI-jem i DEA.<\/p>\n\n\n\n<p>Govore\u0107i o ja\u010danju kapaciteta institucija, Gor\u010devi\u0107 je navela da je raspisan konkurs za zapo\u0161ljavanje 815 policijskih slu\u017ebenika, dok su u pravosu\u0111u imenovani novi tu\u017eioci i sudije u specijalizovanim tu\u017eila\u0161tvima i sudovima, \u010dime je unaprije\u0111ena efikasnost u rje\u0161avanju slo\u017eenih predmeta. Podsjetila je i da je Vlada pokrenula izmjenu Ustava kojom se ministar pravde uklanja iz Sudskog savjeta, u skladu sa preporukama evropskih partnera.<\/p>\n\n\n\n<p>Poseban akcenat stavila je na reformske rezultate u oblasti izbornog zakonodavstva. Usvajanjem zakona o finansiranju politi\u010dkih partija i izbornih kampanja, izboru odbornika i poslanika i lokalnoj samoupravi, Crna Gora je, kako je naglasila, potvrdila politi\u010dku zrelost i posve\u0107enost modernizaciji izbornog sistema, ja\u010danju transparentnosti i povjerenja gra\u0111ana u institucije.<\/p>\n\n\n\n<p>\u201eNa\u0161i postupci nisu samo tehni\u010dke prirode, ve\u0107 su\u0161tinski koraci ka izgradnji dru\u0161tva u kojem pravda, odgovornost i vladavina prava va\u017ee jednako za sve. Crna Gora ostaje sna\u017eno posve\u0107ena evropskim vrijednostima i spremna je da, u partnerstvu sa EU i me\u0111unarodnim partnerima, izgradi odr\u017eiv i efikasan sistem upravljanja, sa ciljem da postane punopravna \u010dlanica evropske porodice do 2028. godine\u201c, zaklju\u010dila je Gor\u010devi\u0107.<\/p>","protected":false},"excerpt":{"rendered":"<p>\u201eVladavina prava ostaje klju\u010dni stub evropskog puta Crne Gore, ne samo kao uslov za pregovore, ve\u0107 i kao temelj vrijednosti koje gradimo za budu\u0107nost dr\u017eave\u201c, poru\u010dila je ministarka evropskih poslova, Maida Gor\u010devi\u0107, na sastanku Savjeta za op\u0161ta pitanja EU (GAC) koji je odr\u017ean danas u Briselu. Savjet \u010dija je tema bila vladavina prava, a kojim je predsjedavala ministarka za evropske poslove Danske, Mari Bjere, ugostio je ministre evropskih poslova Crne Gore, Albanije, Sjeverne Makedonije i Srbije.<\/p>","protected":false},"author":1,"featured_media":952440,"comment_status":"open","ping_status":"open","sticky":false,"template":"","format":"standard","meta":{"_acf_changed":false,"footnotes":""},"categories":[12],"tags":[95,5211,1025,2877],"naslovna":[],"class_list":["post-952439","post","type-post","status-publish","format-standard","has-post-thumbnail","hentry","category-politika","tag-crna-gora","tag-evropski-put","tag-maida-gorcevic-2","tag-vladavina-prava"],"acf":[],"yoast_head":"<!-- This site is optimized with the Yoast SEO plugin v27.4 - https:\/\/yoast.com\/product\/yoast-seo-wordpress\/ -->\n<title>Gor\u010devi\u0107: Vladavina prava je klju\u010dni stub evropskog puta Crne Gore - dmcsrb.com<\/title>\n<meta name=\"robots\" content=\"index, follow, max-snippet:-1, max-image-preview:large, max-video-preview:-1\" \/>\n<link rel=\"canonical\" href=\"https:\/\/dmcsrb.com\/en\/politika\/gorcevic-vladavina-prava-je-kljucni-stub-evropskog-puta-crne-gore\/\" \/>\n<meta property=\"og:locale\" content=\"en_GB\" \/>\n<meta property=\"og:type\" content=\"article\" \/>\n<meta property=\"og:title\" content=\"Gor\u010devi\u0107: Vladavina prava je klju\u010dni stub evropskog puta Crne Gore - dmcsrb.com\" \/>\n<meta property=\"og:description\" content=\"\u201eVladavina prava ostaje klju\u010dni stub evropskog puta Crne Gore, ne samo kao uslov za pregovore, ve\u0107 i kao temelj vrijednosti koje gradimo za budu\u0107nost dr\u017eave\u201c, poru\u010dila je ministarka evropskih poslova, Maida Gor\u010devi\u0107, na sastanku Savjeta za op\u0161ta pitanja EU (GAC) koji je odr\u017ean danas u Briselu. Savjet \u010dija je tema bila vladavina prava, a kojim je predsjedavala ministarka za evropske poslove Danske, Mari Bjere, ugostio je ministre evropskih poslova Crne Gore, Albanije, Sjeverne Makedonije i Srbije.\" \/>\n<meta property=\"og:url\" content=\"https:\/\/dmcsrb.com\/en\/politika\/gorcevic-vladavina-prava-je-kljucni-stub-evropskog-puta-crne-gore\/\" \/>\n<meta property=\"og:site_name\" content=\"dmcsrb.com\" \/>\n<meta property=\"article:published_time\" content=\"2025-09-16T15:15:00+00:00\" \/>\n<meta property=\"og:image\" content=\"https:\/\/dmcsrb.com\/wp-content\/uploads\/2026\/01\/IMG_3496-scaled-1.webp\" \/>\n\t<meta property=\"og:image:width\" content=\"2560\" \/>\n\t<meta property=\"og:image:height\" content=\"1707\" \/>\n\t<meta property=\"og:image:type\" content=\"image\/jpeg\" \/>\n<meta name=\"author\" content=\"dmcsrbija.com@gmail.com\" \/>\n<meta name=\"twitter:card\" content=\"summary_large_image\" \/>\n<meta name=\"twitter:label1\" content=\"Written by\" \/>\n\t<meta name=\"twitter:data1\" content=\"dmcsrbija.com@gmail.com\" \/>\n\t<meta name=\"twitter:label2\" content=\"Estimated reading time\" \/>\n\t<meta name=\"twitter:data2\" content=\"2 minutes\" \/>\n<script type=\"application\/ld+json\" class=\"yoast-schema-graph\">{\"@context\":\"https:\\\/\\\/schema.org\",\"@graph\":[{\"@type\":\"Article\",\"@id\":\"https:\\\/\\\/dmcsrb.com\\\/politika\\\/gorcevic-vladavina-prava-je-kljucni-stub-evropskog-puta-crne-gore\\\/#article\",\"isPartOf\":{\"@id\":\"https:\\\/\\\/dmcsrb.com\\\/politika\\\/gorcevic-vladavina-prava-je-kljucni-stub-evropskog-puta-crne-gore\\\/\"},\"author\":{\"name\":\"dmcsrbija.com@gmail.com\",\"@id\":\"https:\\\/\\\/dmcsrb.com\\\/#\\\/schema\\\/person\\\/5c39170f12db1b8b457732d0b5c854e2\"},\"headline\":\"Gor\u010devi\u0107: Vladavina prava je klju\u010dni stub evropskog puta Crne Gore\",\"datePublished\":\"2025-09-16T15:15:00+00:00\",\"mainEntityOfPage\":{\"@id\":\"https:\\\/\\\/dmcsrb.com\\\/politika\\\/gorcevic-vladavina-prava-je-kljucni-stub-evropskog-puta-crne-gore\\\/\"},\"wordCount\":350,\"commentCount\":0,\"image\":{\"@id\":\"https:\\\/\\\/dmcsrb.com\\\/politika\\\/gorcevic-vladavina-prava-je-kljucni-stub-evropskog-puta-crne-gore\\\/#primaryimage\"},\"thumbnailUrl\":\"https:\\\/\\\/dmcsrb.com\\\/wp-content\\\/uploads\\\/2026\\\/01\\\/IMG_3496-scaled-1.webp\",\"keywords\":[\"Crna Gora\",\"evropski put\",\"Maida Gor\u010devi\u0107\",\"Vladavina prava\"],\"articleSection\":[\"Politika\"],\"inLanguage\":\"en-GB\",\"potentialAction\":[{\"@type\":\"CommentAction\",\"name\":\"Comment\",\"target\":[\"https:\\\/\\\/dmcsrb.com\\\/politika\\\/gorcevic-vladavina-prava-je-kljucni-stub-evropskog-puta-crne-gore\\\/#respond\"]}]},{\"@type\":\"WebPage\",\"@id\":\"https:\\\/\\\/dmcsrb.com\\\/politika\\\/gorcevic-vladavina-prava-je-kljucni-stub-evropskog-puta-crne-gore\\\/\",\"url\":\"https:\\\/\\\/dmcsrb.com\\\/politika\\\/gorcevic-vladavina-prava-je-kljucni-stub-evropskog-puta-crne-gore\\\/\",\"name\":\"Gor\u010devi\u0107: Vladavina prava je klju\u010dni stub evropskog puta Crne Gore - dmcsrb.com\",\"isPartOf\":{\"@id\":\"https:\\\/\\\/dmcsrb.com\\\/#website\"},\"primaryImageOfPage\":{\"@id\":\"https:\\\/\\\/dmcsrb.com\\\/politika\\\/gorcevic-vladavina-prava-je-kljucni-stub-evropskog-puta-crne-gore\\\/#primaryimage\"},\"image\":{\"@id\":\"https:\\\/\\\/dmcsrb.com\\\/politika\\\/gorcevic-vladavina-prava-je-kljucni-stub-evropskog-puta-crne-gore\\\/#primaryimage\"},\"thumbnailUrl\":\"https:\\\/\\\/dmcsrb.com\\\/wp-content\\\/uploads\\\/2026\\\/01\\\/IMG_3496-scaled-1.webp\",\"datePublished\":\"2025-09-16T15:15:00+00:00\",\"author\":{\"@id\":\"https:\\\/\\\/dmcsrb.com\\\/#\\\/schema\\\/person\\\/5c39170f12db1b8b457732d0b5c854e2\"},\"breadcrumb\":{\"@id\":\"https:\\\/\\\/dmcsrb.com\\\/politika\\\/gorcevic-vladavina-prava-je-kljucni-stub-evropskog-puta-crne-gore\\\/#breadcrumb\"},\"inLanguage\":\"en-GB\",\"potentialAction\":[{\"@type\":\"ReadAction\",\"target\":[\"https:\\\/\\\/dmcsrb.com\\\/politika\\\/gorcevic-vladavina-prava-je-kljucni-stub-evropskog-puta-crne-gore\\\/\"]}]},{\"@type\":\"ImageObject\",\"inLanguage\":\"en-GB\",\"@id\":\"https:\\\/\\\/dmcsrb.com\\\/politika\\\/gorcevic-vladavina-prava-je-kljucni-stub-evropskog-puta-crne-gore\\\/#primaryimage\",\"url\":\"https:\\\/\\\/dmcsrb.com\\\/wp-content\\\/uploads\\\/2026\\\/01\\\/IMG_3496-scaled-1.webp\",\"contentUrl\":\"https:\\\/\\\/dmcsrb.com\\\/wp-content\\\/uploads\\\/2026\\\/01\\\/IMG_3496-scaled-1.webp\",\"width\":2560,\"height\":1707},{\"@type\":\"BreadcrumbList\",\"@id\":\"https:\\\/\\\/dmcsrb.com\\\/politika\\\/gorcevic-vladavina-prava-je-kljucni-stub-evropskog-puta-crne-gore\\\/#breadcrumb\",\"itemListElement\":[{\"@type\":\"ListItem\",\"position\":1,\"name\":\"Home\",\"item\":\"https:\\\/\\\/dmcsrb.com\\\/\"},{\"@type\":\"ListItem\",\"position\":2,\"name\":\"Gor\u010devi\u0107: Vladavina prava je klju\u010dni stub evropskog puta Crne Gore\"}]},{\"@type\":\"WebSite\",\"@id\":\"https:\\\/\\\/dmcsrb.com\\\/#website\",\"url\":\"https:\\\/\\\/dmcsrb.com\\\/\",\"name\":\"dmcsrb.com\",\"description\":\"\",\"potentialAction\":[{\"@type\":\"SearchAction\",\"target\":{\"@type\":\"EntryPoint\",\"urlTemplate\":\"https:\\\/\\\/dmcsrb.com\\\/?s={search_term_string}\"},\"query-input\":{\"@type\":\"PropertyValueSpecification\",\"valueRequired\":true,\"valueName\":\"search_term_string\"}}],\"inLanguage\":\"en-GB\"},{\"@type\":\"Person\",\"@id\":\"https:\\\/\\\/dmcsrb.com\\\/#\\\/schema\\\/person\\\/5c39170f12db1b8b457732d0b5c854e2\",\"name\":\"dmcsrbija.com@gmail.com\",\"image\":{\"@type\":\"ImageObject\",\"inLanguage\":\"en-GB\",\"@id\":\"https:\\\/\\\/secure.gravatar.com\\\/avatar\\\/68592660ad6347fad0fb587f8d5d8f1a7b44961362f56e4f2cd524feb87e9069?s=96&d=mm&r=g\",\"url\":\"https:\\\/\\\/secure.gravatar.com\\\/avatar\\\/68592660ad6347fad0fb587f8d5d8f1a7b44961362f56e4f2cd524feb87e9069?s=96&d=mm&r=g\",\"contentUrl\":\"https:\\\/\\\/secure.gravatar.com\\\/avatar\\\/68592660ad6347fad0fb587f8d5d8f1a7b44961362f56e4f2cd524feb87e9069?s=96&d=mm&r=g\",\"caption\":\"dmcsrbija.com@gmail.com\"},\"sameAs\":[\"https:\\\/\\\/dmcsrb.com\"],\"url\":\"https:\\\/\\\/dmcsrb.com\\\/en\\\/author\\\/dmcsrbija-comgmail-com\\\/\"}]}<\/script>\n<!-- \/ Yoast SEO plugin. -->","yoast_head_json":{"title":"Gor\u010devi\u0107: Vladavina prava je klju\u010dni stub evropskog puta Crne Gore - dmcsrb.com","robots":{"index":"index","follow":"follow","max-snippet":"max-snippet:-1","max-image-preview":"max-image-preview:large","max-video-preview":"max-video-preview:-1"},"canonical":"https:\/\/dmcsrb.com\/en\/politika\/gorcevic-vladavina-prava-je-kljucni-stub-evropskog-puta-crne-gore\/","og_locale":"en_GB","og_type":"article","og_title":"Gor\u010devi\u0107: Vladavina prava je klju\u010dni stub evropskog puta Crne Gore - dmcsrb.com","og_description":"\u201eVladavina prava ostaje klju\u010dni stub evropskog puta Crne Gore, ne samo kao uslov za pregovore, ve\u0107 i kao temelj vrijednosti koje gradimo za budu\u0107nost dr\u017eave\u201c, poru\u010dila je ministarka evropskih poslova, Maida Gor\u010devi\u0107, na sastanku Savjeta za op\u0161ta pitanja EU (GAC) koji je odr\u017ean danas u Briselu. Savjet \u010dija je tema bila vladavina prava, a kojim je predsjedavala ministarka za evropske poslove Danske, Mari Bjere, ugostio je ministre evropskih poslova Crne Gore, Albanije, Sjeverne Makedonije i Srbije.","og_url":"https:\/\/dmcsrb.com\/en\/politika\/gorcevic-vladavina-prava-je-kljucni-stub-evropskog-puta-crne-gore\/","og_site_name":"dmcsrb.com","article_published_time":"2025-09-16T15:15:00+00:00","og_image":[{"width":2560,"height":1707,"url":"https:\/\/dmcsrb.com\/wp-content\/uploads\/2026\/01\/IMG_3496-scaled-1.webp","type":"image\/jpeg"}],"author":"dmcsrbija.com@gmail.com","twitter_card":"summary_large_image","twitter_misc":{"Written by":"dmcsrbija.com@gmail.com","Estimated reading time":"2 minutes"},"schema":{"@context":"https:\/\/schema.org","@graph":[{"@type":"Article","@id":"https:\/\/dmcsrb.com\/politika\/gorcevic-vladavina-prava-je-kljucni-stub-evropskog-puta-crne-gore\/#article","isPartOf":{"@id":"https:\/\/dmcsrb.com\/politika\/gorcevic-vladavina-prava-je-kljucni-stub-evropskog-puta-crne-gore\/"},"author":{"name":"dmcsrbija.com@gmail.com","@id":"https:\/\/dmcsrb.com\/#\/schema\/person\/5c39170f12db1b8b457732d0b5c854e2"},"headline":"Gor\u010devi\u0107: Vladavina prava je klju\u010dni stub evropskog puta Crne Gore","datePublished":"2025-09-16T15:15:00+00:00","mainEntityOfPage":{"@id":"https:\/\/dmcsrb.com\/politika\/gorcevic-vladavina-prava-je-kljucni-stub-evropskog-puta-crne-gore\/"},"wordCount":350,"commentCount":0,"image":{"@id":"https:\/\/dmcsrb.com\/politika\/gorcevic-vladavina-prava-je-kljucni-stub-evropskog-puta-crne-gore\/#primaryimage"},"thumbnailUrl":"https:\/\/dmcsrb.com\/wp-content\/uploads\/2026\/01\/IMG_3496-scaled-1.webp","keywords":["Crna Gora","evropski put","Maida Gor\u010devi\u0107","Vladavina prava"],"articleSection":["Politika"],"inLanguage":"en-GB","potentialAction":[{"@type":"CommentAction","name":"Comment","target":["https:\/\/dmcsrb.com\/politika\/gorcevic-vladavina-prava-je-kljucni-stub-evropskog-puta-crne-gore\/#respond"]}]},{"@type":"WebPage","@id":"https:\/\/dmcsrb.com\/politika\/gorcevic-vladavina-prava-je-kljucni-stub-evropskog-puta-crne-gore\/","url":"https:\/\/dmcsrb.com\/politika\/gorcevic-vladavina-prava-je-kljucni-stub-evropskog-puta-crne-gore\/","name":"Gor\u010devi\u0107: Vladavina prava je klju\u010dni stub evropskog puta Crne Gore - dmcsrb.com","isPartOf":{"@id":"https:\/\/dmcsrb.com\/#website"},"primaryImageOfPage":{"@id":"https:\/\/dmcsrb.com\/politika\/gorcevic-vladavina-prava-je-kljucni-stub-evropskog-puta-crne-gore\/#primaryimage"},"image":{"@id":"https:\/\/dmcsrb.com\/politika\/gorcevic-vladavina-prava-je-kljucni-stub-evropskog-puta-crne-gore\/#primaryimage"},"thumbnailUrl":"https:\/\/dmcsrb.com\/wp-content\/uploads\/2026\/01\/IMG_3496-scaled-1.webp","datePublished":"2025-09-16T15:15:00+00:00","author":{"@id":"https:\/\/dmcsrb.com\/#\/schema\/person\/5c39170f12db1b8b457732d0b5c854e2"},"breadcrumb":{"@id":"https:\/\/dmcsrb.com\/politika\/gorcevic-vladavina-prava-je-kljucni-stub-evropskog-puta-crne-gore\/#breadcrumb"},"inLanguage":"en-GB","potentialAction":[{"@type":"ReadAction","target":["https:\/\/dmcsrb.com\/politika\/gorcevic-vladavina-prava-je-kljucni-stub-evropskog-puta-crne-gore\/"]}]},{"@type":"ImageObject","inLanguage":"en-GB","@id":"https:\/\/dmcsrb.com\/politika\/gorcevic-vladavina-prava-je-kljucni-stub-evropskog-puta-crne-gore\/#primaryimage","url":"https:\/\/dmcsrb.com\/wp-content\/uploads\/2026\/01\/IMG_3496-scaled-1.webp","contentUrl":"https:\/\/dmcsrb.com\/wp-content\/uploads\/2026\/01\/IMG_3496-scaled-1.webp","width":2560,"height":1707},{"@type":"BreadcrumbList","@id":"https:\/\/dmcsrb.com\/politika\/gorcevic-vladavina-prava-je-kljucni-stub-evropskog-puta-crne-gore\/#breadcrumb","itemListElement":[{"@type":"ListItem","position":1,"name":"Home","item":"https:\/\/dmcsrb.com\/"},{"@type":"ListItem","position":2,"name":"Gor\u010devi\u0107: Vladavina prava je klju\u010dni stub evropskog puta Crne Gore"}]},{"@type":"WebSite","@id":"https:\/\/dmcsrb.com\/#website","url":"https:\/\/dmcsrb.com\/","name":"dmcsrb.com","description":"","potentialAction":[{"@type":"SearchAction","target":{"@type":"EntryPoint","urlTemplate":"https:\/\/dmcsrb.com\/?s={search_term_string}"},"query-input":{"@type":"PropertyValueSpecification","valueRequired":true,"valueName":"search_term_string"}}],"inLanguage":"en-GB"},{"@type":"Person","@id":"https:\/\/dmcsrb.com\/#\/schema\/person\/5c39170f12db1b8b457732d0b5c854e2","name":"dmcsrbija.com@gmail.com","image":{"@type":"ImageObject","inLanguage":"en-GB","@id":"https:\/\/secure.gravatar.com\/avatar\/68592660ad6347fad0fb587f8d5d8f1a7b44961362f56e4f2cd524feb87e9069?s=96&d=mm&r=g","url":"https:\/\/secure.gravatar.com\/avatar\/68592660ad6347fad0fb587f8d5d8f1a7b44961362f56e4f2cd524feb87e9069?s=96&d=mm&r=g","contentUrl":"https:\/\/secure.gravatar.com\/avatar\/68592660ad6347fad0fb587f8d5d8f1a7b44961362f56e4f2cd524feb87e9069?s=96&d=mm&r=g","caption":"dmcsrbija.com@gmail.com"},"sameAs":["https:\/\/dmcsrb.com"],"url":"https:\/\/dmcsrb.com\/en\/author\/dmcsrbija-comgmail-com\/"}]}},"_links":{"self":[{"href":"https:\/\/dmcsrb.com\/en\/wp-json\/wp\/v2\/posts\/952439","targetHints":{"allow":["GET"]}}],"collection":[{"href":"https:\/\/dmcsrb.com\/en\/wp-json\/wp\/v2\/posts"}],"about":[{"href":"https:\/\/dmcsrb.com\/en\/wp-json\/wp\/v2\/types\/post"}],"author":[{"embeddable":true,"href":"https:\/\/dmcsrb.com\/en\/wp-json\/wp\/v2\/users\/1"}],"replies":[{"embeddable":true,"href":"https:\/\/dmcsrb.com\/en\/wp-json\/wp\/v2\/comments?post=952439"}],"version-history":[{"count":0,"href":"https:\/\/dmcsrb.com\/en\/wp-json\/wp\/v2\/posts\/952439\/revisions"}],"wp:featuredmedia":[{"embeddable":true,"href":"https:\/\/dmcsrb.com\/en\/wp-json\/wp\/v2\/media\/952440"}],"wp:attachment":[{"href":"https:\/\/dmcsrb.com\/en\/wp-json\/wp\/v2\/media?parent=952439"}],"wp:term":[{"taxonomy":"category","embeddable":true,"href":"https:\/\/dmcsrb.com\/en\/wp-json\/wp\/v2\/categories?post=952439"},{"taxonomy":"post_tag","embeddable":true,"href":"https:\/\/dmcsrb.com\/en\/wp-json\/wp\/v2\/tags?post=952439"},{"taxonomy":"naslovna","embeddable":true,"href":"https:\/\/dmcsrb.com\/en\/wp-json\/wp\/v2\/naslovna?post=952439"}],"curies":[{"name":"wp","href":"https:\/\/api.w.org\/{rel}","templated":true}]}}