{"id":952418,"date":"2025-09-16T16:05:00","date_gmt":"2025-09-16T14:05:00","guid":{"rendered":"https:\/\/dmcsrb.com\/uncategorized\/milosevicu-besovicu-i-rakocevicu-sudice-se-u-odvojenom-postupku\/"},"modified":"2025-09-16T16:05:00","modified_gmt":"2025-09-16T14:05:00","slug":"milosevicu-besovicu-i-rakocevicu-sudice-se-u-odvojenom-postupku","status":"publish","type":"post","link":"https:\/\/dmcsrb.com\/en\/hronika\/milosevicu-besovicu-i-rakocevicu-sudice-se-u-odvojenom-postupku\/","title":{"rendered":"Milo\u0161evi\u0107u, Be\u0161ovi\u0107u i Rako\u010devi\u0107u sudi\u0107e se u odvojenom postupku"},"content":{"rendered":"<p><\/p>\n\n\n\n<p>Na po\u010detku su\u0111enja sudija Vlaovi\u0107 obavijestio je prisutne da su optu\u017eeni o svojoj odluci podneskom obavijestili predsjednika Vi\u0161eg suda<strong>&nbsp;Zorana Radovi\u0107a<\/strong>&nbsp;i da su kao razlog naveli da se pridru\u017euju \u0161trajku dijela pritvorenika zbog lo\u0161ih uslova u Istra\u017enom zatvoru.<\/p>\n\n\n\n<p>Sudija je potom pozvao okrivljene da izaberu nove branioce, ali se tada za rije\u010d javio Milo\u0161evi\u0107.<\/p>\n\n\n\n<p>\u201c17. jula navr\u0161ilo se sedam godina otkako se nalazim u pritvoru, a jo\u0161 u ovom postupku nisam iznio odbranu. Cilj ovog postupka nije da se do\u0111e do istine, ve\u0107 samo da du\u017ee ostanem u pritvoru. Smatram da nema svrhe da u\u010destvujemo i dajemo legitimitet postupku. Ne \u017eelimo da uzimamo druge branioce, jer se sve vodi samo da ostanemo zatvoreni\u201d, rekao je Milo\u0161evi\u0107.<\/p>\n\n\n\n<p>Sudija Vlaovi\u0107 uzvratio je da vije\u0107e ne snosi odgovornost za odugovla\u010denje, nakon \u010dega je donio rje\u0161enje da se postupak razdvoji u odnosu na Milo\u0161evi\u0107a, Be\u0161ovi\u0107a i Rako\u010devi\u0107a.<\/p>\n\n\n\n<p>Sudija Vlaovi\u0107 je saop\u0161tio da na to rje\u0161enje \u017ealba nije dozvoljena.<\/p>\n\n\n\n<p>Ova odluka suda izazvala je burne reakcije odbrane.<\/p>\n\n\n\n<p>Advokat<strong>&nbsp;Marko Radovi\u0107<\/strong>&nbsp;odmah je zatra\u017eio izuze\u0107e predsjednika vije\u0107a.<\/p>\n\n\n\n<p>\u201cOvom odlukom povrije\u0111eno je pravo na odbranu. Isklju\u010divanjem Rako\u010devi\u0107a mom branjeniku&nbsp;<strong>Dejanu Vuka\u0161inovi\u0107u<\/strong>&nbsp;onemogu\u0107eno je da se izjasni o njegovoj odbrani, a isto tako bi\u0107e sprije\u010deni i ostali optu\u017eeni. To dovodi u pitanje nepristrasnost predsjednika vije\u0107a\u201d, rekao je Radovi\u0107.<\/p>\n\n\n\n<p>Predlog je podr\u017eao i advokat&nbsp;<strong>Milo\u0161 Vuksanovi\u0107<\/strong>, podsje\u0107aju\u0107i da je sud ranije odbio razdvajanje postupka, a sada je odlu\u010dio suprotno.<\/p>\n\n\n\n<p>Nakon pauze, predsjednik Vi\u0161eg suda Zoran Radovi\u0107 odbio je zahtjev za izuze\u0107e sudije Vlaovi\u0107a, pa je su\u0111enje nastavljeno.<\/p>\n\n\n\n<p>Za Optu\u017enicom Specijalnog dr\u017eavnog tu\u017eila\u0161tva obuhva\u0107eno je 14 osoba.<\/p>\n\n\n\n<p>Za napad na novinarku Oliveru Laki\u0107 8. maja 2018, ubistvo Miodraga Kru\u0161\u010di\u0107a 21. maja iste godine, kao i \u0161verc 554 kilograma marihuane iz Albanije u Crnu Goru u januaru 2021. na optu\u017enici su Mario Milo\u0161evi\u0107, Filip Be\u0161ovi\u0107, Goran Rako\u010devi\u0107,&nbsp;<strong>Milan Vujoti\u0107<\/strong>, biv\u0161i policajac&nbsp;<strong>Darko Lalovi\u0107, Filip Kne\u017eevi\u0107, Veselin Bubanja, Luka Bulatovi\u0107, Dejan Vuka\u0161inovi\u0107, Branislav Karad\u017ei\u0107, Goran Vuk\u010devi\u0107, Mijajlo Stojanovi\u0107, Aleksandar Ljumovi\u0107<\/strong>&nbsp;i&nbsp;<strong>Sanja Bo\u017eovi\u0107<\/strong>.<\/p>\n\n\n\n<p>Oni se terete za stvaranje kriminalne organizacije, te\u0161ko ubistvo, ubistvo putem podstrekavanja, te\u0161ku tjelesnu povredu, neovla\u0161\u0107enu proizvodnju i promet droge, te nedozvoljeno dr\u017eanje oru\u017eja i eksploziva.<\/p>\n\n\n\n<p>Su\u0111enje se nastavlja sjutra.<\/p>\n\n\n\n<p><strong>Lutovac: Pravosu\u0111e na ivici ambisa<\/strong><\/p>\n\n\n\n<p>Advokat&nbsp;<strong>Branislav Lutovac<\/strong>&nbsp;je u pauzi su\u0111enja saop\u0161io novinarima da se crnogorsko pravosu\u0111e nalazi u ozbiljnoj krizi.<\/p>\n\n\n\n<p>\u201cDana\u0161nji po\u010detak su\u0111enja pokazuje koliko je pravosu\u0111e u problemu. Optu\u017eeni su u znak protesta otkazali punomo\u0107ja i natjerali sud da razdvoji postupak. To je bio razlog \u0161to je odbrana tra\u017eila izuze\u0107e predsjednika vije\u0107a. Moramo svi, sudije, tu\u017eioci, izvr\u0161na vlast i advokati, kona\u010dno da se ozbiljimo i analiziramo probleme. Ina\u010de, pravosu\u0111e \u0107emo dovesti na ivicu ambisa. A tu smo ve\u0107, na samoj ivici, da potpuno parali\u0161emo jedan od najzna\u010dajnijih instituta dr\u017eave\u201d, rekao je Lutovac.<\/p>","protected":false},"excerpt":{"rendered":"<p>Sudija Vi\u0161eg suda\u00a0Radovan Vlaovi\u0107\u00a0razdvojio je postupak za ubistvo Miodraga Kru\u0161\u010di\u0107a i ranjavanje novinarke\u00a0Olivere Laki\u0107\u00a0u odnosu na\u00a0Maria Milo\u0161evi\u0107a,\u00a0Filipa Be\u0161ovi\u0107a\u00a0i\u00a0Gorana Rako\u010devi\u0107a\u00a0koji su uo\u010di su\u0111enja otkazali punomo\u0107ja svojim braniocima, prenosi Pobjeda.<\/p>","protected":false},"author":1,"featured_media":908686,"comment_status":"open","ping_status":"open","sticky":false,"template":"","format":"standard","meta":{"_acf_changed":false,"footnotes":""},"categories":[17],"tags":[8249,8221,8250,8251,8252,4398,8253,8254],"naslovna":[],"class_list":["post-952418","post","type-post","status-publish","format-standard","has-post-thumbnail","hentry","category-hronika","tag-advokat-branislav-lutovac","tag-advokat-marko-radovic","tag-advokat-milos-vuksanovic","tag-filip-besovic","tag-goran-rakocevic","tag-mario-milosevic","tag-olivera-lakic","tag-sudija-radovan-vlaovic"],"acf":[],"yoast_head":"<!-- This site is optimized with the Yoast SEO plugin v27.0 - https:\/\/yoast.com\/product\/yoast-seo-wordpress\/ -->\n<title>Milo\u0161evi\u0107u, Be\u0161ovi\u0107u i Rako\u010devi\u0107u sudi\u0107e se u odvojenom postupku - dmcsrb.com<\/title>\n<meta name=\"robots\" content=\"index, follow, max-snippet:-1, max-image-preview:large, max-video-preview:-1\" \/>\n<link rel=\"canonical\" href=\"https:\/\/dmcsrb.com\/en\/hronika\/milosevicu-besovicu-i-rakocevicu-sudice-se-u-odvojenom-postupku\/\" \/>\n<meta property=\"og:locale\" content=\"en_GB\" \/>\n<meta property=\"og:type\" content=\"article\" \/>\n<meta property=\"og:title\" content=\"Milo\u0161evi\u0107u, Be\u0161ovi\u0107u i Rako\u010devi\u0107u sudi\u0107e se u odvojenom postupku - dmcsrb.com\" \/>\n<meta property=\"og:description\" content=\"Sudija Vi\u0161eg suda\u00a0Radovan Vlaovi\u0107\u00a0razdvojio je postupak za ubistvo Miodraga Kru\u0161\u010di\u0107a i ranjavanje novinarke\u00a0Olivere Laki\u0107\u00a0u odnosu na\u00a0Maria Milo\u0161evi\u0107a,\u00a0Filipa Be\u0161ovi\u0107a\u00a0i\u00a0Gorana Rako\u010devi\u0107a\u00a0koji su uo\u010di su\u0111enja otkazali punomo\u0107ja svojim braniocima, prenosi Pobjeda.\" \/>\n<meta property=\"og:url\" content=\"https:\/\/dmcsrb.com\/en\/hronika\/milosevicu-besovicu-i-rakocevicu-sudice-se-u-odvojenom-postupku\/\" \/>\n<meta property=\"og:site_name\" content=\"dmcsrb.com\" \/>\n<meta property=\"article:published_time\" content=\"2025-09-16T14:05:00+00:00\" \/>\n<meta property=\"og:image\" content=\"https:\/\/dmcsrb.com\/wp-content\/uploads\/2026\/01\/judge-8866848_1280.webp\" \/>\n\t<meta property=\"og:image:width\" content=\"1280\" \/>\n\t<meta property=\"og:image:height\" content=\"640\" \/>\n\t<meta property=\"og:image:type\" content=\"image\/webp\" \/>\n<meta name=\"author\" content=\"dmcsrbija.com@gmail.com\" \/>\n<meta name=\"twitter:card\" content=\"summary_large_image\" \/>\n<meta name=\"twitter:label1\" content=\"Written by\" \/>\n\t<meta name=\"twitter:data1\" content=\"dmcsrbija.com@gmail.com\" \/>\n\t<meta name=\"twitter:label2\" content=\"Estimated reading time\" \/>\n\t<meta name=\"twitter:data2\" content=\"3 minutes\" \/>\n<script type=\"application\/ld+json\" class=\"yoast-schema-graph\">{\"@context\":\"https:\/\/schema.org\",\"@graph\":[{\"@type\":\"Article\",\"@id\":\"https:\/\/dmcsrb.com\/hronika\/milosevicu-besovicu-i-rakocevicu-sudice-se-u-odvojenom-postupku\/#article\",\"isPartOf\":{\"@id\":\"https:\/\/dmcsrb.com\/hronika\/milosevicu-besovicu-i-rakocevicu-sudice-se-u-odvojenom-postupku\/\"},\"author\":{\"name\":\"dmcsrbija.com@gmail.com\",\"@id\":\"https:\/\/dmcsrb.com\/#\/schema\/person\/5c39170f12db1b8b457732d0b5c854e2\"},\"headline\":\"Milo\u0161evi\u0107u, Be\u0161ovi\u0107u i Rako\u010devi\u0107u sudi\u0107e se u odvojenom postupku\",\"datePublished\":\"2025-09-16T14:05:00+00:00\",\"mainEntityOfPage\":{\"@id\":\"https:\/\/dmcsrb.com\/hronika\/milosevicu-besovicu-i-rakocevicu-sudice-se-u-odvojenom-postupku\/\"},\"wordCount\":560,\"commentCount\":0,\"image\":{\"@id\":\"https:\/\/dmcsrb.com\/hronika\/milosevicu-besovicu-i-rakocevicu-sudice-se-u-odvojenom-postupku\/#primaryimage\"},\"thumbnailUrl\":\"https:\/\/dmcsrb.com\/wp-content\/uploads\/2026\/01\/judge-8866848_1280.webp\",\"keywords\":[\"Advokat\u00a0Branislav Lutovac\",\"Advokat Marko Radovi\u0107\",\"advokat\u00a0Milo\u0161 Vuksanovi\u0107\",\"Filip Be\u0161ovi\u0107\",\"Goran Rako\u010devi\u0107\",\"Mario Milo\u0161evi\u0107\",\"Olivera Laki\u0107\",\"Sudija Radovan Vlaovi\u0107\"],\"articleSection\":[\"Hronika\"],\"inLanguage\":\"en-GB\",\"potentialAction\":[{\"@type\":\"CommentAction\",\"name\":\"Comment\",\"target\":[\"https:\/\/dmcsrb.com\/hronika\/milosevicu-besovicu-i-rakocevicu-sudice-se-u-odvojenom-postupku\/#respond\"]}]},{\"@type\":\"WebPage\",\"@id\":\"https:\/\/dmcsrb.com\/hronika\/milosevicu-besovicu-i-rakocevicu-sudice-se-u-odvojenom-postupku\/\",\"url\":\"https:\/\/dmcsrb.com\/hronika\/milosevicu-besovicu-i-rakocevicu-sudice-se-u-odvojenom-postupku\/\",\"name\":\"Milo\u0161evi\u0107u, Be\u0161ovi\u0107u i Rako\u010devi\u0107u sudi\u0107e se u odvojenom postupku - dmcsrb.com\",\"isPartOf\":{\"@id\":\"https:\/\/dmcsrb.com\/#website\"},\"primaryImageOfPage\":{\"@id\":\"https:\/\/dmcsrb.com\/hronika\/milosevicu-besovicu-i-rakocevicu-sudice-se-u-odvojenom-postupku\/#primaryimage\"},\"image\":{\"@id\":\"https:\/\/dmcsrb.com\/hronika\/milosevicu-besovicu-i-rakocevicu-sudice-se-u-odvojenom-postupku\/#primaryimage\"},\"thumbnailUrl\":\"https:\/\/dmcsrb.com\/wp-content\/uploads\/2026\/01\/judge-8866848_1280.webp\",\"datePublished\":\"2025-09-16T14:05:00+00:00\",\"author\":{\"@id\":\"https:\/\/dmcsrb.com\/#\/schema\/person\/5c39170f12db1b8b457732d0b5c854e2\"},\"breadcrumb\":{\"@id\":\"https:\/\/dmcsrb.com\/hronika\/milosevicu-besovicu-i-rakocevicu-sudice-se-u-odvojenom-postupku\/#breadcrumb\"},\"inLanguage\":\"en-GB\",\"potentialAction\":[{\"@type\":\"ReadAction\",\"target\":[\"https:\/\/dmcsrb.com\/hronika\/milosevicu-besovicu-i-rakocevicu-sudice-se-u-odvojenom-postupku\/\"]}]},{\"@type\":\"ImageObject\",\"inLanguage\":\"en-GB\",\"@id\":\"https:\/\/dmcsrb.com\/hronika\/milosevicu-besovicu-i-rakocevicu-sudice-se-u-odvojenom-postupku\/#primaryimage\",\"url\":\"https:\/\/dmcsrb.com\/wp-content\/uploads\/2026\/01\/judge-8866848_1280.webp\",\"contentUrl\":\"https:\/\/dmcsrb.com\/wp-content\/uploads\/2026\/01\/judge-8866848_1280.webp\",\"width\":1280,\"height\":640},{\"@type\":\"BreadcrumbList\",\"@id\":\"https:\/\/dmcsrb.com\/hronika\/milosevicu-besovicu-i-rakocevicu-sudice-se-u-odvojenom-postupku\/#breadcrumb\",\"itemListElement\":[{\"@type\":\"ListItem\",\"position\":1,\"name\":\"Home\",\"item\":\"https:\/\/dmcsrb.com\/\"},{\"@type\":\"ListItem\",\"position\":2,\"name\":\"Milo\u0161evi\u0107u, Be\u0161ovi\u0107u i Rako\u010devi\u0107u sudi\u0107e se u odvojenom postupku\"}]},{\"@type\":\"WebSite\",\"@id\":\"https:\/\/dmcsrb.com\/#website\",\"url\":\"https:\/\/dmcsrb.com\/\",\"name\":\"dmcsrb.com\",\"description\":\"\",\"potentialAction\":[{\"@type\":\"SearchAction\",\"target\":{\"@type\":\"EntryPoint\",\"urlTemplate\":\"https:\/\/dmcsrb.com\/?s={search_term_string}\"},\"query-input\":{\"@type\":\"PropertyValueSpecification\",\"valueRequired\":true,\"valueName\":\"search_term_string\"}}],\"inLanguage\":\"en-GB\"},{\"@type\":\"Person\",\"@id\":\"https:\/\/dmcsrb.com\/#\/schema\/person\/5c39170f12db1b8b457732d0b5c854e2\",\"name\":\"dmcsrbija.com@gmail.com\",\"image\":{\"@type\":\"ImageObject\",\"inLanguage\":\"en-GB\",\"@id\":\"https:\/\/dmcsrb.com\/#\/schema\/person\/image\/\",\"url\":\"https:\/\/secure.gravatar.com\/avatar\/68592660ad6347fad0fb587f8d5d8f1a7b44961362f56e4f2cd524feb87e9069?s=96&d=mm&r=g\",\"contentUrl\":\"https:\/\/secure.gravatar.com\/avatar\/68592660ad6347fad0fb587f8d5d8f1a7b44961362f56e4f2cd524feb87e9069?s=96&d=mm&r=g\",\"caption\":\"dmcsrbija.com@gmail.com\"},\"sameAs\":[\"https:\/\/dmcsrb.com\"],\"url\":\"https:\/\/dmcsrb.com\/en\/author\/dmcsrbija-comgmail-com\/\"}]}<\/script>\n<!-- \/ Yoast SEO plugin. -->","yoast_head_json":{"title":"Milo\u0161evi\u0107u, Be\u0161ovi\u0107u i Rako\u010devi\u0107u sudi\u0107e se u odvojenom postupku - dmcsrb.com","robots":{"index":"index","follow":"follow","max-snippet":"max-snippet:-1","max-image-preview":"max-image-preview:large","max-video-preview":"max-video-preview:-1"},"canonical":"https:\/\/dmcsrb.com\/en\/hronika\/milosevicu-besovicu-i-rakocevicu-sudice-se-u-odvojenom-postupku\/","og_locale":"en_GB","og_type":"article","og_title":"Milo\u0161evi\u0107u, Be\u0161ovi\u0107u i Rako\u010devi\u0107u sudi\u0107e se u odvojenom postupku - dmcsrb.com","og_description":"Sudija Vi\u0161eg suda\u00a0Radovan Vlaovi\u0107\u00a0razdvojio je postupak za ubistvo Miodraga Kru\u0161\u010di\u0107a i ranjavanje novinarke\u00a0Olivere Laki\u0107\u00a0u odnosu na\u00a0Maria Milo\u0161evi\u0107a,\u00a0Filipa Be\u0161ovi\u0107a\u00a0i\u00a0Gorana Rako\u010devi\u0107a\u00a0koji su uo\u010di su\u0111enja otkazali punomo\u0107ja svojim braniocima, prenosi Pobjeda.","og_url":"https:\/\/dmcsrb.com\/en\/hronika\/milosevicu-besovicu-i-rakocevicu-sudice-se-u-odvojenom-postupku\/","og_site_name":"dmcsrb.com","article_published_time":"2025-09-16T14:05:00+00:00","og_image":[{"width":1280,"height":640,"url":"https:\/\/dmcsrb.com\/wp-content\/uploads\/2026\/01\/judge-8866848_1280.webp","type":"image\/webp"}],"author":"dmcsrbija.com@gmail.com","twitter_card":"summary_large_image","twitter_misc":{"Written by":"dmcsrbija.com@gmail.com","Estimated reading time":"3 minutes"},"schema":{"@context":"https:\/\/schema.org","@graph":[{"@type":"Article","@id":"https:\/\/dmcsrb.com\/hronika\/milosevicu-besovicu-i-rakocevicu-sudice-se-u-odvojenom-postupku\/#article","isPartOf":{"@id":"https:\/\/dmcsrb.com\/hronika\/milosevicu-besovicu-i-rakocevicu-sudice-se-u-odvojenom-postupku\/"},"author":{"name":"dmcsrbija.com@gmail.com","@id":"https:\/\/dmcsrb.com\/#\/schema\/person\/5c39170f12db1b8b457732d0b5c854e2"},"headline":"Milo\u0161evi\u0107u, Be\u0161ovi\u0107u i Rako\u010devi\u0107u sudi\u0107e se u odvojenom postupku","datePublished":"2025-09-16T14:05:00+00:00","mainEntityOfPage":{"@id":"https:\/\/dmcsrb.com\/hronika\/milosevicu-besovicu-i-rakocevicu-sudice-se-u-odvojenom-postupku\/"},"wordCount":560,"commentCount":0,"image":{"@id":"https:\/\/dmcsrb.com\/hronika\/milosevicu-besovicu-i-rakocevicu-sudice-se-u-odvojenom-postupku\/#primaryimage"},"thumbnailUrl":"https:\/\/dmcsrb.com\/wp-content\/uploads\/2026\/01\/judge-8866848_1280.webp","keywords":["Advokat\u00a0Branislav Lutovac","Advokat Marko Radovi\u0107","advokat\u00a0Milo\u0161 Vuksanovi\u0107","Filip Be\u0161ovi\u0107","Goran Rako\u010devi\u0107","Mario Milo\u0161evi\u0107","Olivera Laki\u0107","Sudija Radovan Vlaovi\u0107"],"articleSection":["Hronika"],"inLanguage":"en-GB","potentialAction":[{"@type":"CommentAction","name":"Comment","target":["https:\/\/dmcsrb.com\/hronika\/milosevicu-besovicu-i-rakocevicu-sudice-se-u-odvojenom-postupku\/#respond"]}]},{"@type":"WebPage","@id":"https:\/\/dmcsrb.com\/hronika\/milosevicu-besovicu-i-rakocevicu-sudice-se-u-odvojenom-postupku\/","url":"https:\/\/dmcsrb.com\/hronika\/milosevicu-besovicu-i-rakocevicu-sudice-se-u-odvojenom-postupku\/","name":"Milo\u0161evi\u0107u, Be\u0161ovi\u0107u i Rako\u010devi\u0107u sudi\u0107e se u odvojenom postupku - dmcsrb.com","isPartOf":{"@id":"https:\/\/dmcsrb.com\/#website"},"primaryImageOfPage":{"@id":"https:\/\/dmcsrb.com\/hronika\/milosevicu-besovicu-i-rakocevicu-sudice-se-u-odvojenom-postupku\/#primaryimage"},"image":{"@id":"https:\/\/dmcsrb.com\/hronika\/milosevicu-besovicu-i-rakocevicu-sudice-se-u-odvojenom-postupku\/#primaryimage"},"thumbnailUrl":"https:\/\/dmcsrb.com\/wp-content\/uploads\/2026\/01\/judge-8866848_1280.webp","datePublished":"2025-09-16T14:05:00+00:00","author":{"@id":"https:\/\/dmcsrb.com\/#\/schema\/person\/5c39170f12db1b8b457732d0b5c854e2"},"breadcrumb":{"@id":"https:\/\/dmcsrb.com\/hronika\/milosevicu-besovicu-i-rakocevicu-sudice-se-u-odvojenom-postupku\/#breadcrumb"},"inLanguage":"en-GB","potentialAction":[{"@type":"ReadAction","target":["https:\/\/dmcsrb.com\/hronika\/milosevicu-besovicu-i-rakocevicu-sudice-se-u-odvojenom-postupku\/"]}]},{"@type":"ImageObject","inLanguage":"en-GB","@id":"https:\/\/dmcsrb.com\/hronika\/milosevicu-besovicu-i-rakocevicu-sudice-se-u-odvojenom-postupku\/#primaryimage","url":"https:\/\/dmcsrb.com\/wp-content\/uploads\/2026\/01\/judge-8866848_1280.webp","contentUrl":"https:\/\/dmcsrb.com\/wp-content\/uploads\/2026\/01\/judge-8866848_1280.webp","width":1280,"height":640},{"@type":"BreadcrumbList","@id":"https:\/\/dmcsrb.com\/hronika\/milosevicu-besovicu-i-rakocevicu-sudice-se-u-odvojenom-postupku\/#breadcrumb","itemListElement":[{"@type":"ListItem","position":1,"name":"Home","item":"https:\/\/dmcsrb.com\/"},{"@type":"ListItem","position":2,"name":"Milo\u0161evi\u0107u, Be\u0161ovi\u0107u i Rako\u010devi\u0107u sudi\u0107e se u odvojenom postupku"}]},{"@type":"WebSite","@id":"https:\/\/dmcsrb.com\/#website","url":"https:\/\/dmcsrb.com\/","name":"dmcsrb.com","description":"","potentialAction":[{"@type":"SearchAction","target":{"@type":"EntryPoint","urlTemplate":"https:\/\/dmcsrb.com\/?s={search_term_string}"},"query-input":{"@type":"PropertyValueSpecification","valueRequired":true,"valueName":"search_term_string"}}],"inLanguage":"en-GB"},{"@type":"Person","@id":"https:\/\/dmcsrb.com\/#\/schema\/person\/5c39170f12db1b8b457732d0b5c854e2","name":"dmcsrbija.com@gmail.com","image":{"@type":"ImageObject","inLanguage":"en-GB","@id":"https:\/\/dmcsrb.com\/#\/schema\/person\/image\/","url":"https:\/\/secure.gravatar.com\/avatar\/68592660ad6347fad0fb587f8d5d8f1a7b44961362f56e4f2cd524feb87e9069?s=96&d=mm&r=g","contentUrl":"https:\/\/secure.gravatar.com\/avatar\/68592660ad6347fad0fb587f8d5d8f1a7b44961362f56e4f2cd524feb87e9069?s=96&d=mm&r=g","caption":"dmcsrbija.com@gmail.com"},"sameAs":["https:\/\/dmcsrb.com"],"url":"https:\/\/dmcsrb.com\/en\/author\/dmcsrbija-comgmail-com\/"}]}},"_links":{"self":[{"href":"https:\/\/dmcsrb.com\/en\/wp-json\/wp\/v2\/posts\/952418","targetHints":{"allow":["GET"]}}],"collection":[{"href":"https:\/\/dmcsrb.com\/en\/wp-json\/wp\/v2\/posts"}],"about":[{"href":"https:\/\/dmcsrb.com\/en\/wp-json\/wp\/v2\/types\/post"}],"author":[{"embeddable":true,"href":"https:\/\/dmcsrb.com\/en\/wp-json\/wp\/v2\/users\/1"}],"replies":[{"embeddable":true,"href":"https:\/\/dmcsrb.com\/en\/wp-json\/wp\/v2\/comments?post=952418"}],"version-history":[{"count":0,"href":"https:\/\/dmcsrb.com\/en\/wp-json\/wp\/v2\/posts\/952418\/revisions"}],"wp:featuredmedia":[{"embeddable":true,"href":"https:\/\/dmcsrb.com\/en\/wp-json\/wp\/v2\/media\/908686"}],"wp:attachment":[{"href":"https:\/\/dmcsrb.com\/en\/wp-json\/wp\/v2\/media?parent=952418"}],"wp:term":[{"taxonomy":"category","embeddable":true,"href":"https:\/\/dmcsrb.com\/en\/wp-json\/wp\/v2\/categories?post=952418"},{"taxonomy":"post_tag","embeddable":true,"href":"https:\/\/dmcsrb.com\/en\/wp-json\/wp\/v2\/tags?post=952418"},{"taxonomy":"naslovna","embeddable":true,"href":"https:\/\/dmcsrb.com\/en\/wp-json\/wp\/v2\/naslovna?post=952418"}],"curies":[{"name":"wp","href":"https:\/\/api.w.org\/{rel}","templated":true}]}}