{"id":952408,"date":"2025-09-16T16:29:00","date_gmt":"2025-09-16T14:29:00","guid":{"rendered":"https:\/\/dmcsrb.com\/uncategorized\/snazno-nevrijeme-zahvatilo-sloveniju\/"},"modified":"2025-09-16T16:29:00","modified_gmt":"2025-09-16T14:29:00","slug":"snazno-nevrijeme-zahvatilo-sloveniju","status":"publish","type":"post","link":"https:\/\/dmcsrb.com\/en\/region\/snazno-nevrijeme-zahvatilo-sloveniju\/","title":{"rendered":"Sna\u017eno nevrijeme zahvatilo Sloveniju"},"content":{"rendered":"<p><\/p>\n\n\n\n<p>Velika koli\u010dina vode poplavila je puteve, mnogi automobili su potopljeni, a voda je u\u0161la i u Sportsku dvoranu &#8220;Leon \u0160tukelj&#8221;.<\/p>\n\n\n\n<p>Nevrijeme sa ki\u0161om, ponegdje i s gradom, prvo je zahvatilo djelove Nove Gorice, a zatim su se padavine poja\u010dale ju\u017eno od Grosuplja, saop\u0161tila je Agencija za \u017eivotnu sredinu (Arso) na Fejsbuku.<\/p>\n\n\n\n<p>Oluja koja je pro\u0161la kroz Dolenjsku pre\u0161la je u Hrvatsku.<\/p>\n\n\n\n<figure class=\"wp-block-embed is-type-rich is-provider-twitter wp-block-embed-twitter\"><div class=\"wp-block-embed__wrapper\">\n<blockquote class=\"twitter-tweet\" data-width=\"500\" data-dnt=\"true\"><p lang=\"sl\" dir=\"ltr\">Sodni dan: Novo mesto pod vodo! (FOTO in VIDEO) <a href=\"https:\/\/t.co\/aCg2xWkAQv\">https:\/\/t.co\/aCg2xWkAQv<\/a> <a href=\"https:\/\/t.co\/wRzEXQn1Fz\">pic.twitter.com\/wRzEXQn1Fz<\/a><\/p>&mdash; RevijaReporter (@RevijaReporter) <a href=\"https:\/\/twitter.com\/RevijaReporter\/status\/1967951912722112669?ref_src=twsrc%5Etfw\">September 16, 2025<\/a><\/blockquote><script async src=\"https:\/\/platform.twitter.com\/widgets.js\" charset=\"utf-8\"><\/script>\n<\/div><\/figure>","protected":false},"excerpt":{"rendered":"<p>Djelove Slovenije, posebno Novo Mjesto je danas pogodio jak pljusak sa olujnim vjetrom, kada je za deset minuta palo 34,5 milimetara ki\u0161e.<\/p>","protected":false},"author":1,"featured_media":952409,"comment_status":"open","ping_status":"open","sticky":false,"template":"","format":"standard","meta":{"_acf_changed":false,"footnotes":""},"categories":[103],"tags":[806,4492,191],"naslovna":[],"class_list":["post-952408","post","type-post","status-publish","format-standard","has-post-thumbnail","hentry","category-region","tag-hrvatska","tag-nevrijeme","tag-slovenija"],"acf":[],"yoast_head":"<!-- This site is optimized with the Yoast SEO plugin v27.4 - https:\/\/yoast.com\/product\/yoast-seo-wordpress\/ -->\n<title>Sna\u017eno nevrijeme zahvatilo Sloveniju - dmcsrb.com<\/title>\n<meta name=\"robots\" content=\"index, follow, max-snippet:-1, max-image-preview:large, max-video-preview:-1\" \/>\n<link rel=\"canonical\" href=\"https:\/\/dmcsrb.com\/en\/region\/snazno-nevrijeme-zahvatilo-sloveniju\/\" \/>\n<meta property=\"og:locale\" content=\"en_GB\" \/>\n<meta property=\"og:type\" content=\"article\" \/>\n<meta property=\"og:title\" content=\"Sna\u017eno nevrijeme zahvatilo Sloveniju - dmcsrb.com\" \/>\n<meta property=\"og:description\" content=\"Djelove Slovenije, posebno Novo Mjesto je danas pogodio jak pljusak sa olujnim vjetrom, kada je za deset minuta palo 34,5 milimetara ki\u0161e.\" \/>\n<meta property=\"og:url\" content=\"https:\/\/dmcsrb.com\/en\/region\/snazno-nevrijeme-zahvatilo-sloveniju\/\" \/>\n<meta property=\"og:site_name\" content=\"dmcsrb.com\" \/>\n<meta property=\"article:published_time\" content=\"2025-09-16T14:29:00+00:00\" \/>\n<meta property=\"og:image\" content=\"https:\/\/dmcsrb.com\/wp-content\/uploads\/2026\/01\/nevrijeme-Slovenija-foto-x.webp\" \/>\n\t<meta property=\"og:image:width\" content=\"746\" \/>\n\t<meta property=\"og:image:height\" content=\"455\" \/>\n\t<meta property=\"og:image:type\" content=\"image\/jpeg\" \/>\n<meta name=\"author\" content=\"dmcsrbija.com@gmail.com\" \/>\n<meta name=\"twitter:card\" content=\"summary_large_image\" \/>\n<meta name=\"twitter:label1\" content=\"Written by\" \/>\n\t<meta name=\"twitter:data1\" content=\"dmcsrbija.com@gmail.com\" \/>\n\t<meta name=\"twitter:label2\" content=\"Estimated reading time\" \/>\n\t<meta name=\"twitter:data2\" content=\"1 minute\" \/>\n<script type=\"application\/ld+json\" class=\"yoast-schema-graph\">{\"@context\":\"https:\\\/\\\/schema.org\",\"@graph\":[{\"@type\":\"Article\",\"@id\":\"https:\\\/\\\/dmcsrb.com\\\/en\\\/region\\\/snazno-nevrijeme-zahvatilo-sloveniju\\\/#article\",\"isPartOf\":{\"@id\":\"https:\\\/\\\/dmcsrb.com\\\/en\\\/region\\\/snazno-nevrijeme-zahvatilo-sloveniju\\\/\"},\"author\":{\"name\":\"dmcsrbija.com@gmail.com\",\"@id\":\"https:\\\/\\\/dmcsrb.com\\\/#\\\/schema\\\/person\\\/5c39170f12db1b8b457732d0b5c854e2\"},\"headline\":\"Sna\u017eno nevrijeme zahvatilo Sloveniju\",\"datePublished\":\"2025-09-16T14:29:00+00:00\",\"mainEntityOfPage\":{\"@id\":\"https:\\\/\\\/dmcsrb.com\\\/en\\\/region\\\/snazno-nevrijeme-zahvatilo-sloveniju\\\/\"},\"wordCount\":117,\"commentCount\":0,\"image\":{\"@id\":\"https:\\\/\\\/dmcsrb.com\\\/en\\\/region\\\/snazno-nevrijeme-zahvatilo-sloveniju\\\/#primaryimage\"},\"thumbnailUrl\":\"https:\\\/\\\/dmcsrb.com\\\/wp-content\\\/uploads\\\/2026\\\/01\\\/nevrijeme-Slovenija-foto-x.webp\",\"keywords\":[\"Hrvatska\",\"nevrijeme\",\"Slovenija\"],\"articleSection\":[\"Region\"],\"inLanguage\":\"en-GB\",\"potentialAction\":[{\"@type\":\"CommentAction\",\"name\":\"Comment\",\"target\":[\"https:\\\/\\\/dmcsrb.com\\\/en\\\/region\\\/snazno-nevrijeme-zahvatilo-sloveniju\\\/#respond\"]}]},{\"@type\":\"WebPage\",\"@id\":\"https:\\\/\\\/dmcsrb.com\\\/en\\\/region\\\/snazno-nevrijeme-zahvatilo-sloveniju\\\/\",\"url\":\"https:\\\/\\\/dmcsrb.com\\\/en\\\/region\\\/snazno-nevrijeme-zahvatilo-sloveniju\\\/\",\"name\":\"Sna\u017eno nevrijeme zahvatilo Sloveniju - dmcsrb.com\",\"isPartOf\":{\"@id\":\"https:\\\/\\\/dmcsrb.com\\\/#website\"},\"primaryImageOfPage\":{\"@id\":\"https:\\\/\\\/dmcsrb.com\\\/en\\\/region\\\/snazno-nevrijeme-zahvatilo-sloveniju\\\/#primaryimage\"},\"image\":{\"@id\":\"https:\\\/\\\/dmcsrb.com\\\/en\\\/region\\\/snazno-nevrijeme-zahvatilo-sloveniju\\\/#primaryimage\"},\"thumbnailUrl\":\"https:\\\/\\\/dmcsrb.com\\\/wp-content\\\/uploads\\\/2026\\\/01\\\/nevrijeme-Slovenija-foto-x.webp\",\"datePublished\":\"2025-09-16T14:29:00+00:00\",\"author\":{\"@id\":\"https:\\\/\\\/dmcsrb.com\\\/#\\\/schema\\\/person\\\/5c39170f12db1b8b457732d0b5c854e2\"},\"breadcrumb\":{\"@id\":\"https:\\\/\\\/dmcsrb.com\\\/en\\\/region\\\/snazno-nevrijeme-zahvatilo-sloveniju\\\/#breadcrumb\"},\"inLanguage\":\"en-GB\",\"potentialAction\":[{\"@type\":\"ReadAction\",\"target\":[\"https:\\\/\\\/dmcsrb.com\\\/en\\\/region\\\/snazno-nevrijeme-zahvatilo-sloveniju\\\/\"]}]},{\"@type\":\"ImageObject\",\"inLanguage\":\"en-GB\",\"@id\":\"https:\\\/\\\/dmcsrb.com\\\/en\\\/region\\\/snazno-nevrijeme-zahvatilo-sloveniju\\\/#primaryimage\",\"url\":\"https:\\\/\\\/dmcsrb.com\\\/wp-content\\\/uploads\\\/2026\\\/01\\\/nevrijeme-Slovenija-foto-x.webp\",\"contentUrl\":\"https:\\\/\\\/dmcsrb.com\\\/wp-content\\\/uploads\\\/2026\\\/01\\\/nevrijeme-Slovenija-foto-x.webp\",\"width\":746,\"height\":455},{\"@type\":\"BreadcrumbList\",\"@id\":\"https:\\\/\\\/dmcsrb.com\\\/en\\\/region\\\/snazno-nevrijeme-zahvatilo-sloveniju\\\/#breadcrumb\",\"itemListElement\":[{\"@type\":\"ListItem\",\"position\":1,\"name\":\"Home\",\"item\":\"https:\\\/\\\/dmcsrb.com\\\/\"},{\"@type\":\"ListItem\",\"position\":2,\"name\":\"Sna\u017eno nevrijeme zahvatilo Sloveniju\"}]},{\"@type\":\"WebSite\",\"@id\":\"https:\\\/\\\/dmcsrb.com\\\/#website\",\"url\":\"https:\\\/\\\/dmcsrb.com\\\/\",\"name\":\"dmcsrb.com\",\"description\":\"\",\"potentialAction\":[{\"@type\":\"SearchAction\",\"target\":{\"@type\":\"EntryPoint\",\"urlTemplate\":\"https:\\\/\\\/dmcsrb.com\\\/?s={search_term_string}\"},\"query-input\":{\"@type\":\"PropertyValueSpecification\",\"valueRequired\":true,\"valueName\":\"search_term_string\"}}],\"inLanguage\":\"en-GB\"},{\"@type\":\"Person\",\"@id\":\"https:\\\/\\\/dmcsrb.com\\\/#\\\/schema\\\/person\\\/5c39170f12db1b8b457732d0b5c854e2\",\"name\":\"dmcsrbija.com@gmail.com\",\"image\":{\"@type\":\"ImageObject\",\"inLanguage\":\"en-GB\",\"@id\":\"https:\\\/\\\/secure.gravatar.com\\\/avatar\\\/68592660ad6347fad0fb587f8d5d8f1a7b44961362f56e4f2cd524feb87e9069?s=96&d=mm&r=g\",\"url\":\"https:\\\/\\\/secure.gravatar.com\\\/avatar\\\/68592660ad6347fad0fb587f8d5d8f1a7b44961362f56e4f2cd524feb87e9069?s=96&d=mm&r=g\",\"contentUrl\":\"https:\\\/\\\/secure.gravatar.com\\\/avatar\\\/68592660ad6347fad0fb587f8d5d8f1a7b44961362f56e4f2cd524feb87e9069?s=96&d=mm&r=g\",\"caption\":\"dmcsrbija.com@gmail.com\"},\"sameAs\":[\"https:\\\/\\\/dmcsrb.com\"],\"url\":\"https:\\\/\\\/dmcsrb.com\\\/en\\\/author\\\/dmcsrbija-comgmail-com\\\/\"}]}<\/script>\n<!-- \/ Yoast SEO plugin. -->","yoast_head_json":{"title":"Sna\u017eno nevrijeme zahvatilo Sloveniju - dmcsrb.com","robots":{"index":"index","follow":"follow","max-snippet":"max-snippet:-1","max-image-preview":"max-image-preview:large","max-video-preview":"max-video-preview:-1"},"canonical":"https:\/\/dmcsrb.com\/en\/region\/snazno-nevrijeme-zahvatilo-sloveniju\/","og_locale":"en_GB","og_type":"article","og_title":"Sna\u017eno nevrijeme zahvatilo Sloveniju - dmcsrb.com","og_description":"Djelove Slovenije, posebno Novo Mjesto je danas pogodio jak pljusak sa olujnim vjetrom, kada je za deset minuta palo 34,5 milimetara ki\u0161e.","og_url":"https:\/\/dmcsrb.com\/en\/region\/snazno-nevrijeme-zahvatilo-sloveniju\/","og_site_name":"dmcsrb.com","article_published_time":"2025-09-16T14:29:00+00:00","og_image":[{"width":746,"height":455,"url":"https:\/\/dmcsrb.com\/wp-content\/uploads\/2026\/01\/nevrijeme-Slovenija-foto-x.webp","type":"image\/jpeg"}],"author":"dmcsrbija.com@gmail.com","twitter_card":"summary_large_image","twitter_misc":{"Written by":"dmcsrbija.com@gmail.com","Estimated reading time":"1 minute"},"schema":{"@context":"https:\/\/schema.org","@graph":[{"@type":"Article","@id":"https:\/\/dmcsrb.com\/en\/region\/snazno-nevrijeme-zahvatilo-sloveniju\/#article","isPartOf":{"@id":"https:\/\/dmcsrb.com\/en\/region\/snazno-nevrijeme-zahvatilo-sloveniju\/"},"author":{"name":"dmcsrbija.com@gmail.com","@id":"https:\/\/dmcsrb.com\/#\/schema\/person\/5c39170f12db1b8b457732d0b5c854e2"},"headline":"Sna\u017eno nevrijeme zahvatilo Sloveniju","datePublished":"2025-09-16T14:29:00+00:00","mainEntityOfPage":{"@id":"https:\/\/dmcsrb.com\/en\/region\/snazno-nevrijeme-zahvatilo-sloveniju\/"},"wordCount":117,"commentCount":0,"image":{"@id":"https:\/\/dmcsrb.com\/en\/region\/snazno-nevrijeme-zahvatilo-sloveniju\/#primaryimage"},"thumbnailUrl":"https:\/\/dmcsrb.com\/wp-content\/uploads\/2026\/01\/nevrijeme-Slovenija-foto-x.webp","keywords":["Hrvatska","nevrijeme","Slovenija"],"articleSection":["Region"],"inLanguage":"en-GB","potentialAction":[{"@type":"CommentAction","name":"Comment","target":["https:\/\/dmcsrb.com\/en\/region\/snazno-nevrijeme-zahvatilo-sloveniju\/#respond"]}]},{"@type":"WebPage","@id":"https:\/\/dmcsrb.com\/en\/region\/snazno-nevrijeme-zahvatilo-sloveniju\/","url":"https:\/\/dmcsrb.com\/en\/region\/snazno-nevrijeme-zahvatilo-sloveniju\/","name":"Sna\u017eno nevrijeme zahvatilo Sloveniju - dmcsrb.com","isPartOf":{"@id":"https:\/\/dmcsrb.com\/#website"},"primaryImageOfPage":{"@id":"https:\/\/dmcsrb.com\/en\/region\/snazno-nevrijeme-zahvatilo-sloveniju\/#primaryimage"},"image":{"@id":"https:\/\/dmcsrb.com\/en\/region\/snazno-nevrijeme-zahvatilo-sloveniju\/#primaryimage"},"thumbnailUrl":"https:\/\/dmcsrb.com\/wp-content\/uploads\/2026\/01\/nevrijeme-Slovenija-foto-x.webp","datePublished":"2025-09-16T14:29:00+00:00","author":{"@id":"https:\/\/dmcsrb.com\/#\/schema\/person\/5c39170f12db1b8b457732d0b5c854e2"},"breadcrumb":{"@id":"https:\/\/dmcsrb.com\/en\/region\/snazno-nevrijeme-zahvatilo-sloveniju\/#breadcrumb"},"inLanguage":"en-GB","potentialAction":[{"@type":"ReadAction","target":["https:\/\/dmcsrb.com\/en\/region\/snazno-nevrijeme-zahvatilo-sloveniju\/"]}]},{"@type":"ImageObject","inLanguage":"en-GB","@id":"https:\/\/dmcsrb.com\/en\/region\/snazno-nevrijeme-zahvatilo-sloveniju\/#primaryimage","url":"https:\/\/dmcsrb.com\/wp-content\/uploads\/2026\/01\/nevrijeme-Slovenija-foto-x.webp","contentUrl":"https:\/\/dmcsrb.com\/wp-content\/uploads\/2026\/01\/nevrijeme-Slovenija-foto-x.webp","width":746,"height":455},{"@type":"BreadcrumbList","@id":"https:\/\/dmcsrb.com\/en\/region\/snazno-nevrijeme-zahvatilo-sloveniju\/#breadcrumb","itemListElement":[{"@type":"ListItem","position":1,"name":"Home","item":"https:\/\/dmcsrb.com\/"},{"@type":"ListItem","position":2,"name":"Sna\u017eno nevrijeme zahvatilo Sloveniju"}]},{"@type":"WebSite","@id":"https:\/\/dmcsrb.com\/#website","url":"https:\/\/dmcsrb.com\/","name":"dmcsrb.com","description":"","potentialAction":[{"@type":"SearchAction","target":{"@type":"EntryPoint","urlTemplate":"https:\/\/dmcsrb.com\/?s={search_term_string}"},"query-input":{"@type":"PropertyValueSpecification","valueRequired":true,"valueName":"search_term_string"}}],"inLanguage":"en-GB"},{"@type":"Person","@id":"https:\/\/dmcsrb.com\/#\/schema\/person\/5c39170f12db1b8b457732d0b5c854e2","name":"dmcsrbija.com@gmail.com","image":{"@type":"ImageObject","inLanguage":"en-GB","@id":"https:\/\/secure.gravatar.com\/avatar\/68592660ad6347fad0fb587f8d5d8f1a7b44961362f56e4f2cd524feb87e9069?s=96&d=mm&r=g","url":"https:\/\/secure.gravatar.com\/avatar\/68592660ad6347fad0fb587f8d5d8f1a7b44961362f56e4f2cd524feb87e9069?s=96&d=mm&r=g","contentUrl":"https:\/\/secure.gravatar.com\/avatar\/68592660ad6347fad0fb587f8d5d8f1a7b44961362f56e4f2cd524feb87e9069?s=96&d=mm&r=g","caption":"dmcsrbija.com@gmail.com"},"sameAs":["https:\/\/dmcsrb.com"],"url":"https:\/\/dmcsrb.com\/en\/author\/dmcsrbija-comgmail-com\/"}]}},"_links":{"self":[{"href":"https:\/\/dmcsrb.com\/en\/wp-json\/wp\/v2\/posts\/952408","targetHints":{"allow":["GET"]}}],"collection":[{"href":"https:\/\/dmcsrb.com\/en\/wp-json\/wp\/v2\/posts"}],"about":[{"href":"https:\/\/dmcsrb.com\/en\/wp-json\/wp\/v2\/types\/post"}],"author":[{"embeddable":true,"href":"https:\/\/dmcsrb.com\/en\/wp-json\/wp\/v2\/users\/1"}],"replies":[{"embeddable":true,"href":"https:\/\/dmcsrb.com\/en\/wp-json\/wp\/v2\/comments?post=952408"}],"version-history":[{"count":0,"href":"https:\/\/dmcsrb.com\/en\/wp-json\/wp\/v2\/posts\/952408\/revisions"}],"wp:featuredmedia":[{"embeddable":true,"href":"https:\/\/dmcsrb.com\/en\/wp-json\/wp\/v2\/media\/952409"}],"wp:attachment":[{"href":"https:\/\/dmcsrb.com\/en\/wp-json\/wp\/v2\/media?parent=952408"}],"wp:term":[{"taxonomy":"category","embeddable":true,"href":"https:\/\/dmcsrb.com\/en\/wp-json\/wp\/v2\/categories?post=952408"},{"taxonomy":"post_tag","embeddable":true,"href":"https:\/\/dmcsrb.com\/en\/wp-json\/wp\/v2\/tags?post=952408"},{"taxonomy":"naslovna","embeddable":true,"href":"https:\/\/dmcsrb.com\/en\/wp-json\/wp\/v2\/naslovna?post=952408"}],"curies":[{"name":"wp","href":"https:\/\/api.w.org\/{rel}","templated":true}]}}